{"id":24413,"date":"2022-02-18T16:40:28","date_gmt":"2022-02-18T15:40:28","guid":{"rendered":"https:\/\/www.altercampagne.net\/?p=24413"},"modified":"2022-02-25T12:53:21","modified_gmt":"2022-02-25T11:53:21","slug":"le-bieretour-du-23-mai-au-5-juin-2022","status":"publish","type":"post","link":"https:\/\/www.altercampagne.net\/?p=24413","title":{"rendered":"Le Bi\u00e8reTour du 23 mai au 5 juin 2022 !"},"content":{"rendered":"\n<p>Est-il vraiment n\u00e9cessaire de rappeler que nous avons d\u00fb annuler les \u00e9ditions 2020 &amp; 2021 \u2026 ?<br>Et bien nous, un peu t\u00e9tu\/es et r\u00e9silient\/es comme le houblon sauvage du Montellier, nous avons recontact\u00e9 les lieux qui devaient nous accueillir ces deux derni\u00e8res ann\u00e9es ;<\/p>\n\n\n\n<p><strong>Et ils et elles ont dit oui !<\/strong><\/p>\n\n\n\n<h4 class=\"wp-block-heading\">L\u2019aventure Bi\u00e8reTour continue donc !<\/h4>\n\n\n\n<p>Du <strong>23 mai au 5 juin 2022<\/strong> donc, <strong>de Grenoble (38) \u00e0 la Fert\u00e9 (39)<\/strong>, des \u00e9tapes entre 35 et 68km, 6 jours de pauses pour profiter pleinement des lieux et des personnes qui nous accueillent ;<br>Le Bi\u00e8reTour \u00a0\u00bb <em>c\u2019est le p\u2019tit fr\u00e8re de l\u2019AlterTour et il lui ressemble grandement : la logistique, les v\u00e9los, l\u2019autogestion, les d\u00e9licieux repas bio et locaux\u2026 vous ne serez pas d\u00e9pays\u00e9\\es !<\/em> \u00ab\u00a0.<\/p>\n\n\n\n<figure class=\"wp-block-image size-large\"><a href=\"https:\/\/www.altercampagne.net\/wp-content\/uploads\/2022\/02\/20190429_191736-scaled-e1645197859665.jpg\"><img loading=\"lazy\" decoding=\"async\" width=\"1024\" height=\"683\" src=\"https:\/\/www.altercampagne.net\/wp-content\/uploads\/2022\/02\/20190429_191736-1024x683.jpg\" alt=\"\" class=\"wp-image-24422\"\/><\/a><\/figure>\n\n\n\n<p>Nous <strong>\u00e9changerons<\/strong>, nous <strong>apprendrons<\/strong>, nous <strong>d\u00e9gusterons<\/strong>, nous <strong>brasserons<\/strong>, nous <strong>guincherons<\/strong> aux c\u00f4t\u00e9s de brasseur\/euses et\\ou de producteur\/ices ind\u00e9pendant\/es, pro ou amateur\/ices, qui mettent tout leur coeur \u00e0 l\u2019ouvrage !<\/p>\n\n\n\n<h4 class=\"wp-block-heading\">Au Menu<\/h4>\n\n\n\n<p>15 jours au go\u00fbt d\u2019orge, de houblon, de malt, de r\u00e9emploi des bouteilles, de v\u00e9lo bien s\u00fbr, d\u2019autogestion et d\u2019une vie collective en plein air !<\/p>\n\n\n\n<p>Nous d\u00e9buterons \u00e0 la microbrasserie <a href=\"http:\/\/maltobar.fr\" target=\"_blank\" rel=\"noreferrer noopener\"><strong>Maltobar<\/strong><\/a> de Grenoble pour d\u00e9guster \u00ab\u00a0<em>de grands classiques (belges, ipa, stout&#8230;) que des bi\u00e8res tr\u00e8s originales (brune \u00e0 la cerise, ambr\u00e9e piment gingembre, bi\u00e8re blanche \u00e0 la chartreuse\u2026)<\/em>\u00a0\u00bb nous annoncent-ils.<\/p>\n\n\n\n<p>Nous monterons en Chartreuse \u00e0 <a href=\"https:\/\/lamarmottemasquee.fr\" target=\"_blank\" rel=\"noreferrer noopener\"><strong>La Marmotte Masqu\u00e9e<\/strong><\/a>, et autant vous dire qu\u2019on ne se moque pas de nous ici. On y fait de la bi\u00e8re certes, mais on a aussi pens\u00e9 le projet de A \u00e0 Z pour r\u00e9duire au maximum son impact environnemental (<a href=\"https:\/\/www.altercampagne.net\/?p=17797\"><em>lire l&rsquo;article sur le blog<\/em><\/a>).<\/p>\n\n\n\n<p>Nous brasserons avec les <a href=\"https:\/\/www.facebook.com\/brasserie.des.faux.semblables\" target=\"_blank\" rel=\"noreferrer noopener\"><strong>Faux Semblables<\/strong><\/a>, paysans brasseurs, ou <a href=\"https:\/\/www.facebook.com\/Brasserie-LOrigine-du-monde-954980161232001\/\" target=\"_blank\" rel=\"noreferrer noopener\"><strong>l\u2019Origine du Monde<\/strong><\/a>, brasserie artisanale du Jura.<\/p>\n\n\n\n<p>Nous d\u00e9barquerons en plein festival organis\u00e9 par la <a href=\"https:\/\/la-dauphine.fr\/BRASSERIE.AINAN\/Bienvenue.html\"><strong>brasserie artisanale du Val d\u2019Ainan<\/strong><\/a> qui produit la Dauphine.<\/p>\n\n\n\n<p>Et nous tenterons de d\u00e9crypter l\u2019inter\u00eat de <strong>projets collectifs<\/strong> avec les <strong>Scop<\/strong> des <strong><a href=\"https:\/\/www.lesbieresdutemps.com\">Bi\u00e8res du Temps<\/a><\/strong> (<a href=\"https:\/\/www.altercampagne.net\/?p=17935\"><em>article du blog<\/em><\/a>) et de <a href=\"https:\/\/www.facebook.com\/LaFrancheBrasserie\/\"><strong>La Franche<\/strong><\/a>.<\/p>\n\n\n\n<figure class=\"wp-block-image size-large\"><a href=\"https:\/\/www.altercampagne.net\/wp-content\/uploads\/2022\/02\/20190504_061915-scaled-e1645197833173.jpg\"><img loading=\"lazy\" decoding=\"async\" width=\"1024\" height=\"683\" src=\"https:\/\/www.altercampagne.net\/wp-content\/uploads\/2022\/02\/20190504_061915-1024x683.jpg\" alt=\"\" class=\"wp-image-24424\"\/><\/a><\/figure>\n\n\n\n<h4 class=\"wp-block-heading\">Une belle mousse de vacances \u00e0 cheval sur le weekend de l\u2019ascension !<\/h4>\n\n\n\n<p><em><strong>Les inscriptions ouvriront fin mars, restez \u00e0 la f\u00fbt !<\/strong><\/em><\/p>\n\n\n\n<p>inscriptions@bieretour.net<\/p>\n","protected":false},"excerpt":{"rendered":"<p>Une belle mousse de vacances \u00e0 cheval sur le weekend de l\u2019ascension !<\/p>\n","protected":false},"author":215,"featured_media":24426,"comment_status":"closed","ping_status":"closed","sticky":false,"template":"","format":"standard","meta":{"footnotes":""},"categories":[3471,3483,3495,3574,4037,4357],"tags":[],"class_list":["post-24413","post","type-post","status-publish","format-standard","has-post-thumbnail","hentry","category-auvergne-rhone-alpes","category-agriculture","category-bourgogne-franche-comte","category-bieretour","category-biere","category-edition-2022"],"yoast_head":"<!-- This site is optimized with the Yoast SEO plugin v27.3 - https:\/\/yoast.com\/product\/yoast-seo-wordpress\/ -->\n<title>Le Bi\u00e8reTour du 23 mai au 5 juin 2022 ! - AlterTour<\/title>\n<meta name=\"robots\" content=\"index, follow, max-snippet:-1, max-image-preview:large, max-video-preview:-1\" \/>\n<link rel=\"canonical\" href=\"https:\/\/www.altercampagne.net\/?p=24413\" \/>\n<meta property=\"og:locale\" content=\"fr_FR\" \/>\n<meta property=\"og:type\" content=\"article\" \/>\n<meta property=\"og:title\" content=\"Le Bi\u00e8reTour du 23 mai au 5 juin 2022 ! - AlterTour\" \/>\n<meta property=\"og:description\" content=\"Une belle mousse de vacances \u00e0 cheval sur le weekend de l\u2019ascension !\" \/>\n<meta property=\"og:url\" content=\"https:\/\/www.altercampagne.net\/?p=24413\" \/>\n<meta property=\"og:site_name\" content=\"AlterTour\" \/>\n<meta property=\"article:published_time\" content=\"2022-02-18T15:40:28+00:00\" \/>\n<meta property=\"article:modified_time\" content=\"2022-02-25T11:53:21+00:00\" \/>\n<meta property=\"og:image\" content=\"https:\/\/www.altercampagne.net\/wp-content\/uploads\/2022\/02\/BT22_Photo_Titre.png\" \/>\n\t<meta property=\"og:image:width\" content=\"800\" \/>\n\t<meta property=\"og:image:height\" content=\"533\" \/>\n\t<meta property=\"og:image:type\" content=\"image\/png\" \/>\n<meta name=\"author\" content=\"AlterTour\" \/>\n<meta name=\"twitter:card\" content=\"summary_large_image\" \/>\n<meta name=\"twitter:label1\" content=\"\u00c9crit par\" \/>\n\t<meta name=\"twitter:data1\" content=\"AlterTour\" \/>\n\t<meta name=\"twitter:label2\" content=\"Dur\u00e9e de lecture estim\u00e9e\" \/>\n\t<meta name=\"twitter:data2\" content=\"3 minutes\" \/>\n<script type=\"application\/ld+json\" class=\"yoast-schema-graph\">{\"@context\":\"https:\\\/\\\/schema.org\",\"@graph\":[{\"@type\":\"Article\",\"@id\":\"https:\\\/\\\/www.altercampagne.net\\\/?p=24413#article\",\"isPartOf\":{\"@id\":\"https:\\\/\\\/www.altercampagne.net\\\/?p=24413\"},\"author\":{\"name\":\"AlterTour\",\"@id\":\"https:\\\/\\\/www.altercampagne.net\\\/#\\\/schema\\\/person\\\/e5b68c803196f649c2152249d262d94a\"},\"headline\":\"Le Bi\u00e8reTour du 23 mai au 5 juin 2022 !\",\"datePublished\":\"2022-02-18T15:40:28+00:00\",\"dateModified\":\"2022-02-25T11:53:21+00:00\",\"mainEntityOfPage\":{\"@id\":\"https:\\\/\\\/www.altercampagne.net\\\/?p=24413\"},\"wordCount\":382,\"image\":{\"@id\":\"https:\\\/\\\/www.altercampagne.net\\\/?p=24413#primaryimage\"},\"thumbnailUrl\":\"https:\\\/\\\/www.altercampagne.net\\\/wp-content\\\/uploads\\\/2022\\\/02\\\/BT22_Photo_Titre.png\",\"articleSection\":[\"Auvergne-Rh\u00f4ne-Alpes\",\"Agriculture\",\"Bourgogne-Franche-Comt\u00e9\",\"Bi\u00e8reTour\",\"Bi\u00e8re\",\"Edition 2022\"],\"inLanguage\":\"fr-FR\"},{\"@type\":\"WebPage\",\"@id\":\"https:\\\/\\\/www.altercampagne.net\\\/?p=24413\",\"url\":\"https:\\\/\\\/www.altercampagne.net\\\/?p=24413\",\"name\":\"Le Bi\u00e8reTour du 23 mai au 5 juin 2022 ! - AlterTour\",\"isPartOf\":{\"@id\":\"https:\\\/\\\/www.altercampagne.net\\\/#website\"},\"primaryImageOfPage\":{\"@id\":\"https:\\\/\\\/www.altercampagne.net\\\/?p=24413#primaryimage\"},\"image\":{\"@id\":\"https:\\\/\\\/www.altercampagne.net\\\/?p=24413#primaryimage\"},\"thumbnailUrl\":\"https:\\\/\\\/www.altercampagne.net\\\/wp-content\\\/uploads\\\/2022\\\/02\\\/BT22_Photo_Titre.png\",\"datePublished\":\"2022-02-18T15:40:28+00:00\",\"dateModified\":\"2022-02-25T11:53:21+00:00\",\"author\":{\"@id\":\"https:\\\/\\\/www.altercampagne.net\\\/#\\\/schema\\\/person\\\/e5b68c803196f649c2152249d262d94a\"},\"breadcrumb\":{\"@id\":\"https:\\\/\\\/www.altercampagne.net\\\/?p=24413#breadcrumb\"},\"inLanguage\":\"fr-FR\",\"potentialAction\":[{\"@type\":\"ReadAction\",\"target\":[\"https:\\\/\\\/www.altercampagne.net\\\/?p=24413\"]}]},{\"@type\":\"ImageObject\",\"inLanguage\":\"fr-FR\",\"@id\":\"https:\\\/\\\/www.altercampagne.net\\\/?p=24413#primaryimage\",\"url\":\"https:\\\/\\\/www.altercampagne.net\\\/wp-content\\\/uploads\\\/2022\\\/02\\\/BT22_Photo_Titre.png\",\"contentUrl\":\"https:\\\/\\\/www.altercampagne.net\\\/wp-content\\\/uploads\\\/2022\\\/02\\\/BT22_Photo_Titre.png\",\"width\":800,\"height\":533},{\"@type\":\"BreadcrumbList\",\"@id\":\"https:\\\/\\\/www.altercampagne.net\\\/?p=24413#breadcrumb\",\"itemListElement\":[{\"@type\":\"ListItem\",\"position\":1,\"name\":\"Accueil\",\"item\":\"https:\\\/\\\/www.altercampagne.net\\\/\"},{\"@type\":\"ListItem\",\"position\":2,\"name\":\"Le Bi\u00e8reTour du 23 mai au 5 juin 2022 !\"}]},{\"@type\":\"WebSite\",\"@id\":\"https:\\\/\\\/www.altercampagne.net\\\/#website\",\"url\":\"https:\\\/\\\/www.altercampagne.net\\\/\",\"name\":\"AlterTour\",\"description\":\"Reliez les Alternatives \u00e0 v\u00e9lo\",\"potentialAction\":[{\"@type\":\"SearchAction\",\"target\":{\"@type\":\"EntryPoint\",\"urlTemplate\":\"https:\\\/\\\/www.altercampagne.net\\\/?s={search_term_string}\"},\"query-input\":{\"@type\":\"PropertyValueSpecification\",\"valueRequired\":true,\"valueName\":\"search_term_string\"}}],\"inLanguage\":\"fr-FR\"},{\"@type\":\"Person\",\"@id\":\"https:\\\/\\\/www.altercampagne.net\\\/#\\\/schema\\\/person\\\/e5b68c803196f649c2152249d262d94a\",\"name\":\"AlterTour\",\"image\":{\"@type\":\"ImageObject\",\"inLanguage\":\"fr-FR\",\"@id\":\"https:\\\/\\\/secure.gravatar.com\\\/avatar\\\/3f2ed77f8506b8ea264ad5938bb0114bfa10f35b64086a66dfbb6e9f58ad9693?s=96&d=mm&r=g\",\"url\":\"https:\\\/\\\/secure.gravatar.com\\\/avatar\\\/3f2ed77f8506b8ea264ad5938bb0114bfa10f35b64086a66dfbb6e9f58ad9693?s=96&d=mm&r=g\",\"contentUrl\":\"https:\\\/\\\/secure.gravatar.com\\\/avatar\\\/3f2ed77f8506b8ea264ad5938bb0114bfa10f35b64086a66dfbb6e9f58ad9693?s=96&d=mm&r=g\",\"caption\":\"AlterTour\"},\"url\":\"https:\\\/\\\/www.altercampagne.net\\\/?author=215\"}]}<\/script>\n<!-- \/ Yoast SEO plugin. -->","yoast_head_json":{"title":"Le Bi\u00e8reTour du 23 mai au 5 juin 2022 ! - AlterTour","robots":{"index":"index","follow":"follow","max-snippet":"max-snippet:-1","max-image-preview":"max-image-preview:large","max-video-preview":"max-video-preview:-1"},"canonical":"https:\/\/www.altercampagne.net\/?p=24413","og_locale":"fr_FR","og_type":"article","og_title":"Le Bi\u00e8reTour du 23 mai au 5 juin 2022 ! - AlterTour","og_description":"Une belle mousse de vacances \u00e0 cheval sur le weekend de l\u2019ascension !","og_url":"https:\/\/www.altercampagne.net\/?p=24413","og_site_name":"AlterTour","article_published_time":"2022-02-18T15:40:28+00:00","article_modified_time":"2022-02-25T11:53:21+00:00","og_image":[{"width":800,"height":533,"url":"https:\/\/www.altercampagne.net\/wp-content\/uploads\/2022\/02\/BT22_Photo_Titre.png","type":"image\/png"}],"author":"AlterTour","twitter_card":"summary_large_image","twitter_misc":{"\u00c9crit par":"AlterTour","Dur\u00e9e de lecture estim\u00e9e":"3 minutes"},"schema":{"@context":"https:\/\/schema.org","@graph":[{"@type":"Article","@id":"https:\/\/www.altercampagne.net\/?p=24413#article","isPartOf":{"@id":"https:\/\/www.altercampagne.net\/?p=24413"},"author":{"name":"AlterTour","@id":"https:\/\/www.altercampagne.net\/#\/schema\/person\/e5b68c803196f649c2152249d262d94a"},"headline":"Le Bi\u00e8reTour du 23 mai au 5 juin 2022 !","datePublished":"2022-02-18T15:40:28+00:00","dateModified":"2022-02-25T11:53:21+00:00","mainEntityOfPage":{"@id":"https:\/\/www.altercampagne.net\/?p=24413"},"wordCount":382,"image":{"@id":"https:\/\/www.altercampagne.net\/?p=24413#primaryimage"},"thumbnailUrl":"https:\/\/www.altercampagne.net\/wp-content\/uploads\/2022\/02\/BT22_Photo_Titre.png","articleSection":["Auvergne-Rh\u00f4ne-Alpes","Agriculture","Bourgogne-Franche-Comt\u00e9","Bi\u00e8reTour","Bi\u00e8re","Edition 2022"],"inLanguage":"fr-FR"},{"@type":"WebPage","@id":"https:\/\/www.altercampagne.net\/?p=24413","url":"https:\/\/www.altercampagne.net\/?p=24413","name":"Le Bi\u00e8reTour du 23 mai au 5 juin 2022 ! - AlterTour","isPartOf":{"@id":"https:\/\/www.altercampagne.net\/#website"},"primaryImageOfPage":{"@id":"https:\/\/www.altercampagne.net\/?p=24413#primaryimage"},"image":{"@id":"https:\/\/www.altercampagne.net\/?p=24413#primaryimage"},"thumbnailUrl":"https:\/\/www.altercampagne.net\/wp-content\/uploads\/2022\/02\/BT22_Photo_Titre.png","datePublished":"2022-02-18T15:40:28+00:00","dateModified":"2022-02-25T11:53:21+00:00","author":{"@id":"https:\/\/www.altercampagne.net\/#\/schema\/person\/e5b68c803196f649c2152249d262d94a"},"breadcrumb":{"@id":"https:\/\/www.altercampagne.net\/?p=24413#breadcrumb"},"inLanguage":"fr-FR","potentialAction":[{"@type":"ReadAction","target":["https:\/\/www.altercampagne.net\/?p=24413"]}]},{"@type":"ImageObject","inLanguage":"fr-FR","@id":"https:\/\/www.altercampagne.net\/?p=24413#primaryimage","url":"https:\/\/www.altercampagne.net\/wp-content\/uploads\/2022\/02\/BT22_Photo_Titre.png","contentUrl":"https:\/\/www.altercampagne.net\/wp-content\/uploads\/2022\/02\/BT22_Photo_Titre.png","width":800,"height":533},{"@type":"BreadcrumbList","@id":"https:\/\/www.altercampagne.net\/?p=24413#breadcrumb","itemListElement":[{"@type":"ListItem","position":1,"name":"Accueil","item":"https:\/\/www.altercampagne.net\/"},{"@type":"ListItem","position":2,"name":"Le Bi\u00e8reTour du 23 mai au 5 juin 2022 !"}]},{"@type":"WebSite","@id":"https:\/\/www.altercampagne.net\/#website","url":"https:\/\/www.altercampagne.net\/","name":"AlterTour","description":"Reliez les Alternatives \u00e0 v\u00e9lo","potentialAction":[{"@type":"SearchAction","target":{"@type":"EntryPoint","urlTemplate":"https:\/\/www.altercampagne.net\/?s={search_term_string}"},"query-input":{"@type":"PropertyValueSpecification","valueRequired":true,"valueName":"search_term_string"}}],"inLanguage":"fr-FR"},{"@type":"Person","@id":"https:\/\/www.altercampagne.net\/#\/schema\/person\/e5b68c803196f649c2152249d262d94a","name":"AlterTour","image":{"@type":"ImageObject","inLanguage":"fr-FR","@id":"https:\/\/secure.gravatar.com\/avatar\/3f2ed77f8506b8ea264ad5938bb0114bfa10f35b64086a66dfbb6e9f58ad9693?s=96&d=mm&r=g","url":"https:\/\/secure.gravatar.com\/avatar\/3f2ed77f8506b8ea264ad5938bb0114bfa10f35b64086a66dfbb6e9f58ad9693?s=96&d=mm&r=g","contentUrl":"https:\/\/secure.gravatar.com\/avatar\/3f2ed77f8506b8ea264ad5938bb0114bfa10f35b64086a66dfbb6e9f58ad9693?s=96&d=mm&r=g","caption":"AlterTour"},"url":"https:\/\/www.altercampagne.net\/?author=215"}]}},"_links":{"self":[{"href":"https:\/\/www.altercampagne.net\/index.php?rest_route=\/wp\/v2\/posts\/24413","targetHints":{"allow":["GET"]}}],"collection":[{"href":"https:\/\/www.altercampagne.net\/index.php?rest_route=\/wp\/v2\/posts"}],"about":[{"href":"https:\/\/www.altercampagne.net\/index.php?rest_route=\/wp\/v2\/types\/post"}],"author":[{"embeddable":true,"href":"https:\/\/www.altercampagne.net\/index.php?rest_route=\/wp\/v2\/users\/215"}],"replies":[{"embeddable":true,"href":"https:\/\/www.altercampagne.net\/index.php?rest_route=%2Fwp%2Fv2%2Fcomments&post=24413"}],"version-history":[{"count":13,"href":"https:\/\/www.altercampagne.net\/index.php?rest_route=\/wp\/v2\/posts\/24413\/revisions"}],"predecessor-version":[{"id":24549,"href":"https:\/\/www.altercampagne.net\/index.php?rest_route=\/wp\/v2\/posts\/24413\/revisions\/24549"}],"wp:featuredmedia":[{"embeddable":true,"href":"https:\/\/www.altercampagne.net\/index.php?rest_route=\/wp\/v2\/media\/24426"}],"wp:attachment":[{"href":"https:\/\/www.altercampagne.net\/index.php?rest_route=%2Fwp%2Fv2%2Fmedia&parent=24413"}],"wp:term":[{"taxonomy":"category","embeddable":true,"href":"https:\/\/www.altercampagne.net\/index.php?rest_route=%2Fwp%2Fv2%2Fcategories&post=24413"},{"taxonomy":"post_tag","embeddable":true,"href":"https:\/\/www.altercampagne.net\/index.php?rest_route=%2Fwp%2Fv2%2Ftags&post=24413"}],"curies":[{"name":"wp","href":"https:\/\/api.w.org\/{rel}","templated":true}]}}