{"id":24461,"date":"2022-02-22T15:35:39","date_gmt":"2022-02-22T14:35:39","guid":{"rendered":"https:\/\/www.altercampagne.net\/?p=24461"},"modified":"2022-02-22T15:43:46","modified_gmt":"2022-02-22T14:43:46","slug":"le-relais-jeunes-est-en-route","status":"publish","type":"post","link":"https:\/\/www.altercampagne.net\/?p=24461","title":{"rendered":"Le relais jeunes est en route !"},"content":{"rendered":"\n<p>On m&rsquo;a demand\u00e9 : Tu fais quoi dimanche soir ? Rien ? viens donc ! On accueille des jeunes qui vont faire un tour en France \u00e0 v\u00e9lo et\/ou \u00e0 pied pour sensibiliser les jeunes mais pas que, sur les probl\u00e9matiques environnementales, sociales&#8230; etc  <\/p>\n\n\n\n<p>J&rsquo;ai m\u00eame pas cherch\u00e9 \u00e0 savoir, j&rsquo;ai pris mon v\u00e9lo et \u00e0 21h, j&rsquo;y \u00e9tais. <\/p>\n\n\n\n<p>Une table ronde, pour un dimanche soir, un public louable. <\/p>\n\n\n\n<p>Lecture de leur charte, \u00e9changes,  \u00ab\u00a0<strong>Cette aventure a vocation \u00e0 sensibiliser et mobiliser les jeunes sur les enjeux de d\u00e9mocratie, justice sociale et d\u2019environnement<\/strong>.\u00a0\u00bb je me serai cru \u00e0 l&rsquo;AlterTour, avec un petit air d&rsquo;Alternatiba, des potes quoi !<\/p>\n\n\n\n<p>Iels sont jeunes, plein.es d&rsquo;enthousiasme, ont envie de faire bouger les choses. lels sont partis de Paris le 20 f\u00e9vrier 2022 pour un tour \u00e0 pied \/ \u00e0 v\u00e9lo en France. Iels seront de retour \u00e0 Paris en juin. Nous serons l\u00e0 pour les accueillir ! <\/p>\n\n\n\n<p>Regardez s&rsquo;iels passent pr\u00e8s de chez vous, allez les soutenir, choyez-les, iels prennent et tendent le relais&#8230; <\/p>\n\n\n\n<p><a href=\"https:\/\/lerelaisjeunes.fr\/le-relais#\">https:\/\/lerelaisjeunes.fr\/le-relais#<\/a><\/p>\n\n\n\n<figure class=\"wp-block-image\"><img decoding=\"async\" src=\"https:\/\/lerelaisjeunes.fr\/wp-content\/uploads\/2021\/12\/60542a0fac068-marche-climat.jpeg\" alt=\"\" class=\"wp-image-12169\" title=\"60542a0fac068-marche-climat\"\/><\/figure>\n\n\n\n<p><\/p>\n","protected":false},"excerpt":{"rendered":"<p>On m&rsquo;a demand\u00e9 : Tu fais quoi dimanche soir ? Rien ? viens donc ! On accueille des jeunes qui vont faire un tour en France \u00e0 v\u00e9lo et\/ou \u00e0 pied pour sensibiliser les jeunes mais pas que, sur les probl\u00e9matiques environnementales, sociales&#8230; etc J&rsquo;ai m\u00eame pas cherch\u00e9 \u00e0 savoir, &#8230; <\/p>\n<div><a href=\"https:\/\/www.altercampagne.net\/?p=24461\" class=\"more-link\">Read More<\/a><\/div>\n","protected":false},"author":207,"featured_media":24467,"comment_status":"closed","ping_status":"closed","sticky":false,"template":"","format":"standard","meta":{"footnotes":""},"categories":[3541,3542,3932],"tags":[],"class_list":["post-24461","post","type-post","status-publish","format-standard","has-post-thumbnail","hentry","category-partenaires","category-lutte","category-velo"],"yoast_head":"<!-- This site is optimized with the Yoast SEO plugin v27.3 - https:\/\/yoast.com\/product\/yoast-seo-wordpress\/ -->\n<title>Le relais jeunes est en route ! - AlterTour<\/title>\n<meta name=\"robots\" content=\"index, follow, max-snippet:-1, max-image-preview:large, max-video-preview:-1\" \/>\n<link rel=\"canonical\" href=\"https:\/\/www.altercampagne.net\/?p=24461\" \/>\n<meta property=\"og:locale\" content=\"fr_FR\" \/>\n<meta property=\"og:type\" content=\"article\" \/>\n<meta property=\"og:title\" content=\"Le relais jeunes est en route ! - AlterTour\" \/>\n<meta property=\"og:description\" content=\"On m&rsquo;a demand\u00e9 : Tu fais quoi dimanche soir ? Rien ? viens donc ! On accueille des jeunes qui vont faire un tour en France \u00e0 v\u00e9lo et\/ou \u00e0 pied pour sensibiliser les jeunes mais pas que, sur les probl\u00e9matiques environnementales, sociales&#8230; etc J&rsquo;ai m\u00eame pas cherch\u00e9 \u00e0 savoir, ... Read More\" \/>\n<meta property=\"og:url\" content=\"https:\/\/www.altercampagne.net\/?p=24461\" \/>\n<meta property=\"og:site_name\" content=\"AlterTour\" \/>\n<meta property=\"article:published_time\" content=\"2022-02-22T14:35:39+00:00\" \/>\n<meta property=\"article:modified_time\" content=\"2022-02-22T14:43:46+00:00\" \/>\n<meta property=\"og:image\" content=\"https:\/\/www.altercampagne.net\/wp-content\/uploads\/2022\/02\/relaisjeune-e1645540929615.jpg\" \/>\n\t<meta property=\"og:image:width\" content=\"750\" \/>\n\t<meta property=\"og:image:height\" content=\"750\" \/>\n\t<meta property=\"og:image:type\" content=\"image\/jpeg\" \/>\n<meta name=\"author\" content=\"Val\u00e9rie M\" \/>\n<meta name=\"twitter:card\" content=\"summary_large_image\" \/>\n<meta name=\"twitter:label1\" content=\"\u00c9crit par\" \/>\n\t<meta name=\"twitter:data1\" content=\"Val\u00e9rie M\" \/>\n\t<meta name=\"twitter:label2\" content=\"Dur\u00e9e de lecture estim\u00e9e\" \/>\n\t<meta name=\"twitter:data2\" content=\"2 minutes\" \/>\n<script type=\"application\/ld+json\" class=\"yoast-schema-graph\">{\"@context\":\"https:\\\/\\\/schema.org\",\"@graph\":[{\"@type\":\"Article\",\"@id\":\"https:\\\/\\\/www.altercampagne.net\\\/?p=24461#article\",\"isPartOf\":{\"@id\":\"https:\\\/\\\/www.altercampagne.net\\\/?p=24461\"},\"author\":{\"name\":\"Val\u00e9rie M\",\"@id\":\"https:\\\/\\\/www.altercampagne.net\\\/#\\\/schema\\\/person\\\/b51ff5ba81b0c6a3abb4d3ac9512e8cf\"},\"headline\":\"Le relais jeunes est en route !\",\"datePublished\":\"2022-02-22T14:35:39+00:00\",\"dateModified\":\"2022-02-22T14:43:46+00:00\",\"mainEntityOfPage\":{\"@id\":\"https:\\\/\\\/www.altercampagne.net\\\/?p=24461\"},\"wordCount\":182,\"image\":{\"@id\":\"https:\\\/\\\/www.altercampagne.net\\\/?p=24461#primaryimage\"},\"thumbnailUrl\":\"https:\\\/\\\/www.altercampagne.net\\\/wp-content\\\/uploads\\\/2022\\\/02\\\/relaisjeune-e1645540929615.jpg\",\"articleSection\":[\"Partenaires\",\"Lutte\",\"V\u00e9lo\"],\"inLanguage\":\"fr-FR\"},{\"@type\":\"WebPage\",\"@id\":\"https:\\\/\\\/www.altercampagne.net\\\/?p=24461\",\"url\":\"https:\\\/\\\/www.altercampagne.net\\\/?p=24461\",\"name\":\"Le relais jeunes est en route ! - AlterTour\",\"isPartOf\":{\"@id\":\"https:\\\/\\\/www.altercampagne.net\\\/#website\"},\"primaryImageOfPage\":{\"@id\":\"https:\\\/\\\/www.altercampagne.net\\\/?p=24461#primaryimage\"},\"image\":{\"@id\":\"https:\\\/\\\/www.altercampagne.net\\\/?p=24461#primaryimage\"},\"thumbnailUrl\":\"https:\\\/\\\/www.altercampagne.net\\\/wp-content\\\/uploads\\\/2022\\\/02\\\/relaisjeune-e1645540929615.jpg\",\"datePublished\":\"2022-02-22T14:35:39+00:00\",\"dateModified\":\"2022-02-22T14:43:46+00:00\",\"author\":{\"@id\":\"https:\\\/\\\/www.altercampagne.net\\\/#\\\/schema\\\/person\\\/b51ff5ba81b0c6a3abb4d3ac9512e8cf\"},\"breadcrumb\":{\"@id\":\"https:\\\/\\\/www.altercampagne.net\\\/?p=24461#breadcrumb\"},\"inLanguage\":\"fr-FR\",\"potentialAction\":[{\"@type\":\"ReadAction\",\"target\":[\"https:\\\/\\\/www.altercampagne.net\\\/?p=24461\"]}]},{\"@type\":\"ImageObject\",\"inLanguage\":\"fr-FR\",\"@id\":\"https:\\\/\\\/www.altercampagne.net\\\/?p=24461#primaryimage\",\"url\":\"https:\\\/\\\/www.altercampagne.net\\\/wp-content\\\/uploads\\\/2022\\\/02\\\/relaisjeune-e1645540929615.jpg\",\"contentUrl\":\"https:\\\/\\\/www.altercampagne.net\\\/wp-content\\\/uploads\\\/2022\\\/02\\\/relaisjeune-e1645540929615.jpg\",\"width\":750,\"height\":750},{\"@type\":\"BreadcrumbList\",\"@id\":\"https:\\\/\\\/www.altercampagne.net\\\/?p=24461#breadcrumb\",\"itemListElement\":[{\"@type\":\"ListItem\",\"position\":1,\"name\":\"Accueil\",\"item\":\"https:\\\/\\\/www.altercampagne.net\\\/\"},{\"@type\":\"ListItem\",\"position\":2,\"name\":\"Le relais jeunes est en route !\"}]},{\"@type\":\"WebSite\",\"@id\":\"https:\\\/\\\/www.altercampagne.net\\\/#website\",\"url\":\"https:\\\/\\\/www.altercampagne.net\\\/\",\"name\":\"AlterTour\",\"description\":\"Reliez les Alternatives \u00e0 v\u00e9lo\",\"potentialAction\":[{\"@type\":\"SearchAction\",\"target\":{\"@type\":\"EntryPoint\",\"urlTemplate\":\"https:\\\/\\\/www.altercampagne.net\\\/?s={search_term_string}\"},\"query-input\":{\"@type\":\"PropertyValueSpecification\",\"valueRequired\":true,\"valueName\":\"search_term_string\"}}],\"inLanguage\":\"fr-FR\"},{\"@type\":\"Person\",\"@id\":\"https:\\\/\\\/www.altercampagne.net\\\/#\\\/schema\\\/person\\\/b51ff5ba81b0c6a3abb4d3ac9512e8cf\",\"name\":\"Val\u00e9rie M\",\"image\":{\"@type\":\"ImageObject\",\"inLanguage\":\"fr-FR\",\"@id\":\"https:\\\/\\\/secure.gravatar.com\\\/avatar\\\/db9ecc9561637ed429fd8be2405af78b439ab531b3e3c4ab75a6864c87354d02?s=96&d=mm&r=g\",\"url\":\"https:\\\/\\\/secure.gravatar.com\\\/avatar\\\/db9ecc9561637ed429fd8be2405af78b439ab531b3e3c4ab75a6864c87354d02?s=96&d=mm&r=g\",\"contentUrl\":\"https:\\\/\\\/secure.gravatar.com\\\/avatar\\\/db9ecc9561637ed429fd8be2405af78b439ab531b3e3c4ab75a6864c87354d02?s=96&d=mm&r=g\",\"caption\":\"Val\u00e9rie M\"},\"url\":\"https:\\\/\\\/www.altercampagne.net\\\/?author=207\"}]}<\/script>\n<!-- \/ Yoast SEO plugin. -->","yoast_head_json":{"title":"Le relais jeunes est en route ! - AlterTour","robots":{"index":"index","follow":"follow","max-snippet":"max-snippet:-1","max-image-preview":"max-image-preview:large","max-video-preview":"max-video-preview:-1"},"canonical":"https:\/\/www.altercampagne.net\/?p=24461","og_locale":"fr_FR","og_type":"article","og_title":"Le relais jeunes est en route ! - AlterTour","og_description":"On m&rsquo;a demand\u00e9 : Tu fais quoi dimanche soir ? Rien ? viens donc ! On accueille des jeunes qui vont faire un tour en France \u00e0 v\u00e9lo et\/ou \u00e0 pied pour sensibiliser les jeunes mais pas que, sur les probl\u00e9matiques environnementales, sociales&#8230; etc J&rsquo;ai m\u00eame pas cherch\u00e9 \u00e0 savoir, ... Read More","og_url":"https:\/\/www.altercampagne.net\/?p=24461","og_site_name":"AlterTour","article_published_time":"2022-02-22T14:35:39+00:00","article_modified_time":"2022-02-22T14:43:46+00:00","og_image":[{"width":750,"height":750,"url":"https:\/\/www.altercampagne.net\/wp-content\/uploads\/2022\/02\/relaisjeune-e1645540929615.jpg","type":"image\/jpeg"}],"author":"Val\u00e9rie M","twitter_card":"summary_large_image","twitter_misc":{"\u00c9crit par":"Val\u00e9rie M","Dur\u00e9e de lecture estim\u00e9e":"2 minutes"},"schema":{"@context":"https:\/\/schema.org","@graph":[{"@type":"Article","@id":"https:\/\/www.altercampagne.net\/?p=24461#article","isPartOf":{"@id":"https:\/\/www.altercampagne.net\/?p=24461"},"author":{"name":"Val\u00e9rie M","@id":"https:\/\/www.altercampagne.net\/#\/schema\/person\/b51ff5ba81b0c6a3abb4d3ac9512e8cf"},"headline":"Le relais jeunes est en route !","datePublished":"2022-02-22T14:35:39+00:00","dateModified":"2022-02-22T14:43:46+00:00","mainEntityOfPage":{"@id":"https:\/\/www.altercampagne.net\/?p=24461"},"wordCount":182,"image":{"@id":"https:\/\/www.altercampagne.net\/?p=24461#primaryimage"},"thumbnailUrl":"https:\/\/www.altercampagne.net\/wp-content\/uploads\/2022\/02\/relaisjeune-e1645540929615.jpg","articleSection":["Partenaires","Lutte","V\u00e9lo"],"inLanguage":"fr-FR"},{"@type":"WebPage","@id":"https:\/\/www.altercampagne.net\/?p=24461","url":"https:\/\/www.altercampagne.net\/?p=24461","name":"Le relais jeunes est en route ! - AlterTour","isPartOf":{"@id":"https:\/\/www.altercampagne.net\/#website"},"primaryImageOfPage":{"@id":"https:\/\/www.altercampagne.net\/?p=24461#primaryimage"},"image":{"@id":"https:\/\/www.altercampagne.net\/?p=24461#primaryimage"},"thumbnailUrl":"https:\/\/www.altercampagne.net\/wp-content\/uploads\/2022\/02\/relaisjeune-e1645540929615.jpg","datePublished":"2022-02-22T14:35:39+00:00","dateModified":"2022-02-22T14:43:46+00:00","author":{"@id":"https:\/\/www.altercampagne.net\/#\/schema\/person\/b51ff5ba81b0c6a3abb4d3ac9512e8cf"},"breadcrumb":{"@id":"https:\/\/www.altercampagne.net\/?p=24461#breadcrumb"},"inLanguage":"fr-FR","potentialAction":[{"@type":"ReadAction","target":["https:\/\/www.altercampagne.net\/?p=24461"]}]},{"@type":"ImageObject","inLanguage":"fr-FR","@id":"https:\/\/www.altercampagne.net\/?p=24461#primaryimage","url":"https:\/\/www.altercampagne.net\/wp-content\/uploads\/2022\/02\/relaisjeune-e1645540929615.jpg","contentUrl":"https:\/\/www.altercampagne.net\/wp-content\/uploads\/2022\/02\/relaisjeune-e1645540929615.jpg","width":750,"height":750},{"@type":"BreadcrumbList","@id":"https:\/\/www.altercampagne.net\/?p=24461#breadcrumb","itemListElement":[{"@type":"ListItem","position":1,"name":"Accueil","item":"https:\/\/www.altercampagne.net\/"},{"@type":"ListItem","position":2,"name":"Le relais jeunes est en route !"}]},{"@type":"WebSite","@id":"https:\/\/www.altercampagne.net\/#website","url":"https:\/\/www.altercampagne.net\/","name":"AlterTour","description":"Reliez les Alternatives \u00e0 v\u00e9lo","potentialAction":[{"@type":"SearchAction","target":{"@type":"EntryPoint","urlTemplate":"https:\/\/www.altercampagne.net\/?s={search_term_string}"},"query-input":{"@type":"PropertyValueSpecification","valueRequired":true,"valueName":"search_term_string"}}],"inLanguage":"fr-FR"},{"@type":"Person","@id":"https:\/\/www.altercampagne.net\/#\/schema\/person\/b51ff5ba81b0c6a3abb4d3ac9512e8cf","name":"Val\u00e9rie M","image":{"@type":"ImageObject","inLanguage":"fr-FR","@id":"https:\/\/secure.gravatar.com\/avatar\/db9ecc9561637ed429fd8be2405af78b439ab531b3e3c4ab75a6864c87354d02?s=96&d=mm&r=g","url":"https:\/\/secure.gravatar.com\/avatar\/db9ecc9561637ed429fd8be2405af78b439ab531b3e3c4ab75a6864c87354d02?s=96&d=mm&r=g","contentUrl":"https:\/\/secure.gravatar.com\/avatar\/db9ecc9561637ed429fd8be2405af78b439ab531b3e3c4ab75a6864c87354d02?s=96&d=mm&r=g","caption":"Val\u00e9rie M"},"url":"https:\/\/www.altercampagne.net\/?author=207"}]}},"_links":{"self":[{"href":"https:\/\/www.altercampagne.net\/index.php?rest_route=\/wp\/v2\/posts\/24461","targetHints":{"allow":["GET"]}}],"collection":[{"href":"https:\/\/www.altercampagne.net\/index.php?rest_route=\/wp\/v2\/posts"}],"about":[{"href":"https:\/\/www.altercampagne.net\/index.php?rest_route=\/wp\/v2\/types\/post"}],"author":[{"embeddable":true,"href":"https:\/\/www.altercampagne.net\/index.php?rest_route=\/wp\/v2\/users\/207"}],"replies":[{"embeddable":true,"href":"https:\/\/www.altercampagne.net\/index.php?rest_route=%2Fwp%2Fv2%2Fcomments&post=24461"}],"version-history":[{"count":4,"href":"https:\/\/www.altercampagne.net\/index.php?rest_route=\/wp\/v2\/posts\/24461\/revisions"}],"predecessor-version":[{"id":24468,"href":"https:\/\/www.altercampagne.net\/index.php?rest_route=\/wp\/v2\/posts\/24461\/revisions\/24468"}],"wp:featuredmedia":[{"embeddable":true,"href":"https:\/\/www.altercampagne.net\/index.php?rest_route=\/wp\/v2\/media\/24467"}],"wp:attachment":[{"href":"https:\/\/www.altercampagne.net\/index.php?rest_route=%2Fwp%2Fv2%2Fmedia&parent=24461"}],"wp:term":[{"taxonomy":"category","embeddable":true,"href":"https:\/\/www.altercampagne.net\/index.php?rest_route=%2Fwp%2Fv2%2Fcategories&post=24461"},{"taxonomy":"post_tag","embeddable":true,"href":"https:\/\/www.altercampagne.net\/index.php?rest_route=%2Fwp%2Fv2%2Ftags&post=24461"}],"curies":[{"name":"wp","href":"https:\/\/api.w.org\/{rel}","templated":true}]}}