{"id":24631,"date":"2022-03-31T16:05:42","date_gmt":"2022-03-31T14:05:42","guid":{"rendered":"https:\/\/www.altercampagne.net\/?p=24631"},"modified":"2022-03-31T16:05:43","modified_gmt":"2022-03-31T14:05:43","slug":"portraits-daltercyclistes-lucile-alice","status":"publish","type":"post","link":"https:\/\/www.altercampagne.net\/?p=24631","title":{"rendered":"Portraits d&rsquo;altercyclistes : Lucile &#038; Alice"},"content":{"rendered":"\n<p>\u00ab C&rsquo;est lors d&rsquo;une marche avec une amapienne de ma commune que j&rsquo;ai entendu parler de l&rsquo;AlterTour pour la premi\u00e8re fois. J&rsquo;\u00e9voquais avec elle mes <strong>envies d&rsquo;enfourcher mon v\u00e9lo, en autonomie pour aller \u00e0 la rencontre des gens, v\u00e9rifier que l&rsquo;entraide et l&rsquo;humain existent toujours ! <\/strong>Quand elle m&rsquo;a expliqu\u00e9 ce qu&rsquo;est l&rsquo;AlterTour, je suis tomb\u00e9e imm\u00e9diatement sous le charme du concept. Je n&rsquo;ai plus pens\u00e9 qu&rsquo;\u00e0 cela de f\u00e9vrier \u00e0 mai, mois des inscriptions !<\/p>\n\n\n\n<p>Je n&rsquo;avais jamais v\u00e9cu de vie en collectivit\u00e9, je m&rsquo;engageais dans l&rsquo;inconnu ; cela devenait de plus en plus stressant et excitant \u00e0 mesure que&nbsp;l&rsquo;\u00e9ch\u00e9ance approchait.&nbsp;A ce moment l\u00e0 de ma vie, <strong>j&rsquo;avais besoin de changement, d&rsquo;aventure, d&rsquo;engagement, de rencontres, de renouveau<\/strong>. Quand au bout de 24h de pr\u00e9sence \u00e0 l&rsquo;AlterTour, j&rsquo;ai compris que j&rsquo;\u00e9tais d\u00e9j\u00e0 une \u00ab\u00a0ancienne\u00a0\u00bb, j&rsquo;ai commenc\u00e9 \u00e0 profiter \u00e0 100% de l&rsquo;exp\u00e9rience. <strong>J&rsquo;ai d\u00e9couvert une organisation collective impressionnante, l&rsquo;itin\u00e9rance, l&rsquo;entraide, l&rsquo;\u00e9coute, le partage, le respect,<\/strong> le d\u00e9passement de soi, la tol\u00e9rance, les briefs , le partage des t\u00e2ches, les codes du collectif, l&rsquo;implication collective&#8230;<\/p>\n\n\n\n<p>J&rsquo;avais d\u00e9cid\u00e9 de passer 5 jours sur le Tour, je suis repartie avec le sentiment de trouver une famille, o\u00f9 le champs des possibles est infini. J&rsquo;ai ramen\u00e9 chez moi, au sein de ma famille le planning des t\u00e2ches, et une nourriture plus \u00e9quilibr\u00e9e entre l\u00e9gumes, c\u00e9r\u00e9ales, l\u00e9gumineuses, f\u00e9culents. Depuis je me rends aux pl\u00e9ni\u00e8res d\u00e8s que mon emploi du temps le permet, j&rsquo;ai particip\u00e9 au d\u00e9frichage du tour 2022 et me suis inscrite \u00e0 un groupe de travail. <strong>L&rsquo;organisation de l&rsquo;AlterTour est inspirante, donne beaucoup de force et d&rsquo;espoir pour construire de nouveaux modes de vie.<\/strong> \u00bb<\/p>\n\n\n\n<figure class=\"wp-block-image is-resized is-style-default\"><img loading=\"lazy\" decoding=\"async\" src=\"https:\/\/scontent.fcdg2-1.fna.fbcdn.net\/v\/t1.15752-9\/274462483_1584194188612874_9171267924829154046_n.jpg?_nc_cat=102&amp;ccb=1-5&amp;_nc_sid=ae9488&amp;_nc_ohc=BRXWoK9rH1QAX9BVyup&amp;_nc_ht=scontent.fcdg2-1.fna&amp;oh=03_AVIU_ddNWnltsT6t19SWHLGschvBgXAjFqcOp4xpWOHXGA&amp;oe=624DD0B4\" alt=\"Aucune description disponible.\" width=\"550\" height=\"413\"\/><figcaption>Lucile de Rouen<\/figcaption><\/figure>\n\n\n\n<hr class=\"wp-block-separator\"\/>\n\n\n\n<h5 class=\"wp-block-heading\">Alice, adepte des voyages \u00e0 v\u00e9lo et musicienne, a particip\u00e9 \u00e0 l\u2019AlterTour en 2020. <\/h5>\n\n\n\n<p>\u00ab L\u2019AlterTour m\u2019a donn\u00e9 beaucoup d\u2019espoir. C\u2019\u00e9tait tr\u00e8s intense. Moi qui suis habitu\u00e9e \u00e0 voyager seule, \u00e7a me changeait de voyager en groupe. <strong>Au d\u00e9but c\u2019est intimidant et puis apr\u00e8s \u00e7a vous manque.<\/strong> \u00bb <\/p>\n\n\n\n<p>Gr\u00e2ce \u00e0 des rencontres inspirantes durant le tour, elle a mont\u00e9 deux projets. Cette exp\u00e9rience a r\u00e9veill\u00e9 en elle un vieux r\u00eave qu\u2019elle avait dans un coin de sa t\u00eate : cr\u00e9er un \u00ab v\u00e9lo-smoothie \u00bb, c\u2019est-\u00e0-dire un mixeur qui tourne gr\u00e2ce \u00e0 un v\u00e9lo et qui permet de produire des boissons \u00e0 partir de fruits invendus. Sa \u00ab Fruitcyclette \u00bb, de son petit nom, se d\u00e9place pour l\u2019instant \u00e0 des \u00e9v\u00e8nements \u00e9cologiques dans la r\u00e9gion Lyonnaise. Elle a \u00e9galement rejoint un collectif d\u2019artistes pour une tourn\u00e9e \u00e0 v\u00e9lo avec l\u2019association <a href=\"https:\/\/lapoursuite.fr\/\" target=\"_blank\" rel=\"noreferrer noopener\">La Poursuite<\/a>. Ainsi, durant l\u2019\u00e9t\u00e9 2021, elle a p\u00e9dal\u00e9 de Besan\u00e7on \u00e0 Lyon, transportant la \u00ab v\u00e9lo-sc\u00e8ne \u00bb \u00e0 la force de ses mollets !<\/p>\n\n\n\n<figure class=\"wp-block-image\"><img decoding=\"async\" src=\"https:\/\/scontent.fcdg2-1.fna.fbcdn.net\/v\/t1.15752-9\/274656056_308159737881979_2365493368510459907_n.jpg?_nc_cat=104&amp;ccb=1-5&amp;_nc_sid=ae9488&amp;_nc_ohc=-j4fj_QbqAIAX8El_j5&amp;_nc_ht=scontent.fcdg2-1.fna&amp;oh=03_AVImxtiEQppYAg9eDMic2Lbx3nr8PjQTgSC2VnuAzYeEeQ&amp;oe=624DF186\" alt=\"Aucune description disponible.\"\/><\/figure>\n\n\n\n<p>Si vous \u00eates curieux.se de d\u00e9couvrir la musique d&rsquo;Alice \u00e7a se passe par ici : <a href=\"https:\/\/soundcloud.com\/miralimusica\">https:\/\/soundcloud.com\/miralimusica<\/a> <\/p>\n\n\n\n<p><\/p>\n\n\n\n<p class=\"has-text-align-right\"><em>Le portrait d&rsquo;Alice a \u00e9t\u00e9 r\u00e9dig\u00e9 par Leslie et celui de Lucile par elle m\u00eame<\/em><br><em>La photo du groupe autour du feu a \u00e9t\u00e9 prise par Orianne Drouet \u00e0 l&rsquo;\u00e9t\u00e9 2021<\/em><\/p>\n","protected":false},"excerpt":{"rendered":"<p>\u00ab C&rsquo;est lors d&rsquo;une marche avec une amapienne de ma commune que j&rsquo;ai entendu parler de l&rsquo;AlterTour pour la premi\u00e8re fois. J&rsquo;\u00e9voquais avec elle mes envies d&rsquo;enfourcher mon v\u00e9lo, en autonomie pour aller \u00e0 la rencontre des gens, v\u00e9rifier que l&rsquo;entraide et l&rsquo;humain existent toujours ! Quand elle m&rsquo;a expliqu\u00e9 &#8230; <\/p>\n<div><a href=\"https:\/\/www.altercampagne.net\/?p=24631\" class=\"more-link\">Read More<\/a><\/div>\n","protected":false},"author":361,"featured_media":24632,"comment_status":"closed","ping_status":"closed","sticky":false,"template":"","format":"standard","meta":{"footnotes":""},"categories":[4313,4198,3967,4054],"tags":[4384],"class_list":["post-24631","post","type-post","status-publish","format-standard","has-post-thumbnail","hentry","category-altertour","category-edition-2021","category-edition-2020","category-temoignages","tag-la-poursuite"],"yoast_head":"<!-- This site is optimized with the Yoast SEO plugin v27.3 - https:\/\/yoast.com\/product\/yoast-seo-wordpress\/ -->\n<title>Portraits d&#039;altercyclistes : Lucile &amp; Alice - AlterTour<\/title>\n<meta name=\"description\" content=\"Lucile et Alice, participantes de l&#039;AlterTour en 2021 et 2020 racontent leur exp\u00e9rience et ce qui a chang\u00e9 pour elles apr\u00e8s leur venue au tour.\" \/>\n<meta name=\"robots\" content=\"index, follow, max-snippet:-1, max-image-preview:large, max-video-preview:-1\" \/>\n<link rel=\"canonical\" href=\"https:\/\/www.altercampagne.net\/?p=24631\" \/>\n<meta property=\"og:locale\" content=\"fr_FR\" \/>\n<meta property=\"og:type\" content=\"article\" \/>\n<meta property=\"og:title\" content=\"Portraits d&#039;altercyclistes : Lucile &amp; Alice - AlterTour\" \/>\n<meta property=\"og:description\" content=\"Lucile et Alice, participantes de l&#039;AlterTour en 2021 et 2020 racontent leur exp\u00e9rience et ce qui a chang\u00e9 pour elles apr\u00e8s leur venue au tour.\" \/>\n<meta property=\"og:url\" content=\"https:\/\/www.altercampagne.net\/?p=24631\" \/>\n<meta property=\"og:site_name\" content=\"AlterTour\" \/>\n<meta property=\"article:published_time\" content=\"2022-03-31T14:05:42+00:00\" \/>\n<meta property=\"article:modified_time\" content=\"2022-03-31T14:05:43+00:00\" \/>\n<meta property=\"og:image\" content=\"https:\/\/www.altercampagne.net\/wp-content\/uploads\/2022\/03\/oriannedrouet-altertour-93-e1646749008823.jpg\" \/>\n\t<meta property=\"og:image:width\" content=\"800\" \/>\n\t<meta property=\"og:image:height\" content=\"534\" \/>\n\t<meta property=\"og:image:type\" content=\"image\/jpeg\" \/>\n<meta name=\"author\" content=\"Pauline\" \/>\n<meta name=\"twitter:card\" content=\"summary_large_image\" \/>\n<meta name=\"twitter:label1\" content=\"\u00c9crit par\" \/>\n\t<meta name=\"twitter:data1\" content=\"Pauline\" \/>\n\t<meta name=\"twitter:label2\" content=\"Dur\u00e9e de lecture estim\u00e9e\" \/>\n\t<meta name=\"twitter:data2\" content=\"3 minutes\" \/>\n<script type=\"application\/ld+json\" class=\"yoast-schema-graph\">{\"@context\":\"https:\\\/\\\/schema.org\",\"@graph\":[{\"@type\":\"Article\",\"@id\":\"https:\\\/\\\/www.altercampagne.net\\\/?p=24631#article\",\"isPartOf\":{\"@id\":\"https:\\\/\\\/www.altercampagne.net\\\/?p=24631\"},\"author\":{\"name\":\"Pauline\",\"@id\":\"https:\\\/\\\/www.altercampagne.net\\\/#\\\/schema\\\/person\\\/caf30ed73e072285b8f761300370ddb5\"},\"headline\":\"Portraits d&rsquo;altercyclistes : Lucile &#038; Alice\",\"datePublished\":\"2022-03-31T14:05:42+00:00\",\"dateModified\":\"2022-03-31T14:05:43+00:00\",\"mainEntityOfPage\":{\"@id\":\"https:\\\/\\\/www.altercampagne.net\\\/?p=24631\"},\"wordCount\":563,\"image\":{\"@id\":\"https:\\\/\\\/www.altercampagne.net\\\/?p=24631#primaryimage\"},\"thumbnailUrl\":\"https:\\\/\\\/www.altercampagne.net\\\/wp-content\\\/uploads\\\/2022\\\/03\\\/oriannedrouet-altertour-93-e1646749008823.jpg\",\"keywords\":[\"La Poursuite\"],\"articleSection\":[\"AlterTour\",\"Edition 2021\",\"Edition 2020\",\"T\u00e9moignages\"],\"inLanguage\":\"fr-FR\"},{\"@type\":\"WebPage\",\"@id\":\"https:\\\/\\\/www.altercampagne.net\\\/?p=24631\",\"url\":\"https:\\\/\\\/www.altercampagne.net\\\/?p=24631\",\"name\":\"Portraits d'altercyclistes : Lucile & Alice - AlterTour\",\"isPartOf\":{\"@id\":\"https:\\\/\\\/www.altercampagne.net\\\/#website\"},\"primaryImageOfPage\":{\"@id\":\"https:\\\/\\\/www.altercampagne.net\\\/?p=24631#primaryimage\"},\"image\":{\"@id\":\"https:\\\/\\\/www.altercampagne.net\\\/?p=24631#primaryimage\"},\"thumbnailUrl\":\"https:\\\/\\\/www.altercampagne.net\\\/wp-content\\\/uploads\\\/2022\\\/03\\\/oriannedrouet-altertour-93-e1646749008823.jpg\",\"datePublished\":\"2022-03-31T14:05:42+00:00\",\"dateModified\":\"2022-03-31T14:05:43+00:00\",\"author\":{\"@id\":\"https:\\\/\\\/www.altercampagne.net\\\/#\\\/schema\\\/person\\\/caf30ed73e072285b8f761300370ddb5\"},\"description\":\"Lucile et Alice, participantes de l'AlterTour en 2021 et 2020 racontent leur exp\u00e9rience et ce qui a chang\u00e9 pour elles apr\u00e8s leur venue au tour.\",\"breadcrumb\":{\"@id\":\"https:\\\/\\\/www.altercampagne.net\\\/?p=24631#breadcrumb\"},\"inLanguage\":\"fr-FR\",\"potentialAction\":[{\"@type\":\"ReadAction\",\"target\":[\"https:\\\/\\\/www.altercampagne.net\\\/?p=24631\"]}]},{\"@type\":\"ImageObject\",\"inLanguage\":\"fr-FR\",\"@id\":\"https:\\\/\\\/www.altercampagne.net\\\/?p=24631#primaryimage\",\"url\":\"https:\\\/\\\/www.altercampagne.net\\\/wp-content\\\/uploads\\\/2022\\\/03\\\/oriannedrouet-altertour-93-e1646749008823.jpg\",\"contentUrl\":\"https:\\\/\\\/www.altercampagne.net\\\/wp-content\\\/uploads\\\/2022\\\/03\\\/oriannedrouet-altertour-93-e1646749008823.jpg\",\"width\":800,\"height\":534},{\"@type\":\"BreadcrumbList\",\"@id\":\"https:\\\/\\\/www.altercampagne.net\\\/?p=24631#breadcrumb\",\"itemListElement\":[{\"@type\":\"ListItem\",\"position\":1,\"name\":\"Accueil\",\"item\":\"https:\\\/\\\/www.altercampagne.net\\\/\"},{\"@type\":\"ListItem\",\"position\":2,\"name\":\"Portraits d&rsquo;altercyclistes : Lucile &#038; Alice\"}]},{\"@type\":\"WebSite\",\"@id\":\"https:\\\/\\\/www.altercampagne.net\\\/#website\",\"url\":\"https:\\\/\\\/www.altercampagne.net\\\/\",\"name\":\"AlterTour\",\"description\":\"Reliez les Alternatives \u00e0 v\u00e9lo\",\"potentialAction\":[{\"@type\":\"SearchAction\",\"target\":{\"@type\":\"EntryPoint\",\"urlTemplate\":\"https:\\\/\\\/www.altercampagne.net\\\/?s={search_term_string}\"},\"query-input\":{\"@type\":\"PropertyValueSpecification\",\"valueRequired\":true,\"valueName\":\"search_term_string\"}}],\"inLanguage\":\"fr-FR\"},{\"@type\":\"Person\",\"@id\":\"https:\\\/\\\/www.altercampagne.net\\\/#\\\/schema\\\/person\\\/caf30ed73e072285b8f761300370ddb5\",\"name\":\"Pauline\",\"image\":{\"@type\":\"ImageObject\",\"inLanguage\":\"fr-FR\",\"@id\":\"https:\\\/\\\/secure.gravatar.com\\\/avatar\\\/f84b78638c34b3d6ac7339a8ef00413d11da3b09ee578a762504104ff060cde7?s=96&d=mm&r=g\",\"url\":\"https:\\\/\\\/secure.gravatar.com\\\/avatar\\\/f84b78638c34b3d6ac7339a8ef00413d11da3b09ee578a762504104ff060cde7?s=96&d=mm&r=g\",\"contentUrl\":\"https:\\\/\\\/secure.gravatar.com\\\/avatar\\\/f84b78638c34b3d6ac7339a8ef00413d11da3b09ee578a762504104ff060cde7?s=96&d=mm&r=g\",\"caption\":\"Pauline\"},\"url\":\"https:\\\/\\\/www.altercampagne.net\\\/?author=361\"}]}<\/script>\n<!-- \/ Yoast SEO plugin. -->","yoast_head_json":{"title":"Portraits d'altercyclistes : Lucile & Alice - AlterTour","description":"Lucile et Alice, participantes de l'AlterTour en 2021 et 2020 racontent leur exp\u00e9rience et ce qui a chang\u00e9 pour elles apr\u00e8s leur venue au tour.","robots":{"index":"index","follow":"follow","max-snippet":"max-snippet:-1","max-image-preview":"max-image-preview:large","max-video-preview":"max-video-preview:-1"},"canonical":"https:\/\/www.altercampagne.net\/?p=24631","og_locale":"fr_FR","og_type":"article","og_title":"Portraits d'altercyclistes : Lucile & Alice - AlterTour","og_description":"Lucile et Alice, participantes de l'AlterTour en 2021 et 2020 racontent leur exp\u00e9rience et ce qui a chang\u00e9 pour elles apr\u00e8s leur venue au tour.","og_url":"https:\/\/www.altercampagne.net\/?p=24631","og_site_name":"AlterTour","article_published_time":"2022-03-31T14:05:42+00:00","article_modified_time":"2022-03-31T14:05:43+00:00","og_image":[{"width":800,"height":534,"url":"https:\/\/www.altercampagne.net\/wp-content\/uploads\/2022\/03\/oriannedrouet-altertour-93-e1646749008823.jpg","type":"image\/jpeg"}],"author":"Pauline","twitter_card":"summary_large_image","twitter_misc":{"\u00c9crit par":"Pauline","Dur\u00e9e de lecture estim\u00e9e":"3 minutes"},"schema":{"@context":"https:\/\/schema.org","@graph":[{"@type":"Article","@id":"https:\/\/www.altercampagne.net\/?p=24631#article","isPartOf":{"@id":"https:\/\/www.altercampagne.net\/?p=24631"},"author":{"name":"Pauline","@id":"https:\/\/www.altercampagne.net\/#\/schema\/person\/caf30ed73e072285b8f761300370ddb5"},"headline":"Portraits d&rsquo;altercyclistes : Lucile &#038; Alice","datePublished":"2022-03-31T14:05:42+00:00","dateModified":"2022-03-31T14:05:43+00:00","mainEntityOfPage":{"@id":"https:\/\/www.altercampagne.net\/?p=24631"},"wordCount":563,"image":{"@id":"https:\/\/www.altercampagne.net\/?p=24631#primaryimage"},"thumbnailUrl":"https:\/\/www.altercampagne.net\/wp-content\/uploads\/2022\/03\/oriannedrouet-altertour-93-e1646749008823.jpg","keywords":["La Poursuite"],"articleSection":["AlterTour","Edition 2021","Edition 2020","T\u00e9moignages"],"inLanguage":"fr-FR"},{"@type":"WebPage","@id":"https:\/\/www.altercampagne.net\/?p=24631","url":"https:\/\/www.altercampagne.net\/?p=24631","name":"Portraits d'altercyclistes : Lucile & Alice - AlterTour","isPartOf":{"@id":"https:\/\/www.altercampagne.net\/#website"},"primaryImageOfPage":{"@id":"https:\/\/www.altercampagne.net\/?p=24631#primaryimage"},"image":{"@id":"https:\/\/www.altercampagne.net\/?p=24631#primaryimage"},"thumbnailUrl":"https:\/\/www.altercampagne.net\/wp-content\/uploads\/2022\/03\/oriannedrouet-altertour-93-e1646749008823.jpg","datePublished":"2022-03-31T14:05:42+00:00","dateModified":"2022-03-31T14:05:43+00:00","author":{"@id":"https:\/\/www.altercampagne.net\/#\/schema\/person\/caf30ed73e072285b8f761300370ddb5"},"description":"Lucile et Alice, participantes de l'AlterTour en 2021 et 2020 racontent leur exp\u00e9rience et ce qui a chang\u00e9 pour elles apr\u00e8s leur venue au tour.","breadcrumb":{"@id":"https:\/\/www.altercampagne.net\/?p=24631#breadcrumb"},"inLanguage":"fr-FR","potentialAction":[{"@type":"ReadAction","target":["https:\/\/www.altercampagne.net\/?p=24631"]}]},{"@type":"ImageObject","inLanguage":"fr-FR","@id":"https:\/\/www.altercampagne.net\/?p=24631#primaryimage","url":"https:\/\/www.altercampagne.net\/wp-content\/uploads\/2022\/03\/oriannedrouet-altertour-93-e1646749008823.jpg","contentUrl":"https:\/\/www.altercampagne.net\/wp-content\/uploads\/2022\/03\/oriannedrouet-altertour-93-e1646749008823.jpg","width":800,"height":534},{"@type":"BreadcrumbList","@id":"https:\/\/www.altercampagne.net\/?p=24631#breadcrumb","itemListElement":[{"@type":"ListItem","position":1,"name":"Accueil","item":"https:\/\/www.altercampagne.net\/"},{"@type":"ListItem","position":2,"name":"Portraits d&rsquo;altercyclistes : Lucile &#038; Alice"}]},{"@type":"WebSite","@id":"https:\/\/www.altercampagne.net\/#website","url":"https:\/\/www.altercampagne.net\/","name":"AlterTour","description":"Reliez les Alternatives \u00e0 v\u00e9lo","potentialAction":[{"@type":"SearchAction","target":{"@type":"EntryPoint","urlTemplate":"https:\/\/www.altercampagne.net\/?s={search_term_string}"},"query-input":{"@type":"PropertyValueSpecification","valueRequired":true,"valueName":"search_term_string"}}],"inLanguage":"fr-FR"},{"@type":"Person","@id":"https:\/\/www.altercampagne.net\/#\/schema\/person\/caf30ed73e072285b8f761300370ddb5","name":"Pauline","image":{"@type":"ImageObject","inLanguage":"fr-FR","@id":"https:\/\/secure.gravatar.com\/avatar\/f84b78638c34b3d6ac7339a8ef00413d11da3b09ee578a762504104ff060cde7?s=96&d=mm&r=g","url":"https:\/\/secure.gravatar.com\/avatar\/f84b78638c34b3d6ac7339a8ef00413d11da3b09ee578a762504104ff060cde7?s=96&d=mm&r=g","contentUrl":"https:\/\/secure.gravatar.com\/avatar\/f84b78638c34b3d6ac7339a8ef00413d11da3b09ee578a762504104ff060cde7?s=96&d=mm&r=g","caption":"Pauline"},"url":"https:\/\/www.altercampagne.net\/?author=361"}]}},"_links":{"self":[{"href":"https:\/\/www.altercampagne.net\/index.php?rest_route=\/wp\/v2\/posts\/24631","targetHints":{"allow":["GET"]}}],"collection":[{"href":"https:\/\/www.altercampagne.net\/index.php?rest_route=\/wp\/v2\/posts"}],"about":[{"href":"https:\/\/www.altercampagne.net\/index.php?rest_route=\/wp\/v2\/types\/post"}],"author":[{"embeddable":true,"href":"https:\/\/www.altercampagne.net\/index.php?rest_route=\/wp\/v2\/users\/361"}],"replies":[{"embeddable":true,"href":"https:\/\/www.altercampagne.net\/index.php?rest_route=%2Fwp%2Fv2%2Fcomments&post=24631"}],"version-history":[{"count":3,"href":"https:\/\/www.altercampagne.net\/index.php?rest_route=\/wp\/v2\/posts\/24631\/revisions"}],"predecessor-version":[{"id":24853,"href":"https:\/\/www.altercampagne.net\/index.php?rest_route=\/wp\/v2\/posts\/24631\/revisions\/24853"}],"wp:featuredmedia":[{"embeddable":true,"href":"https:\/\/www.altercampagne.net\/index.php?rest_route=\/wp\/v2\/media\/24632"}],"wp:attachment":[{"href":"https:\/\/www.altercampagne.net\/index.php?rest_route=%2Fwp%2Fv2%2Fmedia&parent=24631"}],"wp:term":[{"taxonomy":"category","embeddable":true,"href":"https:\/\/www.altercampagne.net\/index.php?rest_route=%2Fwp%2Fv2%2Fcategories&post=24631"},{"taxonomy":"post_tag","embeddable":true,"href":"https:\/\/www.altercampagne.net\/index.php?rest_route=%2Fwp%2Fv2%2Ftags&post=24631"}],"curies":[{"name":"wp","href":"https:\/\/api.w.org\/{rel}","templated":true}]}}