{"id":24692,"date":"2022-03-16T15:44:18","date_gmt":"2022-03-16T14:44:18","guid":{"rendered":"https:\/\/www.altercampagne.net\/?p=24692"},"modified":"2022-03-22T15:55:34","modified_gmt":"2022-03-22T14:55:34","slug":"programme-de-lechappee-belge","status":"publish","type":"post","link":"https:\/\/www.altercampagne.net\/?p=24692","title":{"rendered":"Programme de l&rsquo;Echapp\u00e9e Belge"},"content":{"rendered":"\n<p>Ce programme provisoire est susceptible de modifications (b\u00e9nignes). Attention de bien lire les informations pratiques en bas de page.<\/p>\n\n\n\n<h4 class=\"has-text-align-center wp-block-heading\" id=\"block-26be49f6-1049-4052-ac60-b977a3216fbb\"><a href=\"https:\/\/www.helloasso.com\/associations\/altercampagne\/evenements\/echappee-belle-belge\">&#8212;<br>Les inscriptions et le paiement se font uniquement<br>via cette page HelloAsso.<\/a><\/h4>\n\n\n\n<h6 class=\"has-text-align-center wp-block-heading\" id=\"block-69251d60-959d-4fb6-9e3b-883a9b1d6c83\"><a href=\"https:\/\/www.helloasso.com\/associations\/altercampagne\/evenements\/echappee-belle-belge\"><span class=\"has-inline-color has-vivid-green-cyan-color\">https:\/\/www.helloasso.com\/associations\/altercampagne\/evenements\/echappee-belle-belge<br>&#8212;<\/span><\/a><\/h6>\n\n\n\n<h4 class=\"wp-block-heading\" id=\"block-84695c14-cc2a-48af-8539-c8538a9dd20f\"><strong>Mercredi 25 mai, \u00e0 partir de 17h<\/strong><\/h4>\n\n\n\n<p id=\"block-5c33e669-691a-4ca3-adce-b8f75bd3333b\"><a href=\"https:\/\/www.radiskale.be\/\">Radiskale<\/a><br>Rue de Neerpede, 1070 Anderlecht (entre rue du Pommier et rue Vlasendael)<\/p>\n\n\n\n<p id=\"block-a58623da-403e-45d4-8f4f-503aa539351f\">Cette coop\u00e9rative mara\u00eech\u00e8re r\u00e9unit 7 coop\u00e9rateurs et coop\u00e9ratrices sur un terrain d\u20191,5 hectare.<br>La production de petits fruits, l\u00e9gumes et fleurs comestibles est \u00e9coul\u00e9e principalement en r\u00e9gion bruxelloise \u00e0 travers les GASAP (R\u00e9seau des Groupes d\u2019Achat Solidaires de l\u2019Agriculture Paysanne)<\/p>\n\n\n\n<figure class=\"wp-block-image\" id=\"block-fee66f83-9501-4370-b580-f55d9b6b0a68\"><img decoding=\"async\" src=\"https:\/\/www.altercampagne.net\/wp-content\/uploads\/2022\/03\/220020713_929982420914756_2257959954006447636_n-edited.jpg\" alt=\"L\u2019attribut alt de cette image est vide, son nom de fichier est 220020713_929982420914756_2257959954006447636_n-edited.jpg.\"\/><figcaption>\u24b8 <a href=\"https:\/\/www.radiskale.be\/\">https:\/\/www.radiskale.be<\/a><\/figcaption><\/figure>\n\n\n\n<p id=\"block-f5143ec0-68da-4cd5-bab9-c41c608c0a4b\">Accueil possible d\u00e8s 14h pour &nbsp;participer durant l\u2019apr\u00e8s-midi aux activit\u00e9s de la ferme.<\/p>\n\n\n\n<h4 class=\"wp-block-heading\" id=\"block-c6df2ab6-93fd-42b0-9fca-bc25f7b57559\"><strong>Jeudi 26 mai<\/strong><\/h4>\n\n\n\n<p id=\"block-6af827da-2923-4c8c-9000-6158580d15df\"><strong>8h : <\/strong>R\u00e9veil, petit d\u00e9jeuner et rangement<\/p>\n\n\n\n<p id=\"block-fadd5159-3896-4b49-bfc5-95415f1b1736\"><strong>9h30 :<\/strong> D\u00e9part<\/p>\n\n\n\n<p id=\"block-704a08d6-a5a8-4663-88d2-d805cb2b18d7\"><strong>10h <\/strong>: Accueil au sein de l\u2019asbl <a href=\"http:\/\/www.communa.be\/\">Communa <\/a>qui s&rsquo;engage pour une ville plus abordable, plus d\u00e9mocratique, plus r\u00e9siliente et plus cr\u00e9ative, principalement \u00e0 travers des projets dans des lieux en occupation temporaire.<br>Visite de <a href=\"https:\/\/communa.be\/les-lieux\/maxima\/\">Maxima <\/a>(lieu de vie associative au c\u0153ur du quartier Saint Antoine de Forest occup\u00e9 depuis l\u2019\u00e9t\u00e9 2020) puis de <a href=\"https:\/\/communa.be\/les-lieux\/la-serre\/\">la Serre<\/a> (logements et ateliers d\u2019artistes au c\u0153ur du quartier populaire de la rue Gray \u00e0 Ixelles).<br>Nous y prendrons le repas de midi<\/p>\n\n\n\n<figure class=\"wp-block-image\" id=\"block-cab4afef-0fb2-4e14-8f2a-5c0f07ad374b\"><img decoding=\"async\" src=\"https:\/\/www.altercampagne.net\/wp-content\/uploads\/2022\/03\/LaSerre_concert_2000x1110-1024x568.jpg\" alt=\"L\u2019attribut alt de cette image est vide, son nom de fichier est LaSerre_concert_2000x1110-1024x568.jpg.\"\/><figcaption>\u24b8 <a href=\"https:\/\/communa.be\/\">https:\/\/communa.be\/<\/a><\/figcaption><\/figure>\n\n\n\n<p id=\"block-bed678ca-317f-4709-b8c7-770df8efd53d\"><strong>15h<\/strong> : D\u00e9part vers Ottignies (30 km) \u00e0 travers la for\u00eat de Soignes en passant par le Ch\u00e2teau de La Hulpe pour rejoindre<a href=\"http:\/\/www.larbrequipousse.org\/\"> L\u2019arbre qui pousse<\/a> au Chemin du Griffon 1, Ottignies (Pinchart).<\/p>\n\n\n\n<p id=\"block-f566c471-8474-44fa-b610-0d2225950342\">Installation, visite du tiers-lieu et \u00e9vocation des nombreux projets.<\/p>\n\n\n\n<figure class=\"wp-block-image\" id=\"block-f29c6f80-b74b-4d75-8f5d-cbfa8ed6966b\"><img decoding=\"async\" src=\"https:\/\/www.altercampagne.net\/wp-content\/uploads\/2022\/03\/74299064_2753607698206240_436060594973246764_n.jpg\" alt=\"L\u2019attribut alt de cette image est vide, son nom de fichier est 74299064_2753607698206240_436060594973246764_n.jpg.\"\/><figcaption>\u24b8 <a href=\"https:\/\/larbrequipousse.org\/\">https:\/\/larbrequipousse.org<\/a><\/figcaption><\/figure>\n\n\n\n<h4 class=\"wp-block-heading\" id=\"block-87fc5071-449a-43a5-8128-434797ab5581\"><strong>Vendredi 27 mai<\/strong><\/h4>\n\n\n\n<p id=\"block-090d1355-89ad-42c4-b65f-d8fc74d9efff\">D\u00e9couverte des initiatives sur le territoire d\u2019Ottignies-Louvain-la-Neuve<\/p>\n\n\n\n<ul class=\"wp-block-list\" id=\"block-57ba0b3b-4685-421e-a498-2c16042c770e\"><li><a href=\"https:\/\/www.facebook.com\/La-Briktrie-111143120279517\/\">Le projet d\u2019\u00e9co-village la Briktr\u00efe (Bois des r\u00eaves)<\/a><\/li><li>L\u2019habitat group\u00e9 du quartier de la Baraque (Louvain-la-Neuve),&nbsp;<\/li><li>La toute nouvelle \u00e9picerie coop\u00e9rative <a href=\"http:\/\/www.polln.be\/\">Poll\u2019N<\/a><\/li><li>Rencontre avec des membres de <a href=\"http:\/\/www.kayoux.be\/\">Kayoux<\/a>, collectif d\u00e9mocratique local<\/li><\/ul>\n\n\n\n<p id=\"block-b197b8e1-6fa3-427e-be49-2017c790dd02\"><strong>17h<\/strong> : Participation \u00e0 la masse critique (v\u00e9lorution) ottintoise<\/p>\n\n\n\n<p id=\"block-d26d131a-2821-4863-97ad-0e8f8d4d796b\"><strong>19h <\/strong>: Repas et soir\u00e9e festive \u00e0 L&rsquo;Arbre qui Pousse<\/p>\n\n\n\n<figure class=\"wp-block-image\" id=\"block-1a59f701-0f86-4211-bf9f-f2f71f40d49b\"><img decoding=\"async\" src=\"https:\/\/www.altercampagne.net\/wp-content\/uploads\/2022\/03\/264590613_431721224994242_8683309173158101261_n-1024x769.jpg\" alt=\"L\u2019attribut alt de cette image est vide, son nom de fichier est 264590613_431721224994242_8683309173158101261_n-1024x769.jpg.\"\/><figcaption>\u24b8 <a href=\"https:\/\/polln.be\/\">https:\/\/polln.be<\/a><\/figcaption><\/figure>\n\n\n\n<h4 class=\"wp-block-heading\" id=\"block-b79d4412-e036-4d2c-a835-f01ec685c6b2\"><strong>Samedi 28 mai<\/strong><\/h4>\n\n\n\n<p id=\"block-c2f9a43a-f293-4b2a-860a-677bfa30cf99\"><strong>9h30<\/strong> : D\u00e9part vers <a href=\"http:\/\/www.maferme.be\/\">Ma Ferme<\/a> (Enghien-Silly) r\u00e9cente coop\u00e9rative de projets agricoles.<br>Apr\u00e8s avoir emprunt\u00e9 le Ravel (voie verte) vers Nivelles, les berges de l\u2019ancien canal et travers\u00e9 des vallons agricoles, nous arriverons au terme d\u2019une bonne cinquantaine de kilom\u00e8tre \u00e0 la ferme.<\/p>\n\n\n\n<p id=\"block-60432e27-11ac-4cb8-8a32-1cb0506f17b5\"><strong>17h<\/strong> : Installation et pr\u00e9sentation<\/p>\n\n\n\n<figure class=\"wp-block-image\" id=\"block-89b40512-36d4-40e5-9977-51856c16246d\"><img decoding=\"async\" src=\"https:\/\/www.altercampagne.net\/wp-content\/uploads\/2022\/03\/236-1024x263.jpg\" alt=\"L\u2019attribut alt de cette image est vide, son nom de fichier est 236-1024x263.jpg.\"\/><figcaption>\u24b8 <a href=\"https:\/\/www.maferme.be\/\">https:\/\/www.maferme.be<\/a><\/figcaption><\/figure>\n\n\n\n<h4 class=\"wp-block-heading\" id=\"block-4e12f7a9-045e-42f4-8ffb-8efde8b5260d\"><strong>Dimanche 29 mai<\/strong><\/h4>\n\n\n\n<p id=\"block-2ed96d4f-69e5-4472-a047-efc81e951abe\">D\u00e9part pour regagner Bruxelles (45 km) en traversant l\u2019int\u00e9ressant mais vallonn\u00e9 Pajottenland (nombreuses fermes et ch\u00e2teaux).<br>Arriv\u00e9e pr\u00e9vue aux alentours de 17h.<\/p>\n\n\n\n<figure class=\"wp-block-image\" id=\"block-85341f52-191f-4a90-8474-3cabec2ad262\"><img decoding=\"async\" src=\"https:\/\/www.altercampagne.net\/wp-content\/uploads\/2022\/03\/ebb-parcours.jpg\" alt=\"L\u2019attribut alt de cette image est vide, son nom de fichier est ebb-parcours.jpg.\"\/><\/figure>\n\n\n\n<h4 class=\"wp-block-heading\">Infos pratiques :<\/h4>\n\n\n\n<p>Contrairement \u00e0 l&rsquo;AlterTour \u00ab\u00a0classique\u00a0\u00bb, l&rsquo;\u00c9chapp\u00e9e Belle Belge se fait en <strong>autonomie<\/strong>. Il n&rsquo;y a pas de camion pour nous accompagner et il faut porter ses affaires soi-m\u00eame. <br>Le logement se fait en <strong>camping <\/strong>et vous devez avoir votre mat\u00e9riel. Pr\u00e9parez-vous \u00e0 des temp\u00e9ratures potentiellement fra\u00eeches m\u00eame si on esp\u00e8re une fin de mai estivale.<br>Dans l&rsquo;id\u00e9al, veillez \u00e0 prendre du mat\u00e9riel de <strong>r\u00e9paration <\/strong>\u00ab\u00a0de base\u00a0\u00bb (pompe et rustines) bien que les organisateurs auront de quoi r\u00e9parer les incidents l\u00e9gers.<br>Le tarif comprend <strong>tous les repas<\/strong> (du mercredi soir au dimanche midi), les petites cacahu\u00e8tes qui font plaisir et les potentielles animations pr\u00e9vues sur le parcours. Par ailleurs, une partie de l&rsquo;inscription aide \u00e0 p\u00e9renniser l&rsquo;association Altercampagne qui chapeaute les diff\u00e9rents tours de l&rsquo;ann\u00e9e. Les deux co-organisateurs de l&rsquo;\u00c9chapp\u00e9e Belle Belge sont b\u00e9n\u00e9voles et pr\u00e9parent ce tour avec le soutien enthousiaste des accueillant.es.<\/p>\n","protected":false},"excerpt":{"rendered":"<p>Ce programme provisoire est susceptible de modifications (b\u00e9nignes). Attention de bien lire les informations pratiques en bas de page. &#8212;Les inscriptions et le paiement se font uniquementvia cette page HelloAsso. https:\/\/www.helloasso.com\/associations\/altercampagne\/evenements\/echappee-belle-belge&#8212; Mercredi 25 mai, \u00e0 partir de 17h RadiskaleRue de Neerpede, 1070 Anderlecht (entre rue du Pommier et rue Vlasendael) &#8230; <\/p>\n<div><a href=\"https:\/\/www.altercampagne.net\/?p=24692\" class=\"more-link\">Read More<\/a><\/div>\n","protected":false},"author":316,"featured_media":24690,"comment_status":"closed","ping_status":"closed","sticky":false,"template":"","format":"standard","meta":{"footnotes":""},"categories":[3489,4037,4357,3231,3490,1,3540],"tags":[],"class_list":["post-24692","post","type-post","status-publish","format-standard","has-post-thumbnail","hentry","category-alimentation","category-biere","category-edition-2022","category-echappee-belle","category-culture","category-non-classe","category-transverse"],"yoast_head":"<!-- This site is optimized with the Yoast SEO plugin v27.3 - https:\/\/yoast.com\/product\/yoast-seo-wordpress\/ -->\n<title>Programme de l&#039;Echapp\u00e9e Belge - AlterTour<\/title>\n<meta name=\"robots\" content=\"index, follow, max-snippet:-1, max-image-preview:large, max-video-preview:-1\" \/>\n<link rel=\"canonical\" href=\"https:\/\/www.altercampagne.net\/?p=24692\" \/>\n<meta property=\"og:locale\" content=\"fr_FR\" \/>\n<meta property=\"og:type\" content=\"article\" \/>\n<meta property=\"og:title\" content=\"Programme de l&#039;Echapp\u00e9e Belge - AlterTour\" \/>\n<meta property=\"og:description\" content=\"Ce programme provisoire est susceptible de modifications (b\u00e9nignes). Attention de bien lire les informations pratiques en bas de page. &#8212;Les inscriptions et le paiement se font uniquementvia cette page HelloAsso. https:\/\/www.helloasso.com\/associations\/altercampagne\/evenements\/echappee-belle-belge&#8212; Mercredi 25 mai, \u00e0 partir de 17h RadiskaleRue de Neerpede, 1070 Anderlecht (entre rue du Pommier et rue Vlasendael) ... Read More\" \/>\n<meta property=\"og:url\" content=\"https:\/\/www.altercampagne.net\/?p=24692\" \/>\n<meta property=\"og:site_name\" content=\"AlterTour\" \/>\n<meta property=\"article:published_time\" content=\"2022-03-16T14:44:18+00:00\" \/>\n<meta property=\"article:modified_time\" content=\"2022-03-22T14:55:34+00:00\" \/>\n<meta property=\"og:image\" content=\"https:\/\/www.altercampagne.net\/wp-content\/uploads\/2022\/03\/AT-afficheweb-scaled.jpg\" \/>\n\t<meta property=\"og:image:width\" content=\"1924\" \/>\n\t<meta property=\"og:image:height\" content=\"2560\" \/>\n\t<meta property=\"og:image:type\" content=\"image\/jpeg\" \/>\n<meta name=\"author\" content=\"Jonas\" \/>\n<meta name=\"twitter:card\" content=\"summary_large_image\" \/>\n<meta name=\"twitter:label1\" content=\"\u00c9crit par\" \/>\n\t<meta name=\"twitter:data1\" content=\"Jonas\" \/>\n\t<meta name=\"twitter:label2\" content=\"Dur\u00e9e de lecture estim\u00e9e\" \/>\n\t<meta name=\"twitter:data2\" content=\"4 minutes\" \/>\n<script type=\"application\/ld+json\" class=\"yoast-schema-graph\">{\"@context\":\"https:\\\/\\\/schema.org\",\"@graph\":[{\"@type\":\"Article\",\"@id\":\"https:\\\/\\\/www.altercampagne.net\\\/?p=24692#article\",\"isPartOf\":{\"@id\":\"https:\\\/\\\/www.altercampagne.net\\\/?p=24692\"},\"author\":{\"name\":\"Jonas\",\"@id\":\"https:\\\/\\\/www.altercampagne.net\\\/#\\\/schema\\\/person\\\/308dc295a67929d58321ff6b59820daa\"},\"headline\":\"Programme de l&rsquo;Echapp\u00e9e Belge\",\"datePublished\":\"2022-03-16T14:44:18+00:00\",\"dateModified\":\"2022-03-22T14:55:34+00:00\",\"mainEntityOfPage\":{\"@id\":\"https:\\\/\\\/www.altercampagne.net\\\/?p=24692\"},\"wordCount\":608,\"image\":{\"@id\":\"https:\\\/\\\/www.altercampagne.net\\\/?p=24692#primaryimage\"},\"thumbnailUrl\":\"https:\\\/\\\/www.altercampagne.net\\\/wp-content\\\/uploads\\\/2022\\\/03\\\/AT-afficheweb-scaled.jpg\",\"articleSection\":{\"0\":\"Alimentation\",\"1\":\"Bi\u00e8re\",\"2\":\"Edition 2022\",\"3\":\"Echapp\u00e9e Belle\",\"4\":\"Culture\",\"6\":\"Transverse\"},\"inLanguage\":\"fr-FR\"},{\"@type\":\"WebPage\",\"@id\":\"https:\\\/\\\/www.altercampagne.net\\\/?p=24692\",\"url\":\"https:\\\/\\\/www.altercampagne.net\\\/?p=24692\",\"name\":\"Programme de l'Echapp\u00e9e Belge - AlterTour\",\"isPartOf\":{\"@id\":\"https:\\\/\\\/www.altercampagne.net\\\/#website\"},\"primaryImageOfPage\":{\"@id\":\"https:\\\/\\\/www.altercampagne.net\\\/?p=24692#primaryimage\"},\"image\":{\"@id\":\"https:\\\/\\\/www.altercampagne.net\\\/?p=24692#primaryimage\"},\"thumbnailUrl\":\"https:\\\/\\\/www.altercampagne.net\\\/wp-content\\\/uploads\\\/2022\\\/03\\\/AT-afficheweb-scaled.jpg\",\"datePublished\":\"2022-03-16T14:44:18+00:00\",\"dateModified\":\"2022-03-22T14:55:34+00:00\",\"author\":{\"@id\":\"https:\\\/\\\/www.altercampagne.net\\\/#\\\/schema\\\/person\\\/308dc295a67929d58321ff6b59820daa\"},\"breadcrumb\":{\"@id\":\"https:\\\/\\\/www.altercampagne.net\\\/?p=24692#breadcrumb\"},\"inLanguage\":\"fr-FR\",\"potentialAction\":[{\"@type\":\"ReadAction\",\"target\":[\"https:\\\/\\\/www.altercampagne.net\\\/?p=24692\"]}]},{\"@type\":\"ImageObject\",\"inLanguage\":\"fr-FR\",\"@id\":\"https:\\\/\\\/www.altercampagne.net\\\/?p=24692#primaryimage\",\"url\":\"https:\\\/\\\/www.altercampagne.net\\\/wp-content\\\/uploads\\\/2022\\\/03\\\/AT-afficheweb-scaled.jpg\",\"contentUrl\":\"https:\\\/\\\/www.altercampagne.net\\\/wp-content\\\/uploads\\\/2022\\\/03\\\/AT-afficheweb-scaled.jpg\",\"width\":1924,\"height\":2560},{\"@type\":\"BreadcrumbList\",\"@id\":\"https:\\\/\\\/www.altercampagne.net\\\/?p=24692#breadcrumb\",\"itemListElement\":[{\"@type\":\"ListItem\",\"position\":1,\"name\":\"Accueil\",\"item\":\"https:\\\/\\\/www.altercampagne.net\\\/\"},{\"@type\":\"ListItem\",\"position\":2,\"name\":\"Programme de l&rsquo;Echapp\u00e9e Belge\"}]},{\"@type\":\"WebSite\",\"@id\":\"https:\\\/\\\/www.altercampagne.net\\\/#website\",\"url\":\"https:\\\/\\\/www.altercampagne.net\\\/\",\"name\":\"AlterTour\",\"description\":\"Reliez les Alternatives \u00e0 v\u00e9lo\",\"potentialAction\":[{\"@type\":\"SearchAction\",\"target\":{\"@type\":\"EntryPoint\",\"urlTemplate\":\"https:\\\/\\\/www.altercampagne.net\\\/?s={search_term_string}\"},\"query-input\":{\"@type\":\"PropertyValueSpecification\",\"valueRequired\":true,\"valueName\":\"search_term_string\"}}],\"inLanguage\":\"fr-FR\"},{\"@type\":\"Person\",\"@id\":\"https:\\\/\\\/www.altercampagne.net\\\/#\\\/schema\\\/person\\\/308dc295a67929d58321ff6b59820daa\",\"name\":\"Jonas\",\"image\":{\"@type\":\"ImageObject\",\"inLanguage\":\"fr-FR\",\"@id\":\"https:\\\/\\\/secure.gravatar.com\\\/avatar\\\/ade7b451791545d463915f445a8aee91b58c48cdcbc1ab2b8583fa2f30e159e4?s=96&d=mm&r=g\",\"url\":\"https:\\\/\\\/secure.gravatar.com\\\/avatar\\\/ade7b451791545d463915f445a8aee91b58c48cdcbc1ab2b8583fa2f30e159e4?s=96&d=mm&r=g\",\"contentUrl\":\"https:\\\/\\\/secure.gravatar.com\\\/avatar\\\/ade7b451791545d463915f445a8aee91b58c48cdcbc1ab2b8583fa2f30e159e4?s=96&d=mm&r=g\",\"caption\":\"Jonas\"},\"url\":\"https:\\\/\\\/www.altercampagne.net\\\/?author=316\"}]}<\/script>\n<!-- \/ Yoast SEO plugin. -->","yoast_head_json":{"title":"Programme de l'Echapp\u00e9e Belge - AlterTour","robots":{"index":"index","follow":"follow","max-snippet":"max-snippet:-1","max-image-preview":"max-image-preview:large","max-video-preview":"max-video-preview:-1"},"canonical":"https:\/\/www.altercampagne.net\/?p=24692","og_locale":"fr_FR","og_type":"article","og_title":"Programme de l'Echapp\u00e9e Belge - AlterTour","og_description":"Ce programme provisoire est susceptible de modifications (b\u00e9nignes). Attention de bien lire les informations pratiques en bas de page. &#8212;Les inscriptions et le paiement se font uniquementvia cette page HelloAsso. https:\/\/www.helloasso.com\/associations\/altercampagne\/evenements\/echappee-belle-belge&#8212; Mercredi 25 mai, \u00e0 partir de 17h RadiskaleRue de Neerpede, 1070 Anderlecht (entre rue du Pommier et rue Vlasendael) ... Read More","og_url":"https:\/\/www.altercampagne.net\/?p=24692","og_site_name":"AlterTour","article_published_time":"2022-03-16T14:44:18+00:00","article_modified_time":"2022-03-22T14:55:34+00:00","og_image":[{"width":1924,"height":2560,"url":"https:\/\/www.altercampagne.net\/wp-content\/uploads\/2022\/03\/AT-afficheweb-scaled.jpg","type":"image\/jpeg"}],"author":"Jonas","twitter_card":"summary_large_image","twitter_misc":{"\u00c9crit par":"Jonas","Dur\u00e9e de lecture estim\u00e9e":"4 minutes"},"schema":{"@context":"https:\/\/schema.org","@graph":[{"@type":"Article","@id":"https:\/\/www.altercampagne.net\/?p=24692#article","isPartOf":{"@id":"https:\/\/www.altercampagne.net\/?p=24692"},"author":{"name":"Jonas","@id":"https:\/\/www.altercampagne.net\/#\/schema\/person\/308dc295a67929d58321ff6b59820daa"},"headline":"Programme de l&rsquo;Echapp\u00e9e Belge","datePublished":"2022-03-16T14:44:18+00:00","dateModified":"2022-03-22T14:55:34+00:00","mainEntityOfPage":{"@id":"https:\/\/www.altercampagne.net\/?p=24692"},"wordCount":608,"image":{"@id":"https:\/\/www.altercampagne.net\/?p=24692#primaryimage"},"thumbnailUrl":"https:\/\/www.altercampagne.net\/wp-content\/uploads\/2022\/03\/AT-afficheweb-scaled.jpg","articleSection":{"0":"Alimentation","1":"Bi\u00e8re","2":"Edition 2022","3":"Echapp\u00e9e Belle","4":"Culture","6":"Transverse"},"inLanguage":"fr-FR"},{"@type":"WebPage","@id":"https:\/\/www.altercampagne.net\/?p=24692","url":"https:\/\/www.altercampagne.net\/?p=24692","name":"Programme de l'Echapp\u00e9e Belge - AlterTour","isPartOf":{"@id":"https:\/\/www.altercampagne.net\/#website"},"primaryImageOfPage":{"@id":"https:\/\/www.altercampagne.net\/?p=24692#primaryimage"},"image":{"@id":"https:\/\/www.altercampagne.net\/?p=24692#primaryimage"},"thumbnailUrl":"https:\/\/www.altercampagne.net\/wp-content\/uploads\/2022\/03\/AT-afficheweb-scaled.jpg","datePublished":"2022-03-16T14:44:18+00:00","dateModified":"2022-03-22T14:55:34+00:00","author":{"@id":"https:\/\/www.altercampagne.net\/#\/schema\/person\/308dc295a67929d58321ff6b59820daa"},"breadcrumb":{"@id":"https:\/\/www.altercampagne.net\/?p=24692#breadcrumb"},"inLanguage":"fr-FR","potentialAction":[{"@type":"ReadAction","target":["https:\/\/www.altercampagne.net\/?p=24692"]}]},{"@type":"ImageObject","inLanguage":"fr-FR","@id":"https:\/\/www.altercampagne.net\/?p=24692#primaryimage","url":"https:\/\/www.altercampagne.net\/wp-content\/uploads\/2022\/03\/AT-afficheweb-scaled.jpg","contentUrl":"https:\/\/www.altercampagne.net\/wp-content\/uploads\/2022\/03\/AT-afficheweb-scaled.jpg","width":1924,"height":2560},{"@type":"BreadcrumbList","@id":"https:\/\/www.altercampagne.net\/?p=24692#breadcrumb","itemListElement":[{"@type":"ListItem","position":1,"name":"Accueil","item":"https:\/\/www.altercampagne.net\/"},{"@type":"ListItem","position":2,"name":"Programme de l&rsquo;Echapp\u00e9e Belge"}]},{"@type":"WebSite","@id":"https:\/\/www.altercampagne.net\/#website","url":"https:\/\/www.altercampagne.net\/","name":"AlterTour","description":"Reliez les Alternatives \u00e0 v\u00e9lo","potentialAction":[{"@type":"SearchAction","target":{"@type":"EntryPoint","urlTemplate":"https:\/\/www.altercampagne.net\/?s={search_term_string}"},"query-input":{"@type":"PropertyValueSpecification","valueRequired":true,"valueName":"search_term_string"}}],"inLanguage":"fr-FR"},{"@type":"Person","@id":"https:\/\/www.altercampagne.net\/#\/schema\/person\/308dc295a67929d58321ff6b59820daa","name":"Jonas","image":{"@type":"ImageObject","inLanguage":"fr-FR","@id":"https:\/\/secure.gravatar.com\/avatar\/ade7b451791545d463915f445a8aee91b58c48cdcbc1ab2b8583fa2f30e159e4?s=96&d=mm&r=g","url":"https:\/\/secure.gravatar.com\/avatar\/ade7b451791545d463915f445a8aee91b58c48cdcbc1ab2b8583fa2f30e159e4?s=96&d=mm&r=g","contentUrl":"https:\/\/secure.gravatar.com\/avatar\/ade7b451791545d463915f445a8aee91b58c48cdcbc1ab2b8583fa2f30e159e4?s=96&d=mm&r=g","caption":"Jonas"},"url":"https:\/\/www.altercampagne.net\/?author=316"}]}},"_links":{"self":[{"href":"https:\/\/www.altercampagne.net\/index.php?rest_route=\/wp\/v2\/posts\/24692","targetHints":{"allow":["GET"]}}],"collection":[{"href":"https:\/\/www.altercampagne.net\/index.php?rest_route=\/wp\/v2\/posts"}],"about":[{"href":"https:\/\/www.altercampagne.net\/index.php?rest_route=\/wp\/v2\/types\/post"}],"author":[{"embeddable":true,"href":"https:\/\/www.altercampagne.net\/index.php?rest_route=\/wp\/v2\/users\/316"}],"replies":[{"embeddable":true,"href":"https:\/\/www.altercampagne.net\/index.php?rest_route=%2Fwp%2Fv2%2Fcomments&post=24692"}],"version-history":[{"count":3,"href":"https:\/\/www.altercampagne.net\/index.php?rest_route=\/wp\/v2\/posts\/24692\/revisions"}],"predecessor-version":[{"id":24770,"href":"https:\/\/www.altercampagne.net\/index.php?rest_route=\/wp\/v2\/posts\/24692\/revisions\/24770"}],"wp:featuredmedia":[{"embeddable":true,"href":"https:\/\/www.altercampagne.net\/index.php?rest_route=\/wp\/v2\/media\/24690"}],"wp:attachment":[{"href":"https:\/\/www.altercampagne.net\/index.php?rest_route=%2Fwp%2Fv2%2Fmedia&parent=24692"}],"wp:term":[{"taxonomy":"category","embeddable":true,"href":"https:\/\/www.altercampagne.net\/index.php?rest_route=%2Fwp%2Fv2%2Fcategories&post=24692"},{"taxonomy":"post_tag","embeddable":true,"href":"https:\/\/www.altercampagne.net\/index.php?rest_route=%2Fwp%2Fv2%2Ftags&post=24692"}],"curies":[{"name":"wp","href":"https:\/\/api.w.org\/{rel}","templated":true}]}}