{"id":24746,"date":"2022-03-23T11:11:27","date_gmt":"2022-03-23T10:11:27","guid":{"rendered":"https:\/\/www.altercampagne.net\/?p=24746"},"modified":"2022-03-23T11:11:29","modified_gmt":"2022-03-23T10:11:29","slug":"bieretour-2022-les-inscriptions-sont-ouvertes","status":"publish","type":"post","link":"https:\/\/www.altercampagne.net\/?p=24746","title":{"rendered":"&#x1f37a; Bi\u00e8reTour 2022 &#8211; les inscriptions sont ouvertes ! &#x1f37a;"},"content":{"rendered":"\n<h3 class=\"has-text-align-center wp-block-heading\">V\u00e9lo \/\/ Houblon \/\/ Dodo<\/h3>\n\n\n\n<p class=\"has-text-align-center\"><strong>Il \u00e9tait temps, nous l&rsquo;attendions, et voil\u00e0 que \u00e7a devient palpable !<\/strong><\/p>\n\n\n\n<p class=\"has-text-align-center\">Bon, si vraiment Sucellos, divinit\u00e9 gallo-celtique de la boisson ferment\u00e9e, n&rsquo;est d\u00e9cid\u00e9ment pas satisfaite de notre parcours, alors nous abdiquerons et &#8230; oh non ne pensons pas \u00e0 \u00e7a !<\/p>\n\n\n\n<p class=\"has-text-align-center\"><strong>En 2022 on roule !!<\/strong><br><strong>Et les inscriptions viennent tout juste d&rsquo;ouvrir<\/strong> &#x1f389;<\/p>\n\n\n\n<p class=\"has-text-align-center\">Alors ne tarde pas et rends toi sur <strong><a href=\"https:\/\/www.bieretour.net\" target=\"_blank\" rel=\"noreferrer noopener\">bi\u00e8retour.net<\/a><\/strong> pour venir p\u00e9daler avec nous au printemps, promis on va se mettre bien, avec quelques surprises \u00e0 la clef ! <\/p>\n\n\n\n<h6 class=\"has-text-align-center wp-block-heading\">PETIT RAPPEL DU PARCOURS<\/h6>\n\n\n\n<figure class=\"wp-block-image size-large\"><a href=\"https:\/\/www.altercampagne.net\/wp-content\/uploads\/2022\/02\/BT22_Visuel_parcours_fond_blanc.png\"><img loading=\"lazy\" decoding=\"async\" width=\"724\" height=\"1024\" src=\"https:\/\/www.altercampagne.net\/wp-content\/uploads\/2022\/02\/BT22_Visuel_parcours_fond_blanc-724x1024.png\" alt=\"\" class=\"wp-image-24543\" srcset=\"https:\/\/www.altercampagne.net\/wp-content\/uploads\/2022\/02\/BT22_Visuel_parcours_fond_blanc-724x1024.png 724w, https:\/\/www.altercampagne.net\/wp-content\/uploads\/2022\/02\/BT22_Visuel_parcours_fond_blanc-212x300.png 212w, https:\/\/www.altercampagne.net\/wp-content\/uploads\/2022\/02\/BT22_Visuel_parcours_fond_blanc-768x1086.png 768w, https:\/\/www.altercampagne.net\/wp-content\/uploads\/2022\/02\/BT22_Visuel_parcours_fond_blanc-1086x1536.png 1086w, https:\/\/www.altercampagne.net\/wp-content\/uploads\/2022\/02\/BT22_Visuel_parcours_fond_blanc-1448x2048.png 1448w, https:\/\/www.altercampagne.net\/wp-content\/uploads\/2022\/02\/BT22_Visuel_parcours_fond_blanc-610x863.png 610w, https:\/\/www.altercampagne.net\/wp-content\/uploads\/2022\/02\/BT22_Visuel_parcours_fond_blanc-100x141.png 100w, https:\/\/www.altercampagne.net\/wp-content\/uploads\/2022\/02\/BT22_Visuel_parcours_fond_blanc-862x1219.png 862w, https:\/\/www.altercampagne.net\/wp-content\/uploads\/2022\/02\/BT22_Visuel_parcours_fond_blanc-1140x1612.png 1140w\" sizes=\"auto, (max-width: 724px) 100vw, 724px\" \/><\/a><\/figure>\n\n\n\n<p>>> infos et inscriptions <a href=\"https:\/\/www.bieretour.net\" target=\"_blank\" rel=\"noreferrer noopener\"><strong>bi\u00e8retour.net<\/strong><\/a><br>( &#8230; le programme est susceptible d&rsquo;\u00e9voluer en fonction d&rsquo;al\u00e9as que les accueillant-es peuvent subir &#8230; )<br><\/p>\n","protected":false},"excerpt":{"rendered":"<p>V\u00e9lo \/\/ Houblon \/\/ Dodo<\/p>\n","protected":false},"author":215,"featured_media":24759,"comment_status":"closed","ping_status":"closed","sticky":false,"template":"","format":"standard","meta":{"footnotes":""},"categories":[3471,3483,3495,3574,4037,4357],"tags":[],"class_list":["post-24746","post","type-post","status-publish","format-standard","has-post-thumbnail","hentry","category-auvergne-rhone-alpes","category-agriculture","category-bourgogne-franche-comte","category-bieretour","category-biere","category-edition-2022"],"yoast_head":"<!-- This site is optimized with the Yoast SEO plugin v27.3 - https:\/\/yoast.com\/product\/yoast-seo-wordpress\/ -->\n<title>&#x1f37a; Bi\u00e8reTour 2022 - les inscriptions sont ouvertes ! &#x1f37a; - AlterTour<\/title>\n<meta name=\"robots\" content=\"index, follow, max-snippet:-1, max-image-preview:large, max-video-preview:-1\" \/>\n<link rel=\"canonical\" href=\"https:\/\/www.altercampagne.net\/?p=24746\" \/>\n<meta property=\"og:locale\" content=\"fr_FR\" \/>\n<meta property=\"og:type\" content=\"article\" \/>\n<meta property=\"og:title\" content=\"&#x1f37a; Bi\u00e8reTour 2022 - les inscriptions sont ouvertes ! &#x1f37a; - AlterTour\" \/>\n<meta property=\"og:description\" content=\"V\u00e9lo \/\/ Houblon \/\/ Dodo\" \/>\n<meta property=\"og:url\" content=\"https:\/\/www.altercampagne.net\/?p=24746\" \/>\n<meta property=\"og:site_name\" content=\"AlterTour\" \/>\n<meta property=\"article:published_time\" content=\"2022-03-23T10:11:27+00:00\" \/>\n<meta property=\"article:modified_time\" content=\"2022-03-23T10:11:29+00:00\" \/>\n<meta property=\"og:image\" content=\"https:\/\/www.altercampagne.net\/wp-content\/uploads\/2022\/03\/BT22_Visuel_article_inscriptions_V4.png\" \/>\n\t<meta property=\"og:image:width\" content=\"1000\" \/>\n\t<meta property=\"og:image:height\" content=\"333\" \/>\n\t<meta property=\"og:image:type\" content=\"image\/png\" \/>\n<meta name=\"author\" content=\"AlterTour\" \/>\n<meta name=\"twitter:card\" content=\"summary_large_image\" \/>\n<meta name=\"twitter:label1\" content=\"\u00c9crit par\" \/>\n\t<meta name=\"twitter:data1\" content=\"AlterTour\" \/>\n\t<meta name=\"twitter:label2\" content=\"Dur\u00e9e de lecture estim\u00e9e\" \/>\n\t<meta name=\"twitter:data2\" content=\"1 minute\" \/>\n<script type=\"application\/ld+json\" class=\"yoast-schema-graph\">{\"@context\":\"https:\\\/\\\/schema.org\",\"@graph\":[{\"@type\":\"Article\",\"@id\":\"https:\\\/\\\/www.altercampagne.net\\\/?p=24746#article\",\"isPartOf\":{\"@id\":\"https:\\\/\\\/www.altercampagne.net\\\/?p=24746\"},\"author\":{\"name\":\"AlterTour\",\"@id\":\"https:\\\/\\\/www.altercampagne.net\\\/#\\\/schema\\\/person\\\/e5b68c803196f649c2152249d262d94a\"},\"headline\":\"&#x1f37a; Bi\u00e8reTour 2022 &#8211; les inscriptions sont ouvertes ! &#x1f37a;\",\"datePublished\":\"2022-03-23T10:11:27+00:00\",\"dateModified\":\"2022-03-23T10:11:29+00:00\",\"mainEntityOfPage\":{\"@id\":\"https:\\\/\\\/www.altercampagne.net\\\/?p=24746\"},\"wordCount\":129,\"image\":{\"@id\":\"https:\\\/\\\/www.altercampagne.net\\\/?p=24746#primaryimage\"},\"thumbnailUrl\":\"https:\\\/\\\/www.altercampagne.net\\\/wp-content\\\/uploads\\\/2022\\\/03\\\/BT22_Visuel_article_inscriptions_V4.png\",\"articleSection\":[\"Auvergne-Rh\u00f4ne-Alpes\",\"Agriculture\",\"Bourgogne-Franche-Comt\u00e9\",\"Bi\u00e8reTour\",\"Bi\u00e8re\",\"Edition 2022\"],\"inLanguage\":\"fr-FR\"},{\"@type\":\"WebPage\",\"@id\":\"https:\\\/\\\/www.altercampagne.net\\\/?p=24746\",\"url\":\"https:\\\/\\\/www.altercampagne.net\\\/?p=24746\",\"name\":\"&#x1f37a; Bi\u00e8reTour 2022 - les inscriptions sont ouvertes ! &#x1f37a; - AlterTour\",\"isPartOf\":{\"@id\":\"https:\\\/\\\/www.altercampagne.net\\\/#website\"},\"primaryImageOfPage\":{\"@id\":\"https:\\\/\\\/www.altercampagne.net\\\/?p=24746#primaryimage\"},\"image\":{\"@id\":\"https:\\\/\\\/www.altercampagne.net\\\/?p=24746#primaryimage\"},\"thumbnailUrl\":\"https:\\\/\\\/www.altercampagne.net\\\/wp-content\\\/uploads\\\/2022\\\/03\\\/BT22_Visuel_article_inscriptions_V4.png\",\"datePublished\":\"2022-03-23T10:11:27+00:00\",\"dateModified\":\"2022-03-23T10:11:29+00:00\",\"author\":{\"@id\":\"https:\\\/\\\/www.altercampagne.net\\\/#\\\/schema\\\/person\\\/e5b68c803196f649c2152249d262d94a\"},\"breadcrumb\":{\"@id\":\"https:\\\/\\\/www.altercampagne.net\\\/?p=24746#breadcrumb\"},\"inLanguage\":\"fr-FR\",\"potentialAction\":[{\"@type\":\"ReadAction\",\"target\":[\"https:\\\/\\\/www.altercampagne.net\\\/?p=24746\"]}]},{\"@type\":\"ImageObject\",\"inLanguage\":\"fr-FR\",\"@id\":\"https:\\\/\\\/www.altercampagne.net\\\/?p=24746#primaryimage\",\"url\":\"https:\\\/\\\/www.altercampagne.net\\\/wp-content\\\/uploads\\\/2022\\\/03\\\/BT22_Visuel_article_inscriptions_V4.png\",\"contentUrl\":\"https:\\\/\\\/www.altercampagne.net\\\/wp-content\\\/uploads\\\/2022\\\/03\\\/BT22_Visuel_article_inscriptions_V4.png\",\"width\":1000,\"height\":333},{\"@type\":\"BreadcrumbList\",\"@id\":\"https:\\\/\\\/www.altercampagne.net\\\/?p=24746#breadcrumb\",\"itemListElement\":[{\"@type\":\"ListItem\",\"position\":1,\"name\":\"Accueil\",\"item\":\"https:\\\/\\\/www.altercampagne.net\\\/\"},{\"@type\":\"ListItem\",\"position\":2,\"name\":\"&#x1f37a; Bi\u00e8reTour 2022 &#8211; les inscriptions sont ouvertes ! &#x1f37a;\"}]},{\"@type\":\"WebSite\",\"@id\":\"https:\\\/\\\/www.altercampagne.net\\\/#website\",\"url\":\"https:\\\/\\\/www.altercampagne.net\\\/\",\"name\":\"AlterTour\",\"description\":\"Reliez les Alternatives \u00e0 v\u00e9lo\",\"potentialAction\":[{\"@type\":\"SearchAction\",\"target\":{\"@type\":\"EntryPoint\",\"urlTemplate\":\"https:\\\/\\\/www.altercampagne.net\\\/?s={search_term_string}\"},\"query-input\":{\"@type\":\"PropertyValueSpecification\",\"valueRequired\":true,\"valueName\":\"search_term_string\"}}],\"inLanguage\":\"fr-FR\"},{\"@type\":\"Person\",\"@id\":\"https:\\\/\\\/www.altercampagne.net\\\/#\\\/schema\\\/person\\\/e5b68c803196f649c2152249d262d94a\",\"name\":\"AlterTour\",\"image\":{\"@type\":\"ImageObject\",\"inLanguage\":\"fr-FR\",\"@id\":\"https:\\\/\\\/secure.gravatar.com\\\/avatar\\\/3f2ed77f8506b8ea264ad5938bb0114bfa10f35b64086a66dfbb6e9f58ad9693?s=96&d=mm&r=g\",\"url\":\"https:\\\/\\\/secure.gravatar.com\\\/avatar\\\/3f2ed77f8506b8ea264ad5938bb0114bfa10f35b64086a66dfbb6e9f58ad9693?s=96&d=mm&r=g\",\"contentUrl\":\"https:\\\/\\\/secure.gravatar.com\\\/avatar\\\/3f2ed77f8506b8ea264ad5938bb0114bfa10f35b64086a66dfbb6e9f58ad9693?s=96&d=mm&r=g\",\"caption\":\"AlterTour\"},\"url\":\"https:\\\/\\\/www.altercampagne.net\\\/?author=215\"}]}<\/script>\n<!-- \/ Yoast SEO plugin. -->","yoast_head_json":{"title":"&#x1f37a; Bi\u00e8reTour 2022 - les inscriptions sont ouvertes ! &#x1f37a; - AlterTour","robots":{"index":"index","follow":"follow","max-snippet":"max-snippet:-1","max-image-preview":"max-image-preview:large","max-video-preview":"max-video-preview:-1"},"canonical":"https:\/\/www.altercampagne.net\/?p=24746","og_locale":"fr_FR","og_type":"article","og_title":"&#x1f37a; Bi\u00e8reTour 2022 - les inscriptions sont ouvertes ! &#x1f37a; - AlterTour","og_description":"V\u00e9lo \/\/ Houblon \/\/ Dodo","og_url":"https:\/\/www.altercampagne.net\/?p=24746","og_site_name":"AlterTour","article_published_time":"2022-03-23T10:11:27+00:00","article_modified_time":"2022-03-23T10:11:29+00:00","og_image":[{"width":1000,"height":333,"url":"https:\/\/www.altercampagne.net\/wp-content\/uploads\/2022\/03\/BT22_Visuel_article_inscriptions_V4.png","type":"image\/png"}],"author":"AlterTour","twitter_card":"summary_large_image","twitter_misc":{"\u00c9crit par":"AlterTour","Dur\u00e9e de lecture estim\u00e9e":"1 minute"},"schema":{"@context":"https:\/\/schema.org","@graph":[{"@type":"Article","@id":"https:\/\/www.altercampagne.net\/?p=24746#article","isPartOf":{"@id":"https:\/\/www.altercampagne.net\/?p=24746"},"author":{"name":"AlterTour","@id":"https:\/\/www.altercampagne.net\/#\/schema\/person\/e5b68c803196f649c2152249d262d94a"},"headline":"&#x1f37a; Bi\u00e8reTour 2022 &#8211; les inscriptions sont ouvertes ! &#x1f37a;","datePublished":"2022-03-23T10:11:27+00:00","dateModified":"2022-03-23T10:11:29+00:00","mainEntityOfPage":{"@id":"https:\/\/www.altercampagne.net\/?p=24746"},"wordCount":129,"image":{"@id":"https:\/\/www.altercampagne.net\/?p=24746#primaryimage"},"thumbnailUrl":"https:\/\/www.altercampagne.net\/wp-content\/uploads\/2022\/03\/BT22_Visuel_article_inscriptions_V4.png","articleSection":["Auvergne-Rh\u00f4ne-Alpes","Agriculture","Bourgogne-Franche-Comt\u00e9","Bi\u00e8reTour","Bi\u00e8re","Edition 2022"],"inLanguage":"fr-FR"},{"@type":"WebPage","@id":"https:\/\/www.altercampagne.net\/?p=24746","url":"https:\/\/www.altercampagne.net\/?p=24746","name":"&#x1f37a; Bi\u00e8reTour 2022 - les inscriptions sont ouvertes ! &#x1f37a; - AlterTour","isPartOf":{"@id":"https:\/\/www.altercampagne.net\/#website"},"primaryImageOfPage":{"@id":"https:\/\/www.altercampagne.net\/?p=24746#primaryimage"},"image":{"@id":"https:\/\/www.altercampagne.net\/?p=24746#primaryimage"},"thumbnailUrl":"https:\/\/www.altercampagne.net\/wp-content\/uploads\/2022\/03\/BT22_Visuel_article_inscriptions_V4.png","datePublished":"2022-03-23T10:11:27+00:00","dateModified":"2022-03-23T10:11:29+00:00","author":{"@id":"https:\/\/www.altercampagne.net\/#\/schema\/person\/e5b68c803196f649c2152249d262d94a"},"breadcrumb":{"@id":"https:\/\/www.altercampagne.net\/?p=24746#breadcrumb"},"inLanguage":"fr-FR","potentialAction":[{"@type":"ReadAction","target":["https:\/\/www.altercampagne.net\/?p=24746"]}]},{"@type":"ImageObject","inLanguage":"fr-FR","@id":"https:\/\/www.altercampagne.net\/?p=24746#primaryimage","url":"https:\/\/www.altercampagne.net\/wp-content\/uploads\/2022\/03\/BT22_Visuel_article_inscriptions_V4.png","contentUrl":"https:\/\/www.altercampagne.net\/wp-content\/uploads\/2022\/03\/BT22_Visuel_article_inscriptions_V4.png","width":1000,"height":333},{"@type":"BreadcrumbList","@id":"https:\/\/www.altercampagne.net\/?p=24746#breadcrumb","itemListElement":[{"@type":"ListItem","position":1,"name":"Accueil","item":"https:\/\/www.altercampagne.net\/"},{"@type":"ListItem","position":2,"name":"&#x1f37a; Bi\u00e8reTour 2022 &#8211; les inscriptions sont ouvertes ! &#x1f37a;"}]},{"@type":"WebSite","@id":"https:\/\/www.altercampagne.net\/#website","url":"https:\/\/www.altercampagne.net\/","name":"AlterTour","description":"Reliez les Alternatives \u00e0 v\u00e9lo","potentialAction":[{"@type":"SearchAction","target":{"@type":"EntryPoint","urlTemplate":"https:\/\/www.altercampagne.net\/?s={search_term_string}"},"query-input":{"@type":"PropertyValueSpecification","valueRequired":true,"valueName":"search_term_string"}}],"inLanguage":"fr-FR"},{"@type":"Person","@id":"https:\/\/www.altercampagne.net\/#\/schema\/person\/e5b68c803196f649c2152249d262d94a","name":"AlterTour","image":{"@type":"ImageObject","inLanguage":"fr-FR","@id":"https:\/\/secure.gravatar.com\/avatar\/3f2ed77f8506b8ea264ad5938bb0114bfa10f35b64086a66dfbb6e9f58ad9693?s=96&d=mm&r=g","url":"https:\/\/secure.gravatar.com\/avatar\/3f2ed77f8506b8ea264ad5938bb0114bfa10f35b64086a66dfbb6e9f58ad9693?s=96&d=mm&r=g","contentUrl":"https:\/\/secure.gravatar.com\/avatar\/3f2ed77f8506b8ea264ad5938bb0114bfa10f35b64086a66dfbb6e9f58ad9693?s=96&d=mm&r=g","caption":"AlterTour"},"url":"https:\/\/www.altercampagne.net\/?author=215"}]}},"_links":{"self":[{"href":"https:\/\/www.altercampagne.net\/index.php?rest_route=\/wp\/v2\/posts\/24746","targetHints":{"allow":["GET"]}}],"collection":[{"href":"https:\/\/www.altercampagne.net\/index.php?rest_route=\/wp\/v2\/posts"}],"about":[{"href":"https:\/\/www.altercampagne.net\/index.php?rest_route=\/wp\/v2\/types\/post"}],"author":[{"embeddable":true,"href":"https:\/\/www.altercampagne.net\/index.php?rest_route=\/wp\/v2\/users\/215"}],"replies":[{"embeddable":true,"href":"https:\/\/www.altercampagne.net\/index.php?rest_route=%2Fwp%2Fv2%2Fcomments&post=24746"}],"version-history":[{"count":20,"href":"https:\/\/www.altercampagne.net\/index.php?rest_route=\/wp\/v2\/posts\/24746\/revisions"}],"predecessor-version":[{"id":24793,"href":"https:\/\/www.altercampagne.net\/index.php?rest_route=\/wp\/v2\/posts\/24746\/revisions\/24793"}],"wp:featuredmedia":[{"embeddable":true,"href":"https:\/\/www.altercampagne.net\/index.php?rest_route=\/wp\/v2\/media\/24759"}],"wp:attachment":[{"href":"https:\/\/www.altercampagne.net\/index.php?rest_route=%2Fwp%2Fv2%2Fmedia&parent=24746"}],"wp:term":[{"taxonomy":"category","embeddable":true,"href":"https:\/\/www.altercampagne.net\/index.php?rest_route=%2Fwp%2Fv2%2Fcategories&post=24746"},{"taxonomy":"post_tag","embeddable":true,"href":"https:\/\/www.altercampagne.net\/index.php?rest_route=%2Fwp%2Fv2%2Ftags&post=24746"}],"curies":[{"name":"wp","href":"https:\/\/api.w.org\/{rel}","templated":true}]}}