{"id":2476,"date":"2015-10-26T09:58:16","date_gmt":"2015-10-26T08:58:16","guid":{"rendered":"http:\/\/www.altercampagne.net\/?p=2476"},"modified":"2020-02-24T17:22:56","modified_gmt":"2020-02-24T16:22:56","slug":"3eme-reunion-de-preparation-de-laltertour-2016-et-ag-daltercampagne","status":"publish","type":"post","link":"https:\/\/www.altercampagne.net\/?p=2476","title":{"rendered":"R\u00e9union de pr\u00e9paration de l&rsquo;AlterTour et AG d&rsquo;Altercampagne, les 14 et 15 novembre 2015 \u00e0 la Conf\u00e9d\u00e9ration Paysanne (Bagnolet)"},"content":{"rendered":"<p><a href=\"http:\/\/www.altercampagne.net\/wp-content\/uploads\/2015\/08\/2015-07-22_10.05.jpg\"><img loading=\"lazy\" decoding=\"async\" class=\" wp-image-1987 size-full aligncenter\" src=\"http:\/\/www.altercampagne.net\/wp-content\/uploads\/2015\/08\/2015-07-22_10.05.jpg\" alt=\"\" width=\"900\" height=\"310\" srcset=\"https:\/\/www.altercampagne.net\/wp-content\/uploads\/2015\/08\/2015-07-22_10.05.jpg 900w, https:\/\/www.altercampagne.net\/wp-content\/uploads\/2015\/08\/2015-07-22_10.05-300x103.jpg 300w\" sizes=\"auto, (max-width: 900px) 100vw, 900px\" \/><\/a><br \/>\nLieu : Conf\u00e9d\u00e9ration paysanne : 104 rue Robespierre &#8211; 93170 Bagnolet<\/p>\n<p><b>Samedi matin<\/b><br \/>\n09h00 &#8211; 09h30 : Petit D\u00e9jeuner<br \/>\n09h30 &#8211; 10h00 : R\u00e9partition des r\u00f4les et d\u00e9roul\u00e9 de l\u2019ordre du week-end<br \/>\n10h00 &#8211; 10h30 : &nbsp;Pr\u00e9sentation des actions de l\u2019AT pr\u00e9vue lors de la COP 21<br \/>\n10h30 &#8211; 12h30 : Th\u00e8me 2016 objectif : choisir le th\u00e8me 2016<br \/>\nPr\u00e9sentation des groupes de r\u00e9flexion<br \/>\nVote rapide \u00e0 main lev\u00e9e pour avoir un aper\u00e7u des points de vue<br \/>\npause<br \/>\nD\u00e9bat-p\u00e9tale : \u00e9change et prise de d\u00e9cision<\/p>\n<p>12h30 d\u00e9jeuner avec signature des photos<\/p>\n<p><b>Samedi apr\u00e8s-midi<\/b><br \/>\n14h15 &#8211; 15h00 : Bilan groupe com 2015 plus recherche de motiv\u00e9s pour com 2016<br \/>\nObjectif: d\u00e9terminer une \u00e9quipe \u00e0 \u00e9largir pour la com 2016 et d\u00e9finir un \u00e9ch\u00e9ancier pour la r\u00e9daction du recueil, sa couverture et l\u2019affiche de l\u2019AT 2016<br \/>\n15h00 &#8211; 18h00 : Assembl\u00e9e g\u00e9n\u00e9rale<\/p>\n<ul>\n<li>15h00-16h15 Bilan Moral : rapport d\u2019activit\u00e9, bilan des accueillants, bilan des Mini-AlterTour<\/li>\n<li>Pause<\/li>\n<li>16h30 &#8211; 17h30 Bilan Financier<\/li>\n<li>17h30 &#8211; 18h00 D\u00e9signation du coll\u00e8ge solidaire et du tr\u00e9sorier<\/li>\n<\/ul>\n<p><b>Dimanche : journ\u00e9e continue<\/b><br \/>\n09h00 &#8211; 09h30 : Petit D\u00e9jeuner<br \/>\n09h30 &#8211; 10h40 : Point Parcours<br \/>\nPoint sur le d\u00e9frichage (Mathieu) &#8211; 15 min<br \/>\nObjectif: avoir une vue g\u00e9n\u00e9rale de ce qui \u00e0 d\u00e9j\u00e0 \u00e9t\u00e9 fait<br \/>\nD\u00e9finir la notion d\u2019incontournable &#8211; 15 min<br \/>\nQu\u2019est-ce qu\u2019un incontournable ?<br \/>\nRessenti, par rapport au th\u00e8me, en recherchant la diversit\u00e9 des sujets abord\u00e9s<br \/>\nObjectif: chaque responsable de zone d\u00e9signe des incontournables afin d\u2019\u00eatre en mesure de d\u00e9cider en d\u00e9cembre d\u2019une premi\u00e8re proposition de parcours.<br \/>\nRelancer la dynamique de d\u00e9frichage sur les zones vides 15 min<br \/>\nOBJECTIF: d\u00e9signer des personnes qui s\u2019occupent des zones vides afin de consid\u00e9rer le d\u00e9frichage finit pour la pl\u00e9ni\u00e8re de d\u00e9cembre<br \/>\nPoint sur le r\u00f4le de l\u2019accueillant &#8211; 15 &nbsp;min<br \/>\nProposition de mail de contact pour les alternatives: a valider 10 minutes<br \/>\n10h40 &#8211; 11h30 : Moyens de financement (Yome)<br \/>\nObjectif: d\u00e9finir des propositions trouver des moyens de financement pour &nbsp;AlterCampagne<\/p>\n<p>11h30 &#8211; 12h00 : Pause Casse-cro\u00fbte rapide<\/p>\n<p>12h00 &#8211; 12h20 : Pr\u00e9paration de la prochaine pl\u00e9ni\u00e8re<br \/>\nobjectif d\u00e9signer un bin\u00f4me de pr\u00e9parateurs et trouver des id\u00e9es de lieux<br \/>\n12h20 &#8211; 14h30 : &nbsp;R\u00e9flexions sur les mini-AT<br \/>\nTravail en petits groupes sur les diff\u00e9rentes formes de mini AlterTours<\/p>\n<ul>\n<li>Mini-AlterTour p\u00e9dagogique<\/li>\n<li>Mini-AlterTour type AlterDro<\/li>\n<li>Mini-AlterTour type AlterTour d\u2019\u00e9t\u00e9<\/li>\n<\/ul>\n<p>Les 3 groupes r\u00e9fl\u00e9chissent sur les questions : qui ? pourquoi ? quand ? comment ?<br \/>\nRestitutions<br \/>\n14h30 &#8211; 15h00 : R\u00e9flexion sur les 10 ans : cri\u00e9e et explication \/ proposition d\u2019animation pour la pl\u00e9ni\u00e8re de d\u00e9cembre<br \/>\nobjectif: pr\u00e9sentation par Baptiste d\u2019une m\u00e9thode d\u2019\u00e9laboration de projet \u00e0 valider par le groupe.<br \/>\n15h00 &#8211; 17h00 : Repas \/ Bilan pl\u00e9ni\u00e8re \/ rangement \/ Good bye<\/p>\n","protected":false},"excerpt":{"rendered":"<p>Lieu : Conf\u00e9d\u00e9ration paysanne : 104 rue Robespierre &#8211; 93170 Bagnolet Samedi matin 09h00 &#8211; 09h30 : Petit D\u00e9jeuner 09h30 &#8211; 10h00 : R\u00e9partition des r\u00f4les et d\u00e9roul\u00e9 de l\u2019ordre du week-end 10h00 &#8211; 10h30 : &nbsp;Pr\u00e9sentation des actions de l\u2019AT pr\u00e9vue lors de la COP 21 10h30 &#8211; 12h30 &#8230; <\/p>\n<div><a href=\"https:\/\/www.altercampagne.net\/?p=2476\" class=\"more-link\">Read More<\/a><\/div>\n","protected":false},"author":214,"featured_media":0,"comment_status":"closed","ping_status":"closed","sticky":false,"template":"","format":"standard","meta":{"footnotes":""},"categories":[3539],"tags":[36,48,49,192,383,434,449,450,451,476,741,1652,2723,2839,2840],"class_list":["post-2476","post","type-post","status-publish","format-standard","hentry","category-we-de-preparation","tag-college-solidaire","tag-ag","tag-bilan","tag-altertour-2015","tag-altertour-2016","tag-pleniere","tag-confederation-paysanne","tag-bilan-moral","tag-bilan-financier","tag-reunion","tag-ag-2015","tag-1652","tag-bagnolet","tag-ordre-du-jour","tag-novembre-2015","no-post-thumbnail"],"yoast_head":"<!-- This site is optimized with the Yoast SEO plugin v27.3 - https:\/\/yoast.com\/product\/yoast-seo-wordpress\/ -->\n<title>R\u00e9union de pr\u00e9paration de l&#039;AlterTour et AG d&#039;Altercampagne, les 14 et 15 novembre 2015 \u00e0 la Conf\u00e9d\u00e9ration Paysanne (Bagnolet) - AlterTour<\/title>\n<meta name=\"robots\" content=\"index, follow, max-snippet:-1, max-image-preview:large, max-video-preview:-1\" \/>\n<link rel=\"canonical\" href=\"https:\/\/www.altercampagne.net\/?p=2476\" \/>\n<meta property=\"og:locale\" content=\"fr_FR\" \/>\n<meta property=\"og:type\" content=\"article\" \/>\n<meta property=\"og:title\" content=\"R\u00e9union de pr\u00e9paration de l&#039;AlterTour et AG d&#039;Altercampagne, les 14 et 15 novembre 2015 \u00e0 la Conf\u00e9d\u00e9ration Paysanne (Bagnolet) - AlterTour\" \/>\n<meta property=\"og:description\" content=\"Lieu : Conf\u00e9d\u00e9ration paysanne : 104 rue Robespierre &#8211; 93170 Bagnolet Samedi matin 09h00 &#8211; 09h30 : Petit D\u00e9jeuner 09h30 &#8211; 10h00 : R\u00e9partition des r\u00f4les et d\u00e9roul\u00e9 de l\u2019ordre du week-end 10h00 &#8211; 10h30 : &nbsp;Pr\u00e9sentation des actions de l\u2019AT pr\u00e9vue lors de la COP 21 10h30 &#8211; 12h30 ... Read More\" \/>\n<meta property=\"og:url\" content=\"https:\/\/www.altercampagne.net\/?p=2476\" \/>\n<meta property=\"og:site_name\" content=\"AlterTour\" \/>\n<meta property=\"article:published_time\" content=\"2015-10-26T08:58:16+00:00\" \/>\n<meta property=\"article:modified_time\" content=\"2020-02-24T16:22:56+00:00\" \/>\n<meta property=\"og:image\" content=\"http:\/\/www.altercampagne.net\/wp-content\/uploads\/2015\/08\/2015-07-22_10.05.jpg\" \/>\n<meta name=\"author\" content=\"Mathieu\" \/>\n<meta name=\"twitter:card\" content=\"summary_large_image\" \/>\n<meta name=\"twitter:label1\" content=\"\u00c9crit par\" \/>\n\t<meta name=\"twitter:data1\" content=\"Mathieu\" \/>\n\t<meta name=\"twitter:label2\" content=\"Dur\u00e9e de lecture estim\u00e9e\" \/>\n\t<meta name=\"twitter:data2\" content=\"2 minutes\" \/>\n<script type=\"application\/ld+json\" class=\"yoast-schema-graph\">{\"@context\":\"https:\\\/\\\/schema.org\",\"@graph\":[{\"@type\":\"Article\",\"@id\":\"https:\\\/\\\/www.altercampagne.net\\\/?p=2476#article\",\"isPartOf\":{\"@id\":\"https:\\\/\\\/www.altercampagne.net\\\/?p=2476\"},\"author\":{\"name\":\"Mathieu\",\"@id\":\"https:\\\/\\\/www.altercampagne.net\\\/#\\\/schema\\\/person\\\/0f261460c09e430caa0f9bcffa319109\"},\"headline\":\"R\u00e9union de pr\u00e9paration de l&rsquo;AlterTour et AG d&rsquo;Altercampagne, les 14 et 15 novembre 2015 \u00e0 la Conf\u00e9d\u00e9ration Paysanne (Bagnolet)\",\"datePublished\":\"2015-10-26T08:58:16+00:00\",\"dateModified\":\"2020-02-24T16:22:56+00:00\",\"mainEntityOfPage\":{\"@id\":\"https:\\\/\\\/www.altercampagne.net\\\/?p=2476\"},\"wordCount\":506,\"image\":{\"@id\":\"https:\\\/\\\/www.altercampagne.net\\\/?p=2476#primaryimage\"},\"thumbnailUrl\":\"http:\\\/\\\/www.altercampagne.net\\\/wp-content\\\/uploads\\\/2015\\\/08\\\/2015-07-22_10.05.jpg\",\"keywords\":[\"coll\u00e8ge solidaire\",\"AG\",\"bilan\",\"AlterTour 2015\",\"AlterTour 2016\",\"pl\u00e9ni\u00e8re\",\"conf\u00e9d\u00e9ration paysanne\",\"bilan moral\",\"bilan financier\",\"r\u00e9union\",\"ag 2015\",\"2016\",\"Bagnolet\",\"ordre du jour\",\"novembre 2015\"],\"articleSection\":[\"WE de pr\u00e9paration\"],\"inLanguage\":\"fr-FR\"},{\"@type\":\"WebPage\",\"@id\":\"https:\\\/\\\/www.altercampagne.net\\\/?p=2476\",\"url\":\"https:\\\/\\\/www.altercampagne.net\\\/?p=2476\",\"name\":\"R\u00e9union de pr\u00e9paration de l'AlterTour et AG d'Altercampagne, les 14 et 15 novembre 2015 \u00e0 la Conf\u00e9d\u00e9ration Paysanne (Bagnolet) - AlterTour\",\"isPartOf\":{\"@id\":\"https:\\\/\\\/www.altercampagne.net\\\/#website\"},\"primaryImageOfPage\":{\"@id\":\"https:\\\/\\\/www.altercampagne.net\\\/?p=2476#primaryimage\"},\"image\":{\"@id\":\"https:\\\/\\\/www.altercampagne.net\\\/?p=2476#primaryimage\"},\"thumbnailUrl\":\"http:\\\/\\\/www.altercampagne.net\\\/wp-content\\\/uploads\\\/2015\\\/08\\\/2015-07-22_10.05.jpg\",\"datePublished\":\"2015-10-26T08:58:16+00:00\",\"dateModified\":\"2020-02-24T16:22:56+00:00\",\"author\":{\"@id\":\"https:\\\/\\\/www.altercampagne.net\\\/#\\\/schema\\\/person\\\/0f261460c09e430caa0f9bcffa319109\"},\"breadcrumb\":{\"@id\":\"https:\\\/\\\/www.altercampagne.net\\\/?p=2476#breadcrumb\"},\"inLanguage\":\"fr-FR\",\"potentialAction\":[{\"@type\":\"ReadAction\",\"target\":[\"https:\\\/\\\/www.altercampagne.net\\\/?p=2476\"]}]},{\"@type\":\"ImageObject\",\"inLanguage\":\"fr-FR\",\"@id\":\"https:\\\/\\\/www.altercampagne.net\\\/?p=2476#primaryimage\",\"url\":\"http:\\\/\\\/www.altercampagne.net\\\/wp-content\\\/uploads\\\/2015\\\/08\\\/2015-07-22_10.05.jpg\",\"contentUrl\":\"http:\\\/\\\/www.altercampagne.net\\\/wp-content\\\/uploads\\\/2015\\\/08\\\/2015-07-22_10.05.jpg\"},{\"@type\":\"BreadcrumbList\",\"@id\":\"https:\\\/\\\/www.altercampagne.net\\\/?p=2476#breadcrumb\",\"itemListElement\":[{\"@type\":\"ListItem\",\"position\":1,\"name\":\"Accueil\",\"item\":\"https:\\\/\\\/www.altercampagne.net\\\/\"},{\"@type\":\"ListItem\",\"position\":2,\"name\":\"R\u00e9union de pr\u00e9paration de l&rsquo;AlterTour et AG d&rsquo;Altercampagne, les 14 et 15 novembre 2015 \u00e0 la Conf\u00e9d\u00e9ration Paysanne (Bagnolet)\"}]},{\"@type\":\"WebSite\",\"@id\":\"https:\\\/\\\/www.altercampagne.net\\\/#website\",\"url\":\"https:\\\/\\\/www.altercampagne.net\\\/\",\"name\":\"AlterTour\",\"description\":\"Reliez les Alternatives \u00e0 v\u00e9lo\",\"potentialAction\":[{\"@type\":\"SearchAction\",\"target\":{\"@type\":\"EntryPoint\",\"urlTemplate\":\"https:\\\/\\\/www.altercampagne.net\\\/?s={search_term_string}\"},\"query-input\":{\"@type\":\"PropertyValueSpecification\",\"valueRequired\":true,\"valueName\":\"search_term_string\"}}],\"inLanguage\":\"fr-FR\"},{\"@type\":\"Person\",\"@id\":\"https:\\\/\\\/www.altercampagne.net\\\/#\\\/schema\\\/person\\\/0f261460c09e430caa0f9bcffa319109\",\"name\":\"Mathieu\",\"image\":{\"@type\":\"ImageObject\",\"inLanguage\":\"fr-FR\",\"@id\":\"https:\\\/\\\/secure.gravatar.com\\\/avatar\\\/aa9d3d24c83f2141e5e2709d0f63d09a99f6be6bb7a50abc4915838d9f54501a?s=96&d=mm&r=g\",\"url\":\"https:\\\/\\\/secure.gravatar.com\\\/avatar\\\/aa9d3d24c83f2141e5e2709d0f63d09a99f6be6bb7a50abc4915838d9f54501a?s=96&d=mm&r=g\",\"contentUrl\":\"https:\\\/\\\/secure.gravatar.com\\\/avatar\\\/aa9d3d24c83f2141e5e2709d0f63d09a99f6be6bb7a50abc4915838d9f54501a?s=96&d=mm&r=g\",\"caption\":\"Mathieu\"},\"url\":\"https:\\\/\\\/www.altercampagne.net\\\/?author=214\"}]}<\/script>\n<!-- \/ Yoast SEO plugin. -->","yoast_head_json":{"title":"R\u00e9union de pr\u00e9paration de l'AlterTour et AG d'Altercampagne, les 14 et 15 novembre 2015 \u00e0 la Conf\u00e9d\u00e9ration Paysanne (Bagnolet) - AlterTour","robots":{"index":"index","follow":"follow","max-snippet":"max-snippet:-1","max-image-preview":"max-image-preview:large","max-video-preview":"max-video-preview:-1"},"canonical":"https:\/\/www.altercampagne.net\/?p=2476","og_locale":"fr_FR","og_type":"article","og_title":"R\u00e9union de pr\u00e9paration de l'AlterTour et AG d'Altercampagne, les 14 et 15 novembre 2015 \u00e0 la Conf\u00e9d\u00e9ration Paysanne (Bagnolet) - AlterTour","og_description":"Lieu : Conf\u00e9d\u00e9ration paysanne : 104 rue Robespierre &#8211; 93170 Bagnolet Samedi matin 09h00 &#8211; 09h30 : Petit D\u00e9jeuner 09h30 &#8211; 10h00 : R\u00e9partition des r\u00f4les et d\u00e9roul\u00e9 de l\u2019ordre du week-end 10h00 &#8211; 10h30 : &nbsp;Pr\u00e9sentation des actions de l\u2019AT pr\u00e9vue lors de la COP 21 10h30 &#8211; 12h30 ... Read More","og_url":"https:\/\/www.altercampagne.net\/?p=2476","og_site_name":"AlterTour","article_published_time":"2015-10-26T08:58:16+00:00","article_modified_time":"2020-02-24T16:22:56+00:00","og_image":[{"url":"http:\/\/www.altercampagne.net\/wp-content\/uploads\/2015\/08\/2015-07-22_10.05.jpg","type":"","width":"","height":""}],"author":"Mathieu","twitter_card":"summary_large_image","twitter_misc":{"\u00c9crit par":"Mathieu","Dur\u00e9e de lecture estim\u00e9e":"2 minutes"},"schema":{"@context":"https:\/\/schema.org","@graph":[{"@type":"Article","@id":"https:\/\/www.altercampagne.net\/?p=2476#article","isPartOf":{"@id":"https:\/\/www.altercampagne.net\/?p=2476"},"author":{"name":"Mathieu","@id":"https:\/\/www.altercampagne.net\/#\/schema\/person\/0f261460c09e430caa0f9bcffa319109"},"headline":"R\u00e9union de pr\u00e9paration de l&rsquo;AlterTour et AG d&rsquo;Altercampagne, les 14 et 15 novembre 2015 \u00e0 la Conf\u00e9d\u00e9ration Paysanne (Bagnolet)","datePublished":"2015-10-26T08:58:16+00:00","dateModified":"2020-02-24T16:22:56+00:00","mainEntityOfPage":{"@id":"https:\/\/www.altercampagne.net\/?p=2476"},"wordCount":506,"image":{"@id":"https:\/\/www.altercampagne.net\/?p=2476#primaryimage"},"thumbnailUrl":"http:\/\/www.altercampagne.net\/wp-content\/uploads\/2015\/08\/2015-07-22_10.05.jpg","keywords":["coll\u00e8ge solidaire","AG","bilan","AlterTour 2015","AlterTour 2016","pl\u00e9ni\u00e8re","conf\u00e9d\u00e9ration paysanne","bilan moral","bilan financier","r\u00e9union","ag 2015","2016","Bagnolet","ordre du jour","novembre 2015"],"articleSection":["WE de pr\u00e9paration"],"inLanguage":"fr-FR"},{"@type":"WebPage","@id":"https:\/\/www.altercampagne.net\/?p=2476","url":"https:\/\/www.altercampagne.net\/?p=2476","name":"R\u00e9union de pr\u00e9paration de l'AlterTour et AG d'Altercampagne, les 14 et 15 novembre 2015 \u00e0 la Conf\u00e9d\u00e9ration Paysanne (Bagnolet) - AlterTour","isPartOf":{"@id":"https:\/\/www.altercampagne.net\/#website"},"primaryImageOfPage":{"@id":"https:\/\/www.altercampagne.net\/?p=2476#primaryimage"},"image":{"@id":"https:\/\/www.altercampagne.net\/?p=2476#primaryimage"},"thumbnailUrl":"http:\/\/www.altercampagne.net\/wp-content\/uploads\/2015\/08\/2015-07-22_10.05.jpg","datePublished":"2015-10-26T08:58:16+00:00","dateModified":"2020-02-24T16:22:56+00:00","author":{"@id":"https:\/\/www.altercampagne.net\/#\/schema\/person\/0f261460c09e430caa0f9bcffa319109"},"breadcrumb":{"@id":"https:\/\/www.altercampagne.net\/?p=2476#breadcrumb"},"inLanguage":"fr-FR","potentialAction":[{"@type":"ReadAction","target":["https:\/\/www.altercampagne.net\/?p=2476"]}]},{"@type":"ImageObject","inLanguage":"fr-FR","@id":"https:\/\/www.altercampagne.net\/?p=2476#primaryimage","url":"http:\/\/www.altercampagne.net\/wp-content\/uploads\/2015\/08\/2015-07-22_10.05.jpg","contentUrl":"http:\/\/www.altercampagne.net\/wp-content\/uploads\/2015\/08\/2015-07-22_10.05.jpg"},{"@type":"BreadcrumbList","@id":"https:\/\/www.altercampagne.net\/?p=2476#breadcrumb","itemListElement":[{"@type":"ListItem","position":1,"name":"Accueil","item":"https:\/\/www.altercampagne.net\/"},{"@type":"ListItem","position":2,"name":"R\u00e9union de pr\u00e9paration de l&rsquo;AlterTour et AG d&rsquo;Altercampagne, les 14 et 15 novembre 2015 \u00e0 la Conf\u00e9d\u00e9ration Paysanne (Bagnolet)"}]},{"@type":"WebSite","@id":"https:\/\/www.altercampagne.net\/#website","url":"https:\/\/www.altercampagne.net\/","name":"AlterTour","description":"Reliez les Alternatives \u00e0 v\u00e9lo","potentialAction":[{"@type":"SearchAction","target":{"@type":"EntryPoint","urlTemplate":"https:\/\/www.altercampagne.net\/?s={search_term_string}"},"query-input":{"@type":"PropertyValueSpecification","valueRequired":true,"valueName":"search_term_string"}}],"inLanguage":"fr-FR"},{"@type":"Person","@id":"https:\/\/www.altercampagne.net\/#\/schema\/person\/0f261460c09e430caa0f9bcffa319109","name":"Mathieu","image":{"@type":"ImageObject","inLanguage":"fr-FR","@id":"https:\/\/secure.gravatar.com\/avatar\/aa9d3d24c83f2141e5e2709d0f63d09a99f6be6bb7a50abc4915838d9f54501a?s=96&d=mm&r=g","url":"https:\/\/secure.gravatar.com\/avatar\/aa9d3d24c83f2141e5e2709d0f63d09a99f6be6bb7a50abc4915838d9f54501a?s=96&d=mm&r=g","contentUrl":"https:\/\/secure.gravatar.com\/avatar\/aa9d3d24c83f2141e5e2709d0f63d09a99f6be6bb7a50abc4915838d9f54501a?s=96&d=mm&r=g","caption":"Mathieu"},"url":"https:\/\/www.altercampagne.net\/?author=214"}]}},"_links":{"self":[{"href":"https:\/\/www.altercampagne.net\/index.php?rest_route=\/wp\/v2\/posts\/2476","targetHints":{"allow":["GET"]}}],"collection":[{"href":"https:\/\/www.altercampagne.net\/index.php?rest_route=\/wp\/v2\/posts"}],"about":[{"href":"https:\/\/www.altercampagne.net\/index.php?rest_route=\/wp\/v2\/types\/post"}],"author":[{"embeddable":true,"href":"https:\/\/www.altercampagne.net\/index.php?rest_route=\/wp\/v2\/users\/214"}],"replies":[{"embeddable":true,"href":"https:\/\/www.altercampagne.net\/index.php?rest_route=%2Fwp%2Fv2%2Fcomments&post=2476"}],"version-history":[{"count":1,"href":"https:\/\/www.altercampagne.net\/index.php?rest_route=\/wp\/v2\/posts\/2476\/revisions"}],"predecessor-version":[{"id":17446,"href":"https:\/\/www.altercampagne.net\/index.php?rest_route=\/wp\/v2\/posts\/2476\/revisions\/17446"}],"wp:attachment":[{"href":"https:\/\/www.altercampagne.net\/index.php?rest_route=%2Fwp%2Fv2%2Fmedia&parent=2476"}],"wp:term":[{"taxonomy":"category","embeddable":true,"href":"https:\/\/www.altercampagne.net\/index.php?rest_route=%2Fwp%2Fv2%2Fcategories&post=2476"},{"taxonomy":"post_tag","embeddable":true,"href":"https:\/\/www.altercampagne.net\/index.php?rest_route=%2Fwp%2Fv2%2Ftags&post=2476"}],"curies":[{"name":"wp","href":"https:\/\/api.w.org\/{rel}","templated":true}]}}