{"id":24813,"date":"2022-03-29T11:36:05","date_gmt":"2022-03-29T09:36:05","guid":{"rendered":"https:\/\/www.altercampagne.net\/?p=24813"},"modified":"2022-03-29T11:36:06","modified_gmt":"2022-03-29T09:36:06","slug":"quatorziemes-rencontres-de-lheureux-cyclage-du-24-au-27-mars-2022","status":"publish","type":"post","link":"https:\/\/www.altercampagne.net\/?p=24813","title":{"rendered":"Quatorzi\u00e8mes rencontres de l\u2019Heureux-Cyclage : du 24 au 27 mars 2022"},"content":{"rendered":"\n<h4 class=\"wp-block-heading\"><strong>Retour sur un chouette weekend organis\u00e9 par de chouettes personnes pour une tr\u00e8s chouette cause : <\/strong><br><strong>celle du v\u00e9lo recycl\u00e9 et social !<\/strong><\/h4>\n\n\n\n<figure class=\"wp-block-image size-large\"><a href=\"https:\/\/www.altercampagne.net\/wp-content\/uploads\/2022\/03\/Heureux-Cyclage_2022_05-scaled-e1648545811186.jpg\"><img loading=\"lazy\" decoding=\"async\" width=\"1024\" height=\"768\" src=\"https:\/\/www.altercampagne.net\/wp-content\/uploads\/2022\/03\/Heureux-Cyclage_2022_05-1024x768.jpg\" alt=\"\" class=\"wp-image-24827\"\/><\/a><\/figure>\n\n\n\n<h5 class=\"wp-block-heading\"><strong>L\u2019heureux-cy-quoi ??<\/strong><\/h5>\n\n\n\n<p>\u201c <em><strong>L&rsquo;Heureux Cyclage est un r\u00e9seau d&rsquo;ateliers v\u00e9lo participatifs et solidaires<\/strong> qui adh\u00e8rent \u00e0 une charte commune que l&rsquo;on peut r\u00e9sumer en quelques points :<br>   <em><strong>\u2022<\/strong><\/em><\/em>   <em><strong>favoriser la pratique du v\u00e9lo par la v\u00e9lonomie ;<br>   \u2022  promouvoir le r\u00e9emploi <br>   \u2022  permettre l&rsquo;accessibilit\u00e9 \u00e0 tou\u00b7te\u00b7s, dans une d\u00e9marche locale, solidaire et conviviale.<\/strong><\/em><\/p>\n\n\n\n<p><em>Il est anim\u00e9 par des personnes actives en son sein: des administrateur\u00b7ices (Coll\u00e9giale), des salari\u00e9\u00b7e\u00b7s, des r\u00e9f\u00e9rent\u00b7e\u00b7s g\u00e9ographiques (RG), des personnes ressources.<\/em><\/p>\n\n\n\n<p><em>Le r\u00e9seau et les personnes qui l&rsquo;animent ont pour but d&rsquo;encourager et faciliter :<br>   \u2022  <strong>la multiplication et le d\u00e9veloppement des ateliers ;<br>   \u2022  la mutualisation (des ressources, des infos, &#8230;) entre les ateliers ;<br>   \u2022  l&rsquo;envie de travailler ensemble en coop\u00e9ration.<\/strong><\/em> \u00ab\u00a0<\/p>\n\n\n\n<figure class=\"wp-block-image size-large\"><a href=\"https:\/\/www.altercampagne.net\/wp-content\/uploads\/2022\/03\/Heureux-Cyclage_2022_02-scaled-e1648545375256.jpg\"><img loading=\"lazy\" decoding=\"async\" width=\"1024\" height=\"519\" src=\"https:\/\/www.altercampagne.net\/wp-content\/uploads\/2022\/03\/Heureux-Cyclage_2022_02-scaled-e1648545375256-1024x519.jpg\" alt=\"\" class=\"wp-image-24825\" srcset=\"https:\/\/www.altercampagne.net\/wp-content\/uploads\/2022\/03\/Heureux-Cyclage_2022_02-scaled-e1648545375256-1024x519.jpg 1024w, https:\/\/www.altercampagne.net\/wp-content\/uploads\/2022\/03\/Heureux-Cyclage_2022_02-scaled-e1648545375256-300x152.jpg 300w, https:\/\/www.altercampagne.net\/wp-content\/uploads\/2022\/03\/Heureux-Cyclage_2022_02-scaled-e1648545375256-768x389.jpg 768w, https:\/\/www.altercampagne.net\/wp-content\/uploads\/2022\/03\/Heureux-Cyclage_2022_02-scaled-e1648545375256-610x309.jpg 610w, https:\/\/www.altercampagne.net\/wp-content\/uploads\/2022\/03\/Heureux-Cyclage_2022_02-scaled-e1648545375256-100x51.jpg 100w, https:\/\/www.altercampagne.net\/wp-content\/uploads\/2022\/03\/Heureux-Cyclage_2022_02-scaled-e1648545375256-862x437.jpg 862w, https:\/\/www.altercampagne.net\/wp-content\/uploads\/2022\/03\/Heureux-Cyclage_2022_02-scaled-e1648545375256-1140x578.jpg 1140w, https:\/\/www.altercampagne.net\/wp-content\/uploads\/2022\/03\/Heureux-Cyclage_2022_02-scaled-e1648545375256.jpg 1333w\" sizes=\"auto, (max-width: 1024px) 100vw, 1024px\" \/><\/a><\/figure>\n\n\n\n<p class=\"has-text-align-center\"><em>carte des ateliers adh\u00e9rents \u00e0 l&rsquo;Heureux-Cyclage <a href=\"https:\/\/www.heureux-cyclage.org\/les-ateliers-en-france.html\"><strong>ici<\/strong><\/a><\/em><\/p>\n\n\n\n<h5 class=\"wp-block-heading\"><strong>Une Coll\u00e9giale ? \u00c7a me dit quelque chose \u2026<\/strong><\/h5>\n\n\n\n<p>\u201c<em>L&rsquo;Heureux Cyclage est une association en coll\u00e9giale, dont les membres portent les r\u00f4les et les responsabilit\u00e9s \u00e0 \u00e9galit\u00e9. <strong>Les prises de d\u00e9cision sont consensuelles<\/strong> (en cas d&rsquo;absence de consensus on proc\u00e8de \u00e0 un vote de valeur). Les fonctions officielles dans les associations \u00ab traditionnelles \u00bb sont r\u00e9parties au sein de la coll\u00e9giale dans des groupes de travail fixes sur l\u2019ann\u00e9e ou tournantes pour certaines d\u2019entre elles.<\/em>\u201d<\/p>\n\n\n\n<p>La Coll\u00e9giale, donc, s\u2019assure que les projets du r\u00e9seau soient men\u00e9s dans les meilleures conditions, port\u00e9s par les groupes de travail (\u201cachats n\u00e9goci\u00e9s\u201d\/\/\u201cformations\u201d\/\/\u201cr\u00e9emploi\u201d\/\/\u2026) qui cr\u00e9aient les outils adapt\u00e9s \u00e0 leur mise en place.<\/p>\n\n\n\n<p>(<em>J\u2019ai comme l\u2019impression de lire nos propres statuts<\/em> !)<\/p>\n\n\n\n<p>>>\u00a0 <a href=\"https:\/\/www.heureux-cyclage.org\" target=\"_blank\" rel=\"noreferrer noopener\"><strong>https:\/\/www.heureux-cyclage.org<\/strong><\/a><\/p>\n\n\n\n<h5 class=\"wp-block-heading\"><strong>Les rencontres<\/strong><\/h5>\n\n\n\n<p>Et l\u2019Heureux-Cyclage se r\u00e9unit donc chaque ann\u00e9e autour de leurs \u201c<strong>Rencontres<\/strong>\u201d en invitant <strong>tous les ateliers de France<\/strong> \u00e0 envoyer leurs membres (permanent-es\/adh\u00e9rent-es\/service civique\/\u2026) afin de bosser sur une th\u00e9matique, revisiter les statuts, participer \u00e0 l\u2019AG, c\u00e9l\u00e9brer les retrouvailles bien \u00e9videmment, dans une ville diff\u00e9rente port\u00e9 par l\u2019atelier du coin ;<\/p>\n\n\n\n<p>Et cette ann\u00e9e est donc la 14\u00e8 \u00e9dition ici \u00e0 Moulins-sur-Allier accueillie par <strong><a href=\"https:\/\/cyclo-recyclo.com\">Cyclo-Recyclo<\/a><\/strong>, l&rsquo;atelier local !\u00a0<br><strong>Je peux vous dire que, apr\u00e8s deux ans d\u2019annulation, l\u2019ambiance est \u00e0 l\u2019euphorie de se retrouver, et le monde se fera pr\u00e9sent<\/strong> !\u00a0<\/p>\n\n\n\n<h5 class=\"wp-block-heading\"><strong>Y\u2019a comme un air de famille<\/strong><\/h5>\n\n\n\n<p>J\u2019arrive donc, pose mon v\u00e9lo au milieu d\u2019autres, la grande majorit\u00e9 enti\u00e8rement remont\u00e9s \u00e0 partir de <strong>pi\u00e8ces d\u00e9tach\u00e9es r\u00e9cup\u00e9r\u00e9es<\/strong> (on voit les pattes expertes de passionn\u00e9-es de la bicy-bricole).<\/p>\n\n\n\n<p>Je suis accueilli par Suzon &#8211; super b\u00e9n\u00e9vole en charge de l\u2019accueil des intervenant-es &#8211; qui me fait faire le tour des lieux, <strong>me pr\u00e9sente aux b\u00e9n\u00e9voles<\/strong> qui s\u2019affairent un peu dans tous les sens, un bonjour part de ma bouche, j\u2019ai du scotch dans les mains pour aider \u00e0 la signal\u00e9tique la seconde d\u2019apr\u00e8s, puis au d\u00e9chargement des v\u00e9los pour la v\u00e9lorution pr\u00e9vue le samedi, puis on bouge des tables, \u2026<\/p>\n\n\n\n<figure class=\"wp-block-image size-large\"><a href=\"https:\/\/www.altercampagne.net\/wp-content\/uploads\/2022\/03\/Heureux-Cyclage_2022_04-scaled-e1648545227695.jpg\"><img loading=\"lazy\" decoding=\"async\" width=\"1024\" height=\"637\" src=\"https:\/\/www.altercampagne.net\/wp-content\/uploads\/2022\/03\/Heureux-Cyclage_2022_04-scaled-e1648545227695-1024x637.jpg\" alt=\"\" class=\"wp-image-24824\" srcset=\"https:\/\/www.altercampagne.net\/wp-content\/uploads\/2022\/03\/Heureux-Cyclage_2022_04-scaled-e1648545227695-1024x637.jpg 1024w, https:\/\/www.altercampagne.net\/wp-content\/uploads\/2022\/03\/Heureux-Cyclage_2022_04-scaled-e1648545227695-300x187.jpg 300w, https:\/\/www.altercampagne.net\/wp-content\/uploads\/2022\/03\/Heureux-Cyclage_2022_04-scaled-e1648545227695-768x478.jpg 768w, https:\/\/www.altercampagne.net\/wp-content\/uploads\/2022\/03\/Heureux-Cyclage_2022_04-scaled-e1648545227695-610x379.jpg 610w, https:\/\/www.altercampagne.net\/wp-content\/uploads\/2022\/03\/Heureux-Cyclage_2022_04-scaled-e1648545227695-100x62.jpg 100w, https:\/\/www.altercampagne.net\/wp-content\/uploads\/2022\/03\/Heureux-Cyclage_2022_04-scaled-e1648545227695-862x536.jpg 862w, https:\/\/www.altercampagne.net\/wp-content\/uploads\/2022\/03\/Heureux-Cyclage_2022_04-scaled-e1648545227695-1140x709.jpg 1140w, https:\/\/www.altercampagne.net\/wp-content\/uploads\/2022\/03\/Heureux-Cyclage_2022_04-scaled-e1648545227695.jpg 1333w\" sizes=\"auto, (max-width: 1024px) 100vw, 1024px\" \/><\/a><\/figure>\n\n\n\n<p>J\u2019imagine que j\u2019ai retrouv\u00e9 cette sensation qu\u2019a chaque altercycliste qui arrive pour la premi\u00e8re fois \u00e0 l\u2019Altertour ; <br><strong>Mais si rappelez-vous<\/strong>, vous \u00eates compl\u00e8tement paum\u00e9-es, certain-es allong\u00e9-es dans l\u2019herbe discutent tandis que certain-es montent leur tente, d\u2019autres \u00e9pluchent des l\u00e9gumes, puis on vous fait faire le tour de l\u2019Iveco, on vous pr\u00e9sente un-e tel-le, \u201cah c\u2019est toi Mathieu ?!\u201d, on vous donne rdv \u00e0 18h30 pour l\u2019accueil des nouvelles-aux\u2026 <br>Si si rappelez vous comment <strong>\u00e7a brassait de nouveaut\u00e9s pour vous \u00e0 ce moment<\/strong> !<\/p>\n\n\n\n<p>Et donc je suis le mouvement de membres des ateliers de Lyon que je reconnais et qui vont installer leur tente, un espace camping en mixit\u00e9 choisie est pr\u00e9vu, les douches (chaudes !) \u00e9galement, puis une bi\u00e8re \u00e0 la main <strong>les premi\u00e8res rencontres se font<\/strong> ; <br>Je suis \u00e0 l\u2019aise malgr\u00e9 la nouveaut\u00e9 en cette journ\u00e9e de fin mars, je vous l\u2019ai dit, <strong>j\u2019ai l\u2019impression de participer \u00e0 ma premi\u00e8re journ\u00e9e du Tour<\/strong> ! <br><em>(Vraie diff\u00e9rence : il y a eu du givre sur les tentes cette nuit-l\u00e0 !)<\/em><\/p>\n\n\n\n<h5 class=\"wp-block-heading\"><strong>La th\u00e9matique 2022 : les ateliers en territoire peu dense<\/strong><\/h5>\n\n\n\n<p>\u00c7a commence fort car la premi\u00e8re phase des ateliers du weekend des \u201c<strong>Rencontres<\/strong>\u201d se joue d\u00e8s le premier soir autour d\u2019une <strong>table ronde<\/strong>, ou plut\u00f4t cinq tables \u00e0 sous-th\u00e8me auxquelles l\u2019<strong>AlterTour<\/strong> est invit\u00e9 \u00e0 d\u00e9broussailler la probl\u00e9matique \u201c<em>aller vers \/ faire venir : mobilit\u00e9 et actions (sociales, culturelles, artistiques, \u2026) en milieu rural \u2026 sans voitures\u00a0?<\/em>\u201d. <br><strong>Gros sujet, gros enjeux !<\/strong><\/p>\n\n\n\n<p>Une vingtaine de personnes \u00e0 chaque table, la parole circule, on note sur des post-it les id\u00e9es, avec pour objectif de d\u00e9fricher le plus possible le sujet, avec nos propres exp\u00e9riences et\/ou expertises, afin que l\u2019Heureux-Cyclage puisse avoir un maximum de mati\u00e8re derri\u00e8re pour proposer au r\u00e9seau un livret sur l\u2019animation d\u2019un atelier dans des territoires peu peupl\u00e9s.<\/p>\n\n\n\n<p>La soir\u00e9e se terminera par un repas \u201cdes r\u00e9gions\u201d partag\u00e9, quelques \u00e9changes, quelques verres.<\/p>\n\n\n\n<h5 class=\"wp-block-heading\">Les Groupes de Travail<\/h5>\n\n\n\n<p>Le lendemain c\u2019est lors atelier autour du cyclof\u00e9minisme que je traverserai ma matin\u00e9e.<\/p>\n\n\n\n<p>Et oui, <strong>en 2022, il est encore n\u00e9cessaire de se saisir du sexisme ordinaire<\/strong>, et ici dans le cadre des ateliers d\u2019autor\u00e9paration de v\u00e9lo. <br>Car oui, encore beaucoup trop d\u2019homme prennent encore les outils des mains aux femmes, font \u00e0 leur place, leur parle comme a des enfants, les dragues, \u2026 Donc oui, les femmes &#8211; et toute personne se reconnaissant dans un genre autre que la binarit\u00e9 homme\/femme &#8211; <strong>continuent d\u2019en avoir marre de ne pouvoir r\u00e9parer leur v\u00e9lo seul\/es<\/strong> sans subir des remarques ou une ambiance ou autre les mettant dans des situations de g\u00e8ne, voire ne reviennent plus dans les ateliers.<\/p>\n\n\n\n<figure class=\"wp-block-image size-large\"><a href=\"https:\/\/www.altercampagne.net\/wp-content\/uploads\/2022\/03\/Heureux-Cyclage_2022_03-scaled-e1648544979873.jpg\"><img loading=\"lazy\" decoding=\"async\" width=\"1024\" height=\"640\" src=\"https:\/\/www.altercampagne.net\/wp-content\/uploads\/2022\/03\/Heureux-Cyclage_2022_03-scaled-e1648544979873-1024x640.jpg\" alt=\"\" class=\"wp-image-24822\" srcset=\"https:\/\/www.altercampagne.net\/wp-content\/uploads\/2022\/03\/Heureux-Cyclage_2022_03-scaled-e1648544979873-1024x640.jpg 1024w, https:\/\/www.altercampagne.net\/wp-content\/uploads\/2022\/03\/Heureux-Cyclage_2022_03-scaled-e1648544979873-300x187.jpg 300w, https:\/\/www.altercampagne.net\/wp-content\/uploads\/2022\/03\/Heureux-Cyclage_2022_03-scaled-e1648544979873-768x480.jpg 768w, https:\/\/www.altercampagne.net\/wp-content\/uploads\/2022\/03\/Heureux-Cyclage_2022_03-scaled-e1648544979873-610x381.jpg 610w, https:\/\/www.altercampagne.net\/wp-content\/uploads\/2022\/03\/Heureux-Cyclage_2022_03-scaled-e1648544979873-100x62.jpg 100w, https:\/\/www.altercampagne.net\/wp-content\/uploads\/2022\/03\/Heureux-Cyclage_2022_03-scaled-e1648544979873-862x539.jpg 862w, https:\/\/www.altercampagne.net\/wp-content\/uploads\/2022\/03\/Heureux-Cyclage_2022_03-scaled-e1648544979873-1140x712.jpg 1140w, https:\/\/www.altercampagne.net\/wp-content\/uploads\/2022\/03\/Heureux-Cyclage_2022_03-scaled-e1648544979873.jpg 1333w\" sizes=\"auto, (max-width: 1024px) 100vw, 1024px\" \/><\/a><\/figure>\n\n\n\n<p>Et c\u2019est par <strong>un d\u00e9bat mouvant<\/strong> d\u2019une bonne quarantaine de personnes que nous avons questionn\u00e9, \u00e9chang\u00e9, partag\u00e9 nos exp\u00e9riences autour des mises en situation successives. <br>Et, pour moi, ce fut \u00e0 la fois troublant, touchant et plein d\u2019espoir parfois d\u2019(encore) entendre les histoires v\u00e9cues par certain-es ; <br>Et que c\u2019\u00e9tait chouette de <strong>pouvoir \u00e9voluer dans un groupe mixte, diversifi\u00e9, solidaire et bienveillant<\/strong>, avec chacun-es son apport au groupe pour en ressortir un peu plus confiant-e et de se dire que tous-tes avons notre part \u00e0 apporter vers l\u2019\u00e9galit\u00e9.<\/p>\n\n\n\n<h5 class=\"wp-block-heading\">RDV l&rsquo;ann\u00e9e prochaine !<\/h5>\n\n\n\n<p>N\u2019ayant pu rester le la suite des \u201c<em>Rencontres<\/em>\u201d, je me contenterai de vous transmettre ce qui \u00e9tait affich\u00e9 au programme : travail collectif sur le projet associatif de l\u2019Heureux-Cyclage, acter les nouveaux statuts, de la compta, l\u2019AG, le renouvellement de la Coll\u00e9giale, \u2026<\/p>\n\n\n\n<p>Mais surtout ! <strong>Une grande v\u00e9lorution d\u00e9guis\u00e9e dans les rues de Moulin-sur-Allier suivie d\u2019une soir\u00e9e festive<\/strong> !<\/p>\n\n\n\n<p>L\u2019<strong><a href=\"https:\/\/www.heureux-cyclage.org\" target=\"_blank\" rel=\"noreferrer noopener\">Heureux-Cyclage<\/a><\/strong>, c\u2019est une association qu\u2019on adore ici \u00e0 la r\u00e9dac\u2019 !!<\/p>\n","protected":false},"excerpt":{"rendered":"<p>J\u2019ai l\u2019impression de participer \u00e0 ma premi\u00e8re journ\u00e9e du Tour<\/p>\n","protected":false},"author":295,"featured_media":24820,"comment_status":"closed","ping_status":"closed","sticky":false,"template":"","format":"standard","meta":{"footnotes":""},"categories":[3471,4313,4357,3541,3932],"tags":[],"class_list":["post-24813","post","type-post","status-publish","format-standard","has-post-thumbnail","hentry","category-auvergne-rhone-alpes","category-altertour","category-edition-2022","category-partenaires","category-velo"],"yoast_head":"<!-- This site is optimized with the Yoast SEO plugin v27.3 - https:\/\/yoast.com\/product\/yoast-seo-wordpress\/ -->\n<title>Quatorzi\u00e8mes rencontres de l\u2019Heureux-Cyclage : du 24 au 27 mars 2022 - AlterTour<\/title>\n<meta name=\"robots\" content=\"index, follow, max-snippet:-1, max-image-preview:large, max-video-preview:-1\" \/>\n<link rel=\"canonical\" href=\"https:\/\/www.altercampagne.net\/?p=24813\" \/>\n<meta property=\"og:locale\" content=\"fr_FR\" \/>\n<meta property=\"og:type\" content=\"article\" \/>\n<meta property=\"og:title\" content=\"Quatorzi\u00e8mes rencontres de l\u2019Heureux-Cyclage : du 24 au 27 mars 2022 - AlterTour\" \/>\n<meta property=\"og:description\" content=\"J\u2019ai l\u2019impression de participer \u00e0 ma premi\u00e8re journ\u00e9e du Tour\" \/>\n<meta property=\"og:url\" content=\"https:\/\/www.altercampagne.net\/?p=24813\" \/>\n<meta property=\"og:site_name\" content=\"AlterTour\" \/>\n<meta property=\"article:published_time\" content=\"2022-03-29T09:36:05+00:00\" \/>\n<meta property=\"article:modified_time\" content=\"2022-03-29T09:36:06+00:00\" \/>\n<meta property=\"og:image\" content=\"https:\/\/www.altercampagne.net\/wp-content\/uploads\/2022\/03\/Heureux-Cyclage_2022_01-scaled-e1648544765398.jpg\" \/>\n\t<meta property=\"og:image:width\" content=\"1067\" \/>\n\t<meta property=\"og:image:height\" content=\"680\" \/>\n\t<meta property=\"og:image:type\" content=\"image\/jpeg\" \/>\n<meta name=\"author\" content=\"Ivan\" \/>\n<meta name=\"twitter:card\" content=\"summary_large_image\" \/>\n<meta name=\"twitter:label1\" content=\"\u00c9crit par\" \/>\n\t<meta name=\"twitter:data1\" content=\"Ivan\" \/>\n\t<meta name=\"twitter:label2\" content=\"Dur\u00e9e de lecture estim\u00e9e\" \/>\n\t<meta name=\"twitter:data2\" content=\"7 minutes\" \/>\n<script type=\"application\/ld+json\" class=\"yoast-schema-graph\">{\"@context\":\"https:\\\/\\\/schema.org\",\"@graph\":[{\"@type\":\"Article\",\"@id\":\"https:\\\/\\\/www.altercampagne.net\\\/?p=24813#article\",\"isPartOf\":{\"@id\":\"https:\\\/\\\/www.altercampagne.net\\\/?p=24813\"},\"author\":{\"name\":\"Ivan\",\"@id\":\"https:\\\/\\\/www.altercampagne.net\\\/#\\\/schema\\\/person\\\/c007149048bad022a8e11a5a1549e67a\"},\"headline\":\"Quatorzi\u00e8mes rencontres de l\u2019Heureux-Cyclage : du 24 au 27 mars 2022\",\"datePublished\":\"2022-03-29T09:36:05+00:00\",\"dateModified\":\"2022-03-29T09:36:06+00:00\",\"mainEntityOfPage\":{\"@id\":\"https:\\\/\\\/www.altercampagne.net\\\/?p=24813\"},\"wordCount\":1197,\"image\":{\"@id\":\"https:\\\/\\\/www.altercampagne.net\\\/?p=24813#primaryimage\"},\"thumbnailUrl\":\"https:\\\/\\\/www.altercampagne.net\\\/wp-content\\\/uploads\\\/2022\\\/03\\\/Heureux-Cyclage_2022_01-scaled-e1648544765398.jpg\",\"articleSection\":[\"Auvergne-Rh\u00f4ne-Alpes\",\"AlterTour\",\"Edition 2022\",\"Partenaires\",\"V\u00e9lo\"],\"inLanguage\":\"fr-FR\"},{\"@type\":\"WebPage\",\"@id\":\"https:\\\/\\\/www.altercampagne.net\\\/?p=24813\",\"url\":\"https:\\\/\\\/www.altercampagne.net\\\/?p=24813\",\"name\":\"Quatorzi\u00e8mes rencontres de l\u2019Heureux-Cyclage : du 24 au 27 mars 2022 - AlterTour\",\"isPartOf\":{\"@id\":\"https:\\\/\\\/www.altercampagne.net\\\/#website\"},\"primaryImageOfPage\":{\"@id\":\"https:\\\/\\\/www.altercampagne.net\\\/?p=24813#primaryimage\"},\"image\":{\"@id\":\"https:\\\/\\\/www.altercampagne.net\\\/?p=24813#primaryimage\"},\"thumbnailUrl\":\"https:\\\/\\\/www.altercampagne.net\\\/wp-content\\\/uploads\\\/2022\\\/03\\\/Heureux-Cyclage_2022_01-scaled-e1648544765398.jpg\",\"datePublished\":\"2022-03-29T09:36:05+00:00\",\"dateModified\":\"2022-03-29T09:36:06+00:00\",\"author\":{\"@id\":\"https:\\\/\\\/www.altercampagne.net\\\/#\\\/schema\\\/person\\\/c007149048bad022a8e11a5a1549e67a\"},\"breadcrumb\":{\"@id\":\"https:\\\/\\\/www.altercampagne.net\\\/?p=24813#breadcrumb\"},\"inLanguage\":\"fr-FR\",\"potentialAction\":[{\"@type\":\"ReadAction\",\"target\":[\"https:\\\/\\\/www.altercampagne.net\\\/?p=24813\"]}]},{\"@type\":\"ImageObject\",\"inLanguage\":\"fr-FR\",\"@id\":\"https:\\\/\\\/www.altercampagne.net\\\/?p=24813#primaryimage\",\"url\":\"https:\\\/\\\/www.altercampagne.net\\\/wp-content\\\/uploads\\\/2022\\\/03\\\/Heureux-Cyclage_2022_01-scaled-e1648544765398.jpg\",\"contentUrl\":\"https:\\\/\\\/www.altercampagne.net\\\/wp-content\\\/uploads\\\/2022\\\/03\\\/Heureux-Cyclage_2022_01-scaled-e1648544765398.jpg\",\"width\":1067,\"height\":680},{\"@type\":\"BreadcrumbList\",\"@id\":\"https:\\\/\\\/www.altercampagne.net\\\/?p=24813#breadcrumb\",\"itemListElement\":[{\"@type\":\"ListItem\",\"position\":1,\"name\":\"Accueil\",\"item\":\"https:\\\/\\\/www.altercampagne.net\\\/\"},{\"@type\":\"ListItem\",\"position\":2,\"name\":\"Quatorzi\u00e8mes rencontres de l\u2019Heureux-Cyclage : du 24 au 27 mars 2022\"}]},{\"@type\":\"WebSite\",\"@id\":\"https:\\\/\\\/www.altercampagne.net\\\/#website\",\"url\":\"https:\\\/\\\/www.altercampagne.net\\\/\",\"name\":\"AlterTour\",\"description\":\"Reliez les Alternatives \u00e0 v\u00e9lo\",\"potentialAction\":[{\"@type\":\"SearchAction\",\"target\":{\"@type\":\"EntryPoint\",\"urlTemplate\":\"https:\\\/\\\/www.altercampagne.net\\\/?s={search_term_string}\"},\"query-input\":{\"@type\":\"PropertyValueSpecification\",\"valueRequired\":true,\"valueName\":\"search_term_string\"}}],\"inLanguage\":\"fr-FR\"},{\"@type\":\"Person\",\"@id\":\"https:\\\/\\\/www.altercampagne.net\\\/#\\\/schema\\\/person\\\/c007149048bad022a8e11a5a1549e67a\",\"name\":\"Ivan\",\"image\":{\"@type\":\"ImageObject\",\"inLanguage\":\"fr-FR\",\"@id\":\"https:\\\/\\\/secure.gravatar.com\\\/avatar\\\/d7114d9060e24703c012c83578543a4c1da7a646e90cb95e955d566a3b8500f6?s=96&d=mm&r=g\",\"url\":\"https:\\\/\\\/secure.gravatar.com\\\/avatar\\\/d7114d9060e24703c012c83578543a4c1da7a646e90cb95e955d566a3b8500f6?s=96&d=mm&r=g\",\"contentUrl\":\"https:\\\/\\\/secure.gravatar.com\\\/avatar\\\/d7114d9060e24703c012c83578543a4c1da7a646e90cb95e955d566a3b8500f6?s=96&d=mm&r=g\",\"caption\":\"Ivan\"},\"url\":\"https:\\\/\\\/www.altercampagne.net\\\/?author=295\"}]}<\/script>\n<!-- \/ Yoast SEO plugin. -->","yoast_head_json":{"title":"Quatorzi\u00e8mes rencontres de l\u2019Heureux-Cyclage : du 24 au 27 mars 2022 - AlterTour","robots":{"index":"index","follow":"follow","max-snippet":"max-snippet:-1","max-image-preview":"max-image-preview:large","max-video-preview":"max-video-preview:-1"},"canonical":"https:\/\/www.altercampagne.net\/?p=24813","og_locale":"fr_FR","og_type":"article","og_title":"Quatorzi\u00e8mes rencontres de l\u2019Heureux-Cyclage : du 24 au 27 mars 2022 - AlterTour","og_description":"J\u2019ai l\u2019impression de participer \u00e0 ma premi\u00e8re journ\u00e9e du Tour","og_url":"https:\/\/www.altercampagne.net\/?p=24813","og_site_name":"AlterTour","article_published_time":"2022-03-29T09:36:05+00:00","article_modified_time":"2022-03-29T09:36:06+00:00","og_image":[{"width":1067,"height":680,"url":"https:\/\/www.altercampagne.net\/wp-content\/uploads\/2022\/03\/Heureux-Cyclage_2022_01-scaled-e1648544765398.jpg","type":"image\/jpeg"}],"author":"Ivan","twitter_card":"summary_large_image","twitter_misc":{"\u00c9crit par":"Ivan","Dur\u00e9e de lecture estim\u00e9e":"7 minutes"},"schema":{"@context":"https:\/\/schema.org","@graph":[{"@type":"Article","@id":"https:\/\/www.altercampagne.net\/?p=24813#article","isPartOf":{"@id":"https:\/\/www.altercampagne.net\/?p=24813"},"author":{"name":"Ivan","@id":"https:\/\/www.altercampagne.net\/#\/schema\/person\/c007149048bad022a8e11a5a1549e67a"},"headline":"Quatorzi\u00e8mes rencontres de l\u2019Heureux-Cyclage : du 24 au 27 mars 2022","datePublished":"2022-03-29T09:36:05+00:00","dateModified":"2022-03-29T09:36:06+00:00","mainEntityOfPage":{"@id":"https:\/\/www.altercampagne.net\/?p=24813"},"wordCount":1197,"image":{"@id":"https:\/\/www.altercampagne.net\/?p=24813#primaryimage"},"thumbnailUrl":"https:\/\/www.altercampagne.net\/wp-content\/uploads\/2022\/03\/Heureux-Cyclage_2022_01-scaled-e1648544765398.jpg","articleSection":["Auvergne-Rh\u00f4ne-Alpes","AlterTour","Edition 2022","Partenaires","V\u00e9lo"],"inLanguage":"fr-FR"},{"@type":"WebPage","@id":"https:\/\/www.altercampagne.net\/?p=24813","url":"https:\/\/www.altercampagne.net\/?p=24813","name":"Quatorzi\u00e8mes rencontres de l\u2019Heureux-Cyclage : du 24 au 27 mars 2022 - AlterTour","isPartOf":{"@id":"https:\/\/www.altercampagne.net\/#website"},"primaryImageOfPage":{"@id":"https:\/\/www.altercampagne.net\/?p=24813#primaryimage"},"image":{"@id":"https:\/\/www.altercampagne.net\/?p=24813#primaryimage"},"thumbnailUrl":"https:\/\/www.altercampagne.net\/wp-content\/uploads\/2022\/03\/Heureux-Cyclage_2022_01-scaled-e1648544765398.jpg","datePublished":"2022-03-29T09:36:05+00:00","dateModified":"2022-03-29T09:36:06+00:00","author":{"@id":"https:\/\/www.altercampagne.net\/#\/schema\/person\/c007149048bad022a8e11a5a1549e67a"},"breadcrumb":{"@id":"https:\/\/www.altercampagne.net\/?p=24813#breadcrumb"},"inLanguage":"fr-FR","potentialAction":[{"@type":"ReadAction","target":["https:\/\/www.altercampagne.net\/?p=24813"]}]},{"@type":"ImageObject","inLanguage":"fr-FR","@id":"https:\/\/www.altercampagne.net\/?p=24813#primaryimage","url":"https:\/\/www.altercampagne.net\/wp-content\/uploads\/2022\/03\/Heureux-Cyclage_2022_01-scaled-e1648544765398.jpg","contentUrl":"https:\/\/www.altercampagne.net\/wp-content\/uploads\/2022\/03\/Heureux-Cyclage_2022_01-scaled-e1648544765398.jpg","width":1067,"height":680},{"@type":"BreadcrumbList","@id":"https:\/\/www.altercampagne.net\/?p=24813#breadcrumb","itemListElement":[{"@type":"ListItem","position":1,"name":"Accueil","item":"https:\/\/www.altercampagne.net\/"},{"@type":"ListItem","position":2,"name":"Quatorzi\u00e8mes rencontres de l\u2019Heureux-Cyclage : du 24 au 27 mars 2022"}]},{"@type":"WebSite","@id":"https:\/\/www.altercampagne.net\/#website","url":"https:\/\/www.altercampagne.net\/","name":"AlterTour","description":"Reliez les Alternatives \u00e0 v\u00e9lo","potentialAction":[{"@type":"SearchAction","target":{"@type":"EntryPoint","urlTemplate":"https:\/\/www.altercampagne.net\/?s={search_term_string}"},"query-input":{"@type":"PropertyValueSpecification","valueRequired":true,"valueName":"search_term_string"}}],"inLanguage":"fr-FR"},{"@type":"Person","@id":"https:\/\/www.altercampagne.net\/#\/schema\/person\/c007149048bad022a8e11a5a1549e67a","name":"Ivan","image":{"@type":"ImageObject","inLanguage":"fr-FR","@id":"https:\/\/secure.gravatar.com\/avatar\/d7114d9060e24703c012c83578543a4c1da7a646e90cb95e955d566a3b8500f6?s=96&d=mm&r=g","url":"https:\/\/secure.gravatar.com\/avatar\/d7114d9060e24703c012c83578543a4c1da7a646e90cb95e955d566a3b8500f6?s=96&d=mm&r=g","contentUrl":"https:\/\/secure.gravatar.com\/avatar\/d7114d9060e24703c012c83578543a4c1da7a646e90cb95e955d566a3b8500f6?s=96&d=mm&r=g","caption":"Ivan"},"url":"https:\/\/www.altercampagne.net\/?author=295"}]}},"_links":{"self":[{"href":"https:\/\/www.altercampagne.net\/index.php?rest_route=\/wp\/v2\/posts\/24813","targetHints":{"allow":["GET"]}}],"collection":[{"href":"https:\/\/www.altercampagne.net\/index.php?rest_route=\/wp\/v2\/posts"}],"about":[{"href":"https:\/\/www.altercampagne.net\/index.php?rest_route=\/wp\/v2\/types\/post"}],"author":[{"embeddable":true,"href":"https:\/\/www.altercampagne.net\/index.php?rest_route=\/wp\/v2\/users\/295"}],"replies":[{"embeddable":true,"href":"https:\/\/www.altercampagne.net\/index.php?rest_route=%2Fwp%2Fv2%2Fcomments&post=24813"}],"version-history":[{"count":13,"href":"https:\/\/www.altercampagne.net\/index.php?rest_route=\/wp\/v2\/posts\/24813\/revisions"}],"predecessor-version":[{"id":24831,"href":"https:\/\/www.altercampagne.net\/index.php?rest_route=\/wp\/v2\/posts\/24813\/revisions\/24831"}],"wp:featuredmedia":[{"embeddable":true,"href":"https:\/\/www.altercampagne.net\/index.php?rest_route=\/wp\/v2\/media\/24820"}],"wp:attachment":[{"href":"https:\/\/www.altercampagne.net\/index.php?rest_route=%2Fwp%2Fv2%2Fmedia&parent=24813"}],"wp:term":[{"taxonomy":"category","embeddable":true,"href":"https:\/\/www.altercampagne.net\/index.php?rest_route=%2Fwp%2Fv2%2Fcategories&post=24813"},{"taxonomy":"post_tag","embeddable":true,"href":"https:\/\/www.altercampagne.net\/index.php?rest_route=%2Fwp%2Fv2%2Ftags&post=24813"}],"curies":[{"name":"wp","href":"https:\/\/api.w.org\/{rel}","templated":true}]}}