{"id":2492,"date":"2015-11-18T10:41:24","date_gmt":"2015-11-18T09:41:24","guid":{"rendered":"http:\/\/www.altercampagne.net\/?p=2492"},"modified":"2020-02-24T15:07:53","modified_gmt":"2020-02-24T14:07:53","slug":"numero-de-silence-de-decembre-le-renouveau-de-leducation-populaire","status":"publish","type":"post","link":"https:\/\/www.altercampagne.net\/?p=2492","title":{"rendered":"Num\u00e9ro de Silence de d\u00e9cembre : Le renouveau de l&rsquo;\u00e9ducation populaire"},"content":{"rendered":"<p><a href=\"http:\/\/www.altercampagne.net\/wp-content\/uploads\/2015\/11\/Silence440bd.jpg\"><img loading=\"lazy\" decoding=\"async\" class=\" wp-image-2493 size-full alignleft\" src=\"http:\/\/www.altercampagne.net\/wp-content\/uploads\/2015\/11\/Silence440bd.jpg\" alt=\"Silence440bd\" width=\"595\" height=\"842\" srcset=\"https:\/\/www.altercampagne.net\/wp-content\/uploads\/2015\/11\/Silence440bd.jpg 595w, https:\/\/www.altercampagne.net\/wp-content\/uploads\/2015\/11\/Silence440bd-212x300.jpg 212w\" sizes=\"auto, (max-width: 595px) 100vw, 595px\" \/><\/a>Le num\u00e9ro de d\u00e9cembre de la Revue Silence arrive dans vos boites aux lettres.<br \/>\nAu sommaire :<br \/>\n&#8211; Un dossier : Le renouveau de l&rsquo;\u00e9ducation populaire<br \/>\nLa famille, l&rsquo;\u00e9cole et la t\u00e9l\u00e9vision (puis l&rsquo;ordinateur, l&rsquo;Iphone, &#8230;). Dans notre soci\u00e9t\u00e9, les enfants et les \u00ab\u00a0jeunes\u00a0\u00bb seraient pris en charge alternativement par l&rsquo;une ou l&rsquo;autre de ces trois sources d&rsquo;influence majeures. Cette vision n&rsquo;est-elle pas un peu r\u00e9ductrice&nbsp;?<br \/>\nMais au fait, de quoi auraient-ils besoin d&rsquo;autre&nbsp;?<br \/>\nD&rsquo;espaces interm\u00e9diaires o\u00f9 apprendre \u00e0 coop\u00e9rer, \u00e0 aff\u00fbter leur esprit critique, \u00e0 se r\u00e9volter ? Mais ces savoirs et ces savoir-\u00eatre ne peuvent pas venir d&rsquo;en-haut, des classes dominantes. Ils ne peuvent s&rsquo;\u00e9laborer qu&rsquo;en dehors des institutions, dans des lieux de contre-pouvoir.<\/p>\n<p>&#8211; Des articles :<br \/>\nGr\u00e8ce, l&rsquo;\u00e9cologie en temps de crise<br \/>\nBD : Comprendre la guerre en Syrie<br \/>\nMusique : Herv\u00e9 Krief, l&rsquo;art de l&rsquo;engagement<br \/>\nNous pouvons bloquer le TAFTA !<br \/>\nVers la fin des OGM cach\u00e9s ?<\/p>\n<p>&#8211; Et des br\u00e8ves, des chroniques\u2026<\/p>\n<div class=\"text_exposed_show\">\n<p>Belle journ\u00e9e et bonne lecture !<\/p>\n<p>Retrouvez la Revue Silence en Biocoop et\/ou abonnez-vous directement sur leur site : <a href=\"http:\/\/www.revuesilence.net\/\" target=\"_blank\" rel=\"noopener noreferrer\">http:\/\/www.revuesilence.net\/<\/a><\/p>\n<\/div>\n","protected":false},"excerpt":{"rendered":"<p>Le num\u00e9ro de d\u00e9cembre de la Revue Silence arrive dans vos boites aux lettres. Au sommaire : &#8211; Un dossier : Le renouveau de l&rsquo;\u00e9ducation populaire La famille, l&rsquo;\u00e9cole et la t\u00e9l\u00e9vision (puis l&rsquo;ordinateur, l&rsquo;Iphone, &#8230;). Dans notre soci\u00e9t\u00e9, les enfants et les \u00ab\u00a0jeunes\u00a0\u00bb seraient pris en charge alternativement par &#8230; <\/p>\n<div><a href=\"https:\/\/www.altercampagne.net\/?p=2492\" class=\"more-link\">Read More<\/a><\/div>\n","protected":false},"author":214,"featured_media":0,"comment_status":"closed","ping_status":"closed","sticky":false,"template":"","format":"standard","meta":{"footnotes":""},"categories":[3248],"tags":[13,143,453,454,455,456,711,713,714,2724],"class_list":["post-2492","post","type-post","status-publish","format-standard","hentry","category-silence","tag-revue-silence","tag-ogm","tag-education-populaire","tag-grece","tag-ecologie","tag-tafta","tag-biocoop","tag-decembre-2015","tag-syrie","tag-silence","no-post-thumbnail"],"yoast_head":"<!-- This site is optimized with the Yoast SEO plugin v27.3 - https:\/\/yoast.com\/product\/yoast-seo-wordpress\/ -->\n<title>Num\u00e9ro de Silence de d\u00e9cembre : Le renouveau de l&#039;\u00e9ducation populaire - AlterTour<\/title>\n<meta name=\"robots\" content=\"index, follow, max-snippet:-1, max-image-preview:large, max-video-preview:-1\" \/>\n<link rel=\"canonical\" href=\"https:\/\/www.altercampagne.net\/?p=2492\" \/>\n<meta property=\"og:locale\" content=\"fr_FR\" \/>\n<meta property=\"og:type\" content=\"article\" \/>\n<meta property=\"og:title\" content=\"Num\u00e9ro de Silence de d\u00e9cembre : Le renouveau de l&#039;\u00e9ducation populaire - AlterTour\" \/>\n<meta property=\"og:description\" content=\"Le num\u00e9ro de d\u00e9cembre de la Revue Silence arrive dans vos boites aux lettres. Au sommaire : &#8211; Un dossier : Le renouveau de l&rsquo;\u00e9ducation populaire La famille, l&rsquo;\u00e9cole et la t\u00e9l\u00e9vision (puis l&rsquo;ordinateur, l&rsquo;Iphone, &#8230;). Dans notre soci\u00e9t\u00e9, les enfants et les \u00ab\u00a0jeunes\u00a0\u00bb seraient pris en charge alternativement par ... Read More\" \/>\n<meta property=\"og:url\" content=\"https:\/\/www.altercampagne.net\/?p=2492\" \/>\n<meta property=\"og:site_name\" content=\"AlterTour\" \/>\n<meta property=\"article:published_time\" content=\"2015-11-18T09:41:24+00:00\" \/>\n<meta property=\"article:modified_time\" content=\"2020-02-24T14:07:53+00:00\" \/>\n<meta property=\"og:image\" content=\"http:\/\/www.altercampagne.net\/wp-content\/uploads\/2015\/11\/Silence440bd.jpg\" \/>\n<meta name=\"author\" content=\"Mathieu\" \/>\n<meta name=\"twitter:card\" content=\"summary_large_image\" \/>\n<meta name=\"twitter:label1\" content=\"\u00c9crit par\" \/>\n\t<meta name=\"twitter:data1\" content=\"Mathieu\" \/>\n\t<meta name=\"twitter:label2\" content=\"Dur\u00e9e de lecture estim\u00e9e\" \/>\n\t<meta name=\"twitter:data2\" content=\"1 minute\" \/>\n<script type=\"application\/ld+json\" class=\"yoast-schema-graph\">{\"@context\":\"https:\\\/\\\/schema.org\",\"@graph\":[{\"@type\":\"Article\",\"@id\":\"https:\\\/\\\/www.altercampagne.net\\\/?p=2492#article\",\"isPartOf\":{\"@id\":\"https:\\\/\\\/www.altercampagne.net\\\/?p=2492\"},\"author\":{\"name\":\"Mathieu\",\"@id\":\"https:\\\/\\\/www.altercampagne.net\\\/#\\\/schema\\\/person\\\/0f261460c09e430caa0f9bcffa319109\"},\"headline\":\"Num\u00e9ro de Silence de d\u00e9cembre : Le renouveau de l&rsquo;\u00e9ducation populaire\",\"datePublished\":\"2015-11-18T09:41:24+00:00\",\"dateModified\":\"2020-02-24T14:07:53+00:00\",\"mainEntityOfPage\":{\"@id\":\"https:\\\/\\\/www.altercampagne.net\\\/?p=2492\"},\"wordCount\":215,\"image\":{\"@id\":\"https:\\\/\\\/www.altercampagne.net\\\/?p=2492#primaryimage\"},\"thumbnailUrl\":\"http:\\\/\\\/www.altercampagne.net\\\/wp-content\\\/uploads\\\/2015\\\/11\\\/Silence440bd.jpg\",\"keywords\":[\"revue Silence\",\"ogm\",\"\u00e9ducation populaire\",\"gr\u00e8ce\",\"\u00e9cologie\",\"tafta\",\"biocoop\",\"d\u00e9cembre 2015\",\"syrie\",\"silence\"],\"articleSection\":[\"Silence\"],\"inLanguage\":\"fr-FR\"},{\"@type\":\"WebPage\",\"@id\":\"https:\\\/\\\/www.altercampagne.net\\\/?p=2492\",\"url\":\"https:\\\/\\\/www.altercampagne.net\\\/?p=2492\",\"name\":\"Num\u00e9ro de Silence de d\u00e9cembre : Le renouveau de l'\u00e9ducation populaire - AlterTour\",\"isPartOf\":{\"@id\":\"https:\\\/\\\/www.altercampagne.net\\\/#website\"},\"primaryImageOfPage\":{\"@id\":\"https:\\\/\\\/www.altercampagne.net\\\/?p=2492#primaryimage\"},\"image\":{\"@id\":\"https:\\\/\\\/www.altercampagne.net\\\/?p=2492#primaryimage\"},\"thumbnailUrl\":\"http:\\\/\\\/www.altercampagne.net\\\/wp-content\\\/uploads\\\/2015\\\/11\\\/Silence440bd.jpg\",\"datePublished\":\"2015-11-18T09:41:24+00:00\",\"dateModified\":\"2020-02-24T14:07:53+00:00\",\"author\":{\"@id\":\"https:\\\/\\\/www.altercampagne.net\\\/#\\\/schema\\\/person\\\/0f261460c09e430caa0f9bcffa319109\"},\"breadcrumb\":{\"@id\":\"https:\\\/\\\/www.altercampagne.net\\\/?p=2492#breadcrumb\"},\"inLanguage\":\"fr-FR\",\"potentialAction\":[{\"@type\":\"ReadAction\",\"target\":[\"https:\\\/\\\/www.altercampagne.net\\\/?p=2492\"]}]},{\"@type\":\"ImageObject\",\"inLanguage\":\"fr-FR\",\"@id\":\"https:\\\/\\\/www.altercampagne.net\\\/?p=2492#primaryimage\",\"url\":\"http:\\\/\\\/www.altercampagne.net\\\/wp-content\\\/uploads\\\/2015\\\/11\\\/Silence440bd.jpg\",\"contentUrl\":\"http:\\\/\\\/www.altercampagne.net\\\/wp-content\\\/uploads\\\/2015\\\/11\\\/Silence440bd.jpg\"},{\"@type\":\"BreadcrumbList\",\"@id\":\"https:\\\/\\\/www.altercampagne.net\\\/?p=2492#breadcrumb\",\"itemListElement\":[{\"@type\":\"ListItem\",\"position\":1,\"name\":\"Accueil\",\"item\":\"https:\\\/\\\/www.altercampagne.net\\\/\"},{\"@type\":\"ListItem\",\"position\":2,\"name\":\"Num\u00e9ro de Silence de d\u00e9cembre : Le renouveau de l&rsquo;\u00e9ducation populaire\"}]},{\"@type\":\"WebSite\",\"@id\":\"https:\\\/\\\/www.altercampagne.net\\\/#website\",\"url\":\"https:\\\/\\\/www.altercampagne.net\\\/\",\"name\":\"AlterTour\",\"description\":\"Reliez les Alternatives \u00e0 v\u00e9lo\",\"potentialAction\":[{\"@type\":\"SearchAction\",\"target\":{\"@type\":\"EntryPoint\",\"urlTemplate\":\"https:\\\/\\\/www.altercampagne.net\\\/?s={search_term_string}\"},\"query-input\":{\"@type\":\"PropertyValueSpecification\",\"valueRequired\":true,\"valueName\":\"search_term_string\"}}],\"inLanguage\":\"fr-FR\"},{\"@type\":\"Person\",\"@id\":\"https:\\\/\\\/www.altercampagne.net\\\/#\\\/schema\\\/person\\\/0f261460c09e430caa0f9bcffa319109\",\"name\":\"Mathieu\",\"image\":{\"@type\":\"ImageObject\",\"inLanguage\":\"fr-FR\",\"@id\":\"https:\\\/\\\/secure.gravatar.com\\\/avatar\\\/aa9d3d24c83f2141e5e2709d0f63d09a99f6be6bb7a50abc4915838d9f54501a?s=96&d=mm&r=g\",\"url\":\"https:\\\/\\\/secure.gravatar.com\\\/avatar\\\/aa9d3d24c83f2141e5e2709d0f63d09a99f6be6bb7a50abc4915838d9f54501a?s=96&d=mm&r=g\",\"contentUrl\":\"https:\\\/\\\/secure.gravatar.com\\\/avatar\\\/aa9d3d24c83f2141e5e2709d0f63d09a99f6be6bb7a50abc4915838d9f54501a?s=96&d=mm&r=g\",\"caption\":\"Mathieu\"},\"url\":\"https:\\\/\\\/www.altercampagne.net\\\/?author=214\"}]}<\/script>\n<!-- \/ Yoast SEO plugin. -->","yoast_head_json":{"title":"Num\u00e9ro de Silence de d\u00e9cembre : Le renouveau de l'\u00e9ducation populaire - AlterTour","robots":{"index":"index","follow":"follow","max-snippet":"max-snippet:-1","max-image-preview":"max-image-preview:large","max-video-preview":"max-video-preview:-1"},"canonical":"https:\/\/www.altercampagne.net\/?p=2492","og_locale":"fr_FR","og_type":"article","og_title":"Num\u00e9ro de Silence de d\u00e9cembre : Le renouveau de l'\u00e9ducation populaire - AlterTour","og_description":"Le num\u00e9ro de d\u00e9cembre de la Revue Silence arrive dans vos boites aux lettres. Au sommaire : &#8211; Un dossier : Le renouveau de l&rsquo;\u00e9ducation populaire La famille, l&rsquo;\u00e9cole et la t\u00e9l\u00e9vision (puis l&rsquo;ordinateur, l&rsquo;Iphone, &#8230;). Dans notre soci\u00e9t\u00e9, les enfants et les \u00ab\u00a0jeunes\u00a0\u00bb seraient pris en charge alternativement par ... Read More","og_url":"https:\/\/www.altercampagne.net\/?p=2492","og_site_name":"AlterTour","article_published_time":"2015-11-18T09:41:24+00:00","article_modified_time":"2020-02-24T14:07:53+00:00","og_image":[{"url":"http:\/\/www.altercampagne.net\/wp-content\/uploads\/2015\/11\/Silence440bd.jpg","type":"","width":"","height":""}],"author":"Mathieu","twitter_card":"summary_large_image","twitter_misc":{"\u00c9crit par":"Mathieu","Dur\u00e9e de lecture estim\u00e9e":"1 minute"},"schema":{"@context":"https:\/\/schema.org","@graph":[{"@type":"Article","@id":"https:\/\/www.altercampagne.net\/?p=2492#article","isPartOf":{"@id":"https:\/\/www.altercampagne.net\/?p=2492"},"author":{"name":"Mathieu","@id":"https:\/\/www.altercampagne.net\/#\/schema\/person\/0f261460c09e430caa0f9bcffa319109"},"headline":"Num\u00e9ro de Silence de d\u00e9cembre : Le renouveau de l&rsquo;\u00e9ducation populaire","datePublished":"2015-11-18T09:41:24+00:00","dateModified":"2020-02-24T14:07:53+00:00","mainEntityOfPage":{"@id":"https:\/\/www.altercampagne.net\/?p=2492"},"wordCount":215,"image":{"@id":"https:\/\/www.altercampagne.net\/?p=2492#primaryimage"},"thumbnailUrl":"http:\/\/www.altercampagne.net\/wp-content\/uploads\/2015\/11\/Silence440bd.jpg","keywords":["revue Silence","ogm","\u00e9ducation populaire","gr\u00e8ce","\u00e9cologie","tafta","biocoop","d\u00e9cembre 2015","syrie","silence"],"articleSection":["Silence"],"inLanguage":"fr-FR"},{"@type":"WebPage","@id":"https:\/\/www.altercampagne.net\/?p=2492","url":"https:\/\/www.altercampagne.net\/?p=2492","name":"Num\u00e9ro de Silence de d\u00e9cembre : Le renouveau de l'\u00e9ducation populaire - AlterTour","isPartOf":{"@id":"https:\/\/www.altercampagne.net\/#website"},"primaryImageOfPage":{"@id":"https:\/\/www.altercampagne.net\/?p=2492#primaryimage"},"image":{"@id":"https:\/\/www.altercampagne.net\/?p=2492#primaryimage"},"thumbnailUrl":"http:\/\/www.altercampagne.net\/wp-content\/uploads\/2015\/11\/Silence440bd.jpg","datePublished":"2015-11-18T09:41:24+00:00","dateModified":"2020-02-24T14:07:53+00:00","author":{"@id":"https:\/\/www.altercampagne.net\/#\/schema\/person\/0f261460c09e430caa0f9bcffa319109"},"breadcrumb":{"@id":"https:\/\/www.altercampagne.net\/?p=2492#breadcrumb"},"inLanguage":"fr-FR","potentialAction":[{"@type":"ReadAction","target":["https:\/\/www.altercampagne.net\/?p=2492"]}]},{"@type":"ImageObject","inLanguage":"fr-FR","@id":"https:\/\/www.altercampagne.net\/?p=2492#primaryimage","url":"http:\/\/www.altercampagne.net\/wp-content\/uploads\/2015\/11\/Silence440bd.jpg","contentUrl":"http:\/\/www.altercampagne.net\/wp-content\/uploads\/2015\/11\/Silence440bd.jpg"},{"@type":"BreadcrumbList","@id":"https:\/\/www.altercampagne.net\/?p=2492#breadcrumb","itemListElement":[{"@type":"ListItem","position":1,"name":"Accueil","item":"https:\/\/www.altercampagne.net\/"},{"@type":"ListItem","position":2,"name":"Num\u00e9ro de Silence de d\u00e9cembre : Le renouveau de l&rsquo;\u00e9ducation populaire"}]},{"@type":"WebSite","@id":"https:\/\/www.altercampagne.net\/#website","url":"https:\/\/www.altercampagne.net\/","name":"AlterTour","description":"Reliez les Alternatives \u00e0 v\u00e9lo","potentialAction":[{"@type":"SearchAction","target":{"@type":"EntryPoint","urlTemplate":"https:\/\/www.altercampagne.net\/?s={search_term_string}"},"query-input":{"@type":"PropertyValueSpecification","valueRequired":true,"valueName":"search_term_string"}}],"inLanguage":"fr-FR"},{"@type":"Person","@id":"https:\/\/www.altercampagne.net\/#\/schema\/person\/0f261460c09e430caa0f9bcffa319109","name":"Mathieu","image":{"@type":"ImageObject","inLanguage":"fr-FR","@id":"https:\/\/secure.gravatar.com\/avatar\/aa9d3d24c83f2141e5e2709d0f63d09a99f6be6bb7a50abc4915838d9f54501a?s=96&d=mm&r=g","url":"https:\/\/secure.gravatar.com\/avatar\/aa9d3d24c83f2141e5e2709d0f63d09a99f6be6bb7a50abc4915838d9f54501a?s=96&d=mm&r=g","contentUrl":"https:\/\/secure.gravatar.com\/avatar\/aa9d3d24c83f2141e5e2709d0f63d09a99f6be6bb7a50abc4915838d9f54501a?s=96&d=mm&r=g","caption":"Mathieu"},"url":"https:\/\/www.altercampagne.net\/?author=214"}]}},"_links":{"self":[{"href":"https:\/\/www.altercampagne.net\/index.php?rest_route=\/wp\/v2\/posts\/2492","targetHints":{"allow":["GET"]}}],"collection":[{"href":"https:\/\/www.altercampagne.net\/index.php?rest_route=\/wp\/v2\/posts"}],"about":[{"href":"https:\/\/www.altercampagne.net\/index.php?rest_route=\/wp\/v2\/types\/post"}],"author":[{"embeddable":true,"href":"https:\/\/www.altercampagne.net\/index.php?rest_route=\/wp\/v2\/users\/214"}],"replies":[{"embeddable":true,"href":"https:\/\/www.altercampagne.net\/index.php?rest_route=%2Fwp%2Fv2%2Fcomments&post=2492"}],"version-history":[{"count":1,"href":"https:\/\/www.altercampagne.net\/index.php?rest_route=\/wp\/v2\/posts\/2492\/revisions"}],"predecessor-version":[{"id":17339,"href":"https:\/\/www.altercampagne.net\/index.php?rest_route=\/wp\/v2\/posts\/2492\/revisions\/17339"}],"wp:attachment":[{"href":"https:\/\/www.altercampagne.net\/index.php?rest_route=%2Fwp%2Fv2%2Fmedia&parent=2492"}],"wp:term":[{"taxonomy":"category","embeddable":true,"href":"https:\/\/www.altercampagne.net\/index.php?rest_route=%2Fwp%2Fv2%2Fcategories&post=2492"},{"taxonomy":"post_tag","embeddable":true,"href":"https:\/\/www.altercampagne.net\/index.php?rest_route=%2Fwp%2Fv2%2Ftags&post=2492"}],"curies":[{"name":"wp","href":"https:\/\/api.w.org\/{rel}","templated":true}]}}