{"id":24921,"date":"2022-04-25T16:26:19","date_gmt":"2022-04-25T14:26:19","guid":{"rendered":"https:\/\/www.altercampagne.net\/?p=24921"},"modified":"2022-04-25T16:26:20","modified_gmt":"2022-04-25T14:26:20","slug":"tribu-vivace","status":"publish","type":"post","link":"https:\/\/www.altercampagne.net\/?p=24921","title":{"rendered":"Tribu Vivace, un r\u00eave de collectif nomade pour inspirer"},"content":{"rendered":"\n<p><\/p>\n\n\n\n<h5 class=\"wp-block-heading\">\u2022 Une histoire de yourte<\/h5>\n\n\n\n<p>Il y a tout juste quinze ans, pendant que certain\u00b7es se lan\u00e7aient dans le challenge d\u2019un tour \u00e0 v\u00e9lo engag\u00e9 (aujourd\u2019hui connu sous le nom d\u2019\u00ab&nbsp;AlterTour&nbsp;\u00bb), <strong>un jeune homme de 36 ans se lan\u00e7ait dans la construction de sa premi\u00e8re yourte<\/strong>. Puis l\u2019engrenage a pris, ann\u00e9e apr\u00e8s ann\u00e9e. Alors que les altercyclistes exploraient les alternatives sur les routes de la France, Alain s\u2019est pris de passion pour les yourtes et en a construit plus de trois cents. <strong>Aujourd\u2019hui dans les collines des C\u00e9vennes c\u2019est un v\u00e9ritable \u00ab&nbsp;petit village t\u00e9moin&nbsp;\u00bb<\/strong> qui a \u00e9merg\u00e9&nbsp;: plusieurs yourtes, deux roulottes, des cabanes dans les arbres. C\u2019est un univers \u00e0 part. Quinze personnes peuvent y habiter, pour apprendre \u00e0 construire leur yourte lors d\u2019un stage avec Alain ou pour passer par curiosit\u00e9.<\/p>\n\n\n\n<figure class=\"wp-block-image size-large\"><img decoding=\"async\" src=\"https:\/\/www.tribuvivace.org\/system\/files\/2019-04\/Crabane1.jpg\" alt=\"\"\/><figcaption>Dans la caravane de cabanes \u00e0 v\u00e9los !<\/figcaption><\/figure>\n\n\n\n<h5 class=\"wp-block-heading\">\u2022 Revisiter le r\u00eave de confort<\/h5>\n\n\n\n<p>Mais pourquoi cette folle envie d\u2019habitat nomade&nbsp;? Certains r\u00eavent de villas avec jardin, d\u2019autres de yourtes. Ces r\u00eaves ne sont pas bien diff\u00e9rents sur le papier, la yourte se pose souvent dans un petit coin v\u00e9g\u00e9talis\u00e9 pour mieux profiter de notre environnement. Mais la comparaison s\u2019arr\u00eate l\u00e0. Le vrai plus de la yourte c\u2019est son aptitude \u00e0 se fondre dans la nature&nbsp;: on entend les oiseaux, il y a beaucoup de lumi\u00e8re, de l\u2019espace et c\u2019est bien isol\u00e9. Un vrai confort. Une reconnexion au vivant qui, il y a quinze ans, n\u2019\u00e9tait pas autant \u00e9voqu\u00e9e qu\u2019aujourd\u2019hui. Depuis, Alain ne peut plus vivre dans une maison classique, m\u00eame s\u2019il s\u2019en est construit une par le pass\u00e9 sur son terrain. <\/p>\n\n\n\n<p><strong>Derri\u00e8re cette r\u00e9interpr\u00e9tation du confort se cachent aussi un requestionnement des racines de l\u2019actuelle soci\u00e9t\u00e9 <\/strong>(id\u00e9aux de confort, rapport \u00e0 notre environnement, construction de pavillon, place de la finance, individualisme, d\u00e9pendance aux \u00e9nergies\u2026) et l\u2019envie d\u2019aller au-del\u00e0 des critiques pour exp\u00e9rimenter d\u2019autres possibles. Alain, avec ses v\u00eatements habilement rapi\u00e9c\u00e9s, explique qu\u2019il ne trouve pas cela normal de passer sa vie avec un cr\u00e9dit pour se loger, ni de polluer en permanence. Ainsi construire sa yourte est accessible \u00e0 la fois financi\u00e8rement et techniquement. Une yourte permet aussi de r\u00e9duire son impact environnemental gr\u00e2ce aux mat\u00e9riaux utilis\u00e9s et \u00e0 sa mobilit\u00e9&nbsp;: elle est d\u00e9montable et remontable sans laisser d\u2019impact sur le terrain, une vraie diff\u00e9rence avec les techniques de BTP actuelles de plus en plus d\u00e9cri\u00e9es. Vivre en yourte sans \u00e9nergie fossile, ou du moins avec le moins possible\u2026 c\u2019est possible.<\/p>\n\n\n\n<h5 class=\"wp-block-heading\">\u2022 Une parenth\u00e8se collective mobile pour inspirer<\/h5>\n\n\n\n<p>Tribu Vivace c\u2019est aussi la volont\u00e9 de partager ces id\u00e9es par l\u2019exemple et la pratique. Les stages de confection de yourtes permettent de transmettre \u00e0 celles et ceux qui sont en demande. Mais le constructeur a voulu aller encore plus loin en inspirant sur les routes avec la force d\u2019un collectif o\u00f9 les enfants avaient une importance particuli\u00e8re. Il a d\u2019abord commenc\u00e9 par faire l\u2019\u00e9cole \u00e0 la maison \u00e0 sa fille, <strong>puis a mont\u00e9 des collectifs pour construire des cabanes et les tirer \u00e0 v\u00e9lo<\/strong>. Une tribu nomade qui venait \u00e9branler les mod\u00e8les bien ancr\u00e9s d\u2019\u00e9ducation entre quatre murs et d\u2019habitats individuels obtenus au prix d\u2019un dur labeur et sous le poids d\u2019un pr\u00eat institutionnel int\u00e9ress\u00e9. Malheureusement si le projet a exist\u00e9, il a \u00e9t\u00e9 \u00e9ph\u00e9m\u00e8re. L\u2019animation d\u2019un collectif n\u2019\u00e9tant pas toujours ais\u00e9e.<\/p>\n\n\n\n<figure class=\"wp-block-image size-large\"><img decoding=\"async\" src=\"https:\/\/www.tribuvivace.org\/system\/files\/2019-04\/PICT0001.JPG\" alt=\"\"\/><figcaption>Une des yourtes construite par Alain<\/figcaption><\/figure>\n\n\n\n<h5 class=\"wp-block-heading\">\u2022 Et maintenant&nbsp;? Construire et transmettre toujours<\/h5>\n\n\n\n<p>C\u2019est non plus sur deux roues, mais deux coques que l\u2019aventure semble \u00e0 pr\u00e9sent se profiler. Grand voyageur, Alain r\u00eave de construire un catamaran. Il a beaucoup lutt\u00e9 pour transmettre ses id\u00e9es en collectif. D\u00e9courag\u00e9 par la capacit\u00e9 de l\u2019\u00eatre-humain \u00e0 polluer sans r\u00e9elle \u00e9volution positive, il se recentre sur l\u2019\u00e9ducation de ses enfants et souhaite leur transmettre sa passion pour en faire des b\u00e2tisseur\u00b7euses\u2026 de yourtes&nbsp;? de cabanes mobiles&nbsp;? de bateaux&nbsp;? ou bien tout simplement d\u2019une soci\u00e9t\u00e9 un peu meilleure.<\/p>\n\n\n\n<p><em><strong>Pour plus d&rsquo;informations :<\/strong><\/em><br>Les trouver dans le monde r\u00e9el : Drouilh\u00e8des, 30160 Peyremale. <br>Les trouver sur <a href=\"https:\/\/www.tribuvivace.org\/\" target=\"_blank\" rel=\"noreferrer noopener\">internet <\/a>ou sur les <a href=\"https:\/\/www.facebook.com\/Tribuvivace30\" target=\"_blank\" rel=\"noreferrer noopener\">r\u00e9seaux<\/a>.<a href=\"https:\/\/www.tribuvivace.org\/?fbclid=IwAR0rAfhCqVcNEtejrGnxoG2l2VJpBADayG8bvugFeEU8_PXwYLHRD0DWPOU\"> <\/a><\/p>\n\n\n\n<hr class=\"wp-block-separator\"\/>\n\n\n\n<p class=\"has-text-align-right\"><em>Christine<\/em><\/p>\n","protected":false},"excerpt":{"rendered":"<p>\u2022 Une histoire de yourte Il y a tout juste quinze ans, pendant que certain\u00b7es se lan\u00e7aient dans le challenge d\u2019un tour \u00e0 v\u00e9lo engag\u00e9 (aujourd\u2019hui connu sous le nom d\u2019\u00ab&nbsp;AlterTour&nbsp;\u00bb), un jeune homme de 36 ans se lan\u00e7ait dans la construction de sa premi\u00e8re yourte. Puis l\u2019engrenage a pris, &#8230; <\/p>\n<div><a href=\"https:\/\/www.altercampagne.net\/?p=24921\" class=\"more-link\">Read More<\/a><\/div>\n","protected":false},"author":361,"featured_media":24922,"comment_status":"closed","ping_status":"closed","sticky":false,"template":"","format":"standard","meta":{"footnotes":""},"categories":[4311,4357,3231,3486,3485,3480],"tags":[1720,4386,4387],"class_list":["post-24921","post","type-post","status-publish","format-standard","has-post-thumbnail","hentry","category-alter-d-tour","category-edition-2022","category-echappee-belle","category-environnement","category-habitat","category-occitanie","tag-yourte","tag-tribu-vivace","tag-nomadisme"],"yoast_head":"<!-- This site is optimized with the Yoast SEO plugin v27.3 - https:\/\/yoast.com\/product\/yoast-seo-wordpress\/ -->\n<title>Tribu Vivace, un r\u00eave de collectif nomade pour inspirer - AlterTour<\/title>\n<meta name=\"description\" content=\"Dans les C\u00e9vennes, un dr\u00f4le de village de yourtes et de cabanes qui parfois se d\u00e9place \u00e0 coup de p\u00e9dales... l&#039;Alter-D-Tour leur rendra visite cet \u00e9t\u00e9.\" \/>\n<meta name=\"robots\" content=\"index, follow, max-snippet:-1, max-image-preview:large, max-video-preview:-1\" \/>\n<link rel=\"canonical\" href=\"https:\/\/www.altercampagne.net\/?p=24921\" \/>\n<meta property=\"og:locale\" content=\"fr_FR\" \/>\n<meta property=\"og:type\" content=\"article\" \/>\n<meta property=\"og:title\" content=\"Tribu Vivace, un r\u00eave de collectif nomade pour inspirer - AlterTour\" \/>\n<meta property=\"og:description\" content=\"Dans les C\u00e9vennes, un dr\u00f4le de village de yourtes et de cabanes qui parfois se d\u00e9place \u00e0 coup de p\u00e9dales... l&#039;Alter-D-Tour leur rendra visite cet \u00e9t\u00e9.\" \/>\n<meta property=\"og:url\" content=\"https:\/\/www.altercampagne.net\/?p=24921\" \/>\n<meta property=\"og:site_name\" content=\"AlterTour\" \/>\n<meta property=\"article:published_time\" content=\"2022-04-25T14:26:19+00:00\" \/>\n<meta property=\"article:modified_time\" content=\"2022-04-25T14:26:20+00:00\" \/>\n<meta property=\"og:image\" content=\"https:\/\/www.altercampagne.net\/wp-content\/uploads\/2022\/04\/Carabane21.jpg\" \/>\n\t<meta property=\"og:image:width\" content=\"600\" \/>\n\t<meta property=\"og:image:height\" content=\"398\" \/>\n\t<meta property=\"og:image:type\" content=\"image\/jpeg\" \/>\n<meta name=\"author\" content=\"Pauline\" \/>\n<meta name=\"twitter:card\" content=\"summary_large_image\" \/>\n<meta name=\"twitter:label1\" content=\"\u00c9crit par\" \/>\n\t<meta name=\"twitter:data1\" content=\"Pauline\" \/>\n\t<meta name=\"twitter:label2\" content=\"Dur\u00e9e de lecture estim\u00e9e\" \/>\n\t<meta name=\"twitter:data2\" content=\"4 minutes\" \/>\n<script type=\"application\/ld+json\" class=\"yoast-schema-graph\">{\"@context\":\"https:\\\/\\\/schema.org\",\"@graph\":[{\"@type\":\"Article\",\"@id\":\"https:\\\/\\\/www.altercampagne.net\\\/?p=24921#article\",\"isPartOf\":{\"@id\":\"https:\\\/\\\/www.altercampagne.net\\\/?p=24921\"},\"author\":{\"name\":\"Pauline\",\"@id\":\"https:\\\/\\\/www.altercampagne.net\\\/#\\\/schema\\\/person\\\/caf30ed73e072285b8f761300370ddb5\"},\"headline\":\"Tribu Vivace, un r\u00eave de collectif nomade pour inspirer\",\"datePublished\":\"2022-04-25T14:26:19+00:00\",\"dateModified\":\"2022-04-25T14:26:20+00:00\",\"mainEntityOfPage\":{\"@id\":\"https:\\\/\\\/www.altercampagne.net\\\/?p=24921\"},\"wordCount\":769,\"image\":{\"@id\":\"https:\\\/\\\/www.altercampagne.net\\\/?p=24921#primaryimage\"},\"thumbnailUrl\":\"https:\\\/\\\/www.altercampagne.net\\\/wp-content\\\/uploads\\\/2022\\\/04\\\/Carabane21.jpg\",\"keywords\":[\"yourte\",\"Tribu vivace\",\"nomadisme\"],\"articleSection\":[\"Alter-D-tour\",\"Edition 2022\",\"Echapp\u00e9e Belle\",\"Environnement\",\"Habitat\",\"Occitanie\"],\"inLanguage\":\"fr-FR\"},{\"@type\":\"WebPage\",\"@id\":\"https:\\\/\\\/www.altercampagne.net\\\/?p=24921\",\"url\":\"https:\\\/\\\/www.altercampagne.net\\\/?p=24921\",\"name\":\"Tribu Vivace, un r\u00eave de collectif nomade pour inspirer - AlterTour\",\"isPartOf\":{\"@id\":\"https:\\\/\\\/www.altercampagne.net\\\/#website\"},\"primaryImageOfPage\":{\"@id\":\"https:\\\/\\\/www.altercampagne.net\\\/?p=24921#primaryimage\"},\"image\":{\"@id\":\"https:\\\/\\\/www.altercampagne.net\\\/?p=24921#primaryimage\"},\"thumbnailUrl\":\"https:\\\/\\\/www.altercampagne.net\\\/wp-content\\\/uploads\\\/2022\\\/04\\\/Carabane21.jpg\",\"datePublished\":\"2022-04-25T14:26:19+00:00\",\"dateModified\":\"2022-04-25T14:26:20+00:00\",\"author\":{\"@id\":\"https:\\\/\\\/www.altercampagne.net\\\/#\\\/schema\\\/person\\\/caf30ed73e072285b8f761300370ddb5\"},\"description\":\"Dans les C\u00e9vennes, un dr\u00f4le de village de yourtes et de cabanes qui parfois se d\u00e9place \u00e0 coup de p\u00e9dales... l'Alter-D-Tour leur rendra visite cet \u00e9t\u00e9.\",\"breadcrumb\":{\"@id\":\"https:\\\/\\\/www.altercampagne.net\\\/?p=24921#breadcrumb\"},\"inLanguage\":\"fr-FR\",\"potentialAction\":[{\"@type\":\"ReadAction\",\"target\":[\"https:\\\/\\\/www.altercampagne.net\\\/?p=24921\"]}]},{\"@type\":\"ImageObject\",\"inLanguage\":\"fr-FR\",\"@id\":\"https:\\\/\\\/www.altercampagne.net\\\/?p=24921#primaryimage\",\"url\":\"https:\\\/\\\/www.altercampagne.net\\\/wp-content\\\/uploads\\\/2022\\\/04\\\/Carabane21.jpg\",\"contentUrl\":\"https:\\\/\\\/www.altercampagne.net\\\/wp-content\\\/uploads\\\/2022\\\/04\\\/Carabane21.jpg\",\"width\":600,\"height\":398},{\"@type\":\"BreadcrumbList\",\"@id\":\"https:\\\/\\\/www.altercampagne.net\\\/?p=24921#breadcrumb\",\"itemListElement\":[{\"@type\":\"ListItem\",\"position\":1,\"name\":\"Accueil\",\"item\":\"https:\\\/\\\/www.altercampagne.net\\\/\"},{\"@type\":\"ListItem\",\"position\":2,\"name\":\"Tribu Vivace, un r\u00eave de collectif nomade pour inspirer\"}]},{\"@type\":\"WebSite\",\"@id\":\"https:\\\/\\\/www.altercampagne.net\\\/#website\",\"url\":\"https:\\\/\\\/www.altercampagne.net\\\/\",\"name\":\"AlterTour\",\"description\":\"Reliez les Alternatives \u00e0 v\u00e9lo\",\"potentialAction\":[{\"@type\":\"SearchAction\",\"target\":{\"@type\":\"EntryPoint\",\"urlTemplate\":\"https:\\\/\\\/www.altercampagne.net\\\/?s={search_term_string}\"},\"query-input\":{\"@type\":\"PropertyValueSpecification\",\"valueRequired\":true,\"valueName\":\"search_term_string\"}}],\"inLanguage\":\"fr-FR\"},{\"@type\":\"Person\",\"@id\":\"https:\\\/\\\/www.altercampagne.net\\\/#\\\/schema\\\/person\\\/caf30ed73e072285b8f761300370ddb5\",\"name\":\"Pauline\",\"image\":{\"@type\":\"ImageObject\",\"inLanguage\":\"fr-FR\",\"@id\":\"https:\\\/\\\/secure.gravatar.com\\\/avatar\\\/f84b78638c34b3d6ac7339a8ef00413d11da3b09ee578a762504104ff060cde7?s=96&d=mm&r=g\",\"url\":\"https:\\\/\\\/secure.gravatar.com\\\/avatar\\\/f84b78638c34b3d6ac7339a8ef00413d11da3b09ee578a762504104ff060cde7?s=96&d=mm&r=g\",\"contentUrl\":\"https:\\\/\\\/secure.gravatar.com\\\/avatar\\\/f84b78638c34b3d6ac7339a8ef00413d11da3b09ee578a762504104ff060cde7?s=96&d=mm&r=g\",\"caption\":\"Pauline\"},\"url\":\"https:\\\/\\\/www.altercampagne.net\\\/?author=361\"}]}<\/script>\n<!-- \/ Yoast SEO plugin. -->","yoast_head_json":{"title":"Tribu Vivace, un r\u00eave de collectif nomade pour inspirer - AlterTour","description":"Dans les C\u00e9vennes, un dr\u00f4le de village de yourtes et de cabanes qui parfois se d\u00e9place \u00e0 coup de p\u00e9dales... l'Alter-D-Tour leur rendra visite cet \u00e9t\u00e9.","robots":{"index":"index","follow":"follow","max-snippet":"max-snippet:-1","max-image-preview":"max-image-preview:large","max-video-preview":"max-video-preview:-1"},"canonical":"https:\/\/www.altercampagne.net\/?p=24921","og_locale":"fr_FR","og_type":"article","og_title":"Tribu Vivace, un r\u00eave de collectif nomade pour inspirer - AlterTour","og_description":"Dans les C\u00e9vennes, un dr\u00f4le de village de yourtes et de cabanes qui parfois se d\u00e9place \u00e0 coup de p\u00e9dales... l'Alter-D-Tour leur rendra visite cet \u00e9t\u00e9.","og_url":"https:\/\/www.altercampagne.net\/?p=24921","og_site_name":"AlterTour","article_published_time":"2022-04-25T14:26:19+00:00","article_modified_time":"2022-04-25T14:26:20+00:00","og_image":[{"width":600,"height":398,"url":"https:\/\/www.altercampagne.net\/wp-content\/uploads\/2022\/04\/Carabane21.jpg","type":"image\/jpeg"}],"author":"Pauline","twitter_card":"summary_large_image","twitter_misc":{"\u00c9crit par":"Pauline","Dur\u00e9e de lecture estim\u00e9e":"4 minutes"},"schema":{"@context":"https:\/\/schema.org","@graph":[{"@type":"Article","@id":"https:\/\/www.altercampagne.net\/?p=24921#article","isPartOf":{"@id":"https:\/\/www.altercampagne.net\/?p=24921"},"author":{"name":"Pauline","@id":"https:\/\/www.altercampagne.net\/#\/schema\/person\/caf30ed73e072285b8f761300370ddb5"},"headline":"Tribu Vivace, un r\u00eave de collectif nomade pour inspirer","datePublished":"2022-04-25T14:26:19+00:00","dateModified":"2022-04-25T14:26:20+00:00","mainEntityOfPage":{"@id":"https:\/\/www.altercampagne.net\/?p=24921"},"wordCount":769,"image":{"@id":"https:\/\/www.altercampagne.net\/?p=24921#primaryimage"},"thumbnailUrl":"https:\/\/www.altercampagne.net\/wp-content\/uploads\/2022\/04\/Carabane21.jpg","keywords":["yourte","Tribu vivace","nomadisme"],"articleSection":["Alter-D-tour","Edition 2022","Echapp\u00e9e Belle","Environnement","Habitat","Occitanie"],"inLanguage":"fr-FR"},{"@type":"WebPage","@id":"https:\/\/www.altercampagne.net\/?p=24921","url":"https:\/\/www.altercampagne.net\/?p=24921","name":"Tribu Vivace, un r\u00eave de collectif nomade pour inspirer - AlterTour","isPartOf":{"@id":"https:\/\/www.altercampagne.net\/#website"},"primaryImageOfPage":{"@id":"https:\/\/www.altercampagne.net\/?p=24921#primaryimage"},"image":{"@id":"https:\/\/www.altercampagne.net\/?p=24921#primaryimage"},"thumbnailUrl":"https:\/\/www.altercampagne.net\/wp-content\/uploads\/2022\/04\/Carabane21.jpg","datePublished":"2022-04-25T14:26:19+00:00","dateModified":"2022-04-25T14:26:20+00:00","author":{"@id":"https:\/\/www.altercampagne.net\/#\/schema\/person\/caf30ed73e072285b8f761300370ddb5"},"description":"Dans les C\u00e9vennes, un dr\u00f4le de village de yourtes et de cabanes qui parfois se d\u00e9place \u00e0 coup de p\u00e9dales... l'Alter-D-Tour leur rendra visite cet \u00e9t\u00e9.","breadcrumb":{"@id":"https:\/\/www.altercampagne.net\/?p=24921#breadcrumb"},"inLanguage":"fr-FR","potentialAction":[{"@type":"ReadAction","target":["https:\/\/www.altercampagne.net\/?p=24921"]}]},{"@type":"ImageObject","inLanguage":"fr-FR","@id":"https:\/\/www.altercampagne.net\/?p=24921#primaryimage","url":"https:\/\/www.altercampagne.net\/wp-content\/uploads\/2022\/04\/Carabane21.jpg","contentUrl":"https:\/\/www.altercampagne.net\/wp-content\/uploads\/2022\/04\/Carabane21.jpg","width":600,"height":398},{"@type":"BreadcrumbList","@id":"https:\/\/www.altercampagne.net\/?p=24921#breadcrumb","itemListElement":[{"@type":"ListItem","position":1,"name":"Accueil","item":"https:\/\/www.altercampagne.net\/"},{"@type":"ListItem","position":2,"name":"Tribu Vivace, un r\u00eave de collectif nomade pour inspirer"}]},{"@type":"WebSite","@id":"https:\/\/www.altercampagne.net\/#website","url":"https:\/\/www.altercampagne.net\/","name":"AlterTour","description":"Reliez les Alternatives \u00e0 v\u00e9lo","potentialAction":[{"@type":"SearchAction","target":{"@type":"EntryPoint","urlTemplate":"https:\/\/www.altercampagne.net\/?s={search_term_string}"},"query-input":{"@type":"PropertyValueSpecification","valueRequired":true,"valueName":"search_term_string"}}],"inLanguage":"fr-FR"},{"@type":"Person","@id":"https:\/\/www.altercampagne.net\/#\/schema\/person\/caf30ed73e072285b8f761300370ddb5","name":"Pauline","image":{"@type":"ImageObject","inLanguage":"fr-FR","@id":"https:\/\/secure.gravatar.com\/avatar\/f84b78638c34b3d6ac7339a8ef00413d11da3b09ee578a762504104ff060cde7?s=96&d=mm&r=g","url":"https:\/\/secure.gravatar.com\/avatar\/f84b78638c34b3d6ac7339a8ef00413d11da3b09ee578a762504104ff060cde7?s=96&d=mm&r=g","contentUrl":"https:\/\/secure.gravatar.com\/avatar\/f84b78638c34b3d6ac7339a8ef00413d11da3b09ee578a762504104ff060cde7?s=96&d=mm&r=g","caption":"Pauline"},"url":"https:\/\/www.altercampagne.net\/?author=361"}]}},"_links":{"self":[{"href":"https:\/\/www.altercampagne.net\/index.php?rest_route=\/wp\/v2\/posts\/24921","targetHints":{"allow":["GET"]}}],"collection":[{"href":"https:\/\/www.altercampagne.net\/index.php?rest_route=\/wp\/v2\/posts"}],"about":[{"href":"https:\/\/www.altercampagne.net\/index.php?rest_route=\/wp\/v2\/types\/post"}],"author":[{"embeddable":true,"href":"https:\/\/www.altercampagne.net\/index.php?rest_route=\/wp\/v2\/users\/361"}],"replies":[{"embeddable":true,"href":"https:\/\/www.altercampagne.net\/index.php?rest_route=%2Fwp%2Fv2%2Fcomments&post=24921"}],"version-history":[{"count":2,"href":"https:\/\/www.altercampagne.net\/index.php?rest_route=\/wp\/v2\/posts\/24921\/revisions"}],"predecessor-version":[{"id":25223,"href":"https:\/\/www.altercampagne.net\/index.php?rest_route=\/wp\/v2\/posts\/24921\/revisions\/25223"}],"wp:featuredmedia":[{"embeddable":true,"href":"https:\/\/www.altercampagne.net\/index.php?rest_route=\/wp\/v2\/media\/24922"}],"wp:attachment":[{"href":"https:\/\/www.altercampagne.net\/index.php?rest_route=%2Fwp%2Fv2%2Fmedia&parent=24921"}],"wp:term":[{"taxonomy":"category","embeddable":true,"href":"https:\/\/www.altercampagne.net\/index.php?rest_route=%2Fwp%2Fv2%2Fcategories&post=24921"},{"taxonomy":"post_tag","embeddable":true,"href":"https:\/\/www.altercampagne.net\/index.php?rest_route=%2Fwp%2Fv2%2Ftags&post=24921"}],"curies":[{"name":"wp","href":"https:\/\/api.w.org\/{rel}","templated":true}]}}