{"id":24924,"date":"2022-04-20T16:11:39","date_gmt":"2022-04-20T14:11:39","guid":{"rendered":"https:\/\/www.altercampagne.net\/?p=24924"},"modified":"2022-05-04T09:44:18","modified_gmt":"2022-05-04T07:44:18","slug":"batir-vivant","status":"publish","type":"post","link":"https:\/\/www.altercampagne.net\/?p=24924","title":{"rendered":"Vers l&rsquo;autonomie joyeuse et responsable : B\u00e2tir vivant"},"content":{"rendered":"\n<p>Vers l\u2019autonomie joyeuse et responsable est la devise de l\u2019association <strong>B\u00e2tir vivant<\/strong>. Am\u00e9lie Perrault et Vincent Minck l\u2019ont fond\u00e9e en mars&nbsp;2018 \u00e0 Saint Laurent la Vern\u00e8de, o\u00f9 iels ont aussi install\u00e9 leur foyer avec leurs enfants. <strong>Les deux ont eu des parcours riches et singuliers avant de se rencontrer,<\/strong> elle infirmi\u00e8re, clown puis mara\u00eech\u00e8re, lui auteur de BD, illustrateur et voyageur au long cours avant de se reconvertir dans l\u2019\u00e9co-construction.<\/p>\n\n\n\n<figure class=\"wp-block-image size-large\"><a href=\"https:\/\/www.altercampagne.net\/wp-content\/uploads\/2022\/04\/batirvivnt2.jpg\"><img loading=\"lazy\" decoding=\"async\" width=\"765\" height=\"574\" src=\"https:\/\/www.altercampagne.net\/wp-content\/uploads\/2022\/04\/batirvivnt2.jpg\" alt=\"\" class=\"wp-image-24927\" srcset=\"https:\/\/www.altercampagne.net\/wp-content\/uploads\/2022\/04\/batirvivnt2.jpg 765w, https:\/\/www.altercampagne.net\/wp-content\/uploads\/2022\/04\/batirvivnt2-300x225.jpg 300w, https:\/\/www.altercampagne.net\/wp-content\/uploads\/2022\/04\/batirvivnt2-610x458.jpg 610w, https:\/\/www.altercampagne.net\/wp-content\/uploads\/2022\/04\/batirvivnt2-100x75.jpg 100w\" sizes=\"auto, (max-width: 765px) 100vw, 765px\" \/><\/a><\/figure>\n\n\n\n<h5 class=\"wp-block-heading\">Une multiplicit\u00e9 d&rsquo;ateliers anim\u00e9s par qui a des savoirs \u00e0 partager<\/h5>\n\n\n\n<p>Le ma\u00eetre-mot de leur association est <strong>le partage et l\u2019\u00e9change<\/strong>, avec la volont\u00e9 de proposer des occasions de se rencontrer lors d\u2019ateliers anim\u00e9s par ses fondateur\u00b7ices \u2013 ou tout adh\u00e9rent\u00b7e ayant des savoirs \u00e0 partager. En t\u00e9moigne leur planning d\u2019activit\u00e9&nbsp;: la balade botanique pour d\u00e9couvrir les plantes sauvages m\u00e9dicinales, les rendez-vous du potager pour explorer les associations de plantes et la transformation en purin, teinture, sirop ou baume, s\u2019intercalent avec des dates pour explorer la cr\u00e9ativit\u00e9&nbsp;: danse, chant, \u00e9criture\u2026 Outre les plantes, <strong>un pilier de l\u2019association reste la construction.<\/strong> \u00c0 travers des ateliers p\u00e9dagogiques ou des chantiers participatifs, on pourra se former \u00e0 la construction de four \u00e0 pain, aux enduits de terre ou \u00e0 la chaux, \u00e0 la fabrication de murs de diff\u00e9rentes techniques terre. Toujours avec une attention aux mat\u00e9riaux, sains et naturels, (terre, paille, bois) et aux \u00e9nergies qui infusent les sols et les lieux avec la g\u00e9obiologie. En somme <strong>une cr\u00e9ativit\u00e9 tous azimuts qui s\u2019enracine dans les plantes et la terre<\/strong> pour se nourrir, se soigner, prendre soin du corps et l\u2019abriter.<\/p>\n\n\n\n<figure class=\"wp-block-image size-large\"><img decoding=\"async\" src=\"https:\/\/1.bp.blogspot.com\/-gmfpW987QCY\/XyWWu0ApG5I\/AAAAAAAABU0\/mHyJ2kMCDzUF0jukFaLsDTqaGQHa-jN4wCLcBGAsYHQ\/s1600\/PEINTURE_VEGETALE_2020%2B%252817%2529.jpg\" alt=\"\"\/><figcaption>Atelier de peinture v\u00e9g\u00e9tale<\/figcaption><\/figure>\n\n\n\n<h5 class=\"wp-block-heading\">Et si on se donnait rendez vous dans quinze ans ?<\/h5>\n\n\n\n<p><strong>\u00ab&nbsp;<\/strong>Dans quinze ans je me projette dans de l\u2019abondance. <strong>Pas tant une richesse mat\u00e9rielle et p\u00e9cuniaire qu\u2019agricole et foresti\u00e8re<\/strong>. Je souhaite avancer sur un chemin vers l\u2019autonomie gr\u00e2ce aux semences et en plantant une multitude d\u2019arbres fruitiers. Pour l\u2019instant nous louons un terrain, nous aimerions en acheter un pour notre projet de vie personnel et pour l\u2019association. Sur ce terrain nous planterions des arbres, des plantes vivaces et nous chercherions \u00e0 r\u00e9g\u00e9n\u00e9rer le sol pour avoir une terre fertile, avec les arbres on s\u2019assure d\u2019avoir de la vie dans le sol.<strong> La vie du sol, la r\u00e9tention de l\u2019eau, la profusion de ressources alimentaires, tout \u00e7a est li\u00e9<\/strong>.<\/p>\n\n\n\n<p>Nous sommes issus d\u2019un milieu populaire donc nous avons constat\u00e9 qu\u2019il y a deux chemins pour avancer vers l\u2019autonomie&nbsp;: soit on a de l\u2019argent donc on peut faire des formations payantes et acheter de la terre, soit on n\u2019en a pas, et l\u00e0 on fait avec la d\u00e9brouille&nbsp;! Pour \u00e7a <strong>c\u2019est important pour nous d\u2019ouvrir l\u2019acc\u00e8s aux formations<\/strong>. Oui c\u2019est normal de valoriser les savoir-faire en les r\u00e9mun\u00e9rant, mais pour les personnes qui n\u2019ont pas les moyens financiers, un \u00e9change d\u2019un autre type est toujours possible, en donnant du temps ou en partageant un autre savoir-faire. On voudrait changer notre rapport \u00e0 l\u2019argent&nbsp;: oui \u00e7a sert au quotidien pour acheter des choses mais ce n\u2019est pas primordial, \u00e7a n\u2019a pas \u00e0 \u00eatre au centre des \u00e9changes. De toute fa\u00e7on, une fois qu\u2019on est autonomes en nourriture on a moins besoin d\u2019argent.<\/p>\n\n\n\n<div class=\"wp-block-image\"><figure class=\"aligncenter size-large is-resized\"><img loading=\"lazy\" decoding=\"async\" src=\"https:\/\/3.bp.blogspot.com\/-xtAjmm3USEk\/W6EXqFHikNI\/AAAAAAAAAgg\/Dx9apmAxI48GeBDrlM4cEg7e709omAFrgCLcBGAs\/s1600\/20180907_153026.jpg\" alt=\"\" width=\"296\" height=\"394\"\/><\/figure><\/div>\n\n\n\n<p>Ce qui m\u2019int\u00e9resse c\u2019est l\u2019autonomie, pas l\u2019autarcie&nbsp;: je ne veux pas nous isoler, nous fermer. Essayer de r\u00e9pondre seul \u00e0 ses besoins, c\u2019est plus difficile. Ce que nous recherchons c\u2019est plut\u00f4t une ouverture, <strong>une mise en r\u00e9seau avec d\u2019autres collectifs pour aller tous et toutes ensemble vers plus d\u2019autosuffisance.&nbsp;<\/strong>\u00bb<\/p>\n\n\n\n<p>Am\u00e9lie cofondatrice de B\u00e2tir vivant<\/p>\n\n\n\n<p><strong><em>Pour aller plus loin :<\/em><\/strong><br>Les rencontrer dans la vraie vie : 16, Chemin de l\u2019Ancienne Gare, 30 330 Saint-Laurent-la-Vern\u00e8de<br>Visiter leur<a href=\"https:\/\/assobatirvivant.wixsite.com\/my-site\"> page internet <\/a>ou <a href=\"https:\/\/fr-fr.facebook.com\/batirvivant\/\">FB<\/a><\/p>\n\n\n\n<p class=\"has-text-align-right\"><em>Paupi<\/em><\/p>\n\n\n\n<p><br><\/p>\n","protected":false},"excerpt":{"rendered":"<p>Vers l\u2019autonomie joyeuse et responsable est la devise de l\u2019association B\u00e2tir vivant. Am\u00e9lie Perrault et Vincent Minck l\u2019ont fond\u00e9e en mars&nbsp;2018 \u00e0 Saint Laurent la Vern\u00e8de, o\u00f9 iels ont aussi install\u00e9 leur foyer avec leurs enfants. Les deux ont eu des parcours riches et singuliers avant de se rencontrer, elle &#8230; <\/p>\n<div><a href=\"https:\/\/www.altercampagne.net\/?p=24924\" class=\"more-link\">Read More<\/a><\/div>\n","protected":false},"author":361,"featured_media":25325,"comment_status":"closed","ping_status":"closed","sticky":false,"template":"","format":"standard","meta":{"footnotes":""},"categories":[4357,3231,3490,3938,3486,3480],"tags":[271,3950,4388,4389],"class_list":["post-24924","post","type-post","status-publish","format-standard","has-post-thumbnail","hentry","category-edition-2022","category-echappee-belle","category-culture","category-education","category-environnement","category-occitanie","tag-autonomie","tag-ecoconstruction","tag-batir-vivant","tag-saint-laurent-la-vernede"],"yoast_head":"<!-- This site is optimized with the Yoast SEO plugin v27.3 - https:\/\/yoast.com\/product\/yoast-seo-wordpress\/ -->\n<title>Vers l&#039;autonomie joyeuse et responsable : B\u00e2tir vivant - AlterTour<\/title>\n<meta name=\"description\" content=\"L&#039;\u00e9chapp\u00e9e belle gardoise rendra visite \u00e0 l&#039;association B\u00e2tir Vivant qui propose des temps d&#039;apprentissage autour de l&#039;\u00e9coconstruction mais pas que !\" \/>\n<meta name=\"robots\" content=\"index, follow, max-snippet:-1, max-image-preview:large, max-video-preview:-1\" \/>\n<link rel=\"canonical\" href=\"https:\/\/www.altercampagne.net\/?p=24924\" \/>\n<meta property=\"og:locale\" content=\"fr_FR\" \/>\n<meta property=\"og:type\" content=\"article\" \/>\n<meta property=\"og:title\" content=\"Vers l&#039;autonomie joyeuse et responsable : B\u00e2tir vivant - AlterTour\" \/>\n<meta property=\"og:description\" content=\"L&#039;\u00e9chapp\u00e9e belle gardoise rendra visite \u00e0 l&#039;association B\u00e2tir Vivant qui propose des temps d&#039;apprentissage autour de l&#039;\u00e9coconstruction mais pas que !\" \/>\n<meta property=\"og:url\" content=\"https:\/\/www.altercampagne.net\/?p=24924\" \/>\n<meta property=\"og:site_name\" content=\"AlterTour\" \/>\n<meta property=\"article:published_time\" content=\"2022-04-20T14:11:39+00:00\" \/>\n<meta property=\"article:modified_time\" content=\"2022-05-04T07:44:18+00:00\" \/>\n<meta property=\"og:image\" content=\"https:\/\/www.altercampagne.net\/wp-content\/uploads\/2022\/05\/EB22_01_Montaren-St-Laurent-la-Vernede-Batir-Vivant.jpg\" \/>\n\t<meta property=\"og:image:width\" content=\"786\" \/>\n\t<meta property=\"og:image:height\" content=\"500\" \/>\n\t<meta property=\"og:image:type\" content=\"image\/jpeg\" \/>\n<meta name=\"author\" content=\"Pauline\" \/>\n<meta name=\"twitter:card\" content=\"summary_large_image\" \/>\n<meta name=\"twitter:label1\" content=\"\u00c9crit par\" \/>\n\t<meta name=\"twitter:data1\" content=\"Pauline\" \/>\n\t<meta name=\"twitter:label2\" content=\"Dur\u00e9e de lecture estim\u00e9e\" \/>\n\t<meta name=\"twitter:data2\" content=\"4 minutes\" \/>\n<script type=\"application\/ld+json\" class=\"yoast-schema-graph\">{\"@context\":\"https:\\\/\\\/schema.org\",\"@graph\":[{\"@type\":\"Article\",\"@id\":\"https:\\\/\\\/www.altercampagne.net\\\/?p=24924#article\",\"isPartOf\":{\"@id\":\"https:\\\/\\\/www.altercampagne.net\\\/?p=24924\"},\"author\":{\"name\":\"Pauline\",\"@id\":\"https:\\\/\\\/www.altercampagne.net\\\/#\\\/schema\\\/person\\\/caf30ed73e072285b8f761300370ddb5\"},\"headline\":\"Vers l&rsquo;autonomie joyeuse et responsable : B\u00e2tir vivant\",\"datePublished\":\"2022-04-20T14:11:39+00:00\",\"dateModified\":\"2022-05-04T07:44:18+00:00\",\"mainEntityOfPage\":{\"@id\":\"https:\\\/\\\/www.altercampagne.net\\\/?p=24924\"},\"wordCount\":690,\"image\":{\"@id\":\"https:\\\/\\\/www.altercampagne.net\\\/?p=24924#primaryimage\"},\"thumbnailUrl\":\"https:\\\/\\\/www.altercampagne.net\\\/wp-content\\\/uploads\\\/2022\\\/05\\\/EB22_01_Montaren-St-Laurent-la-Vernede-Batir-Vivant.jpg\",\"keywords\":[\"autonomie\",\"\u00e9coconstruction\",\"B\u00e2tir vivant\",\"Saint-Laurent-la-Vern\u00e8de\"],\"articleSection\":[\"Edition 2022\",\"Echapp\u00e9e Belle\",\"Culture\",\"Education\",\"Environnement\",\"Occitanie\"],\"inLanguage\":\"fr-FR\"},{\"@type\":\"WebPage\",\"@id\":\"https:\\\/\\\/www.altercampagne.net\\\/?p=24924\",\"url\":\"https:\\\/\\\/www.altercampagne.net\\\/?p=24924\",\"name\":\"Vers l'autonomie joyeuse et responsable : B\u00e2tir vivant - AlterTour\",\"isPartOf\":{\"@id\":\"https:\\\/\\\/www.altercampagne.net\\\/#website\"},\"primaryImageOfPage\":{\"@id\":\"https:\\\/\\\/www.altercampagne.net\\\/?p=24924#primaryimage\"},\"image\":{\"@id\":\"https:\\\/\\\/www.altercampagne.net\\\/?p=24924#primaryimage\"},\"thumbnailUrl\":\"https:\\\/\\\/www.altercampagne.net\\\/wp-content\\\/uploads\\\/2022\\\/05\\\/EB22_01_Montaren-St-Laurent-la-Vernede-Batir-Vivant.jpg\",\"datePublished\":\"2022-04-20T14:11:39+00:00\",\"dateModified\":\"2022-05-04T07:44:18+00:00\",\"author\":{\"@id\":\"https:\\\/\\\/www.altercampagne.net\\\/#\\\/schema\\\/person\\\/caf30ed73e072285b8f761300370ddb5\"},\"description\":\"L'\u00e9chapp\u00e9e belle gardoise rendra visite \u00e0 l'association B\u00e2tir Vivant qui propose des temps d'apprentissage autour de l'\u00e9coconstruction mais pas que !\",\"breadcrumb\":{\"@id\":\"https:\\\/\\\/www.altercampagne.net\\\/?p=24924#breadcrumb\"},\"inLanguage\":\"fr-FR\",\"potentialAction\":[{\"@type\":\"ReadAction\",\"target\":[\"https:\\\/\\\/www.altercampagne.net\\\/?p=24924\"]}]},{\"@type\":\"ImageObject\",\"inLanguage\":\"fr-FR\",\"@id\":\"https:\\\/\\\/www.altercampagne.net\\\/?p=24924#primaryimage\",\"url\":\"https:\\\/\\\/www.altercampagne.net\\\/wp-content\\\/uploads\\\/2022\\\/05\\\/EB22_01_Montaren-St-Laurent-la-Vernede-Batir-Vivant.jpg\",\"contentUrl\":\"https:\\\/\\\/www.altercampagne.net\\\/wp-content\\\/uploads\\\/2022\\\/05\\\/EB22_01_Montaren-St-Laurent-la-Vernede-Batir-Vivant.jpg\",\"width\":786,\"height\":500},{\"@type\":\"BreadcrumbList\",\"@id\":\"https:\\\/\\\/www.altercampagne.net\\\/?p=24924#breadcrumb\",\"itemListElement\":[{\"@type\":\"ListItem\",\"position\":1,\"name\":\"Accueil\",\"item\":\"https:\\\/\\\/www.altercampagne.net\\\/\"},{\"@type\":\"ListItem\",\"position\":2,\"name\":\"Vers l&rsquo;autonomie joyeuse et responsable : B\u00e2tir vivant\"}]},{\"@type\":\"WebSite\",\"@id\":\"https:\\\/\\\/www.altercampagne.net\\\/#website\",\"url\":\"https:\\\/\\\/www.altercampagne.net\\\/\",\"name\":\"AlterTour\",\"description\":\"Reliez les Alternatives \u00e0 v\u00e9lo\",\"potentialAction\":[{\"@type\":\"SearchAction\",\"target\":{\"@type\":\"EntryPoint\",\"urlTemplate\":\"https:\\\/\\\/www.altercampagne.net\\\/?s={search_term_string}\"},\"query-input\":{\"@type\":\"PropertyValueSpecification\",\"valueRequired\":true,\"valueName\":\"search_term_string\"}}],\"inLanguage\":\"fr-FR\"},{\"@type\":\"Person\",\"@id\":\"https:\\\/\\\/www.altercampagne.net\\\/#\\\/schema\\\/person\\\/caf30ed73e072285b8f761300370ddb5\",\"name\":\"Pauline\",\"image\":{\"@type\":\"ImageObject\",\"inLanguage\":\"fr-FR\",\"@id\":\"https:\\\/\\\/secure.gravatar.com\\\/avatar\\\/f84b78638c34b3d6ac7339a8ef00413d11da3b09ee578a762504104ff060cde7?s=96&d=mm&r=g\",\"url\":\"https:\\\/\\\/secure.gravatar.com\\\/avatar\\\/f84b78638c34b3d6ac7339a8ef00413d11da3b09ee578a762504104ff060cde7?s=96&d=mm&r=g\",\"contentUrl\":\"https:\\\/\\\/secure.gravatar.com\\\/avatar\\\/f84b78638c34b3d6ac7339a8ef00413d11da3b09ee578a762504104ff060cde7?s=96&d=mm&r=g\",\"caption\":\"Pauline\"},\"url\":\"https:\\\/\\\/www.altercampagne.net\\\/?author=361\"}]}<\/script>\n<!-- \/ Yoast SEO plugin. -->","yoast_head_json":{"title":"Vers l'autonomie joyeuse et responsable : B\u00e2tir vivant - AlterTour","description":"L'\u00e9chapp\u00e9e belle gardoise rendra visite \u00e0 l'association B\u00e2tir Vivant qui propose des temps d'apprentissage autour de l'\u00e9coconstruction mais pas que !","robots":{"index":"index","follow":"follow","max-snippet":"max-snippet:-1","max-image-preview":"max-image-preview:large","max-video-preview":"max-video-preview:-1"},"canonical":"https:\/\/www.altercampagne.net\/?p=24924","og_locale":"fr_FR","og_type":"article","og_title":"Vers l'autonomie joyeuse et responsable : B\u00e2tir vivant - AlterTour","og_description":"L'\u00e9chapp\u00e9e belle gardoise rendra visite \u00e0 l'association B\u00e2tir Vivant qui propose des temps d'apprentissage autour de l'\u00e9coconstruction mais pas que !","og_url":"https:\/\/www.altercampagne.net\/?p=24924","og_site_name":"AlterTour","article_published_time":"2022-04-20T14:11:39+00:00","article_modified_time":"2022-05-04T07:44:18+00:00","og_image":[{"width":786,"height":500,"url":"https:\/\/www.altercampagne.net\/wp-content\/uploads\/2022\/05\/EB22_01_Montaren-St-Laurent-la-Vernede-Batir-Vivant.jpg","type":"image\/jpeg"}],"author":"Pauline","twitter_card":"summary_large_image","twitter_misc":{"\u00c9crit par":"Pauline","Dur\u00e9e de lecture estim\u00e9e":"4 minutes"},"schema":{"@context":"https:\/\/schema.org","@graph":[{"@type":"Article","@id":"https:\/\/www.altercampagne.net\/?p=24924#article","isPartOf":{"@id":"https:\/\/www.altercampagne.net\/?p=24924"},"author":{"name":"Pauline","@id":"https:\/\/www.altercampagne.net\/#\/schema\/person\/caf30ed73e072285b8f761300370ddb5"},"headline":"Vers l&rsquo;autonomie joyeuse et responsable : B\u00e2tir vivant","datePublished":"2022-04-20T14:11:39+00:00","dateModified":"2022-05-04T07:44:18+00:00","mainEntityOfPage":{"@id":"https:\/\/www.altercampagne.net\/?p=24924"},"wordCount":690,"image":{"@id":"https:\/\/www.altercampagne.net\/?p=24924#primaryimage"},"thumbnailUrl":"https:\/\/www.altercampagne.net\/wp-content\/uploads\/2022\/05\/EB22_01_Montaren-St-Laurent-la-Vernede-Batir-Vivant.jpg","keywords":["autonomie","\u00e9coconstruction","B\u00e2tir vivant","Saint-Laurent-la-Vern\u00e8de"],"articleSection":["Edition 2022","Echapp\u00e9e Belle","Culture","Education","Environnement","Occitanie"],"inLanguage":"fr-FR"},{"@type":"WebPage","@id":"https:\/\/www.altercampagne.net\/?p=24924","url":"https:\/\/www.altercampagne.net\/?p=24924","name":"Vers l'autonomie joyeuse et responsable : B\u00e2tir vivant - AlterTour","isPartOf":{"@id":"https:\/\/www.altercampagne.net\/#website"},"primaryImageOfPage":{"@id":"https:\/\/www.altercampagne.net\/?p=24924#primaryimage"},"image":{"@id":"https:\/\/www.altercampagne.net\/?p=24924#primaryimage"},"thumbnailUrl":"https:\/\/www.altercampagne.net\/wp-content\/uploads\/2022\/05\/EB22_01_Montaren-St-Laurent-la-Vernede-Batir-Vivant.jpg","datePublished":"2022-04-20T14:11:39+00:00","dateModified":"2022-05-04T07:44:18+00:00","author":{"@id":"https:\/\/www.altercampagne.net\/#\/schema\/person\/caf30ed73e072285b8f761300370ddb5"},"description":"L'\u00e9chapp\u00e9e belle gardoise rendra visite \u00e0 l'association B\u00e2tir Vivant qui propose des temps d'apprentissage autour de l'\u00e9coconstruction mais pas que !","breadcrumb":{"@id":"https:\/\/www.altercampagne.net\/?p=24924#breadcrumb"},"inLanguage":"fr-FR","potentialAction":[{"@type":"ReadAction","target":["https:\/\/www.altercampagne.net\/?p=24924"]}]},{"@type":"ImageObject","inLanguage":"fr-FR","@id":"https:\/\/www.altercampagne.net\/?p=24924#primaryimage","url":"https:\/\/www.altercampagne.net\/wp-content\/uploads\/2022\/05\/EB22_01_Montaren-St-Laurent-la-Vernede-Batir-Vivant.jpg","contentUrl":"https:\/\/www.altercampagne.net\/wp-content\/uploads\/2022\/05\/EB22_01_Montaren-St-Laurent-la-Vernede-Batir-Vivant.jpg","width":786,"height":500},{"@type":"BreadcrumbList","@id":"https:\/\/www.altercampagne.net\/?p=24924#breadcrumb","itemListElement":[{"@type":"ListItem","position":1,"name":"Accueil","item":"https:\/\/www.altercampagne.net\/"},{"@type":"ListItem","position":2,"name":"Vers l&rsquo;autonomie joyeuse et responsable : B\u00e2tir vivant"}]},{"@type":"WebSite","@id":"https:\/\/www.altercampagne.net\/#website","url":"https:\/\/www.altercampagne.net\/","name":"AlterTour","description":"Reliez les Alternatives \u00e0 v\u00e9lo","potentialAction":[{"@type":"SearchAction","target":{"@type":"EntryPoint","urlTemplate":"https:\/\/www.altercampagne.net\/?s={search_term_string}"},"query-input":{"@type":"PropertyValueSpecification","valueRequired":true,"valueName":"search_term_string"}}],"inLanguage":"fr-FR"},{"@type":"Person","@id":"https:\/\/www.altercampagne.net\/#\/schema\/person\/caf30ed73e072285b8f761300370ddb5","name":"Pauline","image":{"@type":"ImageObject","inLanguage":"fr-FR","@id":"https:\/\/secure.gravatar.com\/avatar\/f84b78638c34b3d6ac7339a8ef00413d11da3b09ee578a762504104ff060cde7?s=96&d=mm&r=g","url":"https:\/\/secure.gravatar.com\/avatar\/f84b78638c34b3d6ac7339a8ef00413d11da3b09ee578a762504104ff060cde7?s=96&d=mm&r=g","contentUrl":"https:\/\/secure.gravatar.com\/avatar\/f84b78638c34b3d6ac7339a8ef00413d11da3b09ee578a762504104ff060cde7?s=96&d=mm&r=g","caption":"Pauline"},"url":"https:\/\/www.altercampagne.net\/?author=361"}]}},"_links":{"self":[{"href":"https:\/\/www.altercampagne.net\/index.php?rest_route=\/wp\/v2\/posts\/24924","targetHints":{"allow":["GET"]}}],"collection":[{"href":"https:\/\/www.altercampagne.net\/index.php?rest_route=\/wp\/v2\/posts"}],"about":[{"href":"https:\/\/www.altercampagne.net\/index.php?rest_route=\/wp\/v2\/types\/post"}],"author":[{"embeddable":true,"href":"https:\/\/www.altercampagne.net\/index.php?rest_route=\/wp\/v2\/users\/361"}],"replies":[{"embeddable":true,"href":"https:\/\/www.altercampagne.net\/index.php?rest_route=%2Fwp%2Fv2%2Fcomments&post=24924"}],"version-history":[{"count":2,"href":"https:\/\/www.altercampagne.net\/index.php?rest_route=\/wp\/v2\/posts\/24924\/revisions"}],"predecessor-version":[{"id":25182,"href":"https:\/\/www.altercampagne.net\/index.php?rest_route=\/wp\/v2\/posts\/24924\/revisions\/25182"}],"wp:featuredmedia":[{"embeddable":true,"href":"https:\/\/www.altercampagne.net\/index.php?rest_route=\/wp\/v2\/media\/25325"}],"wp:attachment":[{"href":"https:\/\/www.altercampagne.net\/index.php?rest_route=%2Fwp%2Fv2%2Fmedia&parent=24924"}],"wp:term":[{"taxonomy":"category","embeddable":true,"href":"https:\/\/www.altercampagne.net\/index.php?rest_route=%2Fwp%2Fv2%2Fcategories&post=24924"},{"taxonomy":"post_tag","embeddable":true,"href":"https:\/\/www.altercampagne.net\/index.php?rest_route=%2Fwp%2Fv2%2Ftags&post=24924"}],"curies":[{"name":"wp","href":"https:\/\/api.w.org\/{rel}","templated":true}]}}