{"id":24929,"date":"2022-04-11T16:36:25","date_gmt":"2022-04-11T14:36:25","guid":{"rendered":"https:\/\/www.altercampagne.net\/?p=24929"},"modified":"2022-04-11T16:36:26","modified_gmt":"2022-04-11T14:36:26","slug":"lapres-m-comme-vous-etes-vous-venez","status":"publish","type":"post","link":"https:\/\/www.altercampagne.net\/?p=24929","title":{"rendered":"L&rsquo;apr\u00e8s M &#8211; comme vous \u00eates, vous venez"},"content":{"rendered":"\n<h5 class=\"wp-block-heading\">La transformation d&rsquo;un fast-food en lieu de vie<\/h5>\n\n\n\n<p>Rond-point de Sainte Marthe, 14<sup>\u00e8me<\/sup> arrondissement de Marseille. Un dimanche de janvier, fin de journ\u00e9e, sur le parking, de la fum\u00e9e s\u2019\u00e9chappe du foyer, aliment\u00e9 en palette de bois. Un camion stationne, charg\u00e9 de <strong>victuailles issues de campagne de dons et destin\u00e9es \u00e0 remplir les paniers de nourriture qui sont distribu\u00e9s <\/strong>par une \u00e9quipe de volontaires chaque lundi matin de la semaine depuis la<strong> transformation de l\u2019ex-restaurant McDonald\u2019s en lieu de vie du peuple<\/strong>, par le peuple, pour le peuple. Pour b\u00e9n\u00e9ficier du panier, il suffit de s\u2019inscrire en venant sur place. Un syst\u00e8me de billet permet de faciliter la distribution \u00e9quitablement.<\/p>\n\n\n\n<h5 class=\"wp-block-heading\">En cinq mots c\u2019est quoi l\u2019apr\u00e8s M&nbsp;? \u00ab&nbsp;Comme vous \u00eates, vous venez&nbsp;\u00bb.<\/h5>\n\n\n\n<p>Pour la petite histoire, suite \u00e0 des luttes syndicales acharn\u00e9es concernant le droit du travail, menant \u00e0 des gr\u00e8ves et des blocages au niveau des fournisseurs, l\u2019activit\u00e9 de restauration a fini par cesser gr\u00e2ce \u00e0 la mobilisation des ancien\u00b7nes employ\u00e9\u00b7es, et la mise en liquidation judiciaire du lieu. Celui-ci a \u00e9t\u00e9 r\u00e9quisitionn\u00e9 et sert depuis de <strong>plateforme solidaire pour les habitant\u00b7es des quartiers alentour<\/strong>, tout en devenant un symbole de lutte sociale, bien au-del\u00e0 de ses fronti\u00e8res.<\/p>\n\n\n\n<figure class=\"wp-block-image size-large\"><a href=\"https:\/\/www.altercampagne.net\/wp-content\/uploads\/2022\/04\/apres-m.jpeg\"><img loading=\"lazy\" decoding=\"async\" width=\"704\" height=\"1024\" src=\"https:\/\/www.altercampagne.net\/wp-content\/uploads\/2022\/04\/apres-m.jpeg\" alt=\"\" class=\"wp-image-24930\" srcset=\"https:\/\/www.altercampagne.net\/wp-content\/uploads\/2022\/04\/apres-m.jpeg 704w, https:\/\/www.altercampagne.net\/wp-content\/uploads\/2022\/04\/apres-m-206x300.jpeg 206w, https:\/\/www.altercampagne.net\/wp-content\/uploads\/2022\/04\/apres-m-610x887.jpeg 610w, https:\/\/www.altercampagne.net\/wp-content\/uploads\/2022\/04\/apres-m-100x145.jpeg 100w\" sizes=\"auto, (max-width: 704px) 100vw, 704px\" \/><\/a><figcaption>\u00a9 BK CLUB ARCHITECTE<\/figcaption><\/figure>\n\n\n\n<h5 class=\"wp-block-heading\">Imaginer le monde d&rsquo;apr\u00e8s<\/h5>\n\n\n\n<p>\u00ab&nbsp;Zone \u00c0 D\u00e9velopper&nbsp;! On souhaite servir de d\u00e9monstration pour que d\u2019autres franchises sociales \u00e0 but non lucratif puissent se d\u00e9velopper sur les territoires, car l\u2019apr\u00e8s M, ce n\u2019est pas seulement l\u2019apr\u00e8s macdo, mais une r\u00e9f\u00e9rence au monde d\u2019apr\u00e8s. Un monde dans lequel les plus souffrants pourront acc\u00e9der \u00e0 des produits locaux, en circuit-court. Dans lequel on sait que<strong> l\u2019argent que l\u2019on donne reste entre les mains de celleux qui ont travaill\u00e9 <\/strong>et ne finit pas dans les paradis fiscaux. Un monde de l\u2019\u00eatre avant du para\u00eetre.<\/p>\n\n\n\n<p>Aujourd\u2019hui ce lieu est encore un laboratoire. On essaye d\u2019anticiper humainement la d\u00e9gringolade \u00e9conomique. <strong>On souhaite pr\u00e9venir et agir au lieu de gu\u00e9rir. <\/strong>On nous ressasse de nous prot\u00e9ger par la distanciation sociale mais il n\u2019y a rien de pire. Si vous vous perdez dans le quartier, passez ici et vous serez toujours accueilli.e.s. D\u2019ici fin mai la distribution alimentaire se poursuivra dans d\u2019autres locaux en face du restaurant. Celui-ci, nouvellement architectur\u00e9, retrouvera sa fonction de fast-food social, dans lequel on pourra se restaurer non pas en fonction du menu mais des moyens apport\u00e9s. Ce lieu appartient \u00e0 tout le monde. On pourra s\u2019y enrichir intellectuellement du passage des gens.&nbsp;\u00bb<\/p>\n\n\n\n<p>Kamel et Mohamed, l\u2019apr\u00e8s M.<\/p>\n\n\n\n<p><strong><em>Pour en savoir plus<\/em><\/strong><br>Retrouvez les sur place : 214 Chem. de Sainte-Marthe, 13014 Marseille ou sur les <a href=\"https:\/\/www.facebook.com\/lapres.m\/\" target=\"_blank\" rel=\"noreferrer noopener\">r\u00e9seaux<\/a>.<\/p>\n\n\n\n<p class=\"has-text-align-right\"><em>&#8211; Luca<\/em><\/p>\n","protected":false},"excerpt":{"rendered":"<p>La transformation d&rsquo;un fast-food en lieu de vie Rond-point de Sainte Marthe, 14\u00e8me arrondissement de Marseille. Un dimanche de janvier, fin de journ\u00e9e, sur le parking, de la fum\u00e9e s\u2019\u00e9chappe du foyer, aliment\u00e9 en palette de bois. Un camion stationne, charg\u00e9 de victuailles issues de campagne de dons et destin\u00e9es &#8230; <\/p>\n<div><a href=\"https:\/\/www.altercampagne.net\/?p=24929\" class=\"more-link\">Read More<\/a><\/div>\n","protected":false},"author":361,"featured_media":24931,"comment_status":"closed","ping_status":"closed","sticky":false,"template":"","format":"standard","meta":{"footnotes":""},"categories":[4313,3489,4357,3542,3482],"tags":[1001,4390],"class_list":["post-24929","post","type-post","status-publish","format-standard","has-post-thumbnail","hentry","category-altertour","category-alimentation","category-edition-2022","category-lutte","category-provence-alpes-cote-dazur","tag-marseille","tag-lapres-m"],"yoast_head":"<!-- This site is optimized with the Yoast SEO plugin v27.3 - https:\/\/yoast.com\/product\/yoast-seo-wordpress\/ -->\n<title>L&#039;apr\u00e8s M - comme vous \u00eates, vous venez - AlterTour<\/title>\n<meta name=\"description\" content=\"D\u00e9but juillet, l&#039;AlterTour passera par Marseille visiter une foule d&#039;alternatives dont l&#039;apr\u00e8s M, fast-food social et solidaire.\" \/>\n<meta name=\"robots\" content=\"index, follow, max-snippet:-1, max-image-preview:large, max-video-preview:-1\" \/>\n<link rel=\"canonical\" href=\"https:\/\/www.altercampagne.net\/?p=24929\" \/>\n<meta property=\"og:locale\" content=\"fr_FR\" \/>\n<meta property=\"og:type\" content=\"article\" \/>\n<meta property=\"og:title\" content=\"L&#039;apr\u00e8s M - comme vous \u00eates, vous venez - AlterTour\" \/>\n<meta property=\"og:description\" content=\"D\u00e9but juillet, l&#039;AlterTour passera par Marseille visiter une foule d&#039;alternatives dont l&#039;apr\u00e8s M, fast-food social et solidaire.\" \/>\n<meta property=\"og:url\" content=\"https:\/\/www.altercampagne.net\/?p=24929\" \/>\n<meta property=\"og:site_name\" content=\"AlterTour\" \/>\n<meta property=\"article:published_time\" content=\"2022-04-11T14:36:25+00:00\" \/>\n<meta property=\"article:modified_time\" content=\"2022-04-11T14:36:26+00:00\" \/>\n<meta property=\"og:image\" content=\"https:\/\/www.altercampagne.net\/wp-content\/uploads\/2022\/04\/Apresmlogo-e1649162230940.jpeg\" \/>\n\t<meta property=\"og:image:width\" content=\"600\" \/>\n\t<meta property=\"og:image:height\" content=\"450\" \/>\n\t<meta property=\"og:image:type\" content=\"image\/jpeg\" \/>\n<meta name=\"author\" content=\"Pauline\" \/>\n<meta name=\"twitter:card\" content=\"summary_large_image\" \/>\n<meta name=\"twitter:label1\" content=\"\u00c9crit par\" \/>\n\t<meta name=\"twitter:data1\" content=\"Pauline\" \/>\n\t<meta name=\"twitter:label2\" content=\"Dur\u00e9e de lecture estim\u00e9e\" \/>\n\t<meta name=\"twitter:data2\" content=\"3 minutes\" \/>\n<script type=\"application\/ld+json\" class=\"yoast-schema-graph\">{\"@context\":\"https:\\\/\\\/schema.org\",\"@graph\":[{\"@type\":\"Article\",\"@id\":\"https:\\\/\\\/www.altercampagne.net\\\/?p=24929#article\",\"isPartOf\":{\"@id\":\"https:\\\/\\\/www.altercampagne.net\\\/?p=24929\"},\"author\":{\"name\":\"Pauline\",\"@id\":\"https:\\\/\\\/www.altercampagne.net\\\/#\\\/schema\\\/person\\\/caf30ed73e072285b8f761300370ddb5\"},\"headline\":\"L&rsquo;apr\u00e8s M &#8211; comme vous \u00eates, vous venez\",\"datePublished\":\"2022-04-11T14:36:25+00:00\",\"dateModified\":\"2022-04-11T14:36:26+00:00\",\"mainEntityOfPage\":{\"@id\":\"https:\\\/\\\/www.altercampagne.net\\\/?p=24929\"},\"wordCount\":493,\"image\":{\"@id\":\"https:\\\/\\\/www.altercampagne.net\\\/?p=24929#primaryimage\"},\"thumbnailUrl\":\"https:\\\/\\\/www.altercampagne.net\\\/wp-content\\\/uploads\\\/2022\\\/04\\\/Apresmlogo-e1649162230940.jpeg\",\"keywords\":[\"Marseille\",\"l&#039;apr\u00e8s m\"],\"articleSection\":[\"AlterTour\",\"Alimentation\",\"Edition 2022\",\"Lutte\",\"Provence-Alpes-C\u00f4te d'Azur\"],\"inLanguage\":\"fr-FR\"},{\"@type\":\"WebPage\",\"@id\":\"https:\\\/\\\/www.altercampagne.net\\\/?p=24929\",\"url\":\"https:\\\/\\\/www.altercampagne.net\\\/?p=24929\",\"name\":\"L'apr\u00e8s M - comme vous \u00eates, vous venez - AlterTour\",\"isPartOf\":{\"@id\":\"https:\\\/\\\/www.altercampagne.net\\\/#website\"},\"primaryImageOfPage\":{\"@id\":\"https:\\\/\\\/www.altercampagne.net\\\/?p=24929#primaryimage\"},\"image\":{\"@id\":\"https:\\\/\\\/www.altercampagne.net\\\/?p=24929#primaryimage\"},\"thumbnailUrl\":\"https:\\\/\\\/www.altercampagne.net\\\/wp-content\\\/uploads\\\/2022\\\/04\\\/Apresmlogo-e1649162230940.jpeg\",\"datePublished\":\"2022-04-11T14:36:25+00:00\",\"dateModified\":\"2022-04-11T14:36:26+00:00\",\"author\":{\"@id\":\"https:\\\/\\\/www.altercampagne.net\\\/#\\\/schema\\\/person\\\/caf30ed73e072285b8f761300370ddb5\"},\"description\":\"D\u00e9but juillet, l'AlterTour passera par Marseille visiter une foule d'alternatives dont l'apr\u00e8s M, fast-food social et solidaire.\",\"breadcrumb\":{\"@id\":\"https:\\\/\\\/www.altercampagne.net\\\/?p=24929#breadcrumb\"},\"inLanguage\":\"fr-FR\",\"potentialAction\":[{\"@type\":\"ReadAction\",\"target\":[\"https:\\\/\\\/www.altercampagne.net\\\/?p=24929\"]}]},{\"@type\":\"ImageObject\",\"inLanguage\":\"fr-FR\",\"@id\":\"https:\\\/\\\/www.altercampagne.net\\\/?p=24929#primaryimage\",\"url\":\"https:\\\/\\\/www.altercampagne.net\\\/wp-content\\\/uploads\\\/2022\\\/04\\\/Apresmlogo-e1649162230940.jpeg\",\"contentUrl\":\"https:\\\/\\\/www.altercampagne.net\\\/wp-content\\\/uploads\\\/2022\\\/04\\\/Apresmlogo-e1649162230940.jpeg\",\"width\":600,\"height\":450},{\"@type\":\"BreadcrumbList\",\"@id\":\"https:\\\/\\\/www.altercampagne.net\\\/?p=24929#breadcrumb\",\"itemListElement\":[{\"@type\":\"ListItem\",\"position\":1,\"name\":\"Accueil\",\"item\":\"https:\\\/\\\/www.altercampagne.net\\\/\"},{\"@type\":\"ListItem\",\"position\":2,\"name\":\"L&rsquo;apr\u00e8s M &#8211; comme vous \u00eates, vous venez\"}]},{\"@type\":\"WebSite\",\"@id\":\"https:\\\/\\\/www.altercampagne.net\\\/#website\",\"url\":\"https:\\\/\\\/www.altercampagne.net\\\/\",\"name\":\"AlterTour\",\"description\":\"Reliez les Alternatives \u00e0 v\u00e9lo\",\"potentialAction\":[{\"@type\":\"SearchAction\",\"target\":{\"@type\":\"EntryPoint\",\"urlTemplate\":\"https:\\\/\\\/www.altercampagne.net\\\/?s={search_term_string}\"},\"query-input\":{\"@type\":\"PropertyValueSpecification\",\"valueRequired\":true,\"valueName\":\"search_term_string\"}}],\"inLanguage\":\"fr-FR\"},{\"@type\":\"Person\",\"@id\":\"https:\\\/\\\/www.altercampagne.net\\\/#\\\/schema\\\/person\\\/caf30ed73e072285b8f761300370ddb5\",\"name\":\"Pauline\",\"image\":{\"@type\":\"ImageObject\",\"inLanguage\":\"fr-FR\",\"@id\":\"https:\\\/\\\/secure.gravatar.com\\\/avatar\\\/f84b78638c34b3d6ac7339a8ef00413d11da3b09ee578a762504104ff060cde7?s=96&d=mm&r=g\",\"url\":\"https:\\\/\\\/secure.gravatar.com\\\/avatar\\\/f84b78638c34b3d6ac7339a8ef00413d11da3b09ee578a762504104ff060cde7?s=96&d=mm&r=g\",\"contentUrl\":\"https:\\\/\\\/secure.gravatar.com\\\/avatar\\\/f84b78638c34b3d6ac7339a8ef00413d11da3b09ee578a762504104ff060cde7?s=96&d=mm&r=g\",\"caption\":\"Pauline\"},\"url\":\"https:\\\/\\\/www.altercampagne.net\\\/?author=361\"}]}<\/script>\n<!-- \/ Yoast SEO plugin. -->","yoast_head_json":{"title":"L'apr\u00e8s M - comme vous \u00eates, vous venez - AlterTour","description":"D\u00e9but juillet, l'AlterTour passera par Marseille visiter une foule d'alternatives dont l'apr\u00e8s M, fast-food social et solidaire.","robots":{"index":"index","follow":"follow","max-snippet":"max-snippet:-1","max-image-preview":"max-image-preview:large","max-video-preview":"max-video-preview:-1"},"canonical":"https:\/\/www.altercampagne.net\/?p=24929","og_locale":"fr_FR","og_type":"article","og_title":"L'apr\u00e8s M - comme vous \u00eates, vous venez - AlterTour","og_description":"D\u00e9but juillet, l'AlterTour passera par Marseille visiter une foule d'alternatives dont l'apr\u00e8s M, fast-food social et solidaire.","og_url":"https:\/\/www.altercampagne.net\/?p=24929","og_site_name":"AlterTour","article_published_time":"2022-04-11T14:36:25+00:00","article_modified_time":"2022-04-11T14:36:26+00:00","og_image":[{"width":600,"height":450,"url":"https:\/\/www.altercampagne.net\/wp-content\/uploads\/2022\/04\/Apresmlogo-e1649162230940.jpeg","type":"image\/jpeg"}],"author":"Pauline","twitter_card":"summary_large_image","twitter_misc":{"\u00c9crit par":"Pauline","Dur\u00e9e de lecture estim\u00e9e":"3 minutes"},"schema":{"@context":"https:\/\/schema.org","@graph":[{"@type":"Article","@id":"https:\/\/www.altercampagne.net\/?p=24929#article","isPartOf":{"@id":"https:\/\/www.altercampagne.net\/?p=24929"},"author":{"name":"Pauline","@id":"https:\/\/www.altercampagne.net\/#\/schema\/person\/caf30ed73e072285b8f761300370ddb5"},"headline":"L&rsquo;apr\u00e8s M &#8211; comme vous \u00eates, vous venez","datePublished":"2022-04-11T14:36:25+00:00","dateModified":"2022-04-11T14:36:26+00:00","mainEntityOfPage":{"@id":"https:\/\/www.altercampagne.net\/?p=24929"},"wordCount":493,"image":{"@id":"https:\/\/www.altercampagne.net\/?p=24929#primaryimage"},"thumbnailUrl":"https:\/\/www.altercampagne.net\/wp-content\/uploads\/2022\/04\/Apresmlogo-e1649162230940.jpeg","keywords":["Marseille","l&#039;apr\u00e8s m"],"articleSection":["AlterTour","Alimentation","Edition 2022","Lutte","Provence-Alpes-C\u00f4te d'Azur"],"inLanguage":"fr-FR"},{"@type":"WebPage","@id":"https:\/\/www.altercampagne.net\/?p=24929","url":"https:\/\/www.altercampagne.net\/?p=24929","name":"L'apr\u00e8s M - comme vous \u00eates, vous venez - AlterTour","isPartOf":{"@id":"https:\/\/www.altercampagne.net\/#website"},"primaryImageOfPage":{"@id":"https:\/\/www.altercampagne.net\/?p=24929#primaryimage"},"image":{"@id":"https:\/\/www.altercampagne.net\/?p=24929#primaryimage"},"thumbnailUrl":"https:\/\/www.altercampagne.net\/wp-content\/uploads\/2022\/04\/Apresmlogo-e1649162230940.jpeg","datePublished":"2022-04-11T14:36:25+00:00","dateModified":"2022-04-11T14:36:26+00:00","author":{"@id":"https:\/\/www.altercampagne.net\/#\/schema\/person\/caf30ed73e072285b8f761300370ddb5"},"description":"D\u00e9but juillet, l'AlterTour passera par Marseille visiter une foule d'alternatives dont l'apr\u00e8s M, fast-food social et solidaire.","breadcrumb":{"@id":"https:\/\/www.altercampagne.net\/?p=24929#breadcrumb"},"inLanguage":"fr-FR","potentialAction":[{"@type":"ReadAction","target":["https:\/\/www.altercampagne.net\/?p=24929"]}]},{"@type":"ImageObject","inLanguage":"fr-FR","@id":"https:\/\/www.altercampagne.net\/?p=24929#primaryimage","url":"https:\/\/www.altercampagne.net\/wp-content\/uploads\/2022\/04\/Apresmlogo-e1649162230940.jpeg","contentUrl":"https:\/\/www.altercampagne.net\/wp-content\/uploads\/2022\/04\/Apresmlogo-e1649162230940.jpeg","width":600,"height":450},{"@type":"BreadcrumbList","@id":"https:\/\/www.altercampagne.net\/?p=24929#breadcrumb","itemListElement":[{"@type":"ListItem","position":1,"name":"Accueil","item":"https:\/\/www.altercampagne.net\/"},{"@type":"ListItem","position":2,"name":"L&rsquo;apr\u00e8s M &#8211; comme vous \u00eates, vous venez"}]},{"@type":"WebSite","@id":"https:\/\/www.altercampagne.net\/#website","url":"https:\/\/www.altercampagne.net\/","name":"AlterTour","description":"Reliez les Alternatives \u00e0 v\u00e9lo","potentialAction":[{"@type":"SearchAction","target":{"@type":"EntryPoint","urlTemplate":"https:\/\/www.altercampagne.net\/?s={search_term_string}"},"query-input":{"@type":"PropertyValueSpecification","valueRequired":true,"valueName":"search_term_string"}}],"inLanguage":"fr-FR"},{"@type":"Person","@id":"https:\/\/www.altercampagne.net\/#\/schema\/person\/caf30ed73e072285b8f761300370ddb5","name":"Pauline","image":{"@type":"ImageObject","inLanguage":"fr-FR","@id":"https:\/\/secure.gravatar.com\/avatar\/f84b78638c34b3d6ac7339a8ef00413d11da3b09ee578a762504104ff060cde7?s=96&d=mm&r=g","url":"https:\/\/secure.gravatar.com\/avatar\/f84b78638c34b3d6ac7339a8ef00413d11da3b09ee578a762504104ff060cde7?s=96&d=mm&r=g","contentUrl":"https:\/\/secure.gravatar.com\/avatar\/f84b78638c34b3d6ac7339a8ef00413d11da3b09ee578a762504104ff060cde7?s=96&d=mm&r=g","caption":"Pauline"},"url":"https:\/\/www.altercampagne.net\/?author=361"}]}},"_links":{"self":[{"href":"https:\/\/www.altercampagne.net\/index.php?rest_route=\/wp\/v2\/posts\/24929","targetHints":{"allow":["GET"]}}],"collection":[{"href":"https:\/\/www.altercampagne.net\/index.php?rest_route=\/wp\/v2\/posts"}],"about":[{"href":"https:\/\/www.altercampagne.net\/index.php?rest_route=\/wp\/v2\/types\/post"}],"author":[{"embeddable":true,"href":"https:\/\/www.altercampagne.net\/index.php?rest_route=\/wp\/v2\/users\/361"}],"replies":[{"embeddable":true,"href":"https:\/\/www.altercampagne.net\/index.php?rest_route=%2Fwp%2Fv2%2Fcomments&post=24929"}],"version-history":[{"count":2,"href":"https:\/\/www.altercampagne.net\/index.php?rest_route=\/wp\/v2\/posts\/24929\/revisions"}],"predecessor-version":[{"id":25098,"href":"https:\/\/www.altercampagne.net\/index.php?rest_route=\/wp\/v2\/posts\/24929\/revisions\/25098"}],"wp:featuredmedia":[{"embeddable":true,"href":"https:\/\/www.altercampagne.net\/index.php?rest_route=\/wp\/v2\/media\/24931"}],"wp:attachment":[{"href":"https:\/\/www.altercampagne.net\/index.php?rest_route=%2Fwp%2Fv2%2Fmedia&parent=24929"}],"wp:term":[{"taxonomy":"category","embeddable":true,"href":"https:\/\/www.altercampagne.net\/index.php?rest_route=%2Fwp%2Fv2%2Fcategories&post=24929"},{"taxonomy":"post_tag","embeddable":true,"href":"https:\/\/www.altercampagne.net\/index.php?rest_route=%2Fwp%2Fv2%2Ftags&post=24929"}],"curies":[{"name":"wp","href":"https:\/\/api.w.org\/{rel}","templated":true}]}}