{"id":2499,"date":"2015-11-19T13:12:57","date_gmt":"2015-11-19T12:12:57","guid":{"rendered":"http:\/\/www.altercampagne.net\/?p=2499"},"modified":"2019-09-16T09:08:22","modified_gmt":"2019-09-16T07:08:22","slug":"laltertour-2016-mobilise-les-alternatives-sur-son-passage-rejoignez-nous","status":"publish","type":"post","link":"https:\/\/www.altercampagne.net\/?p=2499","title":{"rendered":"L&rsquo;AlterTour 2016 mobilise les alternatives sur son passage. Rejoignez nous !"},"content":{"rendered":"<div dir=\"ltr\">\n<div>\n<p>Cet \u00e9t\u00e9, la joyeuse \u00e9quip\u00e9e d&rsquo;altercyclistes a pour projet de passer dans <strong>la Manche, le Calvados,\u00a0l&rsquo;Orne, les C\u00f4tes d&rsquo;Armor, le Finist\u00e8re, le Morbihan, l&rsquo;Ille et Vilaine, la Mayenne, la Sarthe et la Loire Atlantique<\/strong><\/p>\n<\/div>\n<div>Pourquoi pas de cr\u00e9er quelque chose avec vous ?<\/div>\n<div><\/div>\n<div>\n<h3>L&rsquo;AlterTour ?<\/h3>\n<\/div>\n<div>\n<div>C&rsquo;est&#8230; le tour qui ne tourne pas autour du pot, mais autour de vous !<\/div>\n<div>Chaque \u00e9t\u00e9 depuis 2008<\/div>\n<div>&#8211; entre 30 et 60 personnes de tous \u00e2ges qui p\u00e9dalent, bavardent, refont le monde, explorent, cuisinent, exp\u00e9rimentent et s&rsquo;engagent<\/div>\n<div>&#8211; 5 semaines en relais sur les routes de France et de Navarre<\/div>\n<div>&#8211; un th\u00e8me qui nous tient \u00e0 c\u0153ur, diff\u00e9rent chaque ann\u00e9e : 2016, <b>le(s) bien(s) commun(s)<\/b>. Mais qu&rsquo;allez vous encore inventer pour les pr\u00e9server !?<\/div>\n<div>&#8211; des rencontres d&rsquo;Alternatives, en veux-tu en voil\u00e0 : agricole, \u00e9conomique, \u00e9nerg\u00e9tique, \u00e9ducative, soci\u00e9tale\u2026<\/div>\n<div>&#8211; des dynamiques locales qui se mobilisent \u00e0 notre passage&#8230;et qui subsistent quand nous avons pass\u00e9 notre chemin<\/div>\n<div>&#8211; des partages d&rsquo;exp\u00e9riences, d&rsquo;id\u00e9es, de pratiques utopiques<\/div>\n<div>&#8211; un fonctionnement en autogestion : 365 jours par an, dans l&rsquo;organisation du Tour \u00e0 l&rsquo;ann\u00e9e, et au jour le jour sur nos v\u00e9los pendant l&rsquo;\u00e9t\u00e9<\/div>\n<div>&#8211; une r\u00e9flexion, exp\u00e9rimentation permanente sur la vie en\/du collectif<\/div>\n<div>&#8211; des cercles de parole, des questionnements&#8230;et beaucoup de bonne humeur !<\/div>\n<div><\/div>\n<div>Se trouver sur la route de l&rsquo;AlterTour, c&rsquo;est l\u2019occasion :<\/div>\n<div><b>Pour nous,<\/b> de vous d\u00e9couvrir :\u00a0 votre lieu et vos actions ; et d&rsquo;en profiter pour organiser des ateliers de partage de connaissances.<\/div>\n<div><\/div>\n<div><b>Pour vous<\/b>, de recevoir un coup de pouce le temps d&rsquo;un chantier participatif, d\u2019un rassemblement militant, d&rsquo;un march\u00e9 paysan, d&rsquo;une v\u00e9lorution&#8230; et pour que la soir\u00e9e soit agit\u00e9e d&rsquo;id\u00e9es, pourquoi pas&#8230;un d\u00e9bat, une projection ? et pour qu&rsquo;elle soit plus piment\u00e9e, pourquoi pas festoyer ?! &#8230; avec nous, les collectifs amis\/voisins, les personnes de votre coin.<\/div>\n<div><\/div>\n<\/div>\n<div>\n<h3>Tout est possible, tout est \u00e0 cr\u00e9er !<\/h3>\n<\/div>\n<div>\u00a0En esp\u00e9rant vous lire, vous parler, vous rencontrer, passez une belle journ\u00e9e !<\/div>\n<div><\/div>\n<div>Pour d\u00e9couvrir ce qu&rsquo;est l&rsquo;AlterTour, notre site : <a href=\"http:\/\/www.altercampagne.net\/\" target=\"_blank\" rel=\"noopener noreferrer\"><span style=\"color: #0066cc;\">www.altercampagne.net<\/span><\/a>.<\/div>\n<div>Les recueils de certaines alternatives visit\u00e9es (en partenariat avec la Revue S!lence) : <a href=\"http:\/\/www.altercampagne.net\/?page_id=176\" target=\"_blank\" rel=\"noopener noreferrer\"><span style=\"color: #0066cc;\">http:\/\/www.altercampagne.net\/?<wbr \/>page_id=176<\/span><\/a><\/div>\n<div>Contactez-nous sur altertour(at)gmail.com<\/div>\n<\/div>\n","protected":false},"excerpt":{"rendered":"<p>Cet \u00e9t\u00e9, la joyeuse \u00e9quip\u00e9e d&rsquo;altercyclistes a pour projet de passer dans la Manche, le Calvados,\u00a0l&rsquo;Orne, les C\u00f4tes d&rsquo;Armor, le Finist\u00e8re, le Morbihan, l&rsquo;Ille et Vilaine, la Mayenne, la Sarthe et la Loire Atlantique Pourquoi pas de cr\u00e9er quelque chose avec vous ? L&rsquo;AlterTour ? C&rsquo;est&#8230; le tour qui ne &#8230; <\/p>\n<div><a href=\"https:\/\/www.altercampagne.net\/?p=2499\" class=\"more-link\">Read More<\/a><\/div>\n","protected":false},"author":214,"featured_media":15598,"comment_status":"closed","ping_status":"closed","sticky":false,"template":"","format":"standard","meta":{"footnotes":""},"categories":[3469],"tags":[415,1671,1670,1652,894,822,474,471,469,468,417,20,414,413,410,383,321,118,102,53,35],"class_list":["post-2499","post","type-post","status-publish","format-standard","has-post-thumbnail","hentry","category-programmes","tag-sarthe","tag-morbian","tag-calvados","tag-1652","tag-pays-de-la-loire","tag-biens-communs","tag-bien-commun","tag-ouest-france","tag-basse-normandie","tag-collectif","tag-orne","tag-bretagne","tag-loire-atlantique","tag-ille-et-vilaine","tag-finistere","tag-altertour-2016","tag-manche","tag-chantiers-participatifs","tag-velorution","tag-alternatives","tag-autogestion"],"yoast_head":"<!-- This site is optimized with the Yoast SEO plugin v27.3 - https:\/\/yoast.com\/product\/yoast-seo-wordpress\/ -->\n<title>L&#039;AlterTour 2016 mobilise les alternatives sur son passage. Rejoignez nous ! - AlterTour<\/title>\n<meta name=\"robots\" content=\"index, follow, max-snippet:-1, max-image-preview:large, max-video-preview:-1\" \/>\n<link rel=\"canonical\" href=\"https:\/\/www.altercampagne.net\/?p=2499\" \/>\n<meta property=\"og:locale\" content=\"fr_FR\" \/>\n<meta property=\"og:type\" content=\"article\" \/>\n<meta property=\"og:title\" content=\"L&#039;AlterTour 2016 mobilise les alternatives sur son passage. Rejoignez nous ! - AlterTour\" \/>\n<meta property=\"og:description\" content=\"Cet \u00e9t\u00e9, la joyeuse \u00e9quip\u00e9e d&rsquo;altercyclistes a pour projet de passer dans la Manche, le Calvados,\u00a0l&rsquo;Orne, les C\u00f4tes d&rsquo;Armor, le Finist\u00e8re, le Morbihan, l&rsquo;Ille et Vilaine, la Mayenne, la Sarthe et la Loire Atlantique Pourquoi pas de cr\u00e9er quelque chose avec vous ? L&rsquo;AlterTour ? C&rsquo;est&#8230; le tour qui ne ... Read More\" \/>\n<meta property=\"og:url\" content=\"https:\/\/www.altercampagne.net\/?p=2499\" \/>\n<meta property=\"og:site_name\" content=\"AlterTour\" \/>\n<meta property=\"article:published_time\" content=\"2015-11-19T12:12:57+00:00\" \/>\n<meta property=\"article:modified_time\" content=\"2019-09-16T07:08:22+00:00\" \/>\n<meta property=\"og:image\" content=\"https:\/\/www.altercampagne.net\/wp-content\/uploads\/2015\/11\/2015-08-19_16.331.jpg\" \/>\n\t<meta property=\"og:image:width\" content=\"900\" \/>\n\t<meta property=\"og:image:height\" content=\"310\" \/>\n\t<meta property=\"og:image:type\" content=\"image\/jpeg\" \/>\n<meta name=\"author\" content=\"Mathieu\" \/>\n<meta name=\"twitter:card\" content=\"summary_large_image\" \/>\n<meta name=\"twitter:label1\" content=\"\u00c9crit par\" \/>\n\t<meta name=\"twitter:data1\" content=\"Mathieu\" \/>\n\t<meta name=\"twitter:label2\" content=\"Dur\u00e9e de lecture estim\u00e9e\" \/>\n\t<meta name=\"twitter:data2\" content=\"2 minutes\" \/>\n<script type=\"application\/ld+json\" class=\"yoast-schema-graph\">{\"@context\":\"https:\\\/\\\/schema.org\",\"@graph\":[{\"@type\":\"Article\",\"@id\":\"https:\\\/\\\/www.altercampagne.net\\\/?p=2499#article\",\"isPartOf\":{\"@id\":\"https:\\\/\\\/www.altercampagne.net\\\/?p=2499\"},\"author\":{\"name\":\"Mathieu\",\"@id\":\"https:\\\/\\\/www.altercampagne.net\\\/#\\\/schema\\\/person\\\/0f261460c09e430caa0f9bcffa319109\"},\"headline\":\"L&rsquo;AlterTour 2016 mobilise les alternatives sur son passage. Rejoignez nous !\",\"datePublished\":\"2015-11-19T12:12:57+00:00\",\"dateModified\":\"2019-09-16T07:08:22+00:00\",\"mainEntityOfPage\":{\"@id\":\"https:\\\/\\\/www.altercampagne.net\\\/?p=2499\"},\"wordCount\":405,\"image\":{\"@id\":\"https:\\\/\\\/www.altercampagne.net\\\/?p=2499#primaryimage\"},\"thumbnailUrl\":\"https:\\\/\\\/www.altercampagne.net\\\/wp-content\\\/uploads\\\/2015\\\/11\\\/2015-08-19_16.331.jpg\",\"keywords\":[\"sarthe\",\"Morbian\",\"Calvados\",\"2016\",\"Pays de la Loire\",\"biens communs\",\"bien commun\",\"ouest france\",\"Basse Normandie\",\"collectif\",\"orne\",\"bretagne\",\"loire atlantique\",\"ille et vilaine\",\"finist\u00e8re\",\"AlterTour 2016\",\"manche\",\"chantiers participatifs\",\"v\u00e9lorution\",\"Alternatives\",\"autogestion\"],\"articleSection\":[\"Programmes\"],\"inLanguage\":\"fr-FR\"},{\"@type\":\"WebPage\",\"@id\":\"https:\\\/\\\/www.altercampagne.net\\\/?p=2499\",\"url\":\"https:\\\/\\\/www.altercampagne.net\\\/?p=2499\",\"name\":\"L'AlterTour 2016 mobilise les alternatives sur son passage. Rejoignez nous ! - AlterTour\",\"isPartOf\":{\"@id\":\"https:\\\/\\\/www.altercampagne.net\\\/#website\"},\"primaryImageOfPage\":{\"@id\":\"https:\\\/\\\/www.altercampagne.net\\\/?p=2499#primaryimage\"},\"image\":{\"@id\":\"https:\\\/\\\/www.altercampagne.net\\\/?p=2499#primaryimage\"},\"thumbnailUrl\":\"https:\\\/\\\/www.altercampagne.net\\\/wp-content\\\/uploads\\\/2015\\\/11\\\/2015-08-19_16.331.jpg\",\"datePublished\":\"2015-11-19T12:12:57+00:00\",\"dateModified\":\"2019-09-16T07:08:22+00:00\",\"author\":{\"@id\":\"https:\\\/\\\/www.altercampagne.net\\\/#\\\/schema\\\/person\\\/0f261460c09e430caa0f9bcffa319109\"},\"breadcrumb\":{\"@id\":\"https:\\\/\\\/www.altercampagne.net\\\/?p=2499#breadcrumb\"},\"inLanguage\":\"fr-FR\",\"potentialAction\":[{\"@type\":\"ReadAction\",\"target\":[\"https:\\\/\\\/www.altercampagne.net\\\/?p=2499\"]}]},{\"@type\":\"ImageObject\",\"inLanguage\":\"fr-FR\",\"@id\":\"https:\\\/\\\/www.altercampagne.net\\\/?p=2499#primaryimage\",\"url\":\"https:\\\/\\\/www.altercampagne.net\\\/wp-content\\\/uploads\\\/2015\\\/11\\\/2015-08-19_16.331.jpg\",\"contentUrl\":\"https:\\\/\\\/www.altercampagne.net\\\/wp-content\\\/uploads\\\/2015\\\/11\\\/2015-08-19_16.331.jpg\",\"width\":900,\"height\":310},{\"@type\":\"BreadcrumbList\",\"@id\":\"https:\\\/\\\/www.altercampagne.net\\\/?p=2499#breadcrumb\",\"itemListElement\":[{\"@type\":\"ListItem\",\"position\":1,\"name\":\"Accueil\",\"item\":\"https:\\\/\\\/www.altercampagne.net\\\/\"},{\"@type\":\"ListItem\",\"position\":2,\"name\":\"L&rsquo;AlterTour 2016 mobilise les alternatives sur son passage. Rejoignez nous !\"}]},{\"@type\":\"WebSite\",\"@id\":\"https:\\\/\\\/www.altercampagne.net\\\/#website\",\"url\":\"https:\\\/\\\/www.altercampagne.net\\\/\",\"name\":\"AlterTour\",\"description\":\"Reliez les Alternatives \u00e0 v\u00e9lo\",\"potentialAction\":[{\"@type\":\"SearchAction\",\"target\":{\"@type\":\"EntryPoint\",\"urlTemplate\":\"https:\\\/\\\/www.altercampagne.net\\\/?s={search_term_string}\"},\"query-input\":{\"@type\":\"PropertyValueSpecification\",\"valueRequired\":true,\"valueName\":\"search_term_string\"}}],\"inLanguage\":\"fr-FR\"},{\"@type\":\"Person\",\"@id\":\"https:\\\/\\\/www.altercampagne.net\\\/#\\\/schema\\\/person\\\/0f261460c09e430caa0f9bcffa319109\",\"name\":\"Mathieu\",\"image\":{\"@type\":\"ImageObject\",\"inLanguage\":\"fr-FR\",\"@id\":\"https:\\\/\\\/secure.gravatar.com\\\/avatar\\\/aa9d3d24c83f2141e5e2709d0f63d09a99f6be6bb7a50abc4915838d9f54501a?s=96&d=mm&r=g\",\"url\":\"https:\\\/\\\/secure.gravatar.com\\\/avatar\\\/aa9d3d24c83f2141e5e2709d0f63d09a99f6be6bb7a50abc4915838d9f54501a?s=96&d=mm&r=g\",\"contentUrl\":\"https:\\\/\\\/secure.gravatar.com\\\/avatar\\\/aa9d3d24c83f2141e5e2709d0f63d09a99f6be6bb7a50abc4915838d9f54501a?s=96&d=mm&r=g\",\"caption\":\"Mathieu\"},\"url\":\"https:\\\/\\\/www.altercampagne.net\\\/?author=214\"}]}<\/script>\n<!-- \/ Yoast SEO plugin. -->","yoast_head_json":{"title":"L'AlterTour 2016 mobilise les alternatives sur son passage. Rejoignez nous ! - AlterTour","robots":{"index":"index","follow":"follow","max-snippet":"max-snippet:-1","max-image-preview":"max-image-preview:large","max-video-preview":"max-video-preview:-1"},"canonical":"https:\/\/www.altercampagne.net\/?p=2499","og_locale":"fr_FR","og_type":"article","og_title":"L'AlterTour 2016 mobilise les alternatives sur son passage. Rejoignez nous ! - AlterTour","og_description":"Cet \u00e9t\u00e9, la joyeuse \u00e9quip\u00e9e d&rsquo;altercyclistes a pour projet de passer dans la Manche, le Calvados,\u00a0l&rsquo;Orne, les C\u00f4tes d&rsquo;Armor, le Finist\u00e8re, le Morbihan, l&rsquo;Ille et Vilaine, la Mayenne, la Sarthe et la Loire Atlantique Pourquoi pas de cr\u00e9er quelque chose avec vous ? L&rsquo;AlterTour ? C&rsquo;est&#8230; le tour qui ne ... Read More","og_url":"https:\/\/www.altercampagne.net\/?p=2499","og_site_name":"AlterTour","article_published_time":"2015-11-19T12:12:57+00:00","article_modified_time":"2019-09-16T07:08:22+00:00","og_image":[{"width":900,"height":310,"url":"https:\/\/www.altercampagne.net\/wp-content\/uploads\/2015\/11\/2015-08-19_16.331.jpg","type":"image\/jpeg"}],"author":"Mathieu","twitter_card":"summary_large_image","twitter_misc":{"\u00c9crit par":"Mathieu","Dur\u00e9e de lecture estim\u00e9e":"2 minutes"},"schema":{"@context":"https:\/\/schema.org","@graph":[{"@type":"Article","@id":"https:\/\/www.altercampagne.net\/?p=2499#article","isPartOf":{"@id":"https:\/\/www.altercampagne.net\/?p=2499"},"author":{"name":"Mathieu","@id":"https:\/\/www.altercampagne.net\/#\/schema\/person\/0f261460c09e430caa0f9bcffa319109"},"headline":"L&rsquo;AlterTour 2016 mobilise les alternatives sur son passage. Rejoignez nous !","datePublished":"2015-11-19T12:12:57+00:00","dateModified":"2019-09-16T07:08:22+00:00","mainEntityOfPage":{"@id":"https:\/\/www.altercampagne.net\/?p=2499"},"wordCount":405,"image":{"@id":"https:\/\/www.altercampagne.net\/?p=2499#primaryimage"},"thumbnailUrl":"https:\/\/www.altercampagne.net\/wp-content\/uploads\/2015\/11\/2015-08-19_16.331.jpg","keywords":["sarthe","Morbian","Calvados","2016","Pays de la Loire","biens communs","bien commun","ouest france","Basse Normandie","collectif","orne","bretagne","loire atlantique","ille et vilaine","finist\u00e8re","AlterTour 2016","manche","chantiers participatifs","v\u00e9lorution","Alternatives","autogestion"],"articleSection":["Programmes"],"inLanguage":"fr-FR"},{"@type":"WebPage","@id":"https:\/\/www.altercampagne.net\/?p=2499","url":"https:\/\/www.altercampagne.net\/?p=2499","name":"L'AlterTour 2016 mobilise les alternatives sur son passage. Rejoignez nous ! - AlterTour","isPartOf":{"@id":"https:\/\/www.altercampagne.net\/#website"},"primaryImageOfPage":{"@id":"https:\/\/www.altercampagne.net\/?p=2499#primaryimage"},"image":{"@id":"https:\/\/www.altercampagne.net\/?p=2499#primaryimage"},"thumbnailUrl":"https:\/\/www.altercampagne.net\/wp-content\/uploads\/2015\/11\/2015-08-19_16.331.jpg","datePublished":"2015-11-19T12:12:57+00:00","dateModified":"2019-09-16T07:08:22+00:00","author":{"@id":"https:\/\/www.altercampagne.net\/#\/schema\/person\/0f261460c09e430caa0f9bcffa319109"},"breadcrumb":{"@id":"https:\/\/www.altercampagne.net\/?p=2499#breadcrumb"},"inLanguage":"fr-FR","potentialAction":[{"@type":"ReadAction","target":["https:\/\/www.altercampagne.net\/?p=2499"]}]},{"@type":"ImageObject","inLanguage":"fr-FR","@id":"https:\/\/www.altercampagne.net\/?p=2499#primaryimage","url":"https:\/\/www.altercampagne.net\/wp-content\/uploads\/2015\/11\/2015-08-19_16.331.jpg","contentUrl":"https:\/\/www.altercampagne.net\/wp-content\/uploads\/2015\/11\/2015-08-19_16.331.jpg","width":900,"height":310},{"@type":"BreadcrumbList","@id":"https:\/\/www.altercampagne.net\/?p=2499#breadcrumb","itemListElement":[{"@type":"ListItem","position":1,"name":"Accueil","item":"https:\/\/www.altercampagne.net\/"},{"@type":"ListItem","position":2,"name":"L&rsquo;AlterTour 2016 mobilise les alternatives sur son passage. Rejoignez nous !"}]},{"@type":"WebSite","@id":"https:\/\/www.altercampagne.net\/#website","url":"https:\/\/www.altercampagne.net\/","name":"AlterTour","description":"Reliez les Alternatives \u00e0 v\u00e9lo","potentialAction":[{"@type":"SearchAction","target":{"@type":"EntryPoint","urlTemplate":"https:\/\/www.altercampagne.net\/?s={search_term_string}"},"query-input":{"@type":"PropertyValueSpecification","valueRequired":true,"valueName":"search_term_string"}}],"inLanguage":"fr-FR"},{"@type":"Person","@id":"https:\/\/www.altercampagne.net\/#\/schema\/person\/0f261460c09e430caa0f9bcffa319109","name":"Mathieu","image":{"@type":"ImageObject","inLanguage":"fr-FR","@id":"https:\/\/secure.gravatar.com\/avatar\/aa9d3d24c83f2141e5e2709d0f63d09a99f6be6bb7a50abc4915838d9f54501a?s=96&d=mm&r=g","url":"https:\/\/secure.gravatar.com\/avatar\/aa9d3d24c83f2141e5e2709d0f63d09a99f6be6bb7a50abc4915838d9f54501a?s=96&d=mm&r=g","contentUrl":"https:\/\/secure.gravatar.com\/avatar\/aa9d3d24c83f2141e5e2709d0f63d09a99f6be6bb7a50abc4915838d9f54501a?s=96&d=mm&r=g","caption":"Mathieu"},"url":"https:\/\/www.altercampagne.net\/?author=214"}]}},"_links":{"self":[{"href":"https:\/\/www.altercampagne.net\/index.php?rest_route=\/wp\/v2\/posts\/2499","targetHints":{"allow":["GET"]}}],"collection":[{"href":"https:\/\/www.altercampagne.net\/index.php?rest_route=\/wp\/v2\/posts"}],"about":[{"href":"https:\/\/www.altercampagne.net\/index.php?rest_route=\/wp\/v2\/types\/post"}],"author":[{"embeddable":true,"href":"https:\/\/www.altercampagne.net\/index.php?rest_route=\/wp\/v2\/users\/214"}],"replies":[{"embeddable":true,"href":"https:\/\/www.altercampagne.net\/index.php?rest_route=%2Fwp%2Fv2%2Fcomments&post=2499"}],"version-history":[{"count":0,"href":"https:\/\/www.altercampagne.net\/index.php?rest_route=\/wp\/v2\/posts\/2499\/revisions"}],"wp:featuredmedia":[{"embeddable":true,"href":"https:\/\/www.altercampagne.net\/index.php?rest_route=\/wp\/v2\/media\/15598"}],"wp:attachment":[{"href":"https:\/\/www.altercampagne.net\/index.php?rest_route=%2Fwp%2Fv2%2Fmedia&parent=2499"}],"wp:term":[{"taxonomy":"category","embeddable":true,"href":"https:\/\/www.altercampagne.net\/index.php?rest_route=%2Fwp%2Fv2%2Fcategories&post=2499"},{"taxonomy":"post_tag","embeddable":true,"href":"https:\/\/www.altercampagne.net\/index.php?rest_route=%2Fwp%2Fv2%2Ftags&post=2499"}],"curies":[{"name":"wp","href":"https:\/\/api.w.org\/{rel}","templated":true}]}}