{"id":25200,"date":"2022-04-22T16:56:09","date_gmt":"2022-04-22T14:56:09","guid":{"rendered":"https:\/\/www.altercampagne.net\/?p=25200"},"modified":"2022-04-22T16:56:10","modified_gmt":"2022-04-22T14:56:10","slug":"15-ans-de-laltertour-toi-aussi-cree-de-nouveaux-logos","status":"publish","type":"post","link":"https:\/\/www.altercampagne.net\/?p=25200","title":{"rendered":"15 ans de l\u2019AlterTour \u2013 toi aussi cr\u00e9e de nouveaux logos"},"content":{"rendered":"\n<p><strong>En 2022, on f\u00eate un anniversaire ! Mais lequel ?!<\/strong><br><strong>Eh bien les 15 ans de l\u2019AlterTour !<\/strong><\/p>\n\n\n\n<p>Dans certaines cultures, cette f\u00eate symbolise le passage de l\u2019enfance \u00e0 l&rsquo;\u00e2ge adulte. C\u2019est vrai qu\u2019apr\u00e8s tout ce temps p\u00e9dal\u00e9 on se sent un peu plus grand\u00b7e, plus agguerri\u00b7e. Les apprentissages, les rencontres et les partages assembl\u00e9s au fil des ann\u00e9es nous ont pas mal aid\u00e9 \u00e0 prendre de la hauteur (les kilos de Dahl engloutis doivent aussi y \u00eatre pour quelque chose). Cela \u00e9tant dit, notre \u00e2me d\u2019enfant n\u2019est jamais bien loin &#8211; tu sais, celle qui te fait trouver des slogans rigolos et chanter \u00e0 tue-t\u00eate sur ton v\u00e9lo-. Pour l\u2019occasion, on a envie de reprendre les pinceaux &#8211; et les fous rires &#8211; pour poursuivre la joyeuse aventure du kit de s\u00e9rigraphie embarqu\u00e9* sur le tour. On lance donc un appel \u00e0 contribution pour la cr\u00e9ation de 4 nouveaux logos, histoire de marquer le coup des 15 ans. \ud83d\ude42<\/p>\n\n\n\n<p>*<em>On chemine toujours sur la voie de la sobri\u00e9t\u00e9. Et donc un jour, cette question s\u2019est impos\u00e9e\u00a0: et si on l\u00e2chait la production de t-shirts floqu\u00e9s, au coton bio made in Bangladesh pour une solution plus sobre \u00e9cologiquement ? Depuis 2021, les t-shirts propos\u00e9s \u00e0 AlterTour sont faits \u00e0 <a href=\"https:\/\/labase.paris\/\">la Base \u00e0 Paris<\/a> avec des t-shirts de seconde main et des encres Oekotex. Cette m\u00eame ann\u00e9e a \u00e9t\u00e9 aussi exp\u00e9riment\u00e9e un kit de s\u00e9rigraphie embarqu\u00e9 sur le tour permettant \u00e0 chacun\u00b7e de floquer sur un t-shirt, une casquette, un K-Way, une serviette microfibre, une culotte ou slip les couleurs -logos- de l\u2019Altertour. En 2022, c\u2019est l\u2019arr\u00eat de commandes de t-shirts neufs\u00a0!<\/em><\/p>\n\n\n\n<figure class=\"wp-block-image size-large\"><a href=\"https:\/\/www.altercampagne.net\/wp-content\/uploads\/2022\/04\/Capture5.jpg\"><img loading=\"lazy\" decoding=\"async\" width=\"1024\" height=\"683\" src=\"https:\/\/www.altercampagne.net\/wp-content\/uploads\/2022\/04\/Capture5-1024x683.jpg\" alt=\"\" class=\"wp-image-25202\" srcset=\"https:\/\/www.altercampagne.net\/wp-content\/uploads\/2022\/04\/Capture5-1024x683.jpg 1024w, https:\/\/www.altercampagne.net\/wp-content\/uploads\/2022\/04\/Capture5-300x200.jpg 300w, https:\/\/www.altercampagne.net\/wp-content\/uploads\/2022\/04\/Capture5-768x512.jpg 768w, https:\/\/www.altercampagne.net\/wp-content\/uploads\/2022\/04\/Capture5-610x407.jpg 610w, https:\/\/www.altercampagne.net\/wp-content\/uploads\/2022\/04\/Capture5-100x67.jpg 100w, https:\/\/www.altercampagne.net\/wp-content\/uploads\/2022\/04\/Capture5-862x575.jpg 862w, https:\/\/www.altercampagne.net\/wp-content\/uploads\/2022\/04\/Capture5-1140x761.jpg 1140w, https:\/\/www.altercampagne.net\/wp-content\/uploads\/2022\/04\/Capture5.jpg 1277w\" sizes=\"auto, (max-width: 1024px) 100vw, 1024px\" \/><\/a><\/figure>\n\n\n\n<ol class=\"wp-block-list\"><li><strong>Format et couleurs du (des) motif(s)<\/strong><\/li><\/ol>\n\n\n\n<p>Les nouveaux logos seront report\u00e9s sur de petits ou moyens \u00e9crans de s\u00e9rigraphie. Pendant l\u2019itin\u00e9rance, des t-shirts, casquettes, K-Ways, serviettes microfibres, etc pourront \u00eatre s\u00e9rigraphi\u00e9s.<\/p>\n\n\n\n<p>L\u2019id\u00e9e serait donc que le motif propos\u00e9 ne d\u00e9passe pas le format A4. Le motif propos\u00e9 peut int\u00e9grer des inscriptions.<\/p>\n\n\n\n<p>Le kit de s\u00e9rigraphie embarqu\u00e9 contraint l\u2019usage \u00e0 une couleur par print de motif (blanc, vert, rouge-fushia, orange fluo, bleu-indigo). On ne peut pas avoir plusieurs couleurs pour un m\u00eame print.<\/p>\n\n\n\n<ol class=\"wp-block-list\" start=\"2\"><li><strong>Inspirations et significations<\/strong><\/li><\/ol>\n\n\n\n<p>On fait confiance \u00e0 ta cr\u00e9ativit\u00e9 sans faille !<\/p>\n\n\n\n<p>Les motifs pourront illustrer les valeurs de l\u2019AlterTour, ses 15 ans, le voyage \u00e0 v\u00e9lo, la mobilit\u00e9 douce voire la th\u00e9matique de cette ann\u00e9e \u00ab&nbsp;et si on se donnait rendez-vous dans 15 ans?&nbsp;\u00bb, etc.<\/p>\n\n\n\n<ol class=\"wp-block-list\" start=\"3\"><li><strong>Cr\u00e9dits et mentions<\/strong><\/li><\/ol>\n\n\n\n<p>N\u2019h\u00e9site pas \u00e0 int\u00e9grer votre signature ou initiales dans le(s) motif(s) propos\u00e9(s) si vous voulez que cela apparaisse.&nbsp;\ud83d\ude09<\/p>\n\n\n\n<p>Il s\u2019agit d\u2019une contribution \u00e0 titre gracieux.<\/p>\n\n\n\n<ol class=\"wp-block-list\" start=\"4\"><li><strong>Modalit\u00e9s de la transmission du fichier ou des fichiers<\/strong><\/li><\/ol>\n\n\n\n<p>Format et taille fichier :\u00a0Id\u00e9alement en Ai dans une taille 1&#215;1 ou 1&#215;2 maximum mais tout est encore ouvert.<\/p>\n\n\n\n<p>Date butoire : 15 mai 2022<\/p>\n\n\n\n<p>Fichier(s) \u00e0 transmettre \u00e0 cette adresse E-mail&nbsp;:&nbsp;marie.hameon@gmail.com<\/p>\n\n\n\n<p>Contacts si questions\/remarques \u00e0 partager :\u00a0marie.hameon@gmail.com<\/p>\n\n\n\n<figure class=\"wp-block-image size-large\"><a href=\"https:\/\/www.altercampagne.net\/wp-content\/uploads\/2022\/04\/Capture-1.jpg\"><img loading=\"lazy\" decoding=\"async\" width=\"567\" height=\"849\" src=\"https:\/\/www.altercampagne.net\/wp-content\/uploads\/2022\/04\/Capture-1.jpg\" alt=\"\" class=\"wp-image-25203\" srcset=\"https:\/\/www.altercampagne.net\/wp-content\/uploads\/2022\/04\/Capture-1.jpg 567w, https:\/\/www.altercampagne.net\/wp-content\/uploads\/2022\/04\/Capture-1-200x300.jpg 200w, https:\/\/www.altercampagne.net\/wp-content\/uploads\/2022\/04\/Capture-1-100x150.jpg 100w\" sizes=\"auto, (max-width: 567px) 100vw, 567px\" \/><\/a><\/figure>\n\n\n\n<p><\/p>\n","protected":false},"excerpt":{"rendered":"<p>En 2022, on f\u00eate un anniversaire ! Mais lequel ?!Eh bien les 15 ans de l\u2019AlterTour ! Dans certaines cultures, cette f\u00eate symbolise le passage de l\u2019enfance \u00e0 l&rsquo;\u00e2ge adulte. C\u2019est vrai qu\u2019apr\u00e8s tout ce temps p\u00e9dal\u00e9 on se sent un peu plus grand\u00b7e, plus agguerri\u00b7e. Les apprentissages, les rencontres &#8230; <\/p>\n<div><a href=\"https:\/\/www.altercampagne.net\/?p=25200\" class=\"more-link\">Read More<\/a><\/div>\n","protected":false},"author":316,"featured_media":25204,"comment_status":"closed","ping_status":"closed","sticky":false,"template":"","format":"standard","meta":{"footnotes":""},"categories":[1],"tags":[],"class_list":["post-25200","post","type-post","status-publish","format-standard","has-post-thumbnail","hentry","category-non-classe"],"yoast_head":"<!-- This site is optimized with the Yoast SEO plugin v27.3 - https:\/\/yoast.com\/product\/yoast-seo-wordpress\/ -->\n<title>15 ans de l\u2019AlterTour \u2013 toi aussi cr\u00e9e de nouveaux logos - AlterTour<\/title>\n<meta name=\"robots\" content=\"index, follow, max-snippet:-1, max-image-preview:large, max-video-preview:-1\" \/>\n<link rel=\"canonical\" href=\"https:\/\/www.altercampagne.net\/?p=25200\" \/>\n<meta property=\"og:locale\" content=\"fr_FR\" \/>\n<meta property=\"og:type\" content=\"article\" \/>\n<meta property=\"og:title\" content=\"15 ans de l\u2019AlterTour \u2013 toi aussi cr\u00e9e de nouveaux logos - AlterTour\" \/>\n<meta property=\"og:description\" content=\"En 2022, on f\u00eate un anniversaire ! Mais lequel ?!Eh bien les 15 ans de l\u2019AlterTour ! Dans certaines cultures, cette f\u00eate symbolise le passage de l\u2019enfance \u00e0 l&rsquo;\u00e2ge adulte. C\u2019est vrai qu\u2019apr\u00e8s tout ce temps p\u00e9dal\u00e9 on se sent un peu plus grand\u00b7e, plus agguerri\u00b7e. Les apprentissages, les rencontres ... Read More\" \/>\n<meta property=\"og:url\" content=\"https:\/\/www.altercampagne.net\/?p=25200\" \/>\n<meta property=\"og:site_name\" content=\"AlterTour\" \/>\n<meta property=\"article:published_time\" content=\"2022-04-22T14:56:09+00:00\" \/>\n<meta property=\"article:modified_time\" content=\"2022-04-22T14:56:10+00:00\" \/>\n<meta property=\"og:image\" content=\"https:\/\/www.altercampagne.net\/wp-content\/uploads\/2022\/04\/Capture2.jpg\" \/>\n\t<meta property=\"og:image:width\" content=\"1275\" \/>\n\t<meta property=\"og:image:height\" content=\"847\" \/>\n\t<meta property=\"og:image:type\" content=\"image\/jpeg\" \/>\n<meta name=\"author\" content=\"Jonas\" \/>\n<meta name=\"twitter:card\" content=\"summary_large_image\" \/>\n<meta name=\"twitter:label1\" content=\"\u00c9crit par\" \/>\n\t<meta name=\"twitter:data1\" content=\"Jonas\" \/>\n\t<meta name=\"twitter:label2\" content=\"Dur\u00e9e de lecture estim\u00e9e\" \/>\n\t<meta name=\"twitter:data2\" content=\"3 minutes\" \/>\n<script type=\"application\/ld+json\" class=\"yoast-schema-graph\">{\"@context\":\"https:\\\/\\\/schema.org\",\"@graph\":[{\"@type\":\"Article\",\"@id\":\"https:\\\/\\\/www.altercampagne.net\\\/?p=25200#article\",\"isPartOf\":{\"@id\":\"https:\\\/\\\/www.altercampagne.net\\\/?p=25200\"},\"author\":{\"name\":\"Jonas\",\"@id\":\"https:\\\/\\\/www.altercampagne.net\\\/#\\\/schema\\\/person\\\/308dc295a67929d58321ff6b59820daa\"},\"headline\":\"15 ans de l\u2019AlterTour \u2013 toi aussi cr\u00e9e de nouveaux logos\",\"datePublished\":\"2022-04-22T14:56:09+00:00\",\"dateModified\":\"2022-04-22T14:56:10+00:00\",\"mainEntityOfPage\":{\"@id\":\"https:\\\/\\\/www.altercampagne.net\\\/?p=25200\"},\"wordCount\":533,\"image\":{\"@id\":\"https:\\\/\\\/www.altercampagne.net\\\/?p=25200#primaryimage\"},\"thumbnailUrl\":\"https:\\\/\\\/www.altercampagne.net\\\/wp-content\\\/uploads\\\/2022\\\/04\\\/Capture2.jpg\",\"inLanguage\":\"fr-FR\"},{\"@type\":\"WebPage\",\"@id\":\"https:\\\/\\\/www.altercampagne.net\\\/?p=25200\",\"url\":\"https:\\\/\\\/www.altercampagne.net\\\/?p=25200\",\"name\":\"15 ans de l\u2019AlterTour \u2013 toi aussi cr\u00e9e de nouveaux logos - AlterTour\",\"isPartOf\":{\"@id\":\"https:\\\/\\\/www.altercampagne.net\\\/#website\"},\"primaryImageOfPage\":{\"@id\":\"https:\\\/\\\/www.altercampagne.net\\\/?p=25200#primaryimage\"},\"image\":{\"@id\":\"https:\\\/\\\/www.altercampagne.net\\\/?p=25200#primaryimage\"},\"thumbnailUrl\":\"https:\\\/\\\/www.altercampagne.net\\\/wp-content\\\/uploads\\\/2022\\\/04\\\/Capture2.jpg\",\"datePublished\":\"2022-04-22T14:56:09+00:00\",\"dateModified\":\"2022-04-22T14:56:10+00:00\",\"author\":{\"@id\":\"https:\\\/\\\/www.altercampagne.net\\\/#\\\/schema\\\/person\\\/308dc295a67929d58321ff6b59820daa\"},\"breadcrumb\":{\"@id\":\"https:\\\/\\\/www.altercampagne.net\\\/?p=25200#breadcrumb\"},\"inLanguage\":\"fr-FR\",\"potentialAction\":[{\"@type\":\"ReadAction\",\"target\":[\"https:\\\/\\\/www.altercampagne.net\\\/?p=25200\"]}]},{\"@type\":\"ImageObject\",\"inLanguage\":\"fr-FR\",\"@id\":\"https:\\\/\\\/www.altercampagne.net\\\/?p=25200#primaryimage\",\"url\":\"https:\\\/\\\/www.altercampagne.net\\\/wp-content\\\/uploads\\\/2022\\\/04\\\/Capture2.jpg\",\"contentUrl\":\"https:\\\/\\\/www.altercampagne.net\\\/wp-content\\\/uploads\\\/2022\\\/04\\\/Capture2.jpg\",\"width\":1275,\"height\":847},{\"@type\":\"BreadcrumbList\",\"@id\":\"https:\\\/\\\/www.altercampagne.net\\\/?p=25200#breadcrumb\",\"itemListElement\":[{\"@type\":\"ListItem\",\"position\":1,\"name\":\"Accueil\",\"item\":\"https:\\\/\\\/www.altercampagne.net\\\/\"},{\"@type\":\"ListItem\",\"position\":2,\"name\":\"15 ans de l\u2019AlterTour \u2013 toi aussi cr\u00e9e de nouveaux logos\"}]},{\"@type\":\"WebSite\",\"@id\":\"https:\\\/\\\/www.altercampagne.net\\\/#website\",\"url\":\"https:\\\/\\\/www.altercampagne.net\\\/\",\"name\":\"AlterTour\",\"description\":\"Reliez les Alternatives \u00e0 v\u00e9lo\",\"potentialAction\":[{\"@type\":\"SearchAction\",\"target\":{\"@type\":\"EntryPoint\",\"urlTemplate\":\"https:\\\/\\\/www.altercampagne.net\\\/?s={search_term_string}\"},\"query-input\":{\"@type\":\"PropertyValueSpecification\",\"valueRequired\":true,\"valueName\":\"search_term_string\"}}],\"inLanguage\":\"fr-FR\"},{\"@type\":\"Person\",\"@id\":\"https:\\\/\\\/www.altercampagne.net\\\/#\\\/schema\\\/person\\\/308dc295a67929d58321ff6b59820daa\",\"name\":\"Jonas\",\"image\":{\"@type\":\"ImageObject\",\"inLanguage\":\"fr-FR\",\"@id\":\"https:\\\/\\\/secure.gravatar.com\\\/avatar\\\/ade7b451791545d463915f445a8aee91b58c48cdcbc1ab2b8583fa2f30e159e4?s=96&d=mm&r=g\",\"url\":\"https:\\\/\\\/secure.gravatar.com\\\/avatar\\\/ade7b451791545d463915f445a8aee91b58c48cdcbc1ab2b8583fa2f30e159e4?s=96&d=mm&r=g\",\"contentUrl\":\"https:\\\/\\\/secure.gravatar.com\\\/avatar\\\/ade7b451791545d463915f445a8aee91b58c48cdcbc1ab2b8583fa2f30e159e4?s=96&d=mm&r=g\",\"caption\":\"Jonas\"},\"url\":\"https:\\\/\\\/www.altercampagne.net\\\/?author=316\"}]}<\/script>\n<!-- \/ Yoast SEO plugin. -->","yoast_head_json":{"title":"15 ans de l\u2019AlterTour \u2013 toi aussi cr\u00e9e de nouveaux logos - AlterTour","robots":{"index":"index","follow":"follow","max-snippet":"max-snippet:-1","max-image-preview":"max-image-preview:large","max-video-preview":"max-video-preview:-1"},"canonical":"https:\/\/www.altercampagne.net\/?p=25200","og_locale":"fr_FR","og_type":"article","og_title":"15 ans de l\u2019AlterTour \u2013 toi aussi cr\u00e9e de nouveaux logos - AlterTour","og_description":"En 2022, on f\u00eate un anniversaire ! Mais lequel ?!Eh bien les 15 ans de l\u2019AlterTour ! Dans certaines cultures, cette f\u00eate symbolise le passage de l\u2019enfance \u00e0 l&rsquo;\u00e2ge adulte. C\u2019est vrai qu\u2019apr\u00e8s tout ce temps p\u00e9dal\u00e9 on se sent un peu plus grand\u00b7e, plus agguerri\u00b7e. Les apprentissages, les rencontres ... Read More","og_url":"https:\/\/www.altercampagne.net\/?p=25200","og_site_name":"AlterTour","article_published_time":"2022-04-22T14:56:09+00:00","article_modified_time":"2022-04-22T14:56:10+00:00","og_image":[{"width":1275,"height":847,"url":"https:\/\/www.altercampagne.net\/wp-content\/uploads\/2022\/04\/Capture2.jpg","type":"image\/jpeg"}],"author":"Jonas","twitter_card":"summary_large_image","twitter_misc":{"\u00c9crit par":"Jonas","Dur\u00e9e de lecture estim\u00e9e":"3 minutes"},"schema":{"@context":"https:\/\/schema.org","@graph":[{"@type":"Article","@id":"https:\/\/www.altercampagne.net\/?p=25200#article","isPartOf":{"@id":"https:\/\/www.altercampagne.net\/?p=25200"},"author":{"name":"Jonas","@id":"https:\/\/www.altercampagne.net\/#\/schema\/person\/308dc295a67929d58321ff6b59820daa"},"headline":"15 ans de l\u2019AlterTour \u2013 toi aussi cr\u00e9e de nouveaux logos","datePublished":"2022-04-22T14:56:09+00:00","dateModified":"2022-04-22T14:56:10+00:00","mainEntityOfPage":{"@id":"https:\/\/www.altercampagne.net\/?p=25200"},"wordCount":533,"image":{"@id":"https:\/\/www.altercampagne.net\/?p=25200#primaryimage"},"thumbnailUrl":"https:\/\/www.altercampagne.net\/wp-content\/uploads\/2022\/04\/Capture2.jpg","inLanguage":"fr-FR"},{"@type":"WebPage","@id":"https:\/\/www.altercampagne.net\/?p=25200","url":"https:\/\/www.altercampagne.net\/?p=25200","name":"15 ans de l\u2019AlterTour \u2013 toi aussi cr\u00e9e de nouveaux logos - AlterTour","isPartOf":{"@id":"https:\/\/www.altercampagne.net\/#website"},"primaryImageOfPage":{"@id":"https:\/\/www.altercampagne.net\/?p=25200#primaryimage"},"image":{"@id":"https:\/\/www.altercampagne.net\/?p=25200#primaryimage"},"thumbnailUrl":"https:\/\/www.altercampagne.net\/wp-content\/uploads\/2022\/04\/Capture2.jpg","datePublished":"2022-04-22T14:56:09+00:00","dateModified":"2022-04-22T14:56:10+00:00","author":{"@id":"https:\/\/www.altercampagne.net\/#\/schema\/person\/308dc295a67929d58321ff6b59820daa"},"breadcrumb":{"@id":"https:\/\/www.altercampagne.net\/?p=25200#breadcrumb"},"inLanguage":"fr-FR","potentialAction":[{"@type":"ReadAction","target":["https:\/\/www.altercampagne.net\/?p=25200"]}]},{"@type":"ImageObject","inLanguage":"fr-FR","@id":"https:\/\/www.altercampagne.net\/?p=25200#primaryimage","url":"https:\/\/www.altercampagne.net\/wp-content\/uploads\/2022\/04\/Capture2.jpg","contentUrl":"https:\/\/www.altercampagne.net\/wp-content\/uploads\/2022\/04\/Capture2.jpg","width":1275,"height":847},{"@type":"BreadcrumbList","@id":"https:\/\/www.altercampagne.net\/?p=25200#breadcrumb","itemListElement":[{"@type":"ListItem","position":1,"name":"Accueil","item":"https:\/\/www.altercampagne.net\/"},{"@type":"ListItem","position":2,"name":"15 ans de l\u2019AlterTour \u2013 toi aussi cr\u00e9e de nouveaux logos"}]},{"@type":"WebSite","@id":"https:\/\/www.altercampagne.net\/#website","url":"https:\/\/www.altercampagne.net\/","name":"AlterTour","description":"Reliez les Alternatives \u00e0 v\u00e9lo","potentialAction":[{"@type":"SearchAction","target":{"@type":"EntryPoint","urlTemplate":"https:\/\/www.altercampagne.net\/?s={search_term_string}"},"query-input":{"@type":"PropertyValueSpecification","valueRequired":true,"valueName":"search_term_string"}}],"inLanguage":"fr-FR"},{"@type":"Person","@id":"https:\/\/www.altercampagne.net\/#\/schema\/person\/308dc295a67929d58321ff6b59820daa","name":"Jonas","image":{"@type":"ImageObject","inLanguage":"fr-FR","@id":"https:\/\/secure.gravatar.com\/avatar\/ade7b451791545d463915f445a8aee91b58c48cdcbc1ab2b8583fa2f30e159e4?s=96&d=mm&r=g","url":"https:\/\/secure.gravatar.com\/avatar\/ade7b451791545d463915f445a8aee91b58c48cdcbc1ab2b8583fa2f30e159e4?s=96&d=mm&r=g","contentUrl":"https:\/\/secure.gravatar.com\/avatar\/ade7b451791545d463915f445a8aee91b58c48cdcbc1ab2b8583fa2f30e159e4?s=96&d=mm&r=g","caption":"Jonas"},"url":"https:\/\/www.altercampagne.net\/?author=316"}]}},"_links":{"self":[{"href":"https:\/\/www.altercampagne.net\/index.php?rest_route=\/wp\/v2\/posts\/25200","targetHints":{"allow":["GET"]}}],"collection":[{"href":"https:\/\/www.altercampagne.net\/index.php?rest_route=\/wp\/v2\/posts"}],"about":[{"href":"https:\/\/www.altercampagne.net\/index.php?rest_route=\/wp\/v2\/types\/post"}],"author":[{"embeddable":true,"href":"https:\/\/www.altercampagne.net\/index.php?rest_route=\/wp\/v2\/users\/316"}],"replies":[{"embeddable":true,"href":"https:\/\/www.altercampagne.net\/index.php?rest_route=%2Fwp%2Fv2%2Fcomments&post=25200"}],"version-history":[{"count":2,"href":"https:\/\/www.altercampagne.net\/index.php?rest_route=\/wp\/v2\/posts\/25200\/revisions"}],"predecessor-version":[{"id":25206,"href":"https:\/\/www.altercampagne.net\/index.php?rest_route=\/wp\/v2\/posts\/25200\/revisions\/25206"}],"wp:featuredmedia":[{"embeddable":true,"href":"https:\/\/www.altercampagne.net\/index.php?rest_route=\/wp\/v2\/media\/25204"}],"wp:attachment":[{"href":"https:\/\/www.altercampagne.net\/index.php?rest_route=%2Fwp%2Fv2%2Fmedia&parent=25200"}],"wp:term":[{"taxonomy":"category","embeddable":true,"href":"https:\/\/www.altercampagne.net\/index.php?rest_route=%2Fwp%2Fv2%2Fcategories&post=25200"},{"taxonomy":"post_tag","embeddable":true,"href":"https:\/\/www.altercampagne.net\/index.php?rest_route=%2Fwp%2Fv2%2Ftags&post=25200"}],"curies":[{"name":"wp","href":"https:\/\/api.w.org\/{rel}","templated":true}]}}