{"id":25438,"date":"2022-05-10T19:38:09","date_gmt":"2022-05-10T17:38:09","guid":{"rendered":"https:\/\/www.altercampagne.net\/?p=25438"},"modified":"2022-05-10T19:38:10","modified_gmt":"2022-05-10T17:38:10","slug":"le-werva","status":"publish","type":"post","link":"https:\/\/www.altercampagne.net\/?p=25438","title":{"rendered":"Le WERVA !"},"content":{"rendered":"\n<p><span class=\"has-inline-color has-vivid-purple-color\"><strong>Vous ne connaissez pas le WERVA ?<\/strong> <\/span><\/p>\n\n\n\n<p class=\"has-text-align-left\"><span class=\"has-inline-color has-pale-pink-color\">Bin, vous ne savez pas ce que vous ratez, <strong>AlterCyclistes de tous les territoires : France, Belgique et de Navarre<\/strong>. C\u2019est l\u2019\u00e9tape des \u00e9tapes, le c\u0153ur de la b\u00eate AlterTourienne, l\u00e0 o\u00f9 tout se (p)r\u00e9pare, des petites m\u00e9caniques des v\u00e9los aux fin derniers r\u00e9glages des parcours. Avec les derni\u00e8res niouzes, des comptes rendus de GT au retour des formations, sans oublier les inscriptions qui ouvraient le 1er mai ! \u00a0<\/span>&#x1f4ec;<\/p>\n\n\n\n<figure class=\"wp-block-image size-large is-style-default\"><a href=\"https:\/\/www.altercampagne.net\/wp-content\/uploads\/2022\/05\/IMG_20220502_103846-1-scaled.jpg\"><img loading=\"lazy\" decoding=\"async\" width=\"1024\" height=\"768\" src=\"https:\/\/www.altercampagne.net\/wp-content\/uploads\/2022\/05\/IMG_20220502_103846-1-1024x768.jpg\" alt=\"\" class=\"wp-image-25454\" srcset=\"https:\/\/www.altercampagne.net\/wp-content\/uploads\/2022\/05\/IMG_20220502_103846-1-1024x768.jpg 1024w, https:\/\/www.altercampagne.net\/wp-content\/uploads\/2022\/05\/IMG_20220502_103846-1-300x225.jpg 300w, https:\/\/www.altercampagne.net\/wp-content\/uploads\/2022\/05\/IMG_20220502_103846-1-768x576.jpg 768w, https:\/\/www.altercampagne.net\/wp-content\/uploads\/2022\/05\/IMG_20220502_103846-1-1536x1152.jpg 1536w, https:\/\/www.altercampagne.net\/wp-content\/uploads\/2022\/05\/IMG_20220502_103846-1-2048x1536.jpg 2048w, https:\/\/www.altercampagne.net\/wp-content\/uploads\/2022\/05\/IMG_20220502_103846-1-610x458.jpg 610w, https:\/\/www.altercampagne.net\/wp-content\/uploads\/2022\/05\/IMG_20220502_103846-1-100x75.jpg 100w, https:\/\/www.altercampagne.net\/wp-content\/uploads\/2022\/05\/IMG_20220502_103846-1-862x647.jpg 862w, https:\/\/www.altercampagne.net\/wp-content\/uploads\/2022\/05\/IMG_20220502_103846-1-1140x855.jpg 1140w\" sizes=\"auto, (max-width: 1024px) 100vw, 1024px\" \/><\/a><figcaption>La Team inscription en plein rush !<\/figcaption><\/figure>\n\n\n\n<p><span class=\"has-inline-color has-vivid-red-color\">De la fen\u00eatre de Sam et Brunelle on voit <strong>la fourmili\u00e8re<\/strong> s&rsquo;activer, on les regarde et on profite de ce temps calme bienvenu. Tout \u00e0 l&rsquo;heure \u00e7a sera nous qui nous activerons \u00e0 notre tour pour faire tourner la machine AlterCampagne et polir ses petits engrenages&#8230;\u00a0<br>\u00ab <em>On <\/em>\u00bb tu dis ? Ha nan, <em>\u00ab on \u00bb c\u2019est mon cochon<\/em>, si t&rsquo;as quelque chose \u00e0 dire te caches pas, parle en ton \u00ab <em>Je <\/em>\u00bb. (<strong>#PACOO in a nutshell<\/strong> &#x1f965;)\u00a0\u00a0<\/span><\/p>\n\n\n\n<p><span style=\"color:#f88c3e\" class=\"has-inline-color\">Comme <strong>le temps passe<\/strong>, il peut aussi s\u2019observer et ce sera une nouvelle t\u00e2che pendant les parcours afin de comprendre qui fait quoi o\u00f9 quand comment, rien de personnel, dans la joie et la bonne humeur et pas dans l\u2019at-tente d\u2019une inorganisation impr\u00e9vue.<br>Quelques moments organis\u00e9s ci-et-l\u00e0 (<em>\u00e7a nous arrive parfois haha<\/em>) pour mieux comprendre <strong>en th\u00e9orie et en pratique<\/strong> : la r\u00e9paration v\u00e9lo en mixit\u00e9 choisie sans hommes cisgenre (<em>les licornes ont bien appris leur le\u00e7on !<\/em>). Atelier organis\u00e9 et film projet\u00e9, on commence peu \u00e0 peu \u00e0 cerner le sujet et se l&rsquo;approprier chacun\/chacune \u00e0 son niveau&#8230; Et \u00e7a fait du bien &#x1f64f;<\/span><\/p>\n\n\n\n<figure class=\"wp-block-image size-large is-style-rounded\"><a href=\"https:\/\/www.altercampagne.net\/wp-content\/uploads\/2022\/05\/IMG_20220430_104001-scaled.jpg\"><img loading=\"lazy\" decoding=\"async\" width=\"1024\" height=\"512\" src=\"https:\/\/www.altercampagne.net\/wp-content\/uploads\/2022\/05\/IMG_20220430_104001-1024x512.jpg\" alt=\"\" class=\"wp-image-25450\" srcset=\"https:\/\/www.altercampagne.net\/wp-content\/uploads\/2022\/05\/IMG_20220430_104001-1024x512.jpg 1024w, https:\/\/www.altercampagne.net\/wp-content\/uploads\/2022\/05\/IMG_20220430_104001-300x150.jpg 300w, https:\/\/www.altercampagne.net\/wp-content\/uploads\/2022\/05\/IMG_20220430_104001-768x384.jpg 768w, https:\/\/www.altercampagne.net\/wp-content\/uploads\/2022\/05\/IMG_20220430_104001-1536x768.jpg 1536w, https:\/\/www.altercampagne.net\/wp-content\/uploads\/2022\/05\/IMG_20220430_104001-2048x1024.jpg 2048w, https:\/\/www.altercampagne.net\/wp-content\/uploads\/2022\/05\/IMG_20220430_104001-610x305.jpg 610w, https:\/\/www.altercampagne.net\/wp-content\/uploads\/2022\/05\/IMG_20220430_104001-100x50.jpg 100w, https:\/\/www.altercampagne.net\/wp-content\/uploads\/2022\/05\/IMG_20220430_104001-862x431.jpg 862w, https:\/\/www.altercampagne.net\/wp-content\/uploads\/2022\/05\/IMG_20220430_104001-1140x570.jpg 1140w\" sizes=\"auto, (max-width: 1024px) 100vw, 1024px\" \/><\/a><figcaption>Atelier de r\u00e9paration v\u00e9lo en mixit\u00e9 choisie le samedi matin<\/figcaption><\/figure>\n\n\n\n<p><span class=\"has-inline-color has-luminous-vivid-amber-color\">&#x1f3bc; <em><strong>Si je lui avais coup\u00e9 les ailes&#8230; <\/strong><\/em>&#x1f3b6;<br>J&rsquo;adore cet air, j&rsquo;adore ces gens qui un \u00e0 une me rejoignent pour l&rsquo;\u00e9lever de plus en plus haut dans les airs&#8230; merci pour cet instant suspendu&#8230;<\/span><\/p>\n\n\n\n<p><span style=\"color:#96dc7a\" class=\"has-inline-color\">Le week-end se termine par une longue journ\u00e9e de r\u00e9paration v\u00e9lo du lever au coucher du soleil&#8230; R\u00e9sultat : <strong>des v\u00e9los, briqu\u00e9s, lustr\u00e9s, chambres \u00e0 air requinqu\u00e9es, pneus cir\u00e9s, c\u00e2bles, d\u00e9railleurs, cha\u00eenes bien graiss\u00e9es<\/strong>, ont re\u00e7u leur nouvelle appellation selon le th\u00e8me de l\u2019ann\u00e9e, et cette ann\u00e9e, c\u2019est \u00ab <em>On sera o\u00f9 dans quinze ans ? <\/em>\u00bb. \u00c7a m\u2019\u00e9phad grave.\u00a0<\/span><br><span style=\"color:#96dc7a\" class=\"has-inline-color\">\u00c7a a bien moulin\u00e9 du coup tout est chamboul\u00e9 dans l\u2019<strong>Amiv\u00e9co <\/strong>et toutes ses petites caisses bleues et son petit fut jaunes anti-nuke. <strong>Tout a \u00e9t\u00e9 vid\u00e9, racl\u00e9, ponc\u00e9, perc\u00e9, jointoy\u00e9, aspirateur\u00e9, briqu\u00e9&#8230;\u00a0<\/strong><\/span><\/p>\n\n\n\n<p><span style=\"color:#049a63\" class=\"has-inline-color\">On l\u2019a \u00e9chapp\u00e9e Belle aussi, <strong>nos h\u00f4tes Brunelle et Sam<\/strong>, avaient un air chafouin car positif\/ve. Cela les emp\u00eachaient d\u2019\u00eatre op\u00e9rationnel\u00b7les. L\u2019inconv\u00e9nient c\u2019est que quand Brunelle et Sam en font moins que d\u2019hab\u2019, \u00e7a ne se voit pas beaucoup, au lieu de courir, iels marchent vite, au lieu de faire trois taches \u00e0 la fois, iels n\u2019en font plus que deux et demi.\u00a0<br>La sono locale aussi \u00e9tait \u00e0 donf\u2019, surtout dans la fra\u00eecheur de la nuit : \u00ab Croa-croa, cri-cri, coin-coin, cui-cui, piou-piou, coucou-coucou, Hou-hou, bzzi-bzzi , flap-flap\u00bb, tout \u00e0 \u00e9t\u00e9 enregistr\u00e9, \u00e0 l\u2019aquarelle ! &#x1f3a8;<br>Extraits \u00e0 vif du <strong>th\u00e9\u00e2tre-forum<\/strong> initi\u00e9 par le GT F\u00e9minismes bas\u00e9 sur des t\u00e9moignages de situations v\u00e9cues \u00e0 l&rsquo;AT et r\u00e9colt\u00e9es \u00e0 la pl\u00e9ni\u00e8re de f\u00e9vrier :<\/span><br><span style=\"color:#049a63\" class=\"has-inline-color\"><strong>#Bricolage<\/strong> \u00ab <em>C\u2019est pas comme \u00e7a qui faut faire, j&rsquo;te montre ! <\/em>\u00bb\u00a0<\/span><br><span style=\"color:#049a63\" class=\"has-inline-color\">\u00ab<em> Passe ton chemin, vieux gars, j&rsquo;aimerais m&rsquo;en sortir toute seule <\/em>\u00bb.\u00a0<\/span><br><span style=\"color:#049a63\" class=\"has-inline-color\"><strong>#Rencontre des accueillant\u00b7es<\/strong>\u00a0 \u00ab <em>Quand iels pr\u00e9sentent, les coupent pas pour raconter ta vie : \u00e9coute-les<\/em> \u00bb.\u00a0<\/span><\/p>\n\n\n\n<figure class=\"wp-block-image size-large\"><a href=\"https:\/\/www.altercampagne.net\/wp-content\/uploads\/2022\/05\/IMG_20220429_141840-scaled.jpg\"><img loading=\"lazy\" decoding=\"async\" width=\"1024\" height=\"512\" src=\"https:\/\/www.altercampagne.net\/wp-content\/uploads\/2022\/05\/IMG_20220429_141840-1024x512.jpg\" alt=\"\" class=\"wp-image-25448\" srcset=\"https:\/\/www.altercampagne.net\/wp-content\/uploads\/2022\/05\/IMG_20220429_141840-1024x512.jpg 1024w, https:\/\/www.altercampagne.net\/wp-content\/uploads\/2022\/05\/IMG_20220429_141840-300x150.jpg 300w, https:\/\/www.altercampagne.net\/wp-content\/uploads\/2022\/05\/IMG_20220429_141840-768x384.jpg 768w, https:\/\/www.altercampagne.net\/wp-content\/uploads\/2022\/05\/IMG_20220429_141840-1536x768.jpg 1536w, https:\/\/www.altercampagne.net\/wp-content\/uploads\/2022\/05\/IMG_20220429_141840-2048x1024.jpg 2048w, https:\/\/www.altercampagne.net\/wp-content\/uploads\/2022\/05\/IMG_20220429_141840-610x305.jpg 610w, https:\/\/www.altercampagne.net\/wp-content\/uploads\/2022\/05\/IMG_20220429_141840-100x50.jpg 100w, https:\/\/www.altercampagne.net\/wp-content\/uploads\/2022\/05\/IMG_20220429_141840-862x431.jpg 862w, https:\/\/www.altercampagne.net\/wp-content\/uploads\/2022\/05\/IMG_20220429_141840-1140x570.jpg 1140w\" sizes=\"auto, (max-width: 1024px) 100vw, 1024px\" \/><\/a><figcaption>&#8230;un instant suspendu sous les fen\u00eatres de Sam et Brunelle&#8230;<\/figcaption><\/figure>\n\n\n\n<p><span class=\"has-inline-color has-vivid-cyan-blue-color\">On consomme \u00e0 l\u2019occasion \u00e9norm\u00e9ment de produits bizarres, des joints de 3 m\u00e8tres de long, de l\u2019huile de lin, de la sangle pour les bacs \u00e0 vaisselle, de la r\u00e2pe \u00e0 bois, un abattant de WC, de la perceuse, de la chambre \u00e0 air, du vernis \u00e0 ongles, 30 m\u00e8tres de fanions cousus, des rideaux pour les qu\u00e8ch, des vieux tisheurtes avec de la teinture, de la goujonnette et du sanglier ! Y\u2019a eu bien s\u00fbr des l\u00e9gumes, de la p\u00e2te, des haricots, des pois chiches, de la graine (<em>mais pas un seul grain de polenta<\/em>), de la salade, des carottes et des radis avec leur \u00ab pesto \u00bb de fanes, du comt\u00e9 et du cantal, des g\u00e2teaux et m\u00eame l\u2019anniv\u2019 d\u2019un alter ayant pass\u00e9 l\u2019\u00e2ge de la jeunesse et abandonn\u00e9 la farine\u2026 33 ans ! Le tout accompagn\u00e9, pour presque toustes, de quelques boissons locales (<em>r\u00e9gion France<\/em>) issues de fermentations. &#x1f37b;<\/span><\/p>\n\n\n\n<p><span style=\"color:#d439e2\" class=\"has-inline-color\"><strong>Vive la Dombes, vivent Brunelle et Sam, vive le WERVA, vive l\u2019AlterTour. \u00c0 nous les chemins de la bienveillance&#8230;<\/strong><\/span><\/p>\n\n\n\n<p><strong><span class=\"has-inline-color has-vivid-purple-color\">&#x1f984; Vos Licornes &#x1f984;<\/span><\/strong><\/p>\n","protected":false},"excerpt":{"rendered":"<p>WERVA 2022 : entre r\u00e9parations et pr\u00e9paratifs. Vos licornes vous livrent leurs \u00e9tats d&rsquo;\u00e2mes et fragments de souvenirs de ce fameux week-end qui restera dans les m\u00e9moires&#8230;<\/p>\n","protected":false},"author":400,"featured_media":25451,"comment_status":"closed","ping_status":"closed","sticky":false,"template":"","format":"standard","meta":{"footnotes":""},"categories":[3471,4313,4311,3574,4357,3231,3490,3938,4310,3539,3469,3488,4054,3540,3932],"tags":[],"class_list":["post-25438","post","type-post","status-publish","format-standard","has-post-thumbnail","hentry","category-auvergne-rhone-alpes","category-altertour","category-alter-d-tour","category-bieretour","category-edition-2022","category-echappee-belle","category-culture","category-education","category-communication","category-we-de-preparation","category-programmes","category-social","category-temoignages","category-transverse","category-velo"],"yoast_head":"<!-- This site is optimized with the Yoast SEO plugin v27.3 - https:\/\/yoast.com\/product\/yoast-seo-wordpress\/ -->\n<title>Le WERVA ! - AlterTour<\/title>\n<meta name=\"robots\" content=\"index, follow, max-snippet:-1, max-image-preview:large, max-video-preview:-1\" \/>\n<link rel=\"canonical\" href=\"https:\/\/www.altercampagne.net\/?p=25438\" \/>\n<meta property=\"og:locale\" content=\"fr_FR\" \/>\n<meta property=\"og:type\" content=\"article\" \/>\n<meta property=\"og:title\" content=\"Le WERVA ! - AlterTour\" \/>\n<meta property=\"og:description\" content=\"WERVA 2022 : entre r\u00e9parations et pr\u00e9paratifs. Vos licornes vous livrent leurs \u00e9tats d&#039;\u00e2mes et fragments de souvenirs de ce fameux week-end qui restera dans les m\u00e9moires...\" \/>\n<meta property=\"og:url\" content=\"https:\/\/www.altercampagne.net\/?p=25438\" \/>\n<meta property=\"og:site_name\" content=\"AlterTour\" \/>\n<meta property=\"article:published_time\" content=\"2022-05-10T17:38:09+00:00\" \/>\n<meta property=\"article:modified_time\" content=\"2022-05-10T17:38:10+00:00\" \/>\n<meta property=\"og:image\" content=\"https:\/\/www.altercampagne.net\/wp-content\/uploads\/2022\/05\/IMG_20220430_115214-scaled.jpg\" \/>\n\t<meta property=\"og:image:width\" content=\"2560\" \/>\n\t<meta property=\"og:image:height\" content=\"1920\" \/>\n\t<meta property=\"og:image:type\" content=\"image\/jpeg\" \/>\n<meta name=\"author\" content=\"Julie Din\u00e9\" \/>\n<meta name=\"twitter:card\" content=\"summary_large_image\" \/>\n<meta name=\"twitter:label1\" content=\"\u00c9crit par\" \/>\n\t<meta name=\"twitter:data1\" content=\"Julie Din\u00e9\" \/>\n\t<meta name=\"twitter:label2\" content=\"Dur\u00e9e de lecture estim\u00e9e\" \/>\n\t<meta name=\"twitter:data2\" content=\"5 minutes\" \/>\n<script type=\"application\/ld+json\" class=\"yoast-schema-graph\">{\"@context\":\"https:\\\/\\\/schema.org\",\"@graph\":[{\"@type\":\"Article\",\"@id\":\"https:\\\/\\\/www.altercampagne.net\\\/?p=25438#article\",\"isPartOf\":{\"@id\":\"https:\\\/\\\/www.altercampagne.net\\\/?p=25438\"},\"author\":{\"name\":\"Julie Din\u00e9\",\"@id\":\"https:\\\/\\\/www.altercampagne.net\\\/#\\\/schema\\\/person\\\/950254e64aea0608d9a0e1f6c00721c0\"},\"headline\":\"Le WERVA !\",\"datePublished\":\"2022-05-10T17:38:09+00:00\",\"dateModified\":\"2022-05-10T17:38:10+00:00\",\"mainEntityOfPage\":{\"@id\":\"https:\\\/\\\/www.altercampagne.net\\\/?p=25438\"},\"wordCount\":823,\"image\":{\"@id\":\"https:\\\/\\\/www.altercampagne.net\\\/?p=25438#primaryimage\"},\"thumbnailUrl\":\"https:\\\/\\\/www.altercampagne.net\\\/wp-content\\\/uploads\\\/2022\\\/05\\\/IMG_20220430_115214-scaled.jpg\",\"articleSection\":[\"Auvergne-Rh\u00f4ne-Alpes\",\"AlterTour\",\"Alter-D-tour\",\"Bi\u00e8reTour\",\"Edition 2022\",\"Echapp\u00e9e Belle\",\"Culture\",\"Education\",\"communication\",\"WE de pr\u00e9paration\",\"Programmes\",\"Social\",\"T\u00e9moignages\",\"Transverse\",\"V\u00e9lo\"],\"inLanguage\":\"fr-FR\"},{\"@type\":\"WebPage\",\"@id\":\"https:\\\/\\\/www.altercampagne.net\\\/?p=25438\",\"url\":\"https:\\\/\\\/www.altercampagne.net\\\/?p=25438\",\"name\":\"Le WERVA ! - AlterTour\",\"isPartOf\":{\"@id\":\"https:\\\/\\\/www.altercampagne.net\\\/#website\"},\"primaryImageOfPage\":{\"@id\":\"https:\\\/\\\/www.altercampagne.net\\\/?p=25438#primaryimage\"},\"image\":{\"@id\":\"https:\\\/\\\/www.altercampagne.net\\\/?p=25438#primaryimage\"},\"thumbnailUrl\":\"https:\\\/\\\/www.altercampagne.net\\\/wp-content\\\/uploads\\\/2022\\\/05\\\/IMG_20220430_115214-scaled.jpg\",\"datePublished\":\"2022-05-10T17:38:09+00:00\",\"dateModified\":\"2022-05-10T17:38:10+00:00\",\"author\":{\"@id\":\"https:\\\/\\\/www.altercampagne.net\\\/#\\\/schema\\\/person\\\/950254e64aea0608d9a0e1f6c00721c0\"},\"breadcrumb\":{\"@id\":\"https:\\\/\\\/www.altercampagne.net\\\/?p=25438#breadcrumb\"},\"inLanguage\":\"fr-FR\",\"potentialAction\":[{\"@type\":\"ReadAction\",\"target\":[\"https:\\\/\\\/www.altercampagne.net\\\/?p=25438\"]}]},{\"@type\":\"ImageObject\",\"inLanguage\":\"fr-FR\",\"@id\":\"https:\\\/\\\/www.altercampagne.net\\\/?p=25438#primaryimage\",\"url\":\"https:\\\/\\\/www.altercampagne.net\\\/wp-content\\\/uploads\\\/2022\\\/05\\\/IMG_20220430_115214-scaled.jpg\",\"contentUrl\":\"https:\\\/\\\/www.altercampagne.net\\\/wp-content\\\/uploads\\\/2022\\\/05\\\/IMG_20220430_115214-scaled.jpg\",\"width\":2560,\"height\":1920},{\"@type\":\"BreadcrumbList\",\"@id\":\"https:\\\/\\\/www.altercampagne.net\\\/?p=25438#breadcrumb\",\"itemListElement\":[{\"@type\":\"ListItem\",\"position\":1,\"name\":\"Accueil\",\"item\":\"https:\\\/\\\/www.altercampagne.net\\\/\"},{\"@type\":\"ListItem\",\"position\":2,\"name\":\"Le WERVA !\"}]},{\"@type\":\"WebSite\",\"@id\":\"https:\\\/\\\/www.altercampagne.net\\\/#website\",\"url\":\"https:\\\/\\\/www.altercampagne.net\\\/\",\"name\":\"AlterTour\",\"description\":\"Reliez les Alternatives \u00e0 v\u00e9lo\",\"potentialAction\":[{\"@type\":\"SearchAction\",\"target\":{\"@type\":\"EntryPoint\",\"urlTemplate\":\"https:\\\/\\\/www.altercampagne.net\\\/?s={search_term_string}\"},\"query-input\":{\"@type\":\"PropertyValueSpecification\",\"valueRequired\":true,\"valueName\":\"search_term_string\"}}],\"inLanguage\":\"fr-FR\"},{\"@type\":\"Person\",\"@id\":\"https:\\\/\\\/www.altercampagne.net\\\/#\\\/schema\\\/person\\\/950254e64aea0608d9a0e1f6c00721c0\",\"name\":\"Julie Din\u00e9\",\"image\":{\"@type\":\"ImageObject\",\"inLanguage\":\"fr-FR\",\"@id\":\"https:\\\/\\\/secure.gravatar.com\\\/avatar\\\/653c4911fcd0cd9f1c4c2baf7fb660028203a874745f6c1677cf0bcbe593ce50?s=96&d=mm&r=g\",\"url\":\"https:\\\/\\\/secure.gravatar.com\\\/avatar\\\/653c4911fcd0cd9f1c4c2baf7fb660028203a874745f6c1677cf0bcbe593ce50?s=96&d=mm&r=g\",\"contentUrl\":\"https:\\\/\\\/secure.gravatar.com\\\/avatar\\\/653c4911fcd0cd9f1c4c2baf7fb660028203a874745f6c1677cf0bcbe593ce50?s=96&d=mm&r=g\",\"caption\":\"Julie Din\u00e9\"},\"url\":\"https:\\\/\\\/www.altercampagne.net\\\/?author=400\"}]}<\/script>\n<!-- \/ Yoast SEO plugin. -->","yoast_head_json":{"title":"Le WERVA ! - AlterTour","robots":{"index":"index","follow":"follow","max-snippet":"max-snippet:-1","max-image-preview":"max-image-preview:large","max-video-preview":"max-video-preview:-1"},"canonical":"https:\/\/www.altercampagne.net\/?p=25438","og_locale":"fr_FR","og_type":"article","og_title":"Le WERVA ! - AlterTour","og_description":"WERVA 2022 : entre r\u00e9parations et pr\u00e9paratifs. Vos licornes vous livrent leurs \u00e9tats d'\u00e2mes et fragments de souvenirs de ce fameux week-end qui restera dans les m\u00e9moires...","og_url":"https:\/\/www.altercampagne.net\/?p=25438","og_site_name":"AlterTour","article_published_time":"2022-05-10T17:38:09+00:00","article_modified_time":"2022-05-10T17:38:10+00:00","og_image":[{"width":2560,"height":1920,"url":"https:\/\/www.altercampagne.net\/wp-content\/uploads\/2022\/05\/IMG_20220430_115214-scaled.jpg","type":"image\/jpeg"}],"author":"Julie Din\u00e9","twitter_card":"summary_large_image","twitter_misc":{"\u00c9crit par":"Julie Din\u00e9","Dur\u00e9e de lecture estim\u00e9e":"5 minutes"},"schema":{"@context":"https:\/\/schema.org","@graph":[{"@type":"Article","@id":"https:\/\/www.altercampagne.net\/?p=25438#article","isPartOf":{"@id":"https:\/\/www.altercampagne.net\/?p=25438"},"author":{"name":"Julie Din\u00e9","@id":"https:\/\/www.altercampagne.net\/#\/schema\/person\/950254e64aea0608d9a0e1f6c00721c0"},"headline":"Le WERVA !","datePublished":"2022-05-10T17:38:09+00:00","dateModified":"2022-05-10T17:38:10+00:00","mainEntityOfPage":{"@id":"https:\/\/www.altercampagne.net\/?p=25438"},"wordCount":823,"image":{"@id":"https:\/\/www.altercampagne.net\/?p=25438#primaryimage"},"thumbnailUrl":"https:\/\/www.altercampagne.net\/wp-content\/uploads\/2022\/05\/IMG_20220430_115214-scaled.jpg","articleSection":["Auvergne-Rh\u00f4ne-Alpes","AlterTour","Alter-D-tour","Bi\u00e8reTour","Edition 2022","Echapp\u00e9e Belle","Culture","Education","communication","WE de pr\u00e9paration","Programmes","Social","T\u00e9moignages","Transverse","V\u00e9lo"],"inLanguage":"fr-FR"},{"@type":"WebPage","@id":"https:\/\/www.altercampagne.net\/?p=25438","url":"https:\/\/www.altercampagne.net\/?p=25438","name":"Le WERVA ! - AlterTour","isPartOf":{"@id":"https:\/\/www.altercampagne.net\/#website"},"primaryImageOfPage":{"@id":"https:\/\/www.altercampagne.net\/?p=25438#primaryimage"},"image":{"@id":"https:\/\/www.altercampagne.net\/?p=25438#primaryimage"},"thumbnailUrl":"https:\/\/www.altercampagne.net\/wp-content\/uploads\/2022\/05\/IMG_20220430_115214-scaled.jpg","datePublished":"2022-05-10T17:38:09+00:00","dateModified":"2022-05-10T17:38:10+00:00","author":{"@id":"https:\/\/www.altercampagne.net\/#\/schema\/person\/950254e64aea0608d9a0e1f6c00721c0"},"breadcrumb":{"@id":"https:\/\/www.altercampagne.net\/?p=25438#breadcrumb"},"inLanguage":"fr-FR","potentialAction":[{"@type":"ReadAction","target":["https:\/\/www.altercampagne.net\/?p=25438"]}]},{"@type":"ImageObject","inLanguage":"fr-FR","@id":"https:\/\/www.altercampagne.net\/?p=25438#primaryimage","url":"https:\/\/www.altercampagne.net\/wp-content\/uploads\/2022\/05\/IMG_20220430_115214-scaled.jpg","contentUrl":"https:\/\/www.altercampagne.net\/wp-content\/uploads\/2022\/05\/IMG_20220430_115214-scaled.jpg","width":2560,"height":1920},{"@type":"BreadcrumbList","@id":"https:\/\/www.altercampagne.net\/?p=25438#breadcrumb","itemListElement":[{"@type":"ListItem","position":1,"name":"Accueil","item":"https:\/\/www.altercampagne.net\/"},{"@type":"ListItem","position":2,"name":"Le WERVA !"}]},{"@type":"WebSite","@id":"https:\/\/www.altercampagne.net\/#website","url":"https:\/\/www.altercampagne.net\/","name":"AlterTour","description":"Reliez les Alternatives \u00e0 v\u00e9lo","potentialAction":[{"@type":"SearchAction","target":{"@type":"EntryPoint","urlTemplate":"https:\/\/www.altercampagne.net\/?s={search_term_string}"},"query-input":{"@type":"PropertyValueSpecification","valueRequired":true,"valueName":"search_term_string"}}],"inLanguage":"fr-FR"},{"@type":"Person","@id":"https:\/\/www.altercampagne.net\/#\/schema\/person\/950254e64aea0608d9a0e1f6c00721c0","name":"Julie Din\u00e9","image":{"@type":"ImageObject","inLanguage":"fr-FR","@id":"https:\/\/secure.gravatar.com\/avatar\/653c4911fcd0cd9f1c4c2baf7fb660028203a874745f6c1677cf0bcbe593ce50?s=96&d=mm&r=g","url":"https:\/\/secure.gravatar.com\/avatar\/653c4911fcd0cd9f1c4c2baf7fb660028203a874745f6c1677cf0bcbe593ce50?s=96&d=mm&r=g","contentUrl":"https:\/\/secure.gravatar.com\/avatar\/653c4911fcd0cd9f1c4c2baf7fb660028203a874745f6c1677cf0bcbe593ce50?s=96&d=mm&r=g","caption":"Julie Din\u00e9"},"url":"https:\/\/www.altercampagne.net\/?author=400"}]}},"_links":{"self":[{"href":"https:\/\/www.altercampagne.net\/index.php?rest_route=\/wp\/v2\/posts\/25438","targetHints":{"allow":["GET"]}}],"collection":[{"href":"https:\/\/www.altercampagne.net\/index.php?rest_route=\/wp\/v2\/posts"}],"about":[{"href":"https:\/\/www.altercampagne.net\/index.php?rest_route=\/wp\/v2\/types\/post"}],"author":[{"embeddable":true,"href":"https:\/\/www.altercampagne.net\/index.php?rest_route=\/wp\/v2\/users\/400"}],"replies":[{"embeddable":true,"href":"https:\/\/www.altercampagne.net\/index.php?rest_route=%2Fwp%2Fv2%2Fcomments&post=25438"}],"version-history":[{"count":3,"href":"https:\/\/www.altercampagne.net\/index.php?rest_route=\/wp\/v2\/posts\/25438\/revisions"}],"predecessor-version":[{"id":25456,"href":"https:\/\/www.altercampagne.net\/index.php?rest_route=\/wp\/v2\/posts\/25438\/revisions\/25456"}],"wp:featuredmedia":[{"embeddable":true,"href":"https:\/\/www.altercampagne.net\/index.php?rest_route=\/wp\/v2\/media\/25451"}],"wp:attachment":[{"href":"https:\/\/www.altercampagne.net\/index.php?rest_route=%2Fwp%2Fv2%2Fmedia&parent=25438"}],"wp:term":[{"taxonomy":"category","embeddable":true,"href":"https:\/\/www.altercampagne.net\/index.php?rest_route=%2Fwp%2Fv2%2Fcategories&post=25438"},{"taxonomy":"post_tag","embeddable":true,"href":"https:\/\/www.altercampagne.net\/index.php?rest_route=%2Fwp%2Fv2%2Ftags&post=25438"}],"curies":[{"name":"wp","href":"https:\/\/api.w.org\/{rel}","templated":true}]}}