{"id":25583,"date":"2022-05-24T16:01:42","date_gmt":"2022-05-24T14:01:42","guid":{"rendered":"https:\/\/www.altercampagne.net\/?p=25583"},"modified":"2022-05-24T16:01:44","modified_gmt":"2022-05-24T14:01:44","slug":"a-segonds-cest-un-hameau-qui-reprend-vie-aujourdhui-et-pour-demain","status":"publish","type":"post","link":"https:\/\/www.altercampagne.net\/?p=25583","title":{"rendered":"\u00c0 Segonds, c&rsquo;est un hameau qui reprend vie aujourd&rsquo;hui et pour demain"},"content":{"rendered":"\n<p class=\"has-medium-font-size\"><strong>Penser collectif pour l&rsquo;habitat et les terres agricoles&#8230;<\/strong><\/p>\n\n\n\n<p><em>Segonds<\/em>, c&rsquo;est un lieu de vie et 30 hectares de terres agricoles. <em>Segonds<\/em>, c&rsquo;est un collectif de 8 associ\u00e9.e.s, dont 2 enfants, habitant dans un corps de ferme et un autre collectif de 80 associ\u00e9.e.s qui a permis l&rsquo;acquisition solidaire des terres agricoles. La volont\u00e9 est de s&rsquo;\u00e9loigner de la propri\u00e9t\u00e9 priv\u00e9e et de penser la transmission diff\u00e9remment. Au quotidien, c&rsquo;est l&rsquo;exp\u00e9rimentation du vivre-ensemble et la cr\u00e9ation d\u2019interactions entre habitant.e.s et activit\u00e9s agricoles. <\/p>\n\n\n\n<p>Depuis 2019, Tatiana et Sascha y ont lanc\u00e9 leur activit\u00e9 de culture de c\u00e9r\u00e9ales, de boulangerie et d&rsquo;\u00e9levage de brebis\u00a0; Oriane et Pyo ont install\u00e9 leur activit\u00e9 de mara\u00eechage. En parall\u00e8le, deux habitations ont \u00e9t\u00e9 r\u00e9nov\u00e9es pour accueillir confortablement ces deux familles. En ce moment, Lisou et Jules r\u00e9novent une grange pour y vivre prochainement. De la ferme de Segonds inhabit\u00e9e et de ses terres vou\u00e9es \u00e0 l&rsquo;agrandissement d&rsquo;exploitations voisines, c&rsquo;est maintenant tout un hameau qui reprend vie.<\/p>\n\n\n\n<p class=\"has-medium-font-size\">\u2026 <strong>pour transmettre aux suivant.e.s<\/strong><\/p>\n\n\n\n<p>\u00ab Dans quinze ans, Titouan et Nino auront vingt ans. Cette projection alimente nos choix d\u2019habitat collectif et de r\u00e9appropriation des terres agricoles \u00e0 Segonds. Vivre sur un territoire rural qui nous a accueilli g\u00e9n\u00e9reusement me laisse esp\u00e9rer qu\u2019un jour tout le monde accueillera sans pr\u00e9jug\u00e9 les personnes, les id\u00e9es, les fa\u00e7ons diff\u00e9rentes de proc\u00e9der, de consommer ou de se d\u00e9placer. Ici, les interactions sont riches et continuent de questionner notre h\u00e9ritage, les fondements de la soci\u00e9t\u00e9 d&rsquo;aujourd&rsquo;hui bas\u00e9e sur l&rsquo;argent, le patriarcat et la course en avant. <\/p>\n\n\n\n<p>L&rsquo;envie pour les 15 prochaines ann\u00e9es, c&rsquo;est de transmettre \u00e0 nos enfants et aux suivant.e.s des id\u00e9es plut\u00f4t que des biens mat\u00e9riels. Et dans 15 ans, j&rsquo;esp\u00e8re qu&rsquo;on aura r\u00e9ussi \u00e0 donner les cl\u00e9s pour continuer la construction de demain avec une dimension collective des choses, tourn\u00e9e vers la nature et l&rsquo;humain.e.\u00a0\u00bb <\/p>\n\n\n\n<p class=\"has-text-align-right\"><em>Pyo, habitant-mara\u00eecher de Segonds<\/em><\/p>\n","protected":false},"excerpt":{"rendered":"<p>Penser collectif pour l&rsquo;habitat et les terres agricoles&#8230; Segonds, c&rsquo;est un lieu de vie et 30 hectares de terres agricoles. Segonds, c&rsquo;est un collectif de 8 associ\u00e9.e.s, dont 2 enfants, habitant dans un corps de ferme et un autre collectif de 80 associ\u00e9.e.s qui a permis l&rsquo;acquisition solidaire des terres &#8230; <\/p>\n<div><a href=\"https:\/\/www.altercampagne.net\/?p=25583\" class=\"more-link\">Read More<\/a><\/div>\n","protected":false},"author":244,"featured_media":25161,"comment_status":"closed","ping_status":"closed","sticky":false,"template":"","format":"standard","meta":{"footnotes":""},"categories":[3483,4313,3489,4357,3480],"tags":[4391,4392],"class_list":["post-25583","post","type-post","status-publish","format-standard","has-post-thumbnail","hentry","category-agriculture","category-altertour","category-alimentation","category-edition-2022","category-occitanie","tag-le-bas-segala","tag-ferme-de-segonds"],"yoast_head":"<!-- This site is optimized with the Yoast SEO plugin v27.3 - https:\/\/yoast.com\/product\/yoast-seo-wordpress\/ -->\n<title>\u00c0 Segonds, c&#039;est un hameau qui reprend vie aujourd&#039;hui et pour demain - AlterTour<\/title>\n<meta name=\"robots\" content=\"index, follow, max-snippet:-1, max-image-preview:large, max-video-preview:-1\" \/>\n<link rel=\"canonical\" href=\"https:\/\/www.altercampagne.net\/?p=25583\" \/>\n<meta property=\"og:locale\" content=\"fr_FR\" \/>\n<meta property=\"og:type\" content=\"article\" \/>\n<meta property=\"og:title\" content=\"\u00c0 Segonds, c&#039;est un hameau qui reprend vie aujourd&#039;hui et pour demain - AlterTour\" \/>\n<meta property=\"og:description\" content=\"Penser collectif pour l&rsquo;habitat et les terres agricoles&#8230; Segonds, c&rsquo;est un lieu de vie et 30 hectares de terres agricoles. Segonds, c&rsquo;est un collectif de 8 associ\u00e9.e.s, dont 2 enfants, habitant dans un corps de ferme et un autre collectif de 80 associ\u00e9.e.s qui a permis l&rsquo;acquisition solidaire des terres ... Read More\" \/>\n<meta property=\"og:url\" content=\"https:\/\/www.altercampagne.net\/?p=25583\" \/>\n<meta property=\"og:site_name\" content=\"AlterTour\" \/>\n<meta property=\"article:published_time\" content=\"2022-05-24T14:01:42+00:00\" \/>\n<meta property=\"article:modified_time\" content=\"2022-05-24T14:01:44+00:00\" \/>\n<meta property=\"og:image\" content=\"https:\/\/www.altercampagne.net\/wp-content\/uploads\/2022\/04\/IMG-20220307-WA0003segongs-2.jpg\" \/>\n\t<meta property=\"og:image:width\" content=\"1600\" \/>\n\t<meta property=\"og:image:height\" content=\"1200\" \/>\n\t<meta property=\"og:image:type\" content=\"image\/jpeg\" \/>\n<meta name=\"author\" content=\"Lola\" \/>\n<meta name=\"twitter:card\" content=\"summary_large_image\" \/>\n<meta name=\"twitter:label1\" content=\"\u00c9crit par\" \/>\n\t<meta name=\"twitter:data1\" content=\"Lola\" \/>\n\t<meta name=\"twitter:label2\" content=\"Dur\u00e9e de lecture estim\u00e9e\" \/>\n\t<meta name=\"twitter:data2\" content=\"2 minutes\" \/>\n<script type=\"application\/ld+json\" class=\"yoast-schema-graph\">{\"@context\":\"https:\\\/\\\/schema.org\",\"@graph\":[{\"@type\":\"Article\",\"@id\":\"https:\\\/\\\/www.altercampagne.net\\\/?p=25583#article\",\"isPartOf\":{\"@id\":\"https:\\\/\\\/www.altercampagne.net\\\/?p=25583\"},\"author\":{\"name\":\"Lola\",\"@id\":\"https:\\\/\\\/www.altercampagne.net\\\/#\\\/schema\\\/person\\\/d62ac9b647acf1e507f3dc6872ad0813\"},\"headline\":\"\u00c0 Segonds, c&rsquo;est un hameau qui reprend vie aujourd&rsquo;hui et pour demain\",\"datePublished\":\"2022-05-24T14:01:42+00:00\",\"dateModified\":\"2022-05-24T14:01:44+00:00\",\"mainEntityOfPage\":{\"@id\":\"https:\\\/\\\/www.altercampagne.net\\\/?p=25583\"},\"wordCount\":378,\"image\":{\"@id\":\"https:\\\/\\\/www.altercampagne.net\\\/?p=25583#primaryimage\"},\"thumbnailUrl\":\"https:\\\/\\\/www.altercampagne.net\\\/wp-content\\\/uploads\\\/2022\\\/04\\\/IMG-20220307-WA0003segongs-2-e1665585015454.jpg\",\"keywords\":[\"Le Bas S\u00e9gala\",\"Ferme de Segonds\"],\"articleSection\":[\"Agriculture\",\"AlterTour\",\"Alimentation\",\"Edition 2022\",\"Occitanie\"],\"inLanguage\":\"fr-FR\"},{\"@type\":\"WebPage\",\"@id\":\"https:\\\/\\\/www.altercampagne.net\\\/?p=25583\",\"url\":\"https:\\\/\\\/www.altercampagne.net\\\/?p=25583\",\"name\":\"\u00c0 Segonds, c'est un hameau qui reprend vie aujourd'hui et pour demain - AlterTour\",\"isPartOf\":{\"@id\":\"https:\\\/\\\/www.altercampagne.net\\\/#website\"},\"primaryImageOfPage\":{\"@id\":\"https:\\\/\\\/www.altercampagne.net\\\/?p=25583#primaryimage\"},\"image\":{\"@id\":\"https:\\\/\\\/www.altercampagne.net\\\/?p=25583#primaryimage\"},\"thumbnailUrl\":\"https:\\\/\\\/www.altercampagne.net\\\/wp-content\\\/uploads\\\/2022\\\/04\\\/IMG-20220307-WA0003segongs-2-e1665585015454.jpg\",\"datePublished\":\"2022-05-24T14:01:42+00:00\",\"dateModified\":\"2022-05-24T14:01:44+00:00\",\"author\":{\"@id\":\"https:\\\/\\\/www.altercampagne.net\\\/#\\\/schema\\\/person\\\/d62ac9b647acf1e507f3dc6872ad0813\"},\"breadcrumb\":{\"@id\":\"https:\\\/\\\/www.altercampagne.net\\\/?p=25583#breadcrumb\"},\"inLanguage\":\"fr-FR\",\"potentialAction\":[{\"@type\":\"ReadAction\",\"target\":[\"https:\\\/\\\/www.altercampagne.net\\\/?p=25583\"]}]},{\"@type\":\"ImageObject\",\"inLanguage\":\"fr-FR\",\"@id\":\"https:\\\/\\\/www.altercampagne.net\\\/?p=25583#primaryimage\",\"url\":\"https:\\\/\\\/www.altercampagne.net\\\/wp-content\\\/uploads\\\/2022\\\/04\\\/IMG-20220307-WA0003segongs-2-e1665585015454.jpg\",\"contentUrl\":\"https:\\\/\\\/www.altercampagne.net\\\/wp-content\\\/uploads\\\/2022\\\/04\\\/IMG-20220307-WA0003segongs-2-e1665585015454.jpg\",\"width\":400,\"height\":300},{\"@type\":\"BreadcrumbList\",\"@id\":\"https:\\\/\\\/www.altercampagne.net\\\/?p=25583#breadcrumb\",\"itemListElement\":[{\"@type\":\"ListItem\",\"position\":1,\"name\":\"Accueil\",\"item\":\"https:\\\/\\\/www.altercampagne.net\\\/\"},{\"@type\":\"ListItem\",\"position\":2,\"name\":\"\u00c0 Segonds, c&rsquo;est un hameau qui reprend vie aujourd&rsquo;hui et pour demain\"}]},{\"@type\":\"WebSite\",\"@id\":\"https:\\\/\\\/www.altercampagne.net\\\/#website\",\"url\":\"https:\\\/\\\/www.altercampagne.net\\\/\",\"name\":\"AlterTour\",\"description\":\"Reliez les Alternatives \u00e0 v\u00e9lo\",\"potentialAction\":[{\"@type\":\"SearchAction\",\"target\":{\"@type\":\"EntryPoint\",\"urlTemplate\":\"https:\\\/\\\/www.altercampagne.net\\\/?s={search_term_string}\"},\"query-input\":{\"@type\":\"PropertyValueSpecification\",\"valueRequired\":true,\"valueName\":\"search_term_string\"}}],\"inLanguage\":\"fr-FR\"},{\"@type\":\"Person\",\"@id\":\"https:\\\/\\\/www.altercampagne.net\\\/#\\\/schema\\\/person\\\/d62ac9b647acf1e507f3dc6872ad0813\",\"name\":\"Lola\",\"image\":{\"@type\":\"ImageObject\",\"inLanguage\":\"fr-FR\",\"@id\":\"https:\\\/\\\/secure.gravatar.com\\\/avatar\\\/13b00eee43f254902255a717dfd6748f303639ba0199c25dcad8de38297b64d1?s=96&d=mm&r=g\",\"url\":\"https:\\\/\\\/secure.gravatar.com\\\/avatar\\\/13b00eee43f254902255a717dfd6748f303639ba0199c25dcad8de38297b64d1?s=96&d=mm&r=g\",\"contentUrl\":\"https:\\\/\\\/secure.gravatar.com\\\/avatar\\\/13b00eee43f254902255a717dfd6748f303639ba0199c25dcad8de38297b64d1?s=96&d=mm&r=g\",\"caption\":\"Lola\"},\"url\":\"https:\\\/\\\/www.altercampagne.net\\\/?author=244\"}]}<\/script>\n<!-- \/ Yoast SEO plugin. -->","yoast_head_json":{"title":"\u00c0 Segonds, c'est un hameau qui reprend vie aujourd'hui et pour demain - AlterTour","robots":{"index":"index","follow":"follow","max-snippet":"max-snippet:-1","max-image-preview":"max-image-preview:large","max-video-preview":"max-video-preview:-1"},"canonical":"https:\/\/www.altercampagne.net\/?p=25583","og_locale":"fr_FR","og_type":"article","og_title":"\u00c0 Segonds, c'est un hameau qui reprend vie aujourd'hui et pour demain - AlterTour","og_description":"Penser collectif pour l&rsquo;habitat et les terres agricoles&#8230; Segonds, c&rsquo;est un lieu de vie et 30 hectares de terres agricoles. Segonds, c&rsquo;est un collectif de 8 associ\u00e9.e.s, dont 2 enfants, habitant dans un corps de ferme et un autre collectif de 80 associ\u00e9.e.s qui a permis l&rsquo;acquisition solidaire des terres ... Read More","og_url":"https:\/\/www.altercampagne.net\/?p=25583","og_site_name":"AlterTour","article_published_time":"2022-05-24T14:01:42+00:00","article_modified_time":"2022-05-24T14:01:44+00:00","og_image":[{"width":1600,"height":1200,"url":"https:\/\/www.altercampagne.net\/wp-content\/uploads\/2022\/04\/IMG-20220307-WA0003segongs-2.jpg","type":"image\/jpeg"}],"author":"Lola","twitter_card":"summary_large_image","twitter_misc":{"\u00c9crit par":"Lola","Dur\u00e9e de lecture estim\u00e9e":"2 minutes"},"schema":{"@context":"https:\/\/schema.org","@graph":[{"@type":"Article","@id":"https:\/\/www.altercampagne.net\/?p=25583#article","isPartOf":{"@id":"https:\/\/www.altercampagne.net\/?p=25583"},"author":{"name":"Lola","@id":"https:\/\/www.altercampagne.net\/#\/schema\/person\/d62ac9b647acf1e507f3dc6872ad0813"},"headline":"\u00c0 Segonds, c&rsquo;est un hameau qui reprend vie aujourd&rsquo;hui et pour demain","datePublished":"2022-05-24T14:01:42+00:00","dateModified":"2022-05-24T14:01:44+00:00","mainEntityOfPage":{"@id":"https:\/\/www.altercampagne.net\/?p=25583"},"wordCount":378,"image":{"@id":"https:\/\/www.altercampagne.net\/?p=25583#primaryimage"},"thumbnailUrl":"https:\/\/www.altercampagne.net\/wp-content\/uploads\/2022\/04\/IMG-20220307-WA0003segongs-2-e1665585015454.jpg","keywords":["Le Bas S\u00e9gala","Ferme de Segonds"],"articleSection":["Agriculture","AlterTour","Alimentation","Edition 2022","Occitanie"],"inLanguage":"fr-FR"},{"@type":"WebPage","@id":"https:\/\/www.altercampagne.net\/?p=25583","url":"https:\/\/www.altercampagne.net\/?p=25583","name":"\u00c0 Segonds, c'est un hameau qui reprend vie aujourd'hui et pour demain - AlterTour","isPartOf":{"@id":"https:\/\/www.altercampagne.net\/#website"},"primaryImageOfPage":{"@id":"https:\/\/www.altercampagne.net\/?p=25583#primaryimage"},"image":{"@id":"https:\/\/www.altercampagne.net\/?p=25583#primaryimage"},"thumbnailUrl":"https:\/\/www.altercampagne.net\/wp-content\/uploads\/2022\/04\/IMG-20220307-WA0003segongs-2-e1665585015454.jpg","datePublished":"2022-05-24T14:01:42+00:00","dateModified":"2022-05-24T14:01:44+00:00","author":{"@id":"https:\/\/www.altercampagne.net\/#\/schema\/person\/d62ac9b647acf1e507f3dc6872ad0813"},"breadcrumb":{"@id":"https:\/\/www.altercampagne.net\/?p=25583#breadcrumb"},"inLanguage":"fr-FR","potentialAction":[{"@type":"ReadAction","target":["https:\/\/www.altercampagne.net\/?p=25583"]}]},{"@type":"ImageObject","inLanguage":"fr-FR","@id":"https:\/\/www.altercampagne.net\/?p=25583#primaryimage","url":"https:\/\/www.altercampagne.net\/wp-content\/uploads\/2022\/04\/IMG-20220307-WA0003segongs-2-e1665585015454.jpg","contentUrl":"https:\/\/www.altercampagne.net\/wp-content\/uploads\/2022\/04\/IMG-20220307-WA0003segongs-2-e1665585015454.jpg","width":400,"height":300},{"@type":"BreadcrumbList","@id":"https:\/\/www.altercampagne.net\/?p=25583#breadcrumb","itemListElement":[{"@type":"ListItem","position":1,"name":"Accueil","item":"https:\/\/www.altercampagne.net\/"},{"@type":"ListItem","position":2,"name":"\u00c0 Segonds, c&rsquo;est un hameau qui reprend vie aujourd&rsquo;hui et pour demain"}]},{"@type":"WebSite","@id":"https:\/\/www.altercampagne.net\/#website","url":"https:\/\/www.altercampagne.net\/","name":"AlterTour","description":"Reliez les Alternatives \u00e0 v\u00e9lo","potentialAction":[{"@type":"SearchAction","target":{"@type":"EntryPoint","urlTemplate":"https:\/\/www.altercampagne.net\/?s={search_term_string}"},"query-input":{"@type":"PropertyValueSpecification","valueRequired":true,"valueName":"search_term_string"}}],"inLanguage":"fr-FR"},{"@type":"Person","@id":"https:\/\/www.altercampagne.net\/#\/schema\/person\/d62ac9b647acf1e507f3dc6872ad0813","name":"Lola","image":{"@type":"ImageObject","inLanguage":"fr-FR","@id":"https:\/\/secure.gravatar.com\/avatar\/13b00eee43f254902255a717dfd6748f303639ba0199c25dcad8de38297b64d1?s=96&d=mm&r=g","url":"https:\/\/secure.gravatar.com\/avatar\/13b00eee43f254902255a717dfd6748f303639ba0199c25dcad8de38297b64d1?s=96&d=mm&r=g","contentUrl":"https:\/\/secure.gravatar.com\/avatar\/13b00eee43f254902255a717dfd6748f303639ba0199c25dcad8de38297b64d1?s=96&d=mm&r=g","caption":"Lola"},"url":"https:\/\/www.altercampagne.net\/?author=244"}]}},"_links":{"self":[{"href":"https:\/\/www.altercampagne.net\/index.php?rest_route=\/wp\/v2\/posts\/25583","targetHints":{"allow":["GET"]}}],"collection":[{"href":"https:\/\/www.altercampagne.net\/index.php?rest_route=\/wp\/v2\/posts"}],"about":[{"href":"https:\/\/www.altercampagne.net\/index.php?rest_route=\/wp\/v2\/types\/post"}],"author":[{"embeddable":true,"href":"https:\/\/www.altercampagne.net\/index.php?rest_route=\/wp\/v2\/users\/244"}],"replies":[{"embeddable":true,"href":"https:\/\/www.altercampagne.net\/index.php?rest_route=%2Fwp%2Fv2%2Fcomments&post=25583"}],"version-history":[{"count":10,"href":"https:\/\/www.altercampagne.net\/index.php?rest_route=\/wp\/v2\/posts\/25583\/revisions"}],"predecessor-version":[{"id":25595,"href":"https:\/\/www.altercampagne.net\/index.php?rest_route=\/wp\/v2\/posts\/25583\/revisions\/25595"}],"wp:featuredmedia":[{"embeddable":true,"href":"https:\/\/www.altercampagne.net\/index.php?rest_route=\/wp\/v2\/media\/25161"}],"wp:attachment":[{"href":"https:\/\/www.altercampagne.net\/index.php?rest_route=%2Fwp%2Fv2%2Fmedia&parent=25583"}],"wp:term":[{"taxonomy":"category","embeddable":true,"href":"https:\/\/www.altercampagne.net\/index.php?rest_route=%2Fwp%2Fv2%2Fcategories&post=25583"},{"taxonomy":"post_tag","embeddable":true,"href":"https:\/\/www.altercampagne.net\/index.php?rest_route=%2Fwp%2Fv2%2Ftags&post=25583"}],"curies":[{"name":"wp","href":"https:\/\/api.w.org\/{rel}","templated":true}]}}