{"id":25609,"date":"2022-06-02T11:15:02","date_gmt":"2022-06-02T09:15:02","guid":{"rendered":"https:\/\/www.altercampagne.net\/?p=25609"},"modified":"2022-06-02T14:24:48","modified_gmt":"2022-06-02T12:24:48","slug":"lechappee-belle-belge-2","status":"publish","type":"post","link":"https:\/\/www.altercampagne.net\/?p=25609","title":{"rendered":"L&rsquo;\u00e9chapp\u00e9e belle belge"},"content":{"rendered":"\n<p>Ce weekend de l&rsquo;Ascencion a \u00e9t\u00e9 <strong>l&rsquo;occasion pour un petit groupe de Belges et de Fran\u00e7ais\u2e31es de p\u00e9daler \u00e0 la d\u00e9couverte des Alternatives autour de Bruxelles.<\/strong><\/p>\n\n\n\n<p>Comme d&rsquo;habitude \u00e0 l&rsquo;AlterTour, il y avait <strong>une belle mixit\u00e9 g\u00e9n\u00e9rationnelle<\/strong>, des plus petits hauts comme trois pommes aux plus grands grisonnants, en passant par les trentenaires, mais <strong>pour tout le monde des mollets en acier ! <\/strong>Moi qui d\u00e9couvrait le plat pays pour la premi\u00e8re fois, j&rsquo;ai \u00e9t\u00e9 \u00e9tonn\u00e9e de voir qu&rsquo;il y avait des mont\u00e9es et des descentes, et j&rsquo;ai su\u00e9 pour passer un col \u00e0 151 m\u00e8tres&#8230; il va falloir que je m&rsquo;entra\u00eene avant cet \u00e9t\u00e9 pour affronter les d\u00e9nivel\u00e9s de l&rsquo;Auvergne !<\/p>\n\n\n\n<figure class=\"wp-block-image size-large\"><a href=\"https:\/\/www.altercampagne.net\/wp-content\/uploads\/2022\/06\/phil-route-ebb.jpg\"><img loading=\"lazy\" decoding=\"async\" width=\"750\" height=\"562\" src=\"https:\/\/www.altercampagne.net\/wp-content\/uploads\/2022\/06\/phil-route-ebb.jpg\" alt=\"\" class=\"wp-image-25626\" srcset=\"https:\/\/www.altercampagne.net\/wp-content\/uploads\/2022\/06\/phil-route-ebb.jpg 750w, https:\/\/www.altercampagne.net\/wp-content\/uploads\/2022\/06\/phil-route-ebb-300x225.jpg 300w, https:\/\/www.altercampagne.net\/wp-content\/uploads\/2022\/06\/phil-route-ebb-610x457.jpg 610w, https:\/\/www.altercampagne.net\/wp-content\/uploads\/2022\/06\/phil-route-ebb-100x75.jpg 100w\" sizes=\"auto, (max-width: 750px) 100vw, 750px\" \/><\/a><figcaption>Sur la route vers Louvain La Neuve<\/figcaption><\/figure>\n\n\n\n<p>Ces quelques jours ont \u00e9t\u00e9 l&rsquo;occasion de d\u00e9couvrir du vocabulaire belge, afin de pouvoir comprendre une phrase telle que \u00ab\u00a0l&rsquo;<strong>ASBL<\/strong> esp\u00e8re pouvoir compter sur le soutien du <strong>bourgmestre <\/strong>et de l&rsquo;<strong>\u00e9chevine<\/strong> pour obtenir des <strong>subsides<\/strong>\u00a0\u00bb <em>(pour les non-initi\u00e9\u2e31es : l&rsquo;association esp\u00e8re pouvoir compter sur le soutien du maire et de l&rsquo;\u00e9lue pour obtenir des subventions).<\/em> J&rsquo;\u00e9tais pr\u00e9par\u00e9e \u00e0 ce qu&rsquo;on me demande de <strong>payer ma gaufre \u00ab\u00a0trois euros nonante\u00a0\u00bb<\/strong> et je n&rsquo;ai pas \u00e9t\u00e9 surprise d&rsquo;entendre parler d&rsquo;un groupe \u00ab\u00a0d&rsquo;<strong>une septantaine de cyclistes<\/strong>\u00a0\u00bb mais c&rsquo;est avec d\u00e9lectation que j&rsquo;ai d\u00e9couvert au cours d&rsquo;une conversation avec Jonas qu&rsquo;au lieu de la r\u00e9barbative expression \u00ab\u00a0au compte goutte\u00a0\u00bb on peut utiliser l&rsquo;onomatop\u00e9e \u00ab\u00a0<strong>en plic ploc<\/strong>\u00ab\u00a0.<\/p>\n\n\n\n<h5 class=\"has-text-align-center wp-block-heading\">En quatre jours nous avons encha\u00een\u00e9s les visites, <strong>avec un fil rouge entre les lieux urbains et ruraux : l&rsquo;action collective.<\/strong> <\/h5>\n\n\n\n<p>Ainsi <strong>les mara\u00eecher\u2e31es de <a href=\"https:\/\/www.radiskale.be\/\" target=\"_blank\" rel=\"noreferrer noopener\">RadisKale <\/a>se r\u00e9partissent les responsabilit\u00e9s, <\/strong>certain\u2e31es en charge de la communication ou de la coordination des b\u00e9n\u00e9voles tandis que d&rsquo;autres veillent sur la pr\u00e9paration de purins et autres d\u00e9coctions ou produisent des plants dans la p\u00e9pini\u00e8re. A la <a href=\"https:\/\/communa.be\/les-lieux\/la-serre\/\" target=\"_blank\" rel=\"noreferrer noopener\">Serre<\/a>, un lieu qui m\u00e9lange guinguette, cuisine participative et atelier de bricolage, j&rsquo;ai eu une riche discussion avec Charlotte, qui y est salari\u00e9e et qui \u00e9tait une mine d&rsquo;informations sur <strong>le mode de fonctionnement d&rsquo;une organisation horizontale<\/strong>. Organisation des r\u00e9unions et prises de d\u00e9cision, d\u00e9finition d&rsquo;objectifs, de strat\u00e9gies et distribution de mandats pour agir&#8230; je suis repartie avec une liste de ressources \u00e0 consulter : le livre<a href=\"https:\/\/www.youtube.com\/watch?v=Yl4lwCEsZAg\" target=\"_blank\" rel=\"noreferrer noopener\"> <em>Reinventing organizations<\/em><\/a> de Fr\u00e9d\u00e9ric Laloux et les outils en ligne de <a href=\"https:\/\/kikou.collectiv-a.be\/fiches-outils-collectiv-a\" target=\"_blank\" rel=\"noreferrer noopener\">Collectiva <\/a>et l&rsquo;<a href=\"https:\/\/hum-hum-hum.fr\/gouvernance-partagee-ressources\" target=\"_blank\" rel=\"noreferrer noopener\">Universit\u00e9 du Nous<\/a>.<\/p>\n\n\n\n<figure class=\"wp-block-image size-large\"><a href=\"https:\/\/www.altercampagne.net\/wp-content\/uploads\/2022\/06\/la-serre-sophie-ebb.jpg\"><img loading=\"lazy\" decoding=\"async\" width=\"750\" height=\"562\" src=\"https:\/\/www.altercampagne.net\/wp-content\/uploads\/2022\/06\/la-serre-sophie-ebb.jpg\" alt=\"\" class=\"wp-image-25624\" srcset=\"https:\/\/www.altercampagne.net\/wp-content\/uploads\/2022\/06\/la-serre-sophie-ebb.jpg 750w, https:\/\/www.altercampagne.net\/wp-content\/uploads\/2022\/06\/la-serre-sophie-ebb-300x225.jpg 300w, https:\/\/www.altercampagne.net\/wp-content\/uploads\/2022\/06\/la-serre-sophie-ebb-610x457.jpg 610w, https:\/\/www.altercampagne.net\/wp-content\/uploads\/2022\/06\/la-serre-sophie-ebb-100x75.jpg 100w\" sizes=\"auto, (max-width: 750px) 100vw, 750px\" \/><\/a><figcaption>D\u00e9jeuner sur le pouce \u00e0 la Serre avec les infatigables acroyogis au premier plan<\/figcaption><\/figure>\n\n\n\n<p>Diff\u00e9rents lieux choisissent diff\u00e9rents modes d&rsquo;op\u00e9ration, ainsi <strong>l&rsquo;organisation du quartier de la Baraque \u00e0 Louvain la Neuve semblait plus souple et adaptable<\/strong>. Jacques qui nous a accueilli et nous a accompagn\u00e9 pour d\u00e9ambuler dans cette for\u00eat de cabanes, expliquait que les habitant\u2e31es du lieu se r\u00e9unissent sans emploi du temps fixe, quand l&rsquo;un\u2e31e en exprime le besoin. Une autre strat\u00e9gie encore \u00e9tait celle adopt\u00e9e \u00e0<a href=\"https:\/\/larbrequipousse.org\/\" target=\"_blank\" rel=\"noreferrer noopener\"> l&rsquo;Arbre qui pousse<\/a>, tiers lieu agricole et d&rsquo;habitation pr\u00e8s d&rsquo;Ottignie, o\u00f9 Pierre Alexandre racontait que la premi\u00e8re ann\u00e9e toutes les prises de d\u00e9cisions avaient \u00e9t\u00e9 faites par trois personnes qui portaient le projet, pour permettre d&rsquo;avancer efficacement pour le lancement, <strong>puis que la gouvernance avait \u00e9t\u00e9 partag\u00e9e plus largement gr\u00e2ce \u00e0 une \u00e9lection sans candidat<\/strong>.<\/p>\n\n\n\n<div class=\"wp-block-image\"><figure class=\"aligncenter size-large is-resized\"><a href=\"https:\/\/www.altercampagne.net\/wp-content\/uploads\/2022\/06\/arbre-quipousse-ebb.jpg\"><img loading=\"lazy\" decoding=\"async\" src=\"https:\/\/www.altercampagne.net\/wp-content\/uploads\/2022\/06\/arbre-quipousse-ebb-768x1024.jpg\" alt=\"\" class=\"wp-image-25623\" width=\"332\" height=\"443\" srcset=\"https:\/\/www.altercampagne.net\/wp-content\/uploads\/2022\/06\/arbre-quipousse-ebb-768x1024.jpg 768w, https:\/\/www.altercampagne.net\/wp-content\/uploads\/2022\/06\/arbre-quipousse-ebb-225x300.jpg 225w, https:\/\/www.altercampagne.net\/wp-content\/uploads\/2022\/06\/arbre-quipousse-ebb-1152x1536.jpg 1152w, https:\/\/www.altercampagne.net\/wp-content\/uploads\/2022\/06\/arbre-quipousse-ebb-610x813.jpg 610w, https:\/\/www.altercampagne.net\/wp-content\/uploads\/2022\/06\/arbre-quipousse-ebb-100x133.jpg 100w, https:\/\/www.altercampagne.net\/wp-content\/uploads\/2022\/06\/arbre-quipousse-ebb-862x1149.jpg 862w, https:\/\/www.altercampagne.net\/wp-content\/uploads\/2022\/06\/arbre-quipousse-ebb-1140x1520.jpg 1140w, https:\/\/www.altercampagne.net\/wp-content\/uploads\/2022\/06\/arbre-quipousse-ebb.jpg 1536w\" sizes=\"auto, (max-width: 332px) 100vw, 332px\" \/><\/a><figcaption>Les diff\u00e9rentes directions \u00e0 l&rsquo;Arbre qui Pousse<\/figcaption><\/figure><\/div>\n\n\n\n<p>Toujours suivant cette th\u00e9matique d&rsquo;<strong>un projet commun qui vit gr\u00e2ce \u00e0 de multiples investissements<\/strong>, nous avons \u00e9t\u00e9 faire le plein de bi\u00e8res locales et de cookies au supermarch\u00e9 coop\u00e9ratif <a href=\"https:\/\/polln.be\/\" target=\"_blank\" rel=\"noreferrer noopener\">Poll&rsquo;n<\/a>. Nous avons pu discuter avec Pierre, l&rsquo;unique salari\u00e9 de la structure, qui expliquait que ce petit magasin fonctionnait avec l&rsquo;apport des contributeurices : <strong>trois heures de travail par mois qui permet des prix plus accessibles et des moments de convivialit\u00e9 <\/strong>entre coll\u00e8gues d&rsquo;une demie journ\u00e9e. Nous avons aussi rendu visite \u00e0 <a href=\"https:\/\/www.maferme.be\/\" target=\"_blank\" rel=\"noreferrer noopener\">Ma ferme<\/a>, pr\u00e8s d&rsquo;Enghien, une synergie d&rsquo;envie et profils vari\u00e9s pour ce projet encore \u00e0 ces d\u00e9buts : de <a href=\"https:\/\/www.sophie-oldenhove.be\/\" target=\"_blank\" rel=\"noreferrer noopener\">Sophie <\/a>artiste plasticienne \u00e0 Jess qui \u00e9l\u00e8ve des ch\u00e8vres en passant par des envies de guinguette \u00e0 la ferme, une installation en maraichage, un verger accueillant une tiny-house&#8230;<\/p>\n\n\n\n<div class=\"wp-block-image\"><figure class=\"aligncenter size-large is-resized\"><a href=\"https:\/\/www.altercampagne.net\/wp-content\/uploads\/2022\/06\/camping-ebb.jpg\"><img loading=\"lazy\" decoding=\"async\" src=\"https:\/\/www.altercampagne.net\/wp-content\/uploads\/2022\/06\/camping-ebb-1024x1017.jpg\" alt=\"\" class=\"wp-image-25622\" width=\"386\" height=\"384\" srcset=\"https:\/\/www.altercampagne.net\/wp-content\/uploads\/2022\/06\/camping-ebb-1024x1017.jpg 1024w, https:\/\/www.altercampagne.net\/wp-content\/uploads\/2022\/06\/camping-ebb-300x298.jpg 300w, https:\/\/www.altercampagne.net\/wp-content\/uploads\/2022\/06\/camping-ebb-150x150.jpg 150w, https:\/\/www.altercampagne.net\/wp-content\/uploads\/2022\/06\/camping-ebb-768x763.jpg 768w, https:\/\/www.altercampagne.net\/wp-content\/uploads\/2022\/06\/camping-ebb-1536x1526.jpg 1536w, https:\/\/www.altercampagne.net\/wp-content\/uploads\/2022\/06\/camping-ebb-610x606.jpg 610w, https:\/\/www.altercampagne.net\/wp-content\/uploads\/2022\/06\/camping-ebb-100x99.jpg 100w, https:\/\/www.altercampagne.net\/wp-content\/uploads\/2022\/06\/camping-ebb-862x856.jpg 862w, https:\/\/www.altercampagne.net\/wp-content\/uploads\/2022\/06\/camping-ebb-1140x1132.jpg 1140w, https:\/\/www.altercampagne.net\/wp-content\/uploads\/2022\/06\/camping-ebb.jpg 2048w\" sizes=\"auto, (max-width: 386px) 100vw, 386px\" \/><\/a><figcaption>Le campement \u00e0 Ma ferme<\/figcaption><\/figure><\/div>\n\n\n\n<p>Pour couronner le tout, nous avons accompagn\u00e9 un<a href=\"https:\/\/m.facebook.com\/massecritiquedeladyle\/posts\/\" target=\"_blank\" rel=\"noreferrer noopener\"> collectif de cyclistes \u00e0 Ottignies<\/a> pour une <strong>masse critique<\/strong>, c&rsquo;est-\u00e0-dire une <strong>v\u00e9lorution<\/strong>, c&rsquo;est-\u00e0-dire une manifestation joyeuse, pour montrer que les v\u00e9los ont leur place sur la route en ville ! Nous retiendrons de cette exp\u00e9rience <strong>la n\u00e9cessit\u00e9 de rouler en petit peloton serr\u00e9 <\/strong><em>(les cyclistes devant p\u00e9dalent doucement pour ne pas semer le reste du groupe, les cyclistes \u00e0 l&rsquo;arri\u00e8re p\u00e9dalent assez vite pour maintenir l&rsquo;unit\u00e9)<\/em> apr\u00e8s une malheureuse exp\u00e9rience de perdre deux de nos participantes en bifurquant sur le chemin !<\/p>\n\n\n\n<p>Autres exp\u00e9riences m\u00e9morables : \u00e0 l&rsquo;Arbre qui pousse,<strong> les plus fourbu<em>\u2e31<\/em>es ont pu se ressourcer apr\u00e8s la journ\u00e9e de v\u00e9lo dans un sauna<\/strong> avec vue sur les champs alentour et <strong>les plus vaillant<em>\u2e31<\/em>es ont empoign\u00e9 faux et serpettes <\/strong>pour faucher le long d&rsquo;une haie d&rsquo;arbres et arbustes fraichement plant\u00e9s. Je conclus par un souvenir \u00e9tincelant : <strong>un concert intimiste de <a href=\"https:\/\/www.roza-musique.com\/\" target=\"_blank\" rel=\"noreferrer noopener\">Roza<\/a><\/strong>, qui se pr\u00e9pare pour une tourn\u00e9e jusqu&rsquo;\u00e0 Concarneau, embarquant sa guitare et son n&rsquo;goni dans une carriole solaire bricol\u00e9e par ses soins.<\/p>\n\n\n\n<div class=\"wp-block-columns is-layout-flex wp-container-core-columns-is-layout-9d6595d7 wp-block-columns-is-layout-flex\">\n<div class=\"wp-block-column is-layout-flow wp-block-column-is-layout-flow\" style=\"flex-basis:100%\">\n<figure class=\"wp-block-image size-large is-resized\"><a href=\"https:\/\/www.altercampagne.net\/wp-content\/uploads\/2022\/06\/roza-fauche1.png\"><img loading=\"lazy\" decoding=\"async\" src=\"https:\/\/www.altercampagne.net\/wp-content\/uploads\/2022\/06\/roza-fauche1-1024x346.png\" alt=\"\" class=\"wp-image-25634\" width=\"708\" height=\"238\" srcset=\"https:\/\/www.altercampagne.net\/wp-content\/uploads\/2022\/06\/roza-fauche1-1024x346.png 1024w, https:\/\/www.altercampagne.net\/wp-content\/uploads\/2022\/06\/roza-fauche1-300x101.png 300w, https:\/\/www.altercampagne.net\/wp-content\/uploads\/2022\/06\/roza-fauche1-1536x519.png 1536w, https:\/\/www.altercampagne.net\/wp-content\/uploads\/2022\/06\/roza-fauche1-610x206.png 610w, https:\/\/www.altercampagne.net\/wp-content\/uploads\/2022\/06\/roza-fauche1-100x34.png 100w, https:\/\/www.altercampagne.net\/wp-content\/uploads\/2022\/06\/roza-fauche1-862x291.png 862w, https:\/\/www.altercampagne.net\/wp-content\/uploads\/2022\/06\/roza-fauche1-1140x385.png 1140w, https:\/\/www.altercampagne.net\/wp-content\/uploads\/2022\/06\/roza-fauche1.png 1873w\" sizes=\"auto, (max-width: 708px) 100vw, 708px\" \/><\/a><figcaption>Roza  en concert \/ Gene et Chlo\u00e9 pendant le chantier fauche<\/figcaption><\/figure>\n<\/div>\n<\/div>\n\n\n\n<p>Voil\u00e0, pour r\u00e9sumer, cette \u00e9chapp\u00e9e belge c&rsquo;\u00e9tait : <strong>des d\u00e9couvertes, des rencontres, de belles discussions en roulant, des blagues et des frites ! <\/strong>Merci \u00e0 Eric et Jonas pour cette orga aux petits oignons et \u00e0 toutes celles et ceux qui ont pris le temps de partager leurs projets avec nous.<\/p>\n\n\n\n<p class=\"has-text-align-right\"><em>&#8211; Paupi<\/em><\/p>\n\n\n\n<p class=\"has-text-align-right\"><em>-Photos prises par les \u00e9chap\u00e9ebellistes : Sophie, Phil, Chlo\u00e9 et Anne<\/em><\/p>\n","protected":false},"excerpt":{"rendered":"<p>Ce weekend de l&rsquo;Ascencion a \u00e9t\u00e9 l&rsquo;occasion pour un petit groupe de Belges et de Fran\u00e7ais\u2e31es de p\u00e9daler \u00e0 la d\u00e9couverte des Alternatives autour de Bruxelles. Comme d&rsquo;habitude \u00e0 l&rsquo;AlterTour, il y avait une belle mixit\u00e9 g\u00e9n\u00e9rationnelle, des plus petits hauts comme trois pommes aux plus grands grisonnants, en passant &#8230; <\/p>\n<div><a href=\"https:\/\/www.altercampagne.net\/?p=25609\" class=\"more-link\">Read More<\/a><\/div>\n","protected":false},"author":361,"featured_media":25625,"comment_status":"closed","ping_status":"closed","sticky":false,"template":"","format":"standard","meta":{"footnotes":""},"categories":[3483,3489,3526,4357,3231,3490,3485,3932],"tags":[10,316,333,1575,4377,4378,4379,4381,4383,4393,4394,4395],"class_list":["post-25609","post","type-post","status-publish","format-standard","has-post-thumbnail","hentry","category-agriculture","category-alimentation","category-belgique","category-edition-2022","category-echappee-belle","category-culture","category-habitat","category-velo","tag-bruxelles","tag-quartier-la-baraque","tag-masse-critique","tag-ottignies-louvain-la-neuve","tag-radiskale","tag-communa","tag-larbre-qui-pousse","tag-polln","tag-ma-ferme","tag-la-serre","tag-enghien","tag-roza"],"yoast_head":"<!-- This site is optimized with the Yoast SEO plugin v27.3 - https:\/\/yoast.com\/product\/yoast-seo-wordpress\/ -->\n<title>L&#039;\u00e9chapp\u00e9e belle belge - AlterTour<\/title>\n<meta name=\"robots\" content=\"index, follow, max-snippet:-1, max-image-preview:large, max-video-preview:-1\" \/>\n<link rel=\"canonical\" href=\"https:\/\/www.altercampagne.net\/?p=25609\" \/>\n<meta property=\"og:locale\" content=\"fr_FR\" \/>\n<meta property=\"og:type\" content=\"article\" \/>\n<meta property=\"og:title\" content=\"L&#039;\u00e9chapp\u00e9e belle belge - AlterTour\" \/>\n<meta property=\"og:description\" content=\"Ce weekend de l&rsquo;Ascencion a \u00e9t\u00e9 l&rsquo;occasion pour un petit groupe de Belges et de Fran\u00e7ais\u2e31es de p\u00e9daler \u00e0 la d\u00e9couverte des Alternatives autour de Bruxelles. Comme d&rsquo;habitude \u00e0 l&rsquo;AlterTour, il y avait une belle mixit\u00e9 g\u00e9n\u00e9rationnelle, des plus petits hauts comme trois pommes aux plus grands grisonnants, en passant ... Read More\" \/>\n<meta property=\"og:url\" content=\"https:\/\/www.altercampagne.net\/?p=25609\" \/>\n<meta property=\"og:site_name\" content=\"AlterTour\" \/>\n<meta property=\"article:published_time\" content=\"2022-06-02T09:15:02+00:00\" \/>\n<meta property=\"article:modified_time\" content=\"2022-06-02T12:24:48+00:00\" \/>\n<meta property=\"og:image\" content=\"https:\/\/www.altercampagne.net\/wp-content\/uploads\/2022\/06\/rires-ebb1-e1654160732757.jpg\" \/>\n\t<meta property=\"og:image:width\" content=\"502\" \/>\n\t<meta property=\"og:image:height\" content=\"422\" \/>\n\t<meta property=\"og:image:type\" content=\"image\/jpeg\" \/>\n<meta name=\"author\" content=\"Pauline\" \/>\n<meta name=\"twitter:card\" content=\"summary_large_image\" \/>\n<meta name=\"twitter:label1\" content=\"\u00c9crit par\" \/>\n\t<meta name=\"twitter:data1\" content=\"Pauline\" \/>\n\t<meta name=\"twitter:label2\" content=\"Dur\u00e9e de lecture estim\u00e9e\" \/>\n\t<meta name=\"twitter:data2\" content=\"6 minutes\" \/>\n<script type=\"application\/ld+json\" class=\"yoast-schema-graph\">{\"@context\":\"https:\\\/\\\/schema.org\",\"@graph\":[{\"@type\":\"Article\",\"@id\":\"https:\\\/\\\/www.altercampagne.net\\\/?p=25609#article\",\"isPartOf\":{\"@id\":\"https:\\\/\\\/www.altercampagne.net\\\/?p=25609\"},\"author\":{\"name\":\"Pauline\",\"@id\":\"https:\\\/\\\/www.altercampagne.net\\\/#\\\/schema\\\/person\\\/caf30ed73e072285b8f761300370ddb5\"},\"headline\":\"L&rsquo;\u00e9chapp\u00e9e belle belge\",\"datePublished\":\"2022-06-02T09:15:02+00:00\",\"dateModified\":\"2022-06-02T12:24:48+00:00\",\"mainEntityOfPage\":{\"@id\":\"https:\\\/\\\/www.altercampagne.net\\\/?p=25609\"},\"wordCount\":1023,\"image\":{\"@id\":\"https:\\\/\\\/www.altercampagne.net\\\/?p=25609#primaryimage\"},\"thumbnailUrl\":\"https:\\\/\\\/www.altercampagne.net\\\/wp-content\\\/uploads\\\/2022\\\/06\\\/rires-ebb1-e1654160732757.jpg\",\"keywords\":[\"bruxelles\",\"quartier la baraque\",\"masse critique\",\"Ottignies-Louvain-la-Neuve\",\"RadisKale\",\"Communa\",\"L&#039;arbre qui pousse\",\"Poll&#039;N\",\"Ma ferme\",\"La Serre\",\"enghien\",\"roza\"],\"articleSection\":[\"Agriculture\",\"Alimentation\",\"Belgique\",\"Edition 2022\",\"Echapp\u00e9e Belle\",\"Culture\",\"Habitat\",\"V\u00e9lo\"],\"inLanguage\":\"fr-FR\"},{\"@type\":\"WebPage\",\"@id\":\"https:\\\/\\\/www.altercampagne.net\\\/?p=25609\",\"url\":\"https:\\\/\\\/www.altercampagne.net\\\/?p=25609\",\"name\":\"L'\u00e9chapp\u00e9e belle belge - AlterTour\",\"isPartOf\":{\"@id\":\"https:\\\/\\\/www.altercampagne.net\\\/#website\"},\"primaryImageOfPage\":{\"@id\":\"https:\\\/\\\/www.altercampagne.net\\\/?p=25609#primaryimage\"},\"image\":{\"@id\":\"https:\\\/\\\/www.altercampagne.net\\\/?p=25609#primaryimage\"},\"thumbnailUrl\":\"https:\\\/\\\/www.altercampagne.net\\\/wp-content\\\/uploads\\\/2022\\\/06\\\/rires-ebb1-e1654160732757.jpg\",\"datePublished\":\"2022-06-02T09:15:02+00:00\",\"dateModified\":\"2022-06-02T12:24:48+00:00\",\"author\":{\"@id\":\"https:\\\/\\\/www.altercampagne.net\\\/#\\\/schema\\\/person\\\/caf30ed73e072285b8f761300370ddb5\"},\"breadcrumb\":{\"@id\":\"https:\\\/\\\/www.altercampagne.net\\\/?p=25609#breadcrumb\"},\"inLanguage\":\"fr-FR\",\"potentialAction\":[{\"@type\":\"ReadAction\",\"target\":[\"https:\\\/\\\/www.altercampagne.net\\\/?p=25609\"]}]},{\"@type\":\"ImageObject\",\"inLanguage\":\"fr-FR\",\"@id\":\"https:\\\/\\\/www.altercampagne.net\\\/?p=25609#primaryimage\",\"url\":\"https:\\\/\\\/www.altercampagne.net\\\/wp-content\\\/uploads\\\/2022\\\/06\\\/rires-ebb1-e1654160732757.jpg\",\"contentUrl\":\"https:\\\/\\\/www.altercampagne.net\\\/wp-content\\\/uploads\\\/2022\\\/06\\\/rires-ebb1-e1654160732757.jpg\",\"width\":502,\"height\":422},{\"@type\":\"BreadcrumbList\",\"@id\":\"https:\\\/\\\/www.altercampagne.net\\\/?p=25609#breadcrumb\",\"itemListElement\":[{\"@type\":\"ListItem\",\"position\":1,\"name\":\"Accueil\",\"item\":\"https:\\\/\\\/www.altercampagne.net\\\/\"},{\"@type\":\"ListItem\",\"position\":2,\"name\":\"L&rsquo;\u00e9chapp\u00e9e belle belge\"}]},{\"@type\":\"WebSite\",\"@id\":\"https:\\\/\\\/www.altercampagne.net\\\/#website\",\"url\":\"https:\\\/\\\/www.altercampagne.net\\\/\",\"name\":\"AlterTour\",\"description\":\"Reliez les Alternatives \u00e0 v\u00e9lo\",\"potentialAction\":[{\"@type\":\"SearchAction\",\"target\":{\"@type\":\"EntryPoint\",\"urlTemplate\":\"https:\\\/\\\/www.altercampagne.net\\\/?s={search_term_string}\"},\"query-input\":{\"@type\":\"PropertyValueSpecification\",\"valueRequired\":true,\"valueName\":\"search_term_string\"}}],\"inLanguage\":\"fr-FR\"},{\"@type\":\"Person\",\"@id\":\"https:\\\/\\\/www.altercampagne.net\\\/#\\\/schema\\\/person\\\/caf30ed73e072285b8f761300370ddb5\",\"name\":\"Pauline\",\"image\":{\"@type\":\"ImageObject\",\"inLanguage\":\"fr-FR\",\"@id\":\"https:\\\/\\\/secure.gravatar.com\\\/avatar\\\/f84b78638c34b3d6ac7339a8ef00413d11da3b09ee578a762504104ff060cde7?s=96&d=mm&r=g\",\"url\":\"https:\\\/\\\/secure.gravatar.com\\\/avatar\\\/f84b78638c34b3d6ac7339a8ef00413d11da3b09ee578a762504104ff060cde7?s=96&d=mm&r=g\",\"contentUrl\":\"https:\\\/\\\/secure.gravatar.com\\\/avatar\\\/f84b78638c34b3d6ac7339a8ef00413d11da3b09ee578a762504104ff060cde7?s=96&d=mm&r=g\",\"caption\":\"Pauline\"},\"url\":\"https:\\\/\\\/www.altercampagne.net\\\/?author=361\"}]}<\/script>\n<!-- \/ Yoast SEO plugin. -->","yoast_head_json":{"title":"L'\u00e9chapp\u00e9e belle belge - AlterTour","robots":{"index":"index","follow":"follow","max-snippet":"max-snippet:-1","max-image-preview":"max-image-preview:large","max-video-preview":"max-video-preview:-1"},"canonical":"https:\/\/www.altercampagne.net\/?p=25609","og_locale":"fr_FR","og_type":"article","og_title":"L'\u00e9chapp\u00e9e belle belge - AlterTour","og_description":"Ce weekend de l&rsquo;Ascencion a \u00e9t\u00e9 l&rsquo;occasion pour un petit groupe de Belges et de Fran\u00e7ais\u2e31es de p\u00e9daler \u00e0 la d\u00e9couverte des Alternatives autour de Bruxelles. Comme d&rsquo;habitude \u00e0 l&rsquo;AlterTour, il y avait une belle mixit\u00e9 g\u00e9n\u00e9rationnelle, des plus petits hauts comme trois pommes aux plus grands grisonnants, en passant ... Read More","og_url":"https:\/\/www.altercampagne.net\/?p=25609","og_site_name":"AlterTour","article_published_time":"2022-06-02T09:15:02+00:00","article_modified_time":"2022-06-02T12:24:48+00:00","og_image":[{"width":502,"height":422,"url":"https:\/\/www.altercampagne.net\/wp-content\/uploads\/2022\/06\/rires-ebb1-e1654160732757.jpg","type":"image\/jpeg"}],"author":"Pauline","twitter_card":"summary_large_image","twitter_misc":{"\u00c9crit par":"Pauline","Dur\u00e9e de lecture estim\u00e9e":"6 minutes"},"schema":{"@context":"https:\/\/schema.org","@graph":[{"@type":"Article","@id":"https:\/\/www.altercampagne.net\/?p=25609#article","isPartOf":{"@id":"https:\/\/www.altercampagne.net\/?p=25609"},"author":{"name":"Pauline","@id":"https:\/\/www.altercampagne.net\/#\/schema\/person\/caf30ed73e072285b8f761300370ddb5"},"headline":"L&rsquo;\u00e9chapp\u00e9e belle belge","datePublished":"2022-06-02T09:15:02+00:00","dateModified":"2022-06-02T12:24:48+00:00","mainEntityOfPage":{"@id":"https:\/\/www.altercampagne.net\/?p=25609"},"wordCount":1023,"image":{"@id":"https:\/\/www.altercampagne.net\/?p=25609#primaryimage"},"thumbnailUrl":"https:\/\/www.altercampagne.net\/wp-content\/uploads\/2022\/06\/rires-ebb1-e1654160732757.jpg","keywords":["bruxelles","quartier la baraque","masse critique","Ottignies-Louvain-la-Neuve","RadisKale","Communa","L&#039;arbre qui pousse","Poll&#039;N","Ma ferme","La Serre","enghien","roza"],"articleSection":["Agriculture","Alimentation","Belgique","Edition 2022","Echapp\u00e9e Belle","Culture","Habitat","V\u00e9lo"],"inLanguage":"fr-FR"},{"@type":"WebPage","@id":"https:\/\/www.altercampagne.net\/?p=25609","url":"https:\/\/www.altercampagne.net\/?p=25609","name":"L'\u00e9chapp\u00e9e belle belge - AlterTour","isPartOf":{"@id":"https:\/\/www.altercampagne.net\/#website"},"primaryImageOfPage":{"@id":"https:\/\/www.altercampagne.net\/?p=25609#primaryimage"},"image":{"@id":"https:\/\/www.altercampagne.net\/?p=25609#primaryimage"},"thumbnailUrl":"https:\/\/www.altercampagne.net\/wp-content\/uploads\/2022\/06\/rires-ebb1-e1654160732757.jpg","datePublished":"2022-06-02T09:15:02+00:00","dateModified":"2022-06-02T12:24:48+00:00","author":{"@id":"https:\/\/www.altercampagne.net\/#\/schema\/person\/caf30ed73e072285b8f761300370ddb5"},"breadcrumb":{"@id":"https:\/\/www.altercampagne.net\/?p=25609#breadcrumb"},"inLanguage":"fr-FR","potentialAction":[{"@type":"ReadAction","target":["https:\/\/www.altercampagne.net\/?p=25609"]}]},{"@type":"ImageObject","inLanguage":"fr-FR","@id":"https:\/\/www.altercampagne.net\/?p=25609#primaryimage","url":"https:\/\/www.altercampagne.net\/wp-content\/uploads\/2022\/06\/rires-ebb1-e1654160732757.jpg","contentUrl":"https:\/\/www.altercampagne.net\/wp-content\/uploads\/2022\/06\/rires-ebb1-e1654160732757.jpg","width":502,"height":422},{"@type":"BreadcrumbList","@id":"https:\/\/www.altercampagne.net\/?p=25609#breadcrumb","itemListElement":[{"@type":"ListItem","position":1,"name":"Accueil","item":"https:\/\/www.altercampagne.net\/"},{"@type":"ListItem","position":2,"name":"L&rsquo;\u00e9chapp\u00e9e belle belge"}]},{"@type":"WebSite","@id":"https:\/\/www.altercampagne.net\/#website","url":"https:\/\/www.altercampagne.net\/","name":"AlterTour","description":"Reliez les Alternatives \u00e0 v\u00e9lo","potentialAction":[{"@type":"SearchAction","target":{"@type":"EntryPoint","urlTemplate":"https:\/\/www.altercampagne.net\/?s={search_term_string}"},"query-input":{"@type":"PropertyValueSpecification","valueRequired":true,"valueName":"search_term_string"}}],"inLanguage":"fr-FR"},{"@type":"Person","@id":"https:\/\/www.altercampagne.net\/#\/schema\/person\/caf30ed73e072285b8f761300370ddb5","name":"Pauline","image":{"@type":"ImageObject","inLanguage":"fr-FR","@id":"https:\/\/secure.gravatar.com\/avatar\/f84b78638c34b3d6ac7339a8ef00413d11da3b09ee578a762504104ff060cde7?s=96&d=mm&r=g","url":"https:\/\/secure.gravatar.com\/avatar\/f84b78638c34b3d6ac7339a8ef00413d11da3b09ee578a762504104ff060cde7?s=96&d=mm&r=g","contentUrl":"https:\/\/secure.gravatar.com\/avatar\/f84b78638c34b3d6ac7339a8ef00413d11da3b09ee578a762504104ff060cde7?s=96&d=mm&r=g","caption":"Pauline"},"url":"https:\/\/www.altercampagne.net\/?author=361"}]}},"_links":{"self":[{"href":"https:\/\/www.altercampagne.net\/index.php?rest_route=\/wp\/v2\/posts\/25609","targetHints":{"allow":["GET"]}}],"collection":[{"href":"https:\/\/www.altercampagne.net\/index.php?rest_route=\/wp\/v2\/posts"}],"about":[{"href":"https:\/\/www.altercampagne.net\/index.php?rest_route=\/wp\/v2\/types\/post"}],"author":[{"embeddable":true,"href":"https:\/\/www.altercampagne.net\/index.php?rest_route=\/wp\/v2\/users\/361"}],"replies":[{"embeddable":true,"href":"https:\/\/www.altercampagne.net\/index.php?rest_route=%2Fwp%2Fv2%2Fcomments&post=25609"}],"version-history":[{"count":5,"href":"https:\/\/www.altercampagne.net\/index.php?rest_route=\/wp\/v2\/posts\/25609\/revisions"}],"predecessor-version":[{"id":25635,"href":"https:\/\/www.altercampagne.net\/index.php?rest_route=\/wp\/v2\/posts\/25609\/revisions\/25635"}],"wp:featuredmedia":[{"embeddable":true,"href":"https:\/\/www.altercampagne.net\/index.php?rest_route=\/wp\/v2\/media\/25625"}],"wp:attachment":[{"href":"https:\/\/www.altercampagne.net\/index.php?rest_route=%2Fwp%2Fv2%2Fmedia&parent=25609"}],"wp:term":[{"taxonomy":"category","embeddable":true,"href":"https:\/\/www.altercampagne.net\/index.php?rest_route=%2Fwp%2Fv2%2Fcategories&post=25609"},{"taxonomy":"post_tag","embeddable":true,"href":"https:\/\/www.altercampagne.net\/index.php?rest_route=%2Fwp%2Fv2%2Ftags&post=25609"}],"curies":[{"name":"wp","href":"https:\/\/api.w.org\/{rel}","templated":true}]}}