{"id":2564,"date":"2015-11-26T10:14:17","date_gmt":"2015-11-26T09:14:17","guid":{"rendered":"http:\/\/www.altercampagne.net\/?p=2564"},"modified":"2020-02-24T15:07:37","modified_gmt":"2020-02-24T14:07:37","slug":"4eme-reunion-de-preparation-de-laltertour-2016","status":"publish","type":"post","link":"https:\/\/www.altercampagne.net\/?p=2564","title":{"rendered":"R\u00e9union de pr\u00e9paration de l\u2019AlterTour, les 5 et 6 d\u00e9cembre 2015 \u00e0 Montreuil"},"content":{"rendered":"<p><a href=\"http:\/\/www.altercampagne.net\/wp-content\/uploads\/2015\/08\/2015-07-22_14.53.jpg\"><img loading=\"lazy\" decoding=\"async\" class=\" size-full wp-image-1988 aligncenter\" src=\"http:\/\/www.altercampagne.net\/wp-content\/uploads\/2015\/08\/2015-07-22_14.53.jpg\" alt=\"2015-07-22_14.53\" width=\"900\" height=\"310\" srcset=\"https:\/\/www.altercampagne.net\/wp-content\/uploads\/2015\/08\/2015-07-22_14.53.jpg 900w, https:\/\/www.altercampagne.net\/wp-content\/uploads\/2015\/08\/2015-07-22_14.53-300x103.jpg 300w\" sizes=\"auto, (max-width: 900px) 100vw, 900px\" \/><\/a>La 4\u00e8me r\u00e9union pl\u00e9ni\u00e8re de pr\u00e9paration de l&rsquo;AlterTour 2016 aura lieu les 5 et 6 d\u00e9cembre, \u00e0 Montreuil, au local de Moto Magazine au 8, rue Jean-Jacques Rousseau.<\/p>\n<p>Avec son programme fraichement con\u00e7u :<br \/>\nSamedi matin<br \/>\n09h00 : Rendez-vous au stand \u00e0 Montreuil<br \/>\n10h00 &#8211; 12h00 : V\u00e9lorution (avec les casques d\u00e9cor\u00e9s)<br \/>\nSamedi apr\u00e8s-midi<br \/>\n12h30 &#8211; 14h00 : repas partag\u00e9 \/ retour sur la cha\u00eene humaine du 29<br \/>\n14h00 &#8211; 14h10 : Petite r\u00e9flexion sur l\u2019animation des r\u00e9unions et nos \u201cfonctionnements naturels\u201d : r\u00e9flexion (10 min)<br \/>\n14h10 &#8211; 16h10 : D\u00e9finir des incontournables et un premier parcours (carte des alternatives) : prise de d\u00e9cision &#8211; 2h<br \/>\n16h10 &#8211; 16h40 : Pause<br \/>\n16h40 &#8211; 18h10 : Militantisme \/ Mixit\u00e9 \/ autogestion : r\u00e9flexion (1h30)<br \/>\n18h10 &#8211; 18h25 : pause<br \/>\n18h25 &#8211; 19h00 : D\u00e9marche accueillant : info &#8211; 35 min<br \/>\n19h00 &#8211; 20h00 : Temps de pr\u00e9paration de la table ronde sur les tours cyclo-militant : r\u00e9flexion &#8211; 1h<\/p>\n<p>20h00 : Village mondial des Alternatives<\/p>\n<p>Dimanche matin<br \/>\n09h30 &#8211; 10h30 : Th\u00e8me \/ Slogan : prise de d\u00e9cision &#8211; 1h<br \/>\n10h30 &#8211; 11h00 : Recueil : prise de d\u00e9cision &#8211; 30 min<br \/>\n11h00 &#8211; 11h30 : Pause<br \/>\n11h30 &#8211; 12h30 : R\u00e9flexion sur com : info &#8211; 1h<br \/>\n13h30 &#8211; 15h00 :<br \/>\nRetour du groupe de r\u00e9flexion financement : info &#8211; 30 min<br \/>\nRetour du groupe de r\u00e9flexion Mini-AlterTour : info &#8211; 30 min<br \/>\nRetour du groupe de r\u00e9flexion sur l\u2019allongement et d\u00e9doublement de l\u2019AlterTour : info &#8211; 30 min<br \/>\nFin, 15h, avec repas partag\u00e9, au local ou au Village des Alternatives.<\/p>\n","protected":false},"excerpt":{"rendered":"<p>La 4\u00e8me r\u00e9union pl\u00e9ni\u00e8re de pr\u00e9paration de l&rsquo;AlterTour 2016 aura lieu les 5 et 6 d\u00e9cembre, \u00e0 Montreuil, au local de Moto Magazine au 8, rue Jean-Jacques Rousseau. Avec son programme fraichement con\u00e7u : Samedi matin 09h00 : Rendez-vous au stand \u00e0 Montreuil 10h00 &#8211; 12h00 : V\u00e9lorution (avec les &#8230; <\/p>\n<div><a href=\"https:\/\/www.altercampagne.net\/?p=2564\" class=\"more-link\">Read More<\/a><\/div>\n","protected":false},"author":214,"featured_media":0,"comment_status":"closed","ping_status":"closed","sticky":false,"template":"","format":"standard","meta":{"footnotes":""},"categories":[3539],"tags":[478,2839,2835,1668,1652,713,548,547,483,482,481,480,479,35,477,476,475,474,473,472,452,434,383,233,102],"class_list":["post-2564","post","type-post","status-publish","format-standard","hentry","category-we-de-preparation","tag-mixite","tag-ordre-du-jour","tag-moto-magazine","tag-cyclo-militant","tag-1652","tag-decembre-2015","tag-tours-cyclo-militants","tag-tour-cyclo-militant","tag-financement","tag-mini-altertour","tag-cyclo-camping-international","tag-tours-cyclo-militant","tag-militantisme","tag-autogestion","tag-parcours-2016","tag-reunion","tag-repas-partage","tag-bien-commun","tag-village-mondial-des-alternatives","tag-montreuil","tag-decembre","tag-pleniere","tag-altertour-2016","tag-cop21","tag-velorution","no-post-thumbnail"],"yoast_head":"<!-- This site is optimized with the Yoast SEO plugin v27.3 - https:\/\/yoast.com\/product\/yoast-seo-wordpress\/ -->\n<title>R\u00e9union de pr\u00e9paration de l\u2019AlterTour, les 5 et 6 d\u00e9cembre 2015 \u00e0 Montreuil - AlterTour<\/title>\n<meta name=\"robots\" content=\"index, follow, max-snippet:-1, max-image-preview:large, max-video-preview:-1\" \/>\n<link rel=\"canonical\" href=\"https:\/\/www.altercampagne.net\/?p=2564\" \/>\n<meta property=\"og:locale\" content=\"fr_FR\" \/>\n<meta property=\"og:type\" content=\"article\" \/>\n<meta property=\"og:title\" content=\"R\u00e9union de pr\u00e9paration de l\u2019AlterTour, les 5 et 6 d\u00e9cembre 2015 \u00e0 Montreuil - AlterTour\" \/>\n<meta property=\"og:description\" content=\"La 4\u00e8me r\u00e9union pl\u00e9ni\u00e8re de pr\u00e9paration de l&rsquo;AlterTour 2016 aura lieu les 5 et 6 d\u00e9cembre, \u00e0 Montreuil, au local de Moto Magazine au 8, rue Jean-Jacques Rousseau. Avec son programme fraichement con\u00e7u : Samedi matin 09h00 : Rendez-vous au stand \u00e0 Montreuil 10h00 &#8211; 12h00 : V\u00e9lorution (avec les ... Read More\" \/>\n<meta property=\"og:url\" content=\"https:\/\/www.altercampagne.net\/?p=2564\" \/>\n<meta property=\"og:site_name\" content=\"AlterTour\" \/>\n<meta property=\"article:published_time\" content=\"2015-11-26T09:14:17+00:00\" \/>\n<meta property=\"article:modified_time\" content=\"2020-02-24T14:07:37+00:00\" \/>\n<meta property=\"og:image\" content=\"http:\/\/www.altercampagne.net\/wp-content\/uploads\/2015\/08\/2015-07-22_14.53.jpg\" \/>\n<meta name=\"author\" content=\"Mathieu\" \/>\n<meta name=\"twitter:card\" content=\"summary_large_image\" \/>\n<meta name=\"twitter:label1\" content=\"\u00c9crit par\" \/>\n\t<meta name=\"twitter:data1\" content=\"Mathieu\" \/>\n\t<meta name=\"twitter:label2\" content=\"Dur\u00e9e de lecture estim\u00e9e\" \/>\n\t<meta name=\"twitter:data2\" content=\"1 minute\" \/>\n<script type=\"application\/ld+json\" class=\"yoast-schema-graph\">{\"@context\":\"https:\\\/\\\/schema.org\",\"@graph\":[{\"@type\":\"Article\",\"@id\":\"https:\\\/\\\/www.altercampagne.net\\\/?p=2564#article\",\"isPartOf\":{\"@id\":\"https:\\\/\\\/www.altercampagne.net\\\/?p=2564\"},\"author\":{\"name\":\"Mathieu\",\"@id\":\"https:\\\/\\\/www.altercampagne.net\\\/#\\\/schema\\\/person\\\/0f261460c09e430caa0f9bcffa319109\"},\"headline\":\"R\u00e9union de pr\u00e9paration de l\u2019AlterTour, les 5 et 6 d\u00e9cembre 2015 \u00e0 Montreuil\",\"datePublished\":\"2015-11-26T09:14:17+00:00\",\"dateModified\":\"2020-02-24T14:07:37+00:00\",\"mainEntityOfPage\":{\"@id\":\"https:\\\/\\\/www.altercampagne.net\\\/?p=2564\"},\"wordCount\":261,\"image\":{\"@id\":\"https:\\\/\\\/www.altercampagne.net\\\/?p=2564#primaryimage\"},\"thumbnailUrl\":\"http:\\\/\\\/www.altercampagne.net\\\/wp-content\\\/uploads\\\/2015\\\/08\\\/2015-07-22_14.53.jpg\",\"keywords\":[\"mixit\u00e9\",\"ordre du jour\",\"moto magazine\",\"cyclo-militant\",\"2016\",\"d\u00e9cembre 2015\",\"tours cyclo-militants\",\"tour cyclo-militant\",\"financement\",\"Mini-AlterTour\",\"cyclo-camping international\",\"tours cyclo-militant\",\"militantisme\",\"autogestion\",\"parcours 2016\",\"r\u00e9union\",\"repas partag\u00e9\",\"bien commun\",\"village mondial des Alternatives\",\"Montreuil\",\"d\u00e9cembre\",\"pl\u00e9ni\u00e8re\",\"AlterTour 2016\",\"cop21\",\"v\u00e9lorution\"],\"articleSection\":[\"WE de pr\u00e9paration\"],\"inLanguage\":\"fr-FR\"},{\"@type\":\"WebPage\",\"@id\":\"https:\\\/\\\/www.altercampagne.net\\\/?p=2564\",\"url\":\"https:\\\/\\\/www.altercampagne.net\\\/?p=2564\",\"name\":\"R\u00e9union de pr\u00e9paration de l\u2019AlterTour, les 5 et 6 d\u00e9cembre 2015 \u00e0 Montreuil - AlterTour\",\"isPartOf\":{\"@id\":\"https:\\\/\\\/www.altercampagne.net\\\/#website\"},\"primaryImageOfPage\":{\"@id\":\"https:\\\/\\\/www.altercampagne.net\\\/?p=2564#primaryimage\"},\"image\":{\"@id\":\"https:\\\/\\\/www.altercampagne.net\\\/?p=2564#primaryimage\"},\"thumbnailUrl\":\"http:\\\/\\\/www.altercampagne.net\\\/wp-content\\\/uploads\\\/2015\\\/08\\\/2015-07-22_14.53.jpg\",\"datePublished\":\"2015-11-26T09:14:17+00:00\",\"dateModified\":\"2020-02-24T14:07:37+00:00\",\"author\":{\"@id\":\"https:\\\/\\\/www.altercampagne.net\\\/#\\\/schema\\\/person\\\/0f261460c09e430caa0f9bcffa319109\"},\"breadcrumb\":{\"@id\":\"https:\\\/\\\/www.altercampagne.net\\\/?p=2564#breadcrumb\"},\"inLanguage\":\"fr-FR\",\"potentialAction\":[{\"@type\":\"ReadAction\",\"target\":[\"https:\\\/\\\/www.altercampagne.net\\\/?p=2564\"]}]},{\"@type\":\"ImageObject\",\"inLanguage\":\"fr-FR\",\"@id\":\"https:\\\/\\\/www.altercampagne.net\\\/?p=2564#primaryimage\",\"url\":\"https:\\\/\\\/www.altercampagne.net\\\/wp-content\\\/uploads\\\/2015\\\/08\\\/2015-07-22_14.53.jpg\",\"contentUrl\":\"https:\\\/\\\/www.altercampagne.net\\\/wp-content\\\/uploads\\\/2015\\\/08\\\/2015-07-22_14.53.jpg\",\"width\":900,\"height\":310},{\"@type\":\"BreadcrumbList\",\"@id\":\"https:\\\/\\\/www.altercampagne.net\\\/?p=2564#breadcrumb\",\"itemListElement\":[{\"@type\":\"ListItem\",\"position\":1,\"name\":\"Accueil\",\"item\":\"https:\\\/\\\/www.altercampagne.net\\\/\"},{\"@type\":\"ListItem\",\"position\":2,\"name\":\"R\u00e9union de pr\u00e9paration de l\u2019AlterTour, les 5 et 6 d\u00e9cembre 2015 \u00e0 Montreuil\"}]},{\"@type\":\"WebSite\",\"@id\":\"https:\\\/\\\/www.altercampagne.net\\\/#website\",\"url\":\"https:\\\/\\\/www.altercampagne.net\\\/\",\"name\":\"AlterTour\",\"description\":\"Reliez les Alternatives \u00e0 v\u00e9lo\",\"potentialAction\":[{\"@type\":\"SearchAction\",\"target\":{\"@type\":\"EntryPoint\",\"urlTemplate\":\"https:\\\/\\\/www.altercampagne.net\\\/?s={search_term_string}\"},\"query-input\":{\"@type\":\"PropertyValueSpecification\",\"valueRequired\":true,\"valueName\":\"search_term_string\"}}],\"inLanguage\":\"fr-FR\"},{\"@type\":\"Person\",\"@id\":\"https:\\\/\\\/www.altercampagne.net\\\/#\\\/schema\\\/person\\\/0f261460c09e430caa0f9bcffa319109\",\"name\":\"Mathieu\",\"image\":{\"@type\":\"ImageObject\",\"inLanguage\":\"fr-FR\",\"@id\":\"https:\\\/\\\/secure.gravatar.com\\\/avatar\\\/aa9d3d24c83f2141e5e2709d0f63d09a99f6be6bb7a50abc4915838d9f54501a?s=96&d=mm&r=g\",\"url\":\"https:\\\/\\\/secure.gravatar.com\\\/avatar\\\/aa9d3d24c83f2141e5e2709d0f63d09a99f6be6bb7a50abc4915838d9f54501a?s=96&d=mm&r=g\",\"contentUrl\":\"https:\\\/\\\/secure.gravatar.com\\\/avatar\\\/aa9d3d24c83f2141e5e2709d0f63d09a99f6be6bb7a50abc4915838d9f54501a?s=96&d=mm&r=g\",\"caption\":\"Mathieu\"},\"url\":\"https:\\\/\\\/www.altercampagne.net\\\/?author=214\"}]}<\/script>\n<!-- \/ Yoast SEO plugin. -->","yoast_head_json":{"title":"R\u00e9union de pr\u00e9paration de l\u2019AlterTour, les 5 et 6 d\u00e9cembre 2015 \u00e0 Montreuil - AlterTour","robots":{"index":"index","follow":"follow","max-snippet":"max-snippet:-1","max-image-preview":"max-image-preview:large","max-video-preview":"max-video-preview:-1"},"canonical":"https:\/\/www.altercampagne.net\/?p=2564","og_locale":"fr_FR","og_type":"article","og_title":"R\u00e9union de pr\u00e9paration de l\u2019AlterTour, les 5 et 6 d\u00e9cembre 2015 \u00e0 Montreuil - AlterTour","og_description":"La 4\u00e8me r\u00e9union pl\u00e9ni\u00e8re de pr\u00e9paration de l&rsquo;AlterTour 2016 aura lieu les 5 et 6 d\u00e9cembre, \u00e0 Montreuil, au local de Moto Magazine au 8, rue Jean-Jacques Rousseau. Avec son programme fraichement con\u00e7u : Samedi matin 09h00 : Rendez-vous au stand \u00e0 Montreuil 10h00 &#8211; 12h00 : V\u00e9lorution (avec les ... Read More","og_url":"https:\/\/www.altercampagne.net\/?p=2564","og_site_name":"AlterTour","article_published_time":"2015-11-26T09:14:17+00:00","article_modified_time":"2020-02-24T14:07:37+00:00","og_image":[{"url":"http:\/\/www.altercampagne.net\/wp-content\/uploads\/2015\/08\/2015-07-22_14.53.jpg","type":"","width":"","height":""}],"author":"Mathieu","twitter_card":"summary_large_image","twitter_misc":{"\u00c9crit par":"Mathieu","Dur\u00e9e de lecture estim\u00e9e":"1 minute"},"schema":{"@context":"https:\/\/schema.org","@graph":[{"@type":"Article","@id":"https:\/\/www.altercampagne.net\/?p=2564#article","isPartOf":{"@id":"https:\/\/www.altercampagne.net\/?p=2564"},"author":{"name":"Mathieu","@id":"https:\/\/www.altercampagne.net\/#\/schema\/person\/0f261460c09e430caa0f9bcffa319109"},"headline":"R\u00e9union de pr\u00e9paration de l\u2019AlterTour, les 5 et 6 d\u00e9cembre 2015 \u00e0 Montreuil","datePublished":"2015-11-26T09:14:17+00:00","dateModified":"2020-02-24T14:07:37+00:00","mainEntityOfPage":{"@id":"https:\/\/www.altercampagne.net\/?p=2564"},"wordCount":261,"image":{"@id":"https:\/\/www.altercampagne.net\/?p=2564#primaryimage"},"thumbnailUrl":"http:\/\/www.altercampagne.net\/wp-content\/uploads\/2015\/08\/2015-07-22_14.53.jpg","keywords":["mixit\u00e9","ordre du jour","moto magazine","cyclo-militant","2016","d\u00e9cembre 2015","tours cyclo-militants","tour cyclo-militant","financement","Mini-AlterTour","cyclo-camping international","tours cyclo-militant","militantisme","autogestion","parcours 2016","r\u00e9union","repas partag\u00e9","bien commun","village mondial des Alternatives","Montreuil","d\u00e9cembre","pl\u00e9ni\u00e8re","AlterTour 2016","cop21","v\u00e9lorution"],"articleSection":["WE de pr\u00e9paration"],"inLanguage":"fr-FR"},{"@type":"WebPage","@id":"https:\/\/www.altercampagne.net\/?p=2564","url":"https:\/\/www.altercampagne.net\/?p=2564","name":"R\u00e9union de pr\u00e9paration de l\u2019AlterTour, les 5 et 6 d\u00e9cembre 2015 \u00e0 Montreuil - AlterTour","isPartOf":{"@id":"https:\/\/www.altercampagne.net\/#website"},"primaryImageOfPage":{"@id":"https:\/\/www.altercampagne.net\/?p=2564#primaryimage"},"image":{"@id":"https:\/\/www.altercampagne.net\/?p=2564#primaryimage"},"thumbnailUrl":"http:\/\/www.altercampagne.net\/wp-content\/uploads\/2015\/08\/2015-07-22_14.53.jpg","datePublished":"2015-11-26T09:14:17+00:00","dateModified":"2020-02-24T14:07:37+00:00","author":{"@id":"https:\/\/www.altercampagne.net\/#\/schema\/person\/0f261460c09e430caa0f9bcffa319109"},"breadcrumb":{"@id":"https:\/\/www.altercampagne.net\/?p=2564#breadcrumb"},"inLanguage":"fr-FR","potentialAction":[{"@type":"ReadAction","target":["https:\/\/www.altercampagne.net\/?p=2564"]}]},{"@type":"ImageObject","inLanguage":"fr-FR","@id":"https:\/\/www.altercampagne.net\/?p=2564#primaryimage","url":"https:\/\/www.altercampagne.net\/wp-content\/uploads\/2015\/08\/2015-07-22_14.53.jpg","contentUrl":"https:\/\/www.altercampagne.net\/wp-content\/uploads\/2015\/08\/2015-07-22_14.53.jpg","width":900,"height":310},{"@type":"BreadcrumbList","@id":"https:\/\/www.altercampagne.net\/?p=2564#breadcrumb","itemListElement":[{"@type":"ListItem","position":1,"name":"Accueil","item":"https:\/\/www.altercampagne.net\/"},{"@type":"ListItem","position":2,"name":"R\u00e9union de pr\u00e9paration de l\u2019AlterTour, les 5 et 6 d\u00e9cembre 2015 \u00e0 Montreuil"}]},{"@type":"WebSite","@id":"https:\/\/www.altercampagne.net\/#website","url":"https:\/\/www.altercampagne.net\/","name":"AlterTour","description":"Reliez les Alternatives \u00e0 v\u00e9lo","potentialAction":[{"@type":"SearchAction","target":{"@type":"EntryPoint","urlTemplate":"https:\/\/www.altercampagne.net\/?s={search_term_string}"},"query-input":{"@type":"PropertyValueSpecification","valueRequired":true,"valueName":"search_term_string"}}],"inLanguage":"fr-FR"},{"@type":"Person","@id":"https:\/\/www.altercampagne.net\/#\/schema\/person\/0f261460c09e430caa0f9bcffa319109","name":"Mathieu","image":{"@type":"ImageObject","inLanguage":"fr-FR","@id":"https:\/\/secure.gravatar.com\/avatar\/aa9d3d24c83f2141e5e2709d0f63d09a99f6be6bb7a50abc4915838d9f54501a?s=96&d=mm&r=g","url":"https:\/\/secure.gravatar.com\/avatar\/aa9d3d24c83f2141e5e2709d0f63d09a99f6be6bb7a50abc4915838d9f54501a?s=96&d=mm&r=g","contentUrl":"https:\/\/secure.gravatar.com\/avatar\/aa9d3d24c83f2141e5e2709d0f63d09a99f6be6bb7a50abc4915838d9f54501a?s=96&d=mm&r=g","caption":"Mathieu"},"url":"https:\/\/www.altercampagne.net\/?author=214"}]}},"_links":{"self":[{"href":"https:\/\/www.altercampagne.net\/index.php?rest_route=\/wp\/v2\/posts\/2564","targetHints":{"allow":["GET"]}}],"collection":[{"href":"https:\/\/www.altercampagne.net\/index.php?rest_route=\/wp\/v2\/posts"}],"about":[{"href":"https:\/\/www.altercampagne.net\/index.php?rest_route=\/wp\/v2\/types\/post"}],"author":[{"embeddable":true,"href":"https:\/\/www.altercampagne.net\/index.php?rest_route=\/wp\/v2\/users\/214"}],"replies":[{"embeddable":true,"href":"https:\/\/www.altercampagne.net\/index.php?rest_route=%2Fwp%2Fv2%2Fcomments&post=2564"}],"version-history":[{"count":1,"href":"https:\/\/www.altercampagne.net\/index.php?rest_route=\/wp\/v2\/posts\/2564\/revisions"}],"predecessor-version":[{"id":17338,"href":"https:\/\/www.altercampagne.net\/index.php?rest_route=\/wp\/v2\/posts\/2564\/revisions\/17338"}],"wp:attachment":[{"href":"https:\/\/www.altercampagne.net\/index.php?rest_route=%2Fwp%2Fv2%2Fmedia&parent=2564"}],"wp:term":[{"taxonomy":"category","embeddable":true,"href":"https:\/\/www.altercampagne.net\/index.php?rest_route=%2Fwp%2Fv2%2Fcategories&post=2564"},{"taxonomy":"post_tag","embeddable":true,"href":"https:\/\/www.altercampagne.net\/index.php?rest_route=%2Fwp%2Fv2%2Ftags&post=2564"}],"curies":[{"name":"wp","href":"https:\/\/api.w.org\/{rel}","templated":true}]}}