{"id":25708,"date":"2022-06-03T15:26:37","date_gmt":"2022-06-03T13:26:37","guid":{"rendered":"https:\/\/www.altercampagne.net\/?p=25708"},"modified":"2022-06-03T17:03:52","modified_gmt":"2022-06-03T15:03:52","slug":"le-hameau-saint-francois-a-draguignan","status":"publish","type":"post","link":"https:\/\/www.altercampagne.net\/?p=25708","title":{"rendered":"Le hameau Saint Fran\u00e7ois \u00e0 Draguignan"},"content":{"rendered":"\n<p>L\u02bc\u00e9co-hameau solidaire Saint Fran\u00e7ois a vu le jour gr\u00e2ce au don de la villa Erymanthe et de son parc par leur propri\u00e9taire. L\u02bcunion diaconale du Var, union d\u02bc\u00e9conomie sociale et solidaire soutenue par Habitat &amp; Humanisme et le Secours Catholique, a lanc\u00e9 le projet. <strong>Depuis juillet 2019, le hameau accueille dans une quarantaine de logements des personnes <\/strong>fragilis\u00e9es sur le plan social, affectif ou physique. Chacun\u00b7e y dispose de son logement et profite des espaces communs : on s\u02bcy sent \u00ab en famille \u00bb et <strong>on y trouve entraide et soutien.<\/strong> Cinq salari\u00e9\u00b7es, dont deux coordinateur\u00b7ices, sont sur place et proposent des activit\u00e9s collectives : ateliers poterie ou arts plastiques, activit\u00e9s de production, jardins collectifs, poulailler, cueillettes suivies d\u02bcateliers de transformation&#8230; L\u02bcensemble est int\u00e9gr\u00e9 dans son environnement, ouvert sur la ville de Draguignan et toutes ses activit\u00e9s sociales, citoyennes, culturelles, spirituelles.<\/p>\n\n\n\n<h5 class=\"wp-block-heading\">Faire de la question des diff\u00e9rences une richesse qui nous rassemble<\/h5>\n\n\n\n<p> \u00ab Ce n\u02bcest pas rien, ces lieux qu\u02bcon porte avec beaucoup d\u02bcaffectif ! Ici, on fait place \u00e0 des personnes qui ne trouvent pas leur place dans le syst\u00e8me de production actuel. Alors, on essaye de repenser les formes de vie ensemble, de sortir de l\u02bcindividualisme et du consum\u00e9risme, <strong>non pas adapter les gens \u00e0 la soci\u00e9t\u00e9 mais d\u00e9velopper un lieu qui transforme la soci\u00e9t\u00e9<\/strong> pour se mettre \u00e0 la port\u00e9e de tous. C\u02bcest notre dimension \u00e9colo, la sobri\u00e9t\u00e9 heureuse, m\u00eame si c\u02bcest compliqu\u00e9 pour des personnes sans moyen, c\u02bcest un long cheminement. Les d\u00e9fis sont grands, je pense qu\u02bcil faut redonner du go\u00fbt \u00e0 l\u02bcengagement et \u00e0 l\u02bcaction, au plus pr\u00e8s du terrain, permettre \u00e0 chacun d\u02bc\u00e9voluer pour se sentir plus responsable, faire de la question des diff\u00e9rences une richesse qui nous rassemble, en gros, comment garder un peu d\u02bcesp\u00e9rance\u2026 \u00bb Ludovic de Lalaubie &#8211; coordinateur du Hameau Saint Fran\u00e7ois<\/p>\n\n\n\n<figure class=\"wp-block-image size-large\"><a href=\"https:\/\/www.altercampagne.net\/wp-content\/uploads\/2022\/06\/logo_ecohameau1_CMJN.jpg\"><img loading=\"lazy\" decoding=\"async\" width=\"1024\" height=\"432\" src=\"https:\/\/www.altercampagne.net\/wp-content\/uploads\/2022\/06\/logo_ecohameau1_CMJN-1024x432.jpg\" alt=\"\" class=\"wp-image-25709\"\/><\/a><\/figure>\n\n\n\n<p>Pour plus d&rsquo;informations, leur page internet : <a href=\"https:\/\/www.eco-hameausolidaire.fr\/accueil\/\" target=\"_blank\" rel=\"noreferrer noopener\">https:\/\/www.eco-hameausolidaire.fr\/accueil\/ <\/a><\/p>\n\n\n\n<p class=\"has-text-align-right\"><em>Cr\u00e9dit photo : Christophe Hargoues &#8211; Secours Catholique<br>R\u00e9daction : Danielle<\/em><\/p>\n","protected":false},"excerpt":{"rendered":"<p>L\u02bc\u00e9co-hameau solidaire Saint Fran\u00e7ois a vu le jour gr\u00e2ce au don de la villa Erymanthe et de son parc par leur propri\u00e9taire. L\u02bcunion diaconale du Var, union d\u02bc\u00e9conomie sociale et solidaire soutenue par Habitat &amp; Humanisme et le Secours Catholique, a lanc\u00e9 le projet. Depuis juillet 2019, le hameau accueille &#8230; <\/p>\n<div><a href=\"https:\/\/www.altercampagne.net\/?p=25708\" class=\"more-link\">Read More<\/a><\/div>\n","protected":false},"author":176,"featured_media":25710,"comment_status":"closed","ping_status":"closed","sticky":false,"template":"","format":"standard","meta":{"footnotes":""},"categories":[4313,4357,3485,3480,3488],"tags":[4396,4397],"class_list":["post-25708","post","type-post","status-publish","format-standard","has-post-thumbnail","hentry","category-altertour","category-edition-2022","category-habitat","category-occitanie","category-social","tag-eco-hameau-solidaire","tag-draguignan"],"yoast_head":"<!-- This site is optimized with the Yoast SEO plugin v27.3 - https:\/\/yoast.com\/product\/yoast-seo-wordpress\/ -->\n<title>Le hameau Saint Fran\u00e7ois \u00e0 Draguignan - AlterTour<\/title>\n<meta name=\"robots\" content=\"index, follow, max-snippet:-1, max-image-preview:large, max-video-preview:-1\" \/>\n<link rel=\"canonical\" href=\"https:\/\/www.altercampagne.net\/?p=25708\" \/>\n<meta property=\"og:locale\" content=\"fr_FR\" \/>\n<meta property=\"og:type\" content=\"article\" \/>\n<meta property=\"og:title\" content=\"Le hameau Saint Fran\u00e7ois \u00e0 Draguignan - AlterTour\" \/>\n<meta property=\"og:description\" content=\"L\u02bc\u00e9co-hameau solidaire Saint Fran\u00e7ois a vu le jour gr\u00e2ce au don de la villa Erymanthe et de son parc par leur propri\u00e9taire. L\u02bcunion diaconale du Var, union d\u02bc\u00e9conomie sociale et solidaire soutenue par Habitat &amp; Humanisme et le Secours Catholique, a lanc\u00e9 le projet. Depuis juillet 2019, le hameau accueille ... Read More\" \/>\n<meta property=\"og:url\" content=\"https:\/\/www.altercampagne.net\/?p=25708\" \/>\n<meta property=\"og:site_name\" content=\"AlterTour\" \/>\n<meta property=\"article:published_time\" content=\"2022-06-03T13:26:37+00:00\" \/>\n<meta property=\"article:modified_time\" content=\"2022-06-03T15:03:52+00:00\" \/>\n<meta property=\"og:image\" content=\"https:\/\/www.altercampagne.net\/wp-content\/uploads\/2022\/06\/ecohameau-scaled-e1654262747720.jpg\" \/>\n\t<meta property=\"og:image:width\" content=\"870\" \/>\n\t<meta property=\"og:image:height\" content=\"580\" \/>\n\t<meta property=\"og:image:type\" content=\"image\/jpeg\" \/>\n<meta name=\"author\" content=\"Danielle\" \/>\n<meta name=\"twitter:card\" content=\"summary_large_image\" \/>\n<meta name=\"twitter:label1\" content=\"\u00c9crit par\" \/>\n\t<meta name=\"twitter:data1\" content=\"Danielle\" \/>\n\t<meta name=\"twitter:label2\" content=\"Dur\u00e9e de lecture estim\u00e9e\" \/>\n\t<meta name=\"twitter:data2\" content=\"2 minutes\" \/>\n<script type=\"application\/ld+json\" class=\"yoast-schema-graph\">{\"@context\":\"https:\\\/\\\/schema.org\",\"@graph\":[{\"@type\":\"Article\",\"@id\":\"https:\\\/\\\/www.altercampagne.net\\\/?p=25708#article\",\"isPartOf\":{\"@id\":\"https:\\\/\\\/www.altercampagne.net\\\/?p=25708\"},\"author\":{\"name\":\"Danielle\",\"@id\":\"https:\\\/\\\/www.altercampagne.net\\\/#\\\/schema\\\/person\\\/51a66b19d7cefe375b07ec2f79a4163e\"},\"headline\":\"Le hameau Saint Fran\u00e7ois \u00e0 Draguignan\",\"datePublished\":\"2022-06-03T13:26:37+00:00\",\"dateModified\":\"2022-06-03T15:03:52+00:00\",\"mainEntityOfPage\":{\"@id\":\"https:\\\/\\\/www.altercampagne.net\\\/?p=25708\"},\"wordCount\":361,\"image\":{\"@id\":\"https:\\\/\\\/www.altercampagne.net\\\/?p=25708#primaryimage\"},\"thumbnailUrl\":\"https:\\\/\\\/www.altercampagne.net\\\/wp-content\\\/uploads\\\/2022\\\/06\\\/ecohameau-scaled-e1654262747720.jpg\",\"keywords\":[\"Eco-hameau solidaire\",\"Draguignan\"],\"articleSection\":[\"AlterTour\",\"Edition 2022\",\"Habitat\",\"Occitanie\",\"Social\"],\"inLanguage\":\"fr-FR\"},{\"@type\":\"WebPage\",\"@id\":\"https:\\\/\\\/www.altercampagne.net\\\/?p=25708\",\"url\":\"https:\\\/\\\/www.altercampagne.net\\\/?p=25708\",\"name\":\"Le hameau Saint Fran\u00e7ois \u00e0 Draguignan - AlterTour\",\"isPartOf\":{\"@id\":\"https:\\\/\\\/www.altercampagne.net\\\/#website\"},\"primaryImageOfPage\":{\"@id\":\"https:\\\/\\\/www.altercampagne.net\\\/?p=25708#primaryimage\"},\"image\":{\"@id\":\"https:\\\/\\\/www.altercampagne.net\\\/?p=25708#primaryimage\"},\"thumbnailUrl\":\"https:\\\/\\\/www.altercampagne.net\\\/wp-content\\\/uploads\\\/2022\\\/06\\\/ecohameau-scaled-e1654262747720.jpg\",\"datePublished\":\"2022-06-03T13:26:37+00:00\",\"dateModified\":\"2022-06-03T15:03:52+00:00\",\"author\":{\"@id\":\"https:\\\/\\\/www.altercampagne.net\\\/#\\\/schema\\\/person\\\/51a66b19d7cefe375b07ec2f79a4163e\"},\"breadcrumb\":{\"@id\":\"https:\\\/\\\/www.altercampagne.net\\\/?p=25708#breadcrumb\"},\"inLanguage\":\"fr-FR\",\"potentialAction\":[{\"@type\":\"ReadAction\",\"target\":[\"https:\\\/\\\/www.altercampagne.net\\\/?p=25708\"]}]},{\"@type\":\"ImageObject\",\"inLanguage\":\"fr-FR\",\"@id\":\"https:\\\/\\\/www.altercampagne.net\\\/?p=25708#primaryimage\",\"url\":\"https:\\\/\\\/www.altercampagne.net\\\/wp-content\\\/uploads\\\/2022\\\/06\\\/ecohameau-scaled-e1654262747720.jpg\",\"contentUrl\":\"https:\\\/\\\/www.altercampagne.net\\\/wp-content\\\/uploads\\\/2022\\\/06\\\/ecohameau-scaled-e1654262747720.jpg\",\"width\":870,\"height\":580,\"caption\":\"Inaugur\u00e9e en 2019,l\u2019\u00e9co-hameau est situ\u00e9 \u00e0 Draguignan. A la rencontre du social et de l\u2019environnemental, ce hameau est constitu\u00e9 de 17 logements locatifs sociaux et d\u2019une \u00ab pension de famille \u00bb de 22 logements. Une soixantaine de personnes y r\u00e9sident. Une partie des personnes accueillies sont en situation de fragilit\u00e9 sociale; elles sont accompagn\u00e9es par des travailleurs sociaux. Cette nouvelle id\u00e9e d'habitat place l\u2019\u00eatre humain et son environnement dans une dynamique vertueuse. En int\u00e9grant des activit\u00e9s vari\u00e9es (jardins collectifs, chantiers et ateliers participatifs), ce projet vise \u00e0 d\u00e9velopper le lien social et l\u2019entraide. Ici, Bediha entretient sa parcelle de jardin.\"},{\"@type\":\"BreadcrumbList\",\"@id\":\"https:\\\/\\\/www.altercampagne.net\\\/?p=25708#breadcrumb\",\"itemListElement\":[{\"@type\":\"ListItem\",\"position\":1,\"name\":\"Accueil\",\"item\":\"https:\\\/\\\/www.altercampagne.net\\\/\"},{\"@type\":\"ListItem\",\"position\":2,\"name\":\"Le hameau Saint Fran\u00e7ois \u00e0 Draguignan\"}]},{\"@type\":\"WebSite\",\"@id\":\"https:\\\/\\\/www.altercampagne.net\\\/#website\",\"url\":\"https:\\\/\\\/www.altercampagne.net\\\/\",\"name\":\"AlterTour\",\"description\":\"Reliez les Alternatives \u00e0 v\u00e9lo\",\"potentialAction\":[{\"@type\":\"SearchAction\",\"target\":{\"@type\":\"EntryPoint\",\"urlTemplate\":\"https:\\\/\\\/www.altercampagne.net\\\/?s={search_term_string}\"},\"query-input\":{\"@type\":\"PropertyValueSpecification\",\"valueRequired\":true,\"valueName\":\"search_term_string\"}}],\"inLanguage\":\"fr-FR\"},{\"@type\":\"Person\",\"@id\":\"https:\\\/\\\/www.altercampagne.net\\\/#\\\/schema\\\/person\\\/51a66b19d7cefe375b07ec2f79a4163e\",\"name\":\"Danielle\",\"image\":{\"@type\":\"ImageObject\",\"inLanguage\":\"fr-FR\",\"@id\":\"https:\\\/\\\/secure.gravatar.com\\\/avatar\\\/04d576be7738f1d143003cddc1b859129ca5325fbbfe0ceb5cba7ee2583933ec?s=96&d=mm&r=g\",\"url\":\"https:\\\/\\\/secure.gravatar.com\\\/avatar\\\/04d576be7738f1d143003cddc1b859129ca5325fbbfe0ceb5cba7ee2583933ec?s=96&d=mm&r=g\",\"contentUrl\":\"https:\\\/\\\/secure.gravatar.com\\\/avatar\\\/04d576be7738f1d143003cddc1b859129ca5325fbbfe0ceb5cba7ee2583933ec?s=96&d=mm&r=g\",\"caption\":\"Danielle\"},\"url\":\"https:\\\/\\\/www.altercampagne.net\\\/?author=176\"}]}<\/script>\n<!-- \/ Yoast SEO plugin. -->","yoast_head_json":{"title":"Le hameau Saint Fran\u00e7ois \u00e0 Draguignan - AlterTour","robots":{"index":"index","follow":"follow","max-snippet":"max-snippet:-1","max-image-preview":"max-image-preview:large","max-video-preview":"max-video-preview:-1"},"canonical":"https:\/\/www.altercampagne.net\/?p=25708","og_locale":"fr_FR","og_type":"article","og_title":"Le hameau Saint Fran\u00e7ois \u00e0 Draguignan - AlterTour","og_description":"L\u02bc\u00e9co-hameau solidaire Saint Fran\u00e7ois a vu le jour gr\u00e2ce au don de la villa Erymanthe et de son parc par leur propri\u00e9taire. L\u02bcunion diaconale du Var, union d\u02bc\u00e9conomie sociale et solidaire soutenue par Habitat &amp; Humanisme et le Secours Catholique, a lanc\u00e9 le projet. Depuis juillet 2019, le hameau accueille ... Read More","og_url":"https:\/\/www.altercampagne.net\/?p=25708","og_site_name":"AlterTour","article_published_time":"2022-06-03T13:26:37+00:00","article_modified_time":"2022-06-03T15:03:52+00:00","og_image":[{"width":870,"height":580,"url":"https:\/\/www.altercampagne.net\/wp-content\/uploads\/2022\/06\/ecohameau-scaled-e1654262747720.jpg","type":"image\/jpeg"}],"author":"Danielle","twitter_card":"summary_large_image","twitter_misc":{"\u00c9crit par":"Danielle","Dur\u00e9e de lecture estim\u00e9e":"2 minutes"},"schema":{"@context":"https:\/\/schema.org","@graph":[{"@type":"Article","@id":"https:\/\/www.altercampagne.net\/?p=25708#article","isPartOf":{"@id":"https:\/\/www.altercampagne.net\/?p=25708"},"author":{"name":"Danielle","@id":"https:\/\/www.altercampagne.net\/#\/schema\/person\/51a66b19d7cefe375b07ec2f79a4163e"},"headline":"Le hameau Saint Fran\u00e7ois \u00e0 Draguignan","datePublished":"2022-06-03T13:26:37+00:00","dateModified":"2022-06-03T15:03:52+00:00","mainEntityOfPage":{"@id":"https:\/\/www.altercampagne.net\/?p=25708"},"wordCount":361,"image":{"@id":"https:\/\/www.altercampagne.net\/?p=25708#primaryimage"},"thumbnailUrl":"https:\/\/www.altercampagne.net\/wp-content\/uploads\/2022\/06\/ecohameau-scaled-e1654262747720.jpg","keywords":["Eco-hameau solidaire","Draguignan"],"articleSection":["AlterTour","Edition 2022","Habitat","Occitanie","Social"],"inLanguage":"fr-FR"},{"@type":"WebPage","@id":"https:\/\/www.altercampagne.net\/?p=25708","url":"https:\/\/www.altercampagne.net\/?p=25708","name":"Le hameau Saint Fran\u00e7ois \u00e0 Draguignan - AlterTour","isPartOf":{"@id":"https:\/\/www.altercampagne.net\/#website"},"primaryImageOfPage":{"@id":"https:\/\/www.altercampagne.net\/?p=25708#primaryimage"},"image":{"@id":"https:\/\/www.altercampagne.net\/?p=25708#primaryimage"},"thumbnailUrl":"https:\/\/www.altercampagne.net\/wp-content\/uploads\/2022\/06\/ecohameau-scaled-e1654262747720.jpg","datePublished":"2022-06-03T13:26:37+00:00","dateModified":"2022-06-03T15:03:52+00:00","author":{"@id":"https:\/\/www.altercampagne.net\/#\/schema\/person\/51a66b19d7cefe375b07ec2f79a4163e"},"breadcrumb":{"@id":"https:\/\/www.altercampagne.net\/?p=25708#breadcrumb"},"inLanguage":"fr-FR","potentialAction":[{"@type":"ReadAction","target":["https:\/\/www.altercampagne.net\/?p=25708"]}]},{"@type":"ImageObject","inLanguage":"fr-FR","@id":"https:\/\/www.altercampagne.net\/?p=25708#primaryimage","url":"https:\/\/www.altercampagne.net\/wp-content\/uploads\/2022\/06\/ecohameau-scaled-e1654262747720.jpg","contentUrl":"https:\/\/www.altercampagne.net\/wp-content\/uploads\/2022\/06\/ecohameau-scaled-e1654262747720.jpg","width":870,"height":580,"caption":"Inaugur\u00e9e en 2019,l\u2019\u00e9co-hameau est situ\u00e9 \u00e0 Draguignan. A la rencontre du social et de l\u2019environnemental, ce hameau est constitu\u00e9 de 17 logements locatifs sociaux et d\u2019une \u00ab pension de famille \u00bb de 22 logements. Une soixantaine de personnes y r\u00e9sident. Une partie des personnes accueillies sont en situation de fragilit\u00e9 sociale; elles sont accompagn\u00e9es par des travailleurs sociaux. Cette nouvelle id\u00e9e d'habitat place l\u2019\u00eatre humain et son environnement dans une dynamique vertueuse. En int\u00e9grant des activit\u00e9s vari\u00e9es (jardins collectifs, chantiers et ateliers participatifs), ce projet vise \u00e0 d\u00e9velopper le lien social et l\u2019entraide. Ici, Bediha entretient sa parcelle de jardin."},{"@type":"BreadcrumbList","@id":"https:\/\/www.altercampagne.net\/?p=25708#breadcrumb","itemListElement":[{"@type":"ListItem","position":1,"name":"Accueil","item":"https:\/\/www.altercampagne.net\/"},{"@type":"ListItem","position":2,"name":"Le hameau Saint Fran\u00e7ois \u00e0 Draguignan"}]},{"@type":"WebSite","@id":"https:\/\/www.altercampagne.net\/#website","url":"https:\/\/www.altercampagne.net\/","name":"AlterTour","description":"Reliez les Alternatives \u00e0 v\u00e9lo","potentialAction":[{"@type":"SearchAction","target":{"@type":"EntryPoint","urlTemplate":"https:\/\/www.altercampagne.net\/?s={search_term_string}"},"query-input":{"@type":"PropertyValueSpecification","valueRequired":true,"valueName":"search_term_string"}}],"inLanguage":"fr-FR"},{"@type":"Person","@id":"https:\/\/www.altercampagne.net\/#\/schema\/person\/51a66b19d7cefe375b07ec2f79a4163e","name":"Danielle","image":{"@type":"ImageObject","inLanguage":"fr-FR","@id":"https:\/\/secure.gravatar.com\/avatar\/04d576be7738f1d143003cddc1b859129ca5325fbbfe0ceb5cba7ee2583933ec?s=96&d=mm&r=g","url":"https:\/\/secure.gravatar.com\/avatar\/04d576be7738f1d143003cddc1b859129ca5325fbbfe0ceb5cba7ee2583933ec?s=96&d=mm&r=g","contentUrl":"https:\/\/secure.gravatar.com\/avatar\/04d576be7738f1d143003cddc1b859129ca5325fbbfe0ceb5cba7ee2583933ec?s=96&d=mm&r=g","caption":"Danielle"},"url":"https:\/\/www.altercampagne.net\/?author=176"}]}},"_links":{"self":[{"href":"https:\/\/www.altercampagne.net\/index.php?rest_route=\/wp\/v2\/posts\/25708","targetHints":{"allow":["GET"]}}],"collection":[{"href":"https:\/\/www.altercampagne.net\/index.php?rest_route=\/wp\/v2\/posts"}],"about":[{"href":"https:\/\/www.altercampagne.net\/index.php?rest_route=\/wp\/v2\/types\/post"}],"author":[{"embeddable":true,"href":"https:\/\/www.altercampagne.net\/index.php?rest_route=\/wp\/v2\/users\/176"}],"replies":[{"embeddable":true,"href":"https:\/\/www.altercampagne.net\/index.php?rest_route=%2Fwp%2Fv2%2Fcomments&post=25708"}],"version-history":[{"count":2,"href":"https:\/\/www.altercampagne.net\/index.php?rest_route=\/wp\/v2\/posts\/25708\/revisions"}],"predecessor-version":[{"id":25715,"href":"https:\/\/www.altercampagne.net\/index.php?rest_route=\/wp\/v2\/posts\/25708\/revisions\/25715"}],"wp:featuredmedia":[{"embeddable":true,"href":"https:\/\/www.altercampagne.net\/index.php?rest_route=\/wp\/v2\/media\/25710"}],"wp:attachment":[{"href":"https:\/\/www.altercampagne.net\/index.php?rest_route=%2Fwp%2Fv2%2Fmedia&parent=25708"}],"wp:term":[{"taxonomy":"category","embeddable":true,"href":"https:\/\/www.altercampagne.net\/index.php?rest_route=%2Fwp%2Fv2%2Fcategories&post=25708"},{"taxonomy":"post_tag","embeddable":true,"href":"https:\/\/www.altercampagne.net\/index.php?rest_route=%2Fwp%2Fv2%2Ftags&post=25708"}],"curies":[{"name":"wp","href":"https:\/\/api.w.org\/{rel}","templated":true}]}}