{"id":25713,"date":"2022-06-03T17:08:09","date_gmt":"2022-06-03T15:08:09","guid":{"rendered":"https:\/\/www.altercampagne.net\/?p=25713"},"modified":"2022-06-03T17:08:10","modified_gmt":"2022-06-03T15:08:10","slug":"un-tiers-lieu-de-la-transition-ecologique-et-solidaire-a-grasse","status":"publish","type":"post","link":"https:\/\/www.altercampagne.net\/?p=25713","title":{"rendered":"Un tiers lieu de la transition \u00e9cologique et solidaire \u00e0 Grasse"},"content":{"rendered":"\n<p>Le Tiers-Lieu Sainte-Marthe, tiers-lieu de la transition \u00e9cologique et solidaire, est un endroit o\u00f9 chacune et chacun peut venir pour <strong>se rencontrer et mettre en commun connaissances et exp\u00e9riences autour de la vaste th\u00e9matique du d\u00e9veloppement durable<\/strong>. De nombreux projets y sont d\u00e9velopp\u00e9s, permettant de prendre part \u00e0 la transition : \u00e9picerie participative, cr\u00e9ation de prototypes low-tech, espace de m\u00e9diation num\u00e9rique, d\u00e9veloppement de capteurs de donn\u00e9es agricoles\u2026 Ce tiers-lieu est port\u00e9 par la SCIC T.E.T.R.I.S*, soci\u00e9t\u00e9 coop\u00e9rative qui porte un centre de recherche appliqu\u00e9e en sciences sociales et accompagne le d\u00e9veloppement de projets socialement innovants, r\u00e9pondant \u00e0 des besoins sociaux et environnementaux identifi\u00e9s sur le territoire. Il est \u00e9galement anim\u00e9 par l&rsquo;association \u00e9val\u00e9co qui porte des ateliers d&rsquo;\u00e9ducation populaire au d\u00e9veloppement durable. La programmation est ouverte \u00e0 toutes et tous.<\/p>\n\n\n\n<p><em>*acronyme qui d\u00e9signe la Soci\u00e9t\u00e9 Coop\u00e9rative d&rsquo;Int\u00e9r\u00eat Collectif, Transition \u00c9cologique Territoriale par la Recherche et l&rsquo;Innovation Sociale.<\/em><\/p>\n\n\n\n<h5 class=\"wp-block-heading\">Une nouvelle relation \u00e0 la nature et au vivant <\/h5>\n\n\n\n<p>Manon, salari\u00e9e d&rsquo;\u00e9val\u00e9co, r\u00e9pond \u00e0 la question : o\u00f9 tu nous imagines dans quinze ans ? <\/p>\n\n\n\n<p>\u00ab On n\u02bcapprendra plus seulement \u00e0 lire et \u00e0 compter, mais aussi \u00e0 r\u00e9fl\u00e9chir et \u00e0 critiquer, \u00e0 imaginer et \u00e0 ressentir. L\u02bcHomme ne sera plus dissoci\u00e9 de la nature et <strong>le vivant sera consid\u00e9r\u00e9 tel qu\u02bcil est : un tout dont les \u00e9l\u00e9ments sont interd\u00e9pendants<\/strong>. Chaque \u00eatre vivant aura sa place, avec son originalit\u00e9 et son unicit\u00e9. Nous aurons compris et int\u00e9gr\u00e9 que <strong>nos choix de modes de vie ont des cons\u00e9quences directes sur l\u02bc\u00e9tendue des possibles, <\/strong>pour les g\u00e9n\u00e9rations actuelles comme pour les futures.\u00bb <\/p>\n\n\n\n<figure class=\"wp-block-image size-large\"><a href=\"https:\/\/www.altercampagne.net\/wp-content\/uploads\/2022\/06\/sainte-marthe.png\"><img loading=\"lazy\" decoding=\"async\" width=\"808\" height=\"327\" src=\"https:\/\/www.altercampagne.net\/wp-content\/uploads\/2022\/06\/sainte-marthe.png\" alt=\"\" class=\"wp-image-25714\" srcset=\"https:\/\/www.altercampagne.net\/wp-content\/uploads\/2022\/06\/sainte-marthe.png 808w, https:\/\/www.altercampagne.net\/wp-content\/uploads\/2022\/06\/sainte-marthe-300x121.png 300w, https:\/\/www.altercampagne.net\/wp-content\/uploads\/2022\/06\/sainte-marthe-768x311.png 768w, https:\/\/www.altercampagne.net\/wp-content\/uploads\/2022\/06\/sainte-marthe-610x247.png 610w, https:\/\/www.altercampagne.net\/wp-content\/uploads\/2022\/06\/sainte-marthe-100x40.png 100w\" sizes=\"auto, (max-width: 808px) 100vw, 808px\" \/><\/a><\/figure>\n\n\n\n<p>Pour en savoir plus sur le tiers lieu, leur site <a href=\"http:\/\/scic-tetris.org\/\" target=\"_blank\" rel=\"noreferrer noopener\">http:\/\/scic-tetris.org\/<\/a> et en vid\u00e9o : <a href=\"https:\/\/www.youtube.com\/watch?v=Iv11Q-zgc64\" target=\"_blank\" rel=\"noreferrer noopener\">https:\/\/www.youtube.com\/watch?v=Iv11Q-zgc64<\/a> et le site de l&rsquo;asso \u00e9val\u00e9co : <a href=\"https:\/\/evaleco.org\/\" target=\"_blank\" rel=\"noreferrer noopener\">https:\/\/evaleco.org\/ <\/a><\/p>\n\n\n\n<p class=\"has-text-align-right\">&#8211; <em>Sylvie<\/em><\/p>\n","protected":false},"excerpt":{"rendered":"<p>Le Tiers-Lieu Sainte-Marthe, tiers-lieu de la transition \u00e9cologique et solidaire, est un endroit o\u00f9 chacune et chacun peut venir pour se rencontrer et mettre en commun connaissances et exp\u00e9riences autour de la vaste th\u00e9matique du d\u00e9veloppement durable. De nombreux projets y sont d\u00e9velopp\u00e9s, permettant de prendre part \u00e0 la transition &#8230; <\/p>\n<div><a href=\"https:\/\/www.altercampagne.net\/?p=25713\" class=\"more-link\">Read More<\/a><\/div>\n","protected":false},"author":264,"featured_media":25717,"comment_status":"closed","ping_status":"closed","sticky":false,"template":"","format":"standard","meta":{"footnotes":""},"categories":[4313,4357,3938,3486,3480,3540],"tags":[4398,4399,4400,4401],"class_list":["post-25713","post","type-post","status-publish","format-standard","has-post-thumbnail","hentry","category-altertour","category-edition-2022","category-education","category-environnement","category-occitanie","category-transverse","tag-scic-tetris","tag-evaleco","tag-tiers-lieu-sainte-marthe","tag-grasse"],"yoast_head":"<!-- This site is optimized with the Yoast SEO plugin v27.3 - https:\/\/yoast.com\/product\/yoast-seo-wordpress\/ -->\n<title>Un tiers lieu de la transition \u00e9cologique et solidaire \u00e0 Grasse - AlterTour<\/title>\n<meta name=\"robots\" content=\"index, follow, max-snippet:-1, max-image-preview:large, max-video-preview:-1\" \/>\n<link rel=\"canonical\" href=\"https:\/\/www.altercampagne.net\/?p=25713\" \/>\n<meta property=\"og:locale\" content=\"fr_FR\" \/>\n<meta property=\"og:type\" content=\"article\" \/>\n<meta property=\"og:title\" content=\"Un tiers lieu de la transition \u00e9cologique et solidaire \u00e0 Grasse - AlterTour\" \/>\n<meta property=\"og:description\" content=\"Le Tiers-Lieu Sainte-Marthe, tiers-lieu de la transition \u00e9cologique et solidaire, est un endroit o\u00f9 chacune et chacun peut venir pour se rencontrer et mettre en commun connaissances et exp\u00e9riences autour de la vaste th\u00e9matique du d\u00e9veloppement durable. De nombreux projets y sont d\u00e9velopp\u00e9s, permettant de prendre part \u00e0 la transition ... Read More\" \/>\n<meta property=\"og:url\" content=\"https:\/\/www.altercampagne.net\/?p=25713\" \/>\n<meta property=\"og:site_name\" content=\"AlterTour\" \/>\n<meta property=\"article:published_time\" content=\"2022-06-03T15:08:09+00:00\" \/>\n<meta property=\"article:modified_time\" content=\"2022-06-03T15:08:10+00:00\" \/>\n<meta property=\"og:image\" content=\"https:\/\/www.altercampagne.net\/wp-content\/uploads\/2022\/06\/Photo-groupe-Panoramast-marthe1.jpg\" \/>\n\t<meta property=\"og:image:width\" content=\"760\" \/>\n\t<meta property=\"og:image:height\" content=\"350\" \/>\n\t<meta property=\"og:image:type\" content=\"image\/jpeg\" \/>\n<meta name=\"author\" content=\"Sylvie D\" \/>\n<meta name=\"twitter:card\" content=\"summary_large_image\" \/>\n<meta name=\"twitter:label1\" content=\"\u00c9crit par\" \/>\n\t<meta name=\"twitter:data1\" content=\"Sylvie D\" \/>\n\t<meta name=\"twitter:label2\" content=\"Dur\u00e9e de lecture estim\u00e9e\" \/>\n\t<meta name=\"twitter:data2\" content=\"2 minutes\" \/>\n<script type=\"application\/ld+json\" class=\"yoast-schema-graph\">{\"@context\":\"https:\\\/\\\/schema.org\",\"@graph\":[{\"@type\":\"Article\",\"@id\":\"https:\\\/\\\/www.altercampagne.net\\\/?p=25713#article\",\"isPartOf\":{\"@id\":\"https:\\\/\\\/www.altercampagne.net\\\/?p=25713\"},\"author\":{\"name\":\"Sylvie D\",\"@id\":\"https:\\\/\\\/www.altercampagne.net\\\/#\\\/schema\\\/person\\\/06a7c442a070e7f43fabf492a3c939ad\"},\"headline\":\"Un tiers lieu de la transition \u00e9cologique et solidaire \u00e0 Grasse\",\"datePublished\":\"2022-06-03T15:08:09+00:00\",\"dateModified\":\"2022-06-03T15:08:10+00:00\",\"mainEntityOfPage\":{\"@id\":\"https:\\\/\\\/www.altercampagne.net\\\/?p=25713\"},\"wordCount\":339,\"image\":{\"@id\":\"https:\\\/\\\/www.altercampagne.net\\\/?p=25713#primaryimage\"},\"thumbnailUrl\":\"https:\\\/\\\/www.altercampagne.net\\\/wp-content\\\/uploads\\\/2022\\\/06\\\/Photo-groupe-Panoramast-marthe1.jpg\",\"keywords\":[\"SCIC TETRIS\",\"\u00e9val\u00e9co\",\"Tiers Lieu Sainte Marthe\",\"Grasse\"],\"articleSection\":[\"AlterTour\",\"Edition 2022\",\"Education\",\"Environnement\",\"Occitanie\",\"Transverse\"],\"inLanguage\":\"fr-FR\"},{\"@type\":\"WebPage\",\"@id\":\"https:\\\/\\\/www.altercampagne.net\\\/?p=25713\",\"url\":\"https:\\\/\\\/www.altercampagne.net\\\/?p=25713\",\"name\":\"Un tiers lieu de la transition \u00e9cologique et solidaire \u00e0 Grasse - AlterTour\",\"isPartOf\":{\"@id\":\"https:\\\/\\\/www.altercampagne.net\\\/#website\"},\"primaryImageOfPage\":{\"@id\":\"https:\\\/\\\/www.altercampagne.net\\\/?p=25713#primaryimage\"},\"image\":{\"@id\":\"https:\\\/\\\/www.altercampagne.net\\\/?p=25713#primaryimage\"},\"thumbnailUrl\":\"https:\\\/\\\/www.altercampagne.net\\\/wp-content\\\/uploads\\\/2022\\\/06\\\/Photo-groupe-Panoramast-marthe1.jpg\",\"datePublished\":\"2022-06-03T15:08:09+00:00\",\"dateModified\":\"2022-06-03T15:08:10+00:00\",\"author\":{\"@id\":\"https:\\\/\\\/www.altercampagne.net\\\/#\\\/schema\\\/person\\\/06a7c442a070e7f43fabf492a3c939ad\"},\"breadcrumb\":{\"@id\":\"https:\\\/\\\/www.altercampagne.net\\\/?p=25713#breadcrumb\"},\"inLanguage\":\"fr-FR\",\"potentialAction\":[{\"@type\":\"ReadAction\",\"target\":[\"https:\\\/\\\/www.altercampagne.net\\\/?p=25713\"]}]},{\"@type\":\"ImageObject\",\"inLanguage\":\"fr-FR\",\"@id\":\"https:\\\/\\\/www.altercampagne.net\\\/?p=25713#primaryimage\",\"url\":\"https:\\\/\\\/www.altercampagne.net\\\/wp-content\\\/uploads\\\/2022\\\/06\\\/Photo-groupe-Panoramast-marthe1.jpg\",\"contentUrl\":\"https:\\\/\\\/www.altercampagne.net\\\/wp-content\\\/uploads\\\/2022\\\/06\\\/Photo-groupe-Panoramast-marthe1.jpg\",\"width\":760,\"height\":350,\"caption\":\"OLYMPUS DIGITAL CAMERA\"},{\"@type\":\"BreadcrumbList\",\"@id\":\"https:\\\/\\\/www.altercampagne.net\\\/?p=25713#breadcrumb\",\"itemListElement\":[{\"@type\":\"ListItem\",\"position\":1,\"name\":\"Accueil\",\"item\":\"https:\\\/\\\/www.altercampagne.net\\\/\"},{\"@type\":\"ListItem\",\"position\":2,\"name\":\"Un tiers lieu de la transition \u00e9cologique et solidaire \u00e0 Grasse\"}]},{\"@type\":\"WebSite\",\"@id\":\"https:\\\/\\\/www.altercampagne.net\\\/#website\",\"url\":\"https:\\\/\\\/www.altercampagne.net\\\/\",\"name\":\"AlterTour\",\"description\":\"Reliez les Alternatives \u00e0 v\u00e9lo\",\"potentialAction\":[{\"@type\":\"SearchAction\",\"target\":{\"@type\":\"EntryPoint\",\"urlTemplate\":\"https:\\\/\\\/www.altercampagne.net\\\/?s={search_term_string}\"},\"query-input\":{\"@type\":\"PropertyValueSpecification\",\"valueRequired\":true,\"valueName\":\"search_term_string\"}}],\"inLanguage\":\"fr-FR\"},{\"@type\":\"Person\",\"@id\":\"https:\\\/\\\/www.altercampagne.net\\\/#\\\/schema\\\/person\\\/06a7c442a070e7f43fabf492a3c939ad\",\"name\":\"Sylvie D\",\"image\":{\"@type\":\"ImageObject\",\"inLanguage\":\"fr-FR\",\"@id\":\"https:\\\/\\\/secure.gravatar.com\\\/avatar\\\/f90d2b8908d5e1d7f78c3e17e055020cd30a2ab278491fa1e24084097d0576d4?s=96&d=mm&r=g\",\"url\":\"https:\\\/\\\/secure.gravatar.com\\\/avatar\\\/f90d2b8908d5e1d7f78c3e17e055020cd30a2ab278491fa1e24084097d0576d4?s=96&d=mm&r=g\",\"contentUrl\":\"https:\\\/\\\/secure.gravatar.com\\\/avatar\\\/f90d2b8908d5e1d7f78c3e17e055020cd30a2ab278491fa1e24084097d0576d4?s=96&d=mm&r=g\",\"caption\":\"Sylvie D\"},\"url\":\"https:\\\/\\\/www.altercampagne.net\\\/?author=264\"}]}<\/script>\n<!-- \/ Yoast SEO plugin. -->","yoast_head_json":{"title":"Un tiers lieu de la transition \u00e9cologique et solidaire \u00e0 Grasse - AlterTour","robots":{"index":"index","follow":"follow","max-snippet":"max-snippet:-1","max-image-preview":"max-image-preview:large","max-video-preview":"max-video-preview:-1"},"canonical":"https:\/\/www.altercampagne.net\/?p=25713","og_locale":"fr_FR","og_type":"article","og_title":"Un tiers lieu de la transition \u00e9cologique et solidaire \u00e0 Grasse - AlterTour","og_description":"Le Tiers-Lieu Sainte-Marthe, tiers-lieu de la transition \u00e9cologique et solidaire, est un endroit o\u00f9 chacune et chacun peut venir pour se rencontrer et mettre en commun connaissances et exp\u00e9riences autour de la vaste th\u00e9matique du d\u00e9veloppement durable. De nombreux projets y sont d\u00e9velopp\u00e9s, permettant de prendre part \u00e0 la transition ... Read More","og_url":"https:\/\/www.altercampagne.net\/?p=25713","og_site_name":"AlterTour","article_published_time":"2022-06-03T15:08:09+00:00","article_modified_time":"2022-06-03T15:08:10+00:00","og_image":[{"width":760,"height":350,"url":"https:\/\/www.altercampagne.net\/wp-content\/uploads\/2022\/06\/Photo-groupe-Panoramast-marthe1.jpg","type":"image\/jpeg"}],"author":"Sylvie D","twitter_card":"summary_large_image","twitter_misc":{"\u00c9crit par":"Sylvie D","Dur\u00e9e de lecture estim\u00e9e":"2 minutes"},"schema":{"@context":"https:\/\/schema.org","@graph":[{"@type":"Article","@id":"https:\/\/www.altercampagne.net\/?p=25713#article","isPartOf":{"@id":"https:\/\/www.altercampagne.net\/?p=25713"},"author":{"name":"Sylvie D","@id":"https:\/\/www.altercampagne.net\/#\/schema\/person\/06a7c442a070e7f43fabf492a3c939ad"},"headline":"Un tiers lieu de la transition \u00e9cologique et solidaire \u00e0 Grasse","datePublished":"2022-06-03T15:08:09+00:00","dateModified":"2022-06-03T15:08:10+00:00","mainEntityOfPage":{"@id":"https:\/\/www.altercampagne.net\/?p=25713"},"wordCount":339,"image":{"@id":"https:\/\/www.altercampagne.net\/?p=25713#primaryimage"},"thumbnailUrl":"https:\/\/www.altercampagne.net\/wp-content\/uploads\/2022\/06\/Photo-groupe-Panoramast-marthe1.jpg","keywords":["SCIC TETRIS","\u00e9val\u00e9co","Tiers Lieu Sainte Marthe","Grasse"],"articleSection":["AlterTour","Edition 2022","Education","Environnement","Occitanie","Transverse"],"inLanguage":"fr-FR"},{"@type":"WebPage","@id":"https:\/\/www.altercampagne.net\/?p=25713","url":"https:\/\/www.altercampagne.net\/?p=25713","name":"Un tiers lieu de la transition \u00e9cologique et solidaire \u00e0 Grasse - AlterTour","isPartOf":{"@id":"https:\/\/www.altercampagne.net\/#website"},"primaryImageOfPage":{"@id":"https:\/\/www.altercampagne.net\/?p=25713#primaryimage"},"image":{"@id":"https:\/\/www.altercampagne.net\/?p=25713#primaryimage"},"thumbnailUrl":"https:\/\/www.altercampagne.net\/wp-content\/uploads\/2022\/06\/Photo-groupe-Panoramast-marthe1.jpg","datePublished":"2022-06-03T15:08:09+00:00","dateModified":"2022-06-03T15:08:10+00:00","author":{"@id":"https:\/\/www.altercampagne.net\/#\/schema\/person\/06a7c442a070e7f43fabf492a3c939ad"},"breadcrumb":{"@id":"https:\/\/www.altercampagne.net\/?p=25713#breadcrumb"},"inLanguage":"fr-FR","potentialAction":[{"@type":"ReadAction","target":["https:\/\/www.altercampagne.net\/?p=25713"]}]},{"@type":"ImageObject","inLanguage":"fr-FR","@id":"https:\/\/www.altercampagne.net\/?p=25713#primaryimage","url":"https:\/\/www.altercampagne.net\/wp-content\/uploads\/2022\/06\/Photo-groupe-Panoramast-marthe1.jpg","contentUrl":"https:\/\/www.altercampagne.net\/wp-content\/uploads\/2022\/06\/Photo-groupe-Panoramast-marthe1.jpg","width":760,"height":350,"caption":"OLYMPUS DIGITAL CAMERA"},{"@type":"BreadcrumbList","@id":"https:\/\/www.altercampagne.net\/?p=25713#breadcrumb","itemListElement":[{"@type":"ListItem","position":1,"name":"Accueil","item":"https:\/\/www.altercampagne.net\/"},{"@type":"ListItem","position":2,"name":"Un tiers lieu de la transition \u00e9cologique et solidaire \u00e0 Grasse"}]},{"@type":"WebSite","@id":"https:\/\/www.altercampagne.net\/#website","url":"https:\/\/www.altercampagne.net\/","name":"AlterTour","description":"Reliez les Alternatives \u00e0 v\u00e9lo","potentialAction":[{"@type":"SearchAction","target":{"@type":"EntryPoint","urlTemplate":"https:\/\/www.altercampagne.net\/?s={search_term_string}"},"query-input":{"@type":"PropertyValueSpecification","valueRequired":true,"valueName":"search_term_string"}}],"inLanguage":"fr-FR"},{"@type":"Person","@id":"https:\/\/www.altercampagne.net\/#\/schema\/person\/06a7c442a070e7f43fabf492a3c939ad","name":"Sylvie D","image":{"@type":"ImageObject","inLanguage":"fr-FR","@id":"https:\/\/secure.gravatar.com\/avatar\/f90d2b8908d5e1d7f78c3e17e055020cd30a2ab278491fa1e24084097d0576d4?s=96&d=mm&r=g","url":"https:\/\/secure.gravatar.com\/avatar\/f90d2b8908d5e1d7f78c3e17e055020cd30a2ab278491fa1e24084097d0576d4?s=96&d=mm&r=g","contentUrl":"https:\/\/secure.gravatar.com\/avatar\/f90d2b8908d5e1d7f78c3e17e055020cd30a2ab278491fa1e24084097d0576d4?s=96&d=mm&r=g","caption":"Sylvie D"},"url":"https:\/\/www.altercampagne.net\/?author=264"}]}},"_links":{"self":[{"href":"https:\/\/www.altercampagne.net\/index.php?rest_route=\/wp\/v2\/posts\/25713","targetHints":{"allow":["GET"]}}],"collection":[{"href":"https:\/\/www.altercampagne.net\/index.php?rest_route=\/wp\/v2\/posts"}],"about":[{"href":"https:\/\/www.altercampagne.net\/index.php?rest_route=\/wp\/v2\/types\/post"}],"author":[{"embeddable":true,"href":"https:\/\/www.altercampagne.net\/index.php?rest_route=\/wp\/v2\/users\/264"}],"replies":[{"embeddable":true,"href":"https:\/\/www.altercampagne.net\/index.php?rest_route=%2Fwp%2Fv2%2Fcomments&post=25713"}],"version-history":[{"count":1,"href":"https:\/\/www.altercampagne.net\/index.php?rest_route=\/wp\/v2\/posts\/25713\/revisions"}],"predecessor-version":[{"id":25718,"href":"https:\/\/www.altercampagne.net\/index.php?rest_route=\/wp\/v2\/posts\/25713\/revisions\/25718"}],"wp:featuredmedia":[{"embeddable":true,"href":"https:\/\/www.altercampagne.net\/index.php?rest_route=\/wp\/v2\/media\/25717"}],"wp:attachment":[{"href":"https:\/\/www.altercampagne.net\/index.php?rest_route=%2Fwp%2Fv2%2Fmedia&parent=25713"}],"wp:term":[{"taxonomy":"category","embeddable":true,"href":"https:\/\/www.altercampagne.net\/index.php?rest_route=%2Fwp%2Fv2%2Fcategories&post=25713"},{"taxonomy":"post_tag","embeddable":true,"href":"https:\/\/www.altercampagne.net\/index.php?rest_route=%2Fwp%2Fv2%2Ftags&post=25713"}],"curies":[{"name":"wp","href":"https:\/\/api.w.org\/{rel}","templated":true}]}}