{"id":25743,"date":"2022-05-28T12:00:00","date_gmt":"2022-05-28T10:00:00","guid":{"rendered":"https:\/\/www.altercampagne.net\/?p=25743"},"modified":"2024-10-28T14:31:39","modified_gmt":"2024-10-28T13:31:39","slug":"sur-les-terres-froides-la-chaleur-du-collectif","status":"publish","type":"post","link":"https:\/\/www.altercampagne.net\/?p=25743","title":{"rendered":"Sur les Terres Froides, la chaleur du collectif"},"content":{"rendered":"\n<h3 class=\"wp-block-heading\">Un d\u00e9part en musique<\/h3>\n\n\n\n<p>C\u2019est sur un \u00ab&nbsp;boum boum boum&nbsp;\u00bb endiabl\u00e9 qu\u2019on se r\u00e9veille (pour ceux qui ont souhait\u00e9, ou tout simplement r\u00e9ussi, \u00e0 dormir). La bouche emp\u00e2t\u00e9e, les oreilles encore pleines des concerts de la veille&nbsp;: et oui, ch\u00e8re lectrice, cher lecteur, hier soir on \u00e9tait tous \u00e0 <strong><a href=\"http:\/\/mixarts.org\/association\/evenement\/du-26-au-28-05-festival-bien-lbourgeon\/\">Bien l\u2019Bourgeon<\/a><\/strong>, o\u00f9 l\u2019Altertour a pass\u00e9 bien l\u2019bonjour aux teufeurs du moment, une binouze dans chaque main (de la <strong><a href=\"https:\/\/www.la-dauphine.fr\/BRASSERIE.AINAN\/Bienvenue.html\">brasserie artisanale du Val d&rsquo;Ainan<\/a><\/strong>, of course!). Et c\u2019\u00e9tait super. Un GRAND merci \u00e0 nos merveilleux accueillants.<\/p>\n\n\n\n<p>Le d\u00e9part est difficile, mais on est tr\u00e8s motiv\u00e9.e.s : aujourd\u2019hui, on rend visite \u00e0 la<strong> <a href=\"https:\/\/www.lesbieresdutemps.com\/\">brasserie Les Bi\u00e8res du Temps<\/a><\/strong>. Il s\u2019agit d\u2019un projet local (brasserie artisanale, distribution dans un p\u00e9rim\u00e8tre r\u00e9gional), engag\u00e9 (consigne des bouteilles, mise en avant de mat\u00e9riaux recyclables, etc.), mais surtout &#8211; et c\u2019est ce qui nous int\u00e9ressait particuli\u00e8rement lors de cette rencontre &#8211; ind\u00e9pendant et collectif. Oui, car Les Bi\u00e8res du Temps est&#8230;<strong>une SCOP&nbsp;<\/strong>! Une Scop, k\u00e9zako&nbsp;?<\/p>\n\n\n\n<p>C\u2019est le petit surnom mignon pour <strong>Soci\u00e9t\u00e9 COop\u00e9rative et Participative<\/strong>.<\/p>\n\n\n\n<h3 class=\"wp-block-heading\">\u00c0 la d\u00e9couverte de la SCOP \u00ab&nbsp;Les Bi\u00e8res du Temps&nbsp;\u00bb<\/h3>\n\n\n\n<p>Hier (parce qu\u2019on n\u2019a pas fait que danser non plus) on a fait un <strong>petit tour de parole<\/strong>, guid\u00e9 par Ana\u00efs (notre pr\u00e9paratrice d\u2019\u00e9tape de l\u2019enfer), <strong>sur ce que ce th\u00e8me nous \u00e9voquait<\/strong> : \u00ab&nbsp;organisation horizontale&nbsp;\u00bb, \u00ab&nbsp;r\u00e9partition des salaires plus \u00e9galitaire&nbsp;\u00bb, \u00ab&nbsp;processus de communication bienveillante&nbsp;\u00bb, \u00ab&nbsp;volont\u00e9 de faire participer chacun au processus de d\u00e9cision&nbsp;\u00bb, \u00ab&nbsp;risque de se faire d\u00e9border par le collectif&nbsp;\u00bb, sont entre autres des \u00e9l\u00e9ments qui ont \u00e9t\u00e9 \u00e9voqu\u00e9s.<\/p>\n\n\n\n<p>Et les Bi\u00e8res du Temps, elles en disent quoi&nbsp;? C\u2019est ce que <strong>C\u00e9cile, coop\u00e9ratrice-fondatrice de la brasserie, a pris le temps de nous expliquer<\/strong>. La fatigue n\u2019a pas entam\u00e9 notre enthousiasme et notre curiosit\u00e9, nous l\u2019avons assaillie de questions, auxquelles elle a r\u00e9pondu avec patience et bienveillance.<\/p>\n\n\n\n<h3 class=\"wp-block-heading\">Qu\u2019est-ce qu\u2019une SCOP&nbsp;?<\/h3>\n\n\n\n<p>Vous retranscrire l\u2019int\u00e9gralit\u00e9 de cet \u00e9change serait bien trop long (c\u2019est qu\u2019on est bavard), en voil\u00e0 donc un r\u00e9sum\u00e9&nbsp;:<\/p>\n\n\n\n<p>le choix de la SCOP est parti d\u2019<strong>une volont\u00e9 militante<\/strong>, faire en sorte que chacun ait sa part dans l\u2019entreprise. Non, \u00e7a n\u2019est pas le paradis&nbsp;: il y a des hauts et des bas, <strong>le facteur humain<\/strong> n\u2019est pas toujours facile \u00e0 g\u00e9rer. D\u2019ailleurs, Les Bi\u00e8res du Temps ont d\u00e9cid\u00e9 de faire appel \u00e0 une facilitatrice pour d\u00e9couvrir des <strong>nouvelles m\u00e9thodes de gestion collective apais\u00e9e<\/strong>, afin de calmer les tensions \u00e9ventuelles et d\u2019\u00e9viter les conflits.<\/p>\n\n\n\n<p>Et non, \u00eatre en SCOP ne d\u00e9termine pas tout\u00a0: certaines entreprises qui n\u2019ont pas ce statut peuvent, elles aussi, fonctionner comme une coop\u00e9rative.<\/p>\n\n\n\n<p>Mais ce qui fait <strong>la particularit\u00e9 d\u2019une entreprise en SCOP c\u2019est&nbsp;:<\/strong><\/p>\n\n\n\n<p>&#8211; l\u2019obligation d\u2019investir au moins 33&nbsp;% des b\u00e9n\u00e9fices dans les fonds propres de l\u2019entreprise.<\/p>\n\n\n\n<p>&#8211; l\u2019obligation de reverser une partie de ces b\u00e9n\u00e9fices aux salari\u00e9s.<\/p>\n\n\n\n<p>&#8211; un plafonnement des dividendes que vont toucher les coop\u00e9rateurs \u00e0 hauteur de 33&nbsp;% des b\u00e9n\u00e9fices.<\/p>\n\n\n\n<p>&#8211; la possibilit\u00e9 pour chaque salari\u00e9 de devenir coop\u00e9rateur s\u2019il le souhaite (et s\u2019il est en accord avec les fondamentaux de la soci\u00e9t\u00e9).<\/p>\n\n\n\n<p>&#8211; 1 coop\u00e9rateur = 1 voix. Interdiction \u00e0 l\u2019un des coop\u00e9rateurs d\u2019avoir 50&nbsp;% ou plus des parts de l\u2019entreprise.<\/p>\n\n\n\n<h3 class=\"wp-block-heading\">Il \u00e9tait une fois aux Bi\u00e8res du Temps&#8230;<\/h3>\n\n\n\n<p>Pour la Bi\u00e8re du Temps, \u00e7a a commenc\u00e9 tout petit, avec 200 hectolitres par an et 2 coop\u00e9rateurs, et aujourd\u2019hui c\u2019est 1000 hectolitres par an et 6 salari\u00e9s dont 4 coop\u00e9rateurs.<\/p>\n\n\n\n<p>Ce qui r\u00e9unit les membres de la brasserie&nbsp;? <strong>Une volont\u00e9 de changement<\/strong>, vu qu\u2019aucun d\u2019eux ne venaient du secteur de la bi\u00e8re (entre les profs de lyc\u00e9e agricole, la th\u00e9sarde, l\u2019ancienne posti\u00e8re, etc), et <strong>l\u2019envie de participer \u00e0 un projet ancr\u00e9 sur son territoire et ind\u00e9pendant<\/strong>.<\/p>\n\n\n\n<p>Robert et C\u00e9cile, les coop\u00e9rateurs-fondateurs, ont donn\u00e9 beaucoup de leur temps voire de leur sant\u00e9 dans la cr\u00e9ation de la coop\u00e9rative (semaine de 50 \u00e0 70h, op\u00e9ration de l\u2019\u00e9paule pour C\u00e9cile). Cr\u00e9er son entreprise n\u2019est pas toujours \u00e9vident. C\u2019est sans regret, bien au contraire, mais l\u2019arriv\u00e9e de coop\u00e9rateurs plus jeunes (entre 30 et 35 ans), qui sont venus avec des concepts de vie et de travail diff\u00e9rents, permet de pouvoir se reposer sur le collectif et de faire \u00e9voluer la brasserie sur certains points (comme le fait de pouvoir r\u00e9guli\u00e8rement d\u00e9gager un jour de repos dans la semaine quand c&rsquo;est possible). <strong>Chaque membre apporte sa pierre \u00e0 l\u2019\u00e9difice<\/strong>.<\/p>\n\n\n\n<figure class=\"wp-block-image size-large is-resized\"><a href=\"https:\/\/www.altercampagne.net\/wp-content\/uploads\/2022\/06\/Bieresdutemps-equipe-canabae-2.jpg\"><img loading=\"lazy\" decoding=\"async\" src=\"https:\/\/www.altercampagne.net\/wp-content\/uploads\/2022\/06\/Bieresdutemps-equipe-canabae-2.jpg\" alt=\"\" class=\"wp-image-25745\" width=\"768\" height=\"490\" srcset=\"https:\/\/www.altercampagne.net\/wp-content\/uploads\/2022\/06\/Bieresdutemps-equipe-canabae-2.jpg 1024w, https:\/\/www.altercampagne.net\/wp-content\/uploads\/2022\/06\/Bieresdutemps-equipe-canabae-2-300x191.jpg 300w, https:\/\/www.altercampagne.net\/wp-content\/uploads\/2022\/06\/Bieresdutemps-equipe-canabae-2-768x490.jpg 768w, https:\/\/www.altercampagne.net\/wp-content\/uploads\/2022\/06\/Bieresdutemps-equipe-canabae-2-610x389.jpg 610w, https:\/\/www.altercampagne.net\/wp-content\/uploads\/2022\/06\/Bieresdutemps-equipe-canabae-2-100x64.jpg 100w, https:\/\/www.altercampagne.net\/wp-content\/uploads\/2022\/06\/Bieresdutemps-equipe-canabae-2-862x550.jpg 862w\" sizes=\"auto, (max-width: 768px) 100vw, 768px\" \/><\/a><\/figure>\n\n\n\n<h3 class=\"wp-block-heading\">Apprendre \u00e0 d\u00e9l\u00e9guer et \u00e0 se faire confiance<\/h3>\n\n\n\n<p><strong>\u00catre en coop\u00e9rative ne signifie pas qu\u2019il n\u2019y a aucun g\u00e9rant&nbsp;<\/strong>: tous les 5 \u00e0 7 ans les membres \u00e9lisent en AG un.e coop\u00e9rateur-trice pour repr\u00e9senter la brasserie. Cela n\u2019emp\u00eache pas les d\u00e9cisions d\u2019\u00eatre prises collectivement, lors de r\u00e9unions hebdomadaires et mensuelles. Mais par ce mandat on confie \u00e0 une personne la t\u00e2che de fixer le cap et de cadrer l\u2019organisation de la brasserie.<\/p>\n\n\n\n<p>C\u00e9cile l\u2019affirme&nbsp;: \u00ab&nbsp;&nbsp;<strong>La prise de d\u00e9cision collective c\u2019est pas toujours \u00e9vident<\/strong>, on a tous des fondamentaux communs mais pas toujours les m\u00eames valeurs. La facilitatrice nous a dit qu\u2019il ne fallait pas se sentir oblig\u00e9 de prendre chaque d\u00e9cision tous ensemble, surtout les plus petites. \u00c7a cr\u00e9e plus de tensions qu\u2019autre chose, trop de pression. <strong>Il faut apprendre \u00e0 d\u00e9l\u00e9guer et \u00e0 se faire confiance.<\/strong>&nbsp;\u00bb<\/p>\n\n\n\n<p>Merci C\u00e9cile pour ce bel \u00e9change, ainsi qu\u2019\u00e0 Charlotte \u2013 qui est intervenue pour r\u00e9pondre \u00e0 quelques unes de nos questions et dont nous avons envahit le lieu de travail.<\/p>\n\n\n\n<p><strong>On reviendra avec plaisir pour boire quelques bi\u00e8res sur les \u00ab\u00a0Terres Froides\u00a0\u00bb. A la v\u00f4tre&nbsp;!<\/strong><\/p>\n","protected":false},"excerpt":{"rendered":"<p>Pour la Bi\u00e8re du Temps, \u00e7a a commenc\u00e9 tout petit, avec 200 hectolitres par an et 2 coop\u00e9rateurs, et aujourd\u2019hui c\u2019est 1000 hectolitres par an et 6 salari\u00e9s dont 4 coop\u00e9rateurs. Ce qui r\u00e9unit les membres de la brasserie ? Une volont\u00e9 de changement, vu qu\u2019aucun d\u2019eux ne venaient du secteur de la bi\u00e8re (entre les profs de lyc\u00e9e agricole, la th\u00e9sarde, l\u2019ancienne posti\u00e8re, etc), et l\u2019envie de participer \u00e0 un projet ancr\u00e9 sur son territoire et ind\u00e9pendant.<\/p>\n","protected":false},"author":364,"featured_media":25746,"comment_status":"closed","ping_status":"closed","sticky":false,"template":"","format":"standard","meta":{"footnotes":""},"categories":[3471,3574,4037,4357,3484],"tags":[1727,1982,2413,4154,4402],"class_list":["post-25743","post","type-post","status-publish","format-standard","has-post-thumbnail","hentry","category-auvergne-rhone-alpes","category-bieretour","category-biere","category-edition-2022","category-economie","tag-scop","tag-isere","tag-brasserie","tag-champier","tag-les-bieres-du-temps"],"yoast_head":"<!-- This site is optimized with the Yoast SEO plugin v27.3 - https:\/\/yoast.com\/product\/yoast-seo-wordpress\/ -->\n<title>Sur les Terres Froides, la chaleur du collectif - AlterTour<\/title>\n<meta name=\"robots\" content=\"index, follow, max-snippet:-1, max-image-preview:large, max-video-preview:-1\" \/>\n<link rel=\"canonical\" href=\"https:\/\/www.altercampagne.net\/?p=25743\" \/>\n<meta property=\"og:locale\" content=\"fr_FR\" \/>\n<meta property=\"og:type\" content=\"article\" \/>\n<meta property=\"og:title\" content=\"Sur les Terres Froides, la chaleur du collectif - AlterTour\" \/>\n<meta property=\"og:description\" content=\"Pour la Bi\u00e8re du Temps, \u00e7a a commenc\u00e9 tout petit, avec 200 hectolitres par an et 2 coop\u00e9rateurs, et aujourd\u2019hui c\u2019est 1000 hectolitres par an et 6 salari\u00e9s dont 4 coop\u00e9rateurs. Ce qui r\u00e9unit les membres de la brasserie ? Une volont\u00e9 de changement, vu qu\u2019aucun d\u2019eux ne venaient du secteur de la bi\u00e8re (entre les profs de lyc\u00e9e agricole, la th\u00e9sarde, l\u2019ancienne posti\u00e8re, etc), et l\u2019envie de participer \u00e0 un projet ancr\u00e9 sur son territoire et ind\u00e9pendant.\" \/>\n<meta property=\"og:url\" content=\"https:\/\/www.altercampagne.net\/?p=25743\" \/>\n<meta property=\"og:site_name\" content=\"AlterTour\" \/>\n<meta property=\"article:published_time\" content=\"2022-05-28T10:00:00+00:00\" \/>\n<meta property=\"article:modified_time\" content=\"2024-10-28T13:31:39+00:00\" \/>\n<meta property=\"og:image\" content=\"https:\/\/www.altercampagne.net\/wp-content\/uploads\/2022\/06\/Bieres-du-temps-Famille-canabae.jpg\" \/>\n\t<meta property=\"og:image:width\" content=\"1024\" \/>\n\t<meta property=\"og:image:height\" content=\"657\" \/>\n\t<meta property=\"og:image:type\" content=\"image\/jpeg\" \/>\n<meta name=\"author\" content=\"Anouchka\" \/>\n<meta name=\"twitter:card\" content=\"summary_large_image\" \/>\n<meta name=\"twitter:label1\" content=\"\u00c9crit par\" \/>\n\t<meta name=\"twitter:data1\" content=\"Anouchka\" \/>\n\t<meta name=\"twitter:label2\" content=\"Dur\u00e9e de lecture estim\u00e9e\" \/>\n\t<meta name=\"twitter:data2\" content=\"5 minutes\" \/>\n<script type=\"application\/ld+json\" class=\"yoast-schema-graph\">{\"@context\":\"https:\\\/\\\/schema.org\",\"@graph\":[{\"@type\":\"Article\",\"@id\":\"https:\\\/\\\/www.altercampagne.net\\\/?p=25743#article\",\"isPartOf\":{\"@id\":\"https:\\\/\\\/www.altercampagne.net\\\/?p=25743\"},\"author\":{\"name\":\"Anouchka\",\"@id\":\"https:\\\/\\\/www.altercampagne.net\\\/#\\\/schema\\\/person\\\/675f636f056503d272f50fe6256bf97f\"},\"headline\":\"Sur les Terres Froides, la chaleur du collectif\",\"datePublished\":\"2022-05-28T10:00:00+00:00\",\"dateModified\":\"2024-10-28T13:31:39+00:00\",\"mainEntityOfPage\":{\"@id\":\"https:\\\/\\\/www.altercampagne.net\\\/?p=25743\"},\"wordCount\":1055,\"image\":{\"@id\":\"https:\\\/\\\/www.altercampagne.net\\\/?p=25743#primaryimage\"},\"thumbnailUrl\":\"https:\\\/\\\/www.altercampagne.net\\\/wp-content\\\/uploads\\\/2022\\\/06\\\/Bieres-du-temps-Famille-canabae.jpg\",\"keywords\":[\"SCOP\",\"Is\u00e8re\",\"brasserie\",\"Champier\",\"Les Bi\u00e8res du Temps\"],\"articleSection\":[\"Auvergne-Rh\u00f4ne-Alpes\",\"Bi\u00e8reTour\",\"Bi\u00e8re\",\"Edition 2022\",\"\u00c9conomie\"],\"inLanguage\":\"fr-FR\"},{\"@type\":\"WebPage\",\"@id\":\"https:\\\/\\\/www.altercampagne.net\\\/?p=25743\",\"url\":\"https:\\\/\\\/www.altercampagne.net\\\/?p=25743\",\"name\":\"Sur les Terres Froides, la chaleur du collectif - AlterTour\",\"isPartOf\":{\"@id\":\"https:\\\/\\\/www.altercampagne.net\\\/#website\"},\"primaryImageOfPage\":{\"@id\":\"https:\\\/\\\/www.altercampagne.net\\\/?p=25743#primaryimage\"},\"image\":{\"@id\":\"https:\\\/\\\/www.altercampagne.net\\\/?p=25743#primaryimage\"},\"thumbnailUrl\":\"https:\\\/\\\/www.altercampagne.net\\\/wp-content\\\/uploads\\\/2022\\\/06\\\/Bieres-du-temps-Famille-canabae.jpg\",\"datePublished\":\"2022-05-28T10:00:00+00:00\",\"dateModified\":\"2024-10-28T13:31:39+00:00\",\"author\":{\"@id\":\"https:\\\/\\\/www.altercampagne.net\\\/#\\\/schema\\\/person\\\/675f636f056503d272f50fe6256bf97f\"},\"breadcrumb\":{\"@id\":\"https:\\\/\\\/www.altercampagne.net\\\/?p=25743#breadcrumb\"},\"inLanguage\":\"fr-FR\",\"potentialAction\":[{\"@type\":\"ReadAction\",\"target\":[\"https:\\\/\\\/www.altercampagne.net\\\/?p=25743\"]}]},{\"@type\":\"ImageObject\",\"inLanguage\":\"fr-FR\",\"@id\":\"https:\\\/\\\/www.altercampagne.net\\\/?p=25743#primaryimage\",\"url\":\"https:\\\/\\\/www.altercampagne.net\\\/wp-content\\\/uploads\\\/2022\\\/06\\\/Bieres-du-temps-Famille-canabae.jpg\",\"contentUrl\":\"https:\\\/\\\/www.altercampagne.net\\\/wp-content\\\/uploads\\\/2022\\\/06\\\/Bieres-du-temps-Famille-canabae.jpg\",\"width\":1024,\"height\":657},{\"@type\":\"BreadcrumbList\",\"@id\":\"https:\\\/\\\/www.altercampagne.net\\\/?p=25743#breadcrumb\",\"itemListElement\":[{\"@type\":\"ListItem\",\"position\":1,\"name\":\"Accueil\",\"item\":\"https:\\\/\\\/www.altercampagne.net\\\/\"},{\"@type\":\"ListItem\",\"position\":2,\"name\":\"Sur les Terres Froides, la chaleur du collectif\"}]},{\"@type\":\"WebSite\",\"@id\":\"https:\\\/\\\/www.altercampagne.net\\\/#website\",\"url\":\"https:\\\/\\\/www.altercampagne.net\\\/\",\"name\":\"AlterTour\",\"description\":\"Reliez les Alternatives \u00e0 v\u00e9lo\",\"potentialAction\":[{\"@type\":\"SearchAction\",\"target\":{\"@type\":\"EntryPoint\",\"urlTemplate\":\"https:\\\/\\\/www.altercampagne.net\\\/?s={search_term_string}\"},\"query-input\":{\"@type\":\"PropertyValueSpecification\",\"valueRequired\":true,\"valueName\":\"search_term_string\"}}],\"inLanguage\":\"fr-FR\"},{\"@type\":\"Person\",\"@id\":\"https:\\\/\\\/www.altercampagne.net\\\/#\\\/schema\\\/person\\\/675f636f056503d272f50fe6256bf97f\",\"name\":\"Anouchka\",\"image\":{\"@type\":\"ImageObject\",\"inLanguage\":\"fr-FR\",\"@id\":\"https:\\\/\\\/secure.gravatar.com\\\/avatar\\\/ba41ba7ad7aad97b7061ba6354f89cc6cc30bcae3dd10f29ae91e6261930d48e?s=96&d=mm&r=g\",\"url\":\"https:\\\/\\\/secure.gravatar.com\\\/avatar\\\/ba41ba7ad7aad97b7061ba6354f89cc6cc30bcae3dd10f29ae91e6261930d48e?s=96&d=mm&r=g\",\"contentUrl\":\"https:\\\/\\\/secure.gravatar.com\\\/avatar\\\/ba41ba7ad7aad97b7061ba6354f89cc6cc30bcae3dd10f29ae91e6261930d48e?s=96&d=mm&r=g\",\"caption\":\"Anouchka\"},\"url\":\"https:\\\/\\\/www.altercampagne.net\\\/?author=364\"}]}<\/script>\n<!-- \/ Yoast SEO plugin. -->","yoast_head_json":{"title":"Sur les Terres Froides, la chaleur du collectif - AlterTour","robots":{"index":"index","follow":"follow","max-snippet":"max-snippet:-1","max-image-preview":"max-image-preview:large","max-video-preview":"max-video-preview:-1"},"canonical":"https:\/\/www.altercampagne.net\/?p=25743","og_locale":"fr_FR","og_type":"article","og_title":"Sur les Terres Froides, la chaleur du collectif - AlterTour","og_description":"Pour la Bi\u00e8re du Temps, \u00e7a a commenc\u00e9 tout petit, avec 200 hectolitres par an et 2 coop\u00e9rateurs, et aujourd\u2019hui c\u2019est 1000 hectolitres par an et 6 salari\u00e9s dont 4 coop\u00e9rateurs. Ce qui r\u00e9unit les membres de la brasserie ? Une volont\u00e9 de changement, vu qu\u2019aucun d\u2019eux ne venaient du secteur de la bi\u00e8re (entre les profs de lyc\u00e9e agricole, la th\u00e9sarde, l\u2019ancienne posti\u00e8re, etc), et l\u2019envie de participer \u00e0 un projet ancr\u00e9 sur son territoire et ind\u00e9pendant.","og_url":"https:\/\/www.altercampagne.net\/?p=25743","og_site_name":"AlterTour","article_published_time":"2022-05-28T10:00:00+00:00","article_modified_time":"2024-10-28T13:31:39+00:00","og_image":[{"width":1024,"height":657,"url":"https:\/\/www.altercampagne.net\/wp-content\/uploads\/2022\/06\/Bieres-du-temps-Famille-canabae.jpg","type":"image\/jpeg"}],"author":"Anouchka","twitter_card":"summary_large_image","twitter_misc":{"\u00c9crit par":"Anouchka","Dur\u00e9e de lecture estim\u00e9e":"5 minutes"},"schema":{"@context":"https:\/\/schema.org","@graph":[{"@type":"Article","@id":"https:\/\/www.altercampagne.net\/?p=25743#article","isPartOf":{"@id":"https:\/\/www.altercampagne.net\/?p=25743"},"author":{"name":"Anouchka","@id":"https:\/\/www.altercampagne.net\/#\/schema\/person\/675f636f056503d272f50fe6256bf97f"},"headline":"Sur les Terres Froides, la chaleur du collectif","datePublished":"2022-05-28T10:00:00+00:00","dateModified":"2024-10-28T13:31:39+00:00","mainEntityOfPage":{"@id":"https:\/\/www.altercampagne.net\/?p=25743"},"wordCount":1055,"image":{"@id":"https:\/\/www.altercampagne.net\/?p=25743#primaryimage"},"thumbnailUrl":"https:\/\/www.altercampagne.net\/wp-content\/uploads\/2022\/06\/Bieres-du-temps-Famille-canabae.jpg","keywords":["SCOP","Is\u00e8re","brasserie","Champier","Les Bi\u00e8res du Temps"],"articleSection":["Auvergne-Rh\u00f4ne-Alpes","Bi\u00e8reTour","Bi\u00e8re","Edition 2022","\u00c9conomie"],"inLanguage":"fr-FR"},{"@type":"WebPage","@id":"https:\/\/www.altercampagne.net\/?p=25743","url":"https:\/\/www.altercampagne.net\/?p=25743","name":"Sur les Terres Froides, la chaleur du collectif - AlterTour","isPartOf":{"@id":"https:\/\/www.altercampagne.net\/#website"},"primaryImageOfPage":{"@id":"https:\/\/www.altercampagne.net\/?p=25743#primaryimage"},"image":{"@id":"https:\/\/www.altercampagne.net\/?p=25743#primaryimage"},"thumbnailUrl":"https:\/\/www.altercampagne.net\/wp-content\/uploads\/2022\/06\/Bieres-du-temps-Famille-canabae.jpg","datePublished":"2022-05-28T10:00:00+00:00","dateModified":"2024-10-28T13:31:39+00:00","author":{"@id":"https:\/\/www.altercampagne.net\/#\/schema\/person\/675f636f056503d272f50fe6256bf97f"},"breadcrumb":{"@id":"https:\/\/www.altercampagne.net\/?p=25743#breadcrumb"},"inLanguage":"fr-FR","potentialAction":[{"@type":"ReadAction","target":["https:\/\/www.altercampagne.net\/?p=25743"]}]},{"@type":"ImageObject","inLanguage":"fr-FR","@id":"https:\/\/www.altercampagne.net\/?p=25743#primaryimage","url":"https:\/\/www.altercampagne.net\/wp-content\/uploads\/2022\/06\/Bieres-du-temps-Famille-canabae.jpg","contentUrl":"https:\/\/www.altercampagne.net\/wp-content\/uploads\/2022\/06\/Bieres-du-temps-Famille-canabae.jpg","width":1024,"height":657},{"@type":"BreadcrumbList","@id":"https:\/\/www.altercampagne.net\/?p=25743#breadcrumb","itemListElement":[{"@type":"ListItem","position":1,"name":"Accueil","item":"https:\/\/www.altercampagne.net\/"},{"@type":"ListItem","position":2,"name":"Sur les Terres Froides, la chaleur du collectif"}]},{"@type":"WebSite","@id":"https:\/\/www.altercampagne.net\/#website","url":"https:\/\/www.altercampagne.net\/","name":"AlterTour","description":"Reliez les Alternatives \u00e0 v\u00e9lo","potentialAction":[{"@type":"SearchAction","target":{"@type":"EntryPoint","urlTemplate":"https:\/\/www.altercampagne.net\/?s={search_term_string}"},"query-input":{"@type":"PropertyValueSpecification","valueRequired":true,"valueName":"search_term_string"}}],"inLanguage":"fr-FR"},{"@type":"Person","@id":"https:\/\/www.altercampagne.net\/#\/schema\/person\/675f636f056503d272f50fe6256bf97f","name":"Anouchka","image":{"@type":"ImageObject","inLanguage":"fr-FR","@id":"https:\/\/secure.gravatar.com\/avatar\/ba41ba7ad7aad97b7061ba6354f89cc6cc30bcae3dd10f29ae91e6261930d48e?s=96&d=mm&r=g","url":"https:\/\/secure.gravatar.com\/avatar\/ba41ba7ad7aad97b7061ba6354f89cc6cc30bcae3dd10f29ae91e6261930d48e?s=96&d=mm&r=g","contentUrl":"https:\/\/secure.gravatar.com\/avatar\/ba41ba7ad7aad97b7061ba6354f89cc6cc30bcae3dd10f29ae91e6261930d48e?s=96&d=mm&r=g","caption":"Anouchka"},"url":"https:\/\/www.altercampagne.net\/?author=364"}]}},"_links":{"self":[{"href":"https:\/\/www.altercampagne.net\/index.php?rest_route=\/wp\/v2\/posts\/25743","targetHints":{"allow":["GET"]}}],"collection":[{"href":"https:\/\/www.altercampagne.net\/index.php?rest_route=\/wp\/v2\/posts"}],"about":[{"href":"https:\/\/www.altercampagne.net\/index.php?rest_route=\/wp\/v2\/types\/post"}],"author":[{"embeddable":true,"href":"https:\/\/www.altercampagne.net\/index.php?rest_route=\/wp\/v2\/users\/364"}],"replies":[{"embeddable":true,"href":"https:\/\/www.altercampagne.net\/index.php?rest_route=%2Fwp%2Fv2%2Fcomments&post=25743"}],"version-history":[{"count":11,"href":"https:\/\/www.altercampagne.net\/index.php?rest_route=\/wp\/v2\/posts\/25743\/revisions"}],"predecessor-version":[{"id":28830,"href":"https:\/\/www.altercampagne.net\/index.php?rest_route=\/wp\/v2\/posts\/25743\/revisions\/28830"}],"wp:featuredmedia":[{"embeddable":true,"href":"https:\/\/www.altercampagne.net\/index.php?rest_route=\/wp\/v2\/media\/25746"}],"wp:attachment":[{"href":"https:\/\/www.altercampagne.net\/index.php?rest_route=%2Fwp%2Fv2%2Fmedia&parent=25743"}],"wp:term":[{"taxonomy":"category","embeddable":true,"href":"https:\/\/www.altercampagne.net\/index.php?rest_route=%2Fwp%2Fv2%2Fcategories&post=25743"},{"taxonomy":"post_tag","embeddable":true,"href":"https:\/\/www.altercampagne.net\/index.php?rest_route=%2Fwp%2Fv2%2Ftags&post=25743"}],"curies":[{"name":"wp","href":"https:\/\/api.w.org\/{rel}","templated":true}]}}