{"id":25777,"date":"2022-06-13T18:06:28","date_gmt":"2022-06-13T16:06:28","guid":{"rendered":"https:\/\/www.altercampagne.net\/?p=25777"},"modified":"2024-11-01T14:44:46","modified_gmt":"2024-11-01T13:44:46","slug":"le-biere-tour-a-la-brasserie-lorigine-du-monde-orgelet","status":"publish","type":"post","link":"https:\/\/www.altercampagne.net\/?p=25777","title":{"rendered":"Le Bi\u00e8reTour \u00e0 l&rsquo;Origine du monde, la Brasserie d&rsquo;Orgelet"},"content":{"rendered":"\n<h4 class=\"wp-block-heading\"><strong>Youpi, nous avons trouv\u00e9 l&rsquo;Origine du monde !<\/strong> <\/h4>\n\n\n\n<p>Non non, le Bi\u00e8reTour n&rsquo;est pas pass\u00e9 au mus\u00e9e d&rsquo;Orsay&#8230;\u00a0 C&rsquo;est un secret bien gard\u00e9, mais figurez-vous qu&rsquo;il en existe une autre : la <a href=\"https:\/\/www.facebook.com\/profile.php?id=100063767551127\" target=\"_blank\" rel=\"noreferrer noopener\"><strong>Brasserie l&rsquo;Origine du Monde<\/strong><\/a> \u00e0 Orgelet dans le Jura. Allez, on est sympas, on vous dit tout. Mais surtout ne l&rsquo;\u00e9bruitez pas trop, il ne faudrait pas que la source se tarisse. <br>Sachez cependant que cette bi\u00e8re bio se m\u00e9rite, mais nous ne regrettons pas les 958 m\u00e8tres de d\u00e9nivel\u00e9s positifs de la journ\u00e9e.<\/p>\n\n\n\n<h4 class=\"wp-block-heading\">La Brasserie artisanale l&rsquo;Origine du Monde se niche dans le Jura<\/h4>\n\n\n\n<p>Et plus pr\u00e9cis\u00e9ment dans le bourg d&rsquo;Orgelet que la Brasserie a pos\u00e9e ses valises. <br><strong>L&rsquo;origine ?<\/strong> La belle rencontre de Nadine et Philippe outre-Atlantique, en terres qu\u00e9b\u00e9coises il y a 17 ans. 11 ans plus tard, c&rsquo;est en Franche-Comt\u00e9 que ce couple \u00e0 la vie comme au brassin s&rsquo;est lanc\u00e9 \u00e0 100% dans l&rsquo;aventure du houblon. Avec succ\u00e8s, puisqu&rsquo;une semaine avant notre arriv\u00e9e, iels venaient de d\u00e9m\u00e9nager de local pour gagner en surface : 280m2 sans compter la mezzanine. De quoi loger les 10 fermenteurs, pour une unit\u00e9 de brassage de 800 litres, mais \u00e9galement les f\u00fbts de vieillissement et la boutique de vente directe. Petites et grandes bouteilles, et bient\u00f4t les canettes, c&rsquo;est une affaire qui cartonne !<\/p>\n\n\n\n<h4 class=\"wp-block-heading\">Un brassin<\/h4>\n\n\n\n<p>C&rsquo;est avec joie que nous avons eu l&rsquo;honneur de participer au tout premier brassin de cette nouvelle \u00e9tape : L&rsquo;origine blonde bio. <strong>Brass\u00e9e en deux fois, de 6h \u00e0 20h,<\/strong> nous n&rsquo;avons pas ch\u00f4m\u00e9 et c&rsquo;est dans la joie et la bonne humeur que nous avons pu mettre la main \u00e0 la p\u00e2te. Enfin&#8230; plut\u00f4t \u00e0 la dr\u00e8che !&nbsp;<\/p>\n\n\n\n<figure class=\"wp-block-gallery has-nested-images columns-default is-cropped wp-block-gallery-1 is-layout-flex wp-block-gallery-is-layout-flex\">\n<figure class=\"wp-block-image size-large\"><a href=\"https:\/\/www.altercampagne.net\/wp-content\/uploads\/2022\/06\/IMG_20220603_140716-1-scaled.jpg\"><img loading=\"lazy\" decoding=\"async\" width=\"1024\" height=\"768\" data-id=\"25782\" src=\"https:\/\/www.altercampagne.net\/wp-content\/uploads\/2022\/06\/IMG_20220603_140716-1-1024x768.jpg\" alt=\"\" class=\"wp-image-25782\" srcset=\"https:\/\/www.altercampagne.net\/wp-content\/uploads\/2022\/06\/IMG_20220603_140716-1-1024x768.jpg 1024w, https:\/\/www.altercampagne.net\/wp-content\/uploads\/2022\/06\/IMG_20220603_140716-1-300x225.jpg 300w, https:\/\/www.altercampagne.net\/wp-content\/uploads\/2022\/06\/IMG_20220603_140716-1-768x576.jpg 768w, https:\/\/www.altercampagne.net\/wp-content\/uploads\/2022\/06\/IMG_20220603_140716-1-1536x1152.jpg 1536w, https:\/\/www.altercampagne.net\/wp-content\/uploads\/2022\/06\/IMG_20220603_140716-1-2048x1536.jpg 2048w, https:\/\/www.altercampagne.net\/wp-content\/uploads\/2022\/06\/IMG_20220603_140716-1-610x458.jpg 610w, https:\/\/www.altercampagne.net\/wp-content\/uploads\/2022\/06\/IMG_20220603_140716-1-100x75.jpg 100w, https:\/\/www.altercampagne.net\/wp-content\/uploads\/2022\/06\/IMG_20220603_140716-1-862x647.jpg 862w, https:\/\/www.altercampagne.net\/wp-content\/uploads\/2022\/06\/IMG_20220603_140716-1-1140x855.jpg 1140w\" sizes=\"auto, (max-width: 1024px) 100vw, 1024px\" \/><\/a><figcaption class=\"wp-element-caption\">L&rsquo;ajout du houblon \u00e0 la potion magique<\/figcaption><\/figure>\n\n\n\n<figure class=\"wp-block-image size-large\"><a href=\"https:\/\/www.altercampagne.net\/wp-content\/uploads\/2022\/06\/IMG_20220603_132928-scaled.jpg\"><img loading=\"lazy\" decoding=\"async\" width=\"1024\" height=\"768\" data-id=\"25783\" src=\"https:\/\/www.altercampagne.net\/wp-content\/uploads\/2022\/06\/IMG_20220603_132928-1024x768.jpg\" alt=\"\" class=\"wp-image-25783\" srcset=\"https:\/\/www.altercampagne.net\/wp-content\/uploads\/2022\/06\/IMG_20220603_132928-1024x768.jpg 1024w, https:\/\/www.altercampagne.net\/wp-content\/uploads\/2022\/06\/IMG_20220603_132928-300x225.jpg 300w, https:\/\/www.altercampagne.net\/wp-content\/uploads\/2022\/06\/IMG_20220603_132928-768x576.jpg 768w, https:\/\/www.altercampagne.net\/wp-content\/uploads\/2022\/06\/IMG_20220603_132928-1536x1152.jpg 1536w, https:\/\/www.altercampagne.net\/wp-content\/uploads\/2022\/06\/IMG_20220603_132928-2048x1536.jpg 2048w, https:\/\/www.altercampagne.net\/wp-content\/uploads\/2022\/06\/IMG_20220603_132928-610x458.jpg 610w, https:\/\/www.altercampagne.net\/wp-content\/uploads\/2022\/06\/IMG_20220603_132928-100x75.jpg 100w, https:\/\/www.altercampagne.net\/wp-content\/uploads\/2022\/06\/IMG_20220603_132928-862x647.jpg 862w, https:\/\/www.altercampagne.net\/wp-content\/uploads\/2022\/06\/IMG_20220603_132928-1140x855.jpg 1140w\" sizes=\"auto, (max-width: 1024px) 100vw, 1024px\" \/><\/a><figcaption class=\"wp-element-caption\">Rame, rame, rameur, ramez&#8230;<\/figcaption><\/figure>\n\n\n\n<figure class=\"wp-block-image size-large\"><a href=\"https:\/\/www.altercampagne.net\/wp-content\/uploads\/2022\/06\/20220603_181947-scaled.jpg\"><img loading=\"lazy\" decoding=\"async\" width=\"1024\" height=\"768\" data-id=\"25784\" src=\"https:\/\/www.altercampagne.net\/wp-content\/uploads\/2022\/06\/20220603_181947-1024x768.jpg\" alt=\"\" class=\"wp-image-25784\" srcset=\"https:\/\/www.altercampagne.net\/wp-content\/uploads\/2022\/06\/20220603_181947-1024x768.jpg 1024w, https:\/\/www.altercampagne.net\/wp-content\/uploads\/2022\/06\/20220603_181947-300x225.jpg 300w, https:\/\/www.altercampagne.net\/wp-content\/uploads\/2022\/06\/20220603_181947-768x576.jpg 768w, https:\/\/www.altercampagne.net\/wp-content\/uploads\/2022\/06\/20220603_181947-1536x1152.jpg 1536w, https:\/\/www.altercampagne.net\/wp-content\/uploads\/2022\/06\/20220603_181947-2048x1536.jpg 2048w, https:\/\/www.altercampagne.net\/wp-content\/uploads\/2022\/06\/20220603_181947-610x458.jpg 610w, https:\/\/www.altercampagne.net\/wp-content\/uploads\/2022\/06\/20220603_181947-100x75.jpg 100w, https:\/\/www.altercampagne.net\/wp-content\/uploads\/2022\/06\/20220603_181947-862x647.jpg 862w, https:\/\/www.altercampagne.net\/wp-content\/uploads\/2022\/06\/20220603_181947-1140x855.jpg 1140w\" sizes=\"auto, (max-width: 1024px) 100vw, 1024px\" \/><\/a><figcaption class=\"wp-element-caption\">De la dr\u00e8che \u00e0 perte de vue !<\/figcaption><\/figure>\n\n\n\n<figure class=\"wp-block-image size-large\"><a href=\"https:\/\/www.altercampagne.net\/wp-content\/uploads\/2022\/06\/DSC_4568-scaled.jpg\"><img loading=\"lazy\" decoding=\"async\" width=\"1024\" height=\"576\" data-id=\"25785\" src=\"https:\/\/www.altercampagne.net\/wp-content\/uploads\/2022\/06\/DSC_4568-1024x576.jpg\" alt=\"\" class=\"wp-image-25785\" srcset=\"https:\/\/www.altercampagne.net\/wp-content\/uploads\/2022\/06\/DSC_4568-1024x576.jpg 1024w, https:\/\/www.altercampagne.net\/wp-content\/uploads\/2022\/06\/DSC_4568-300x169.jpg 300w, https:\/\/www.altercampagne.net\/wp-content\/uploads\/2022\/06\/DSC_4568-768x432.jpg 768w, https:\/\/www.altercampagne.net\/wp-content\/uploads\/2022\/06\/DSC_4568-1536x864.jpg 1536w, https:\/\/www.altercampagne.net\/wp-content\/uploads\/2022\/06\/DSC_4568-2048x1152.jpg 2048w, https:\/\/www.altercampagne.net\/wp-content\/uploads\/2022\/06\/DSC_4568-610x343.jpg 610w, https:\/\/www.altercampagne.net\/wp-content\/uploads\/2022\/06\/DSC_4568-100x56.jpg 100w, https:\/\/www.altercampagne.net\/wp-content\/uploads\/2022\/06\/DSC_4568-862x485.jpg 862w, https:\/\/www.altercampagne.net\/wp-content\/uploads\/2022\/06\/DSC_4568-1140x641.jpg 1140w\" sizes=\"auto, (max-width: 1024px) 100vw, 1024px\" \/><\/a><figcaption class=\"wp-element-caption\">Une d\u00e9gustation bien m\u00e9rit\u00e9e<\/figcaption><\/figure>\n<figcaption class=\"blocks-gallery-caption wp-element-caption\">Les altercyclistes en action, un vrai travail d&rsquo;\u00e9quipe !<\/figcaption><\/figure>\n\n\n\n<p>Et le r\u00e9sultat vaut le D-tour (sans mauvais jeux de mots \ud83d\ude09 ) : des bi\u00e8res classiques aux plus surprenantes, il y en a pour tous les go\u00fbts. <strong>La sp\u00e9ciale du moment<\/strong> : L&rsquo;Orange Attaque (tout est dans le nom). Mon coup de c\u0153ur : la bi\u00e8re \u00e0 la rhubarbe affin\u00e9e en barrique de tequila. Le tout illustr\u00e9 \u00e0 merveille par Philippe, souvenir de ses \u00e9tudes aux Beaux-Arts. Courbet a de quoi \u00eatre fier, et nos h\u00f4tes \u00e9galement. <\/p>\n\n\n\n<p><strong>Merci \u00e0 elleux pour l&rsquo;accueil, le partage, la d\u00e9gustation, les explications et les couchers de soleil.<\/strong><\/p>\n\n\n\n<figure class=\"wp-block-image size-large\"><a href=\"https:\/\/www.altercampagne.net\/wp-content\/uploads\/2022\/06\/20220603_213308-1-scaled.jpg\"><img loading=\"lazy\" decoding=\"async\" width=\"1024\" height=\"768\" src=\"https:\/\/www.altercampagne.net\/wp-content\/uploads\/2022\/06\/20220603_213308-1-1024x768.jpg\" alt=\"\" class=\"wp-image-25781\" srcset=\"https:\/\/www.altercampagne.net\/wp-content\/uploads\/2022\/06\/20220603_213308-1-1024x768.jpg 1024w, https:\/\/www.altercampagne.net\/wp-content\/uploads\/2022\/06\/20220603_213308-1-300x225.jpg 300w, https:\/\/www.altercampagne.net\/wp-content\/uploads\/2022\/06\/20220603_213308-1-768x576.jpg 768w, https:\/\/www.altercampagne.net\/wp-content\/uploads\/2022\/06\/20220603_213308-1-1536x1152.jpg 1536w, https:\/\/www.altercampagne.net\/wp-content\/uploads\/2022\/06\/20220603_213308-1-2048x1536.jpg 2048w, https:\/\/www.altercampagne.net\/wp-content\/uploads\/2022\/06\/20220603_213308-1-610x458.jpg 610w, https:\/\/www.altercampagne.net\/wp-content\/uploads\/2022\/06\/20220603_213308-1-100x75.jpg 100w, https:\/\/www.altercampagne.net\/wp-content\/uploads\/2022\/06\/20220603_213308-1-862x647.jpg 862w, https:\/\/www.altercampagne.net\/wp-content\/uploads\/2022\/06\/20220603_213308-1-1140x855.jpg 1140w\" sizes=\"auto, (max-width: 1024px) 100vw, 1024px\" \/><\/a><figcaption class=\"wp-element-caption\">Le calme avant l&rsquo;orage&#8230;<\/figcaption><\/figure>\n\n\n\n<p class=\"has-text-align-right\">Nanou<\/p>\n","protected":false},"excerpt":{"rendered":"<p>Youpi, nous avons trouv\u00e9 l&rsquo;Origine du monde ! Non non, le Bi\u00e8reTour n&rsquo;est pas pass\u00e9 au mus\u00e9e d&rsquo;Orsay&#8230;\u00a0 C&rsquo;est un secret bien gard\u00e9, mais figurez-vous qu&rsquo;il en existe une autre : la Brasserie l&rsquo;Origine du Monde \u00e0 Orgelet dans le Jura. Allez, on est sympas, on vous dit tout. Mais &#8230; <\/p>\n<div><a href=\"https:\/\/www.altercampagne.net\/?p=25777\" class=\"more-link\">Read More<\/a><\/div>\n","protected":false},"author":409,"featured_media":25778,"comment_status":"closed","ping_status":"closed","sticky":false,"template":"","format":"standard","meta":{"footnotes":""},"categories":[3495,3574,4037,4357],"tags":[1018,3567],"class_list":["post-25777","post","type-post","status-publish","format-standard","has-post-thumbnail","hentry","category-bourgogne-franche-comte","category-bieretour","category-biere","category-edition-2022","tag-franche-comte","tag-bieretour"],"yoast_head":"<!-- This site is optimized with the Yoast SEO plugin v27.3 - https:\/\/yoast.com\/product\/yoast-seo-wordpress\/ -->\n<title>Le Bi\u00e8reTour \u00e0 l&#039;Origine du monde, la Brasserie d&#039;Orgelet - AlterTour<\/title>\n<meta name=\"description\" content=\"Nadine et Philippe ont cr\u00e9e la Brasserie l&#039;Origine du Monde en 2011 \u00e0 Orgelet. Ils viennent de d\u00e9m\u00e9nager dans un nouveau local.\" \/>\n<meta name=\"robots\" content=\"index, follow, max-snippet:-1, max-image-preview:large, max-video-preview:-1\" \/>\n<link rel=\"canonical\" href=\"https:\/\/www.altercampagne.net\/?p=25777\" \/>\n<meta property=\"og:locale\" content=\"fr_FR\" \/>\n<meta property=\"og:type\" content=\"article\" \/>\n<meta property=\"og:title\" content=\"Le Bi\u00e8reTour \u00e0 l&#039;Origine du monde, la Brasserie d&#039;Orgelet - AlterTour\" \/>\n<meta property=\"og:description\" content=\"Nadine et Philippe ont cr\u00e9e la Brasserie l&#039;Origine du Monde en 2011 \u00e0 Orgelet. Ils viennent de d\u00e9m\u00e9nager dans un nouveau local.\" \/>\n<meta property=\"og:url\" content=\"https:\/\/www.altercampagne.net\/?p=25777\" \/>\n<meta property=\"og:site_name\" content=\"AlterTour\" \/>\n<meta property=\"article:published_time\" content=\"2022-06-13T16:06:28+00:00\" \/>\n<meta property=\"article:modified_time\" content=\"2024-11-01T13:44:46+00:00\" \/>\n<meta property=\"og:image\" content=\"https:\/\/www.altercampagne.net\/wp-content\/uploads\/2022\/06\/DSC_4566-scaled.jpg\" \/>\n\t<meta property=\"og:image:width\" content=\"2560\" \/>\n\t<meta property=\"og:image:height\" content=\"1440\" \/>\n\t<meta property=\"og:image:type\" content=\"image\/jpeg\" \/>\n<meta name=\"author\" content=\"Nanou\" \/>\n<meta name=\"twitter:card\" content=\"summary_large_image\" \/>\n<meta name=\"twitter:label1\" content=\"\u00c9crit par\" \/>\n\t<meta name=\"twitter:data1\" content=\"Nanou\" \/>\n\t<meta name=\"twitter:label2\" content=\"Dur\u00e9e de lecture estim\u00e9e\" \/>\n\t<meta name=\"twitter:data2\" content=\"4 minutes\" \/>\n<script type=\"application\/ld+json\" class=\"yoast-schema-graph\">{\"@context\":\"https:\\\/\\\/schema.org\",\"@graph\":[{\"@type\":\"Article\",\"@id\":\"https:\\\/\\\/www.altercampagne.net\\\/?p=25777#article\",\"isPartOf\":{\"@id\":\"https:\\\/\\\/www.altercampagne.net\\\/?p=25777\"},\"author\":{\"name\":\"Nanou\",\"@id\":\"https:\\\/\\\/www.altercampagne.net\\\/#\\\/schema\\\/person\\\/fbfcdf491afe56e5a0cd7a078e8cf600\"},\"headline\":\"Le Bi\u00e8reTour \u00e0 l&rsquo;Origine du monde, la Brasserie d&rsquo;Orgelet\",\"datePublished\":\"2022-06-13T16:06:28+00:00\",\"dateModified\":\"2024-11-01T13:44:46+00:00\",\"mainEntityOfPage\":{\"@id\":\"https:\\\/\\\/www.altercampagne.net\\\/?p=25777\"},\"wordCount\":451,\"image\":{\"@id\":\"https:\\\/\\\/www.altercampagne.net\\\/?p=25777#primaryimage\"},\"thumbnailUrl\":\"https:\\\/\\\/www.altercampagne.net\\\/wp-content\\\/uploads\\\/2022\\\/06\\\/DSC_4566-scaled.jpg\",\"keywords\":[\"Franche-Comt\u00e9\",\"Bi\u00e8reTour\"],\"articleSection\":[\"Bourgogne-Franche-Comt\u00e9\",\"Bi\u00e8reTour\",\"Bi\u00e8re\",\"Edition 2022\"],\"inLanguage\":\"fr-FR\"},{\"@type\":\"WebPage\",\"@id\":\"https:\\\/\\\/www.altercampagne.net\\\/?p=25777\",\"url\":\"https:\\\/\\\/www.altercampagne.net\\\/?p=25777\",\"name\":\"Le Bi\u00e8reTour \u00e0 l'Origine du monde, la Brasserie d'Orgelet - AlterTour\",\"isPartOf\":{\"@id\":\"https:\\\/\\\/www.altercampagne.net\\\/#website\"},\"primaryImageOfPage\":{\"@id\":\"https:\\\/\\\/www.altercampagne.net\\\/?p=25777#primaryimage\"},\"image\":{\"@id\":\"https:\\\/\\\/www.altercampagne.net\\\/?p=25777#primaryimage\"},\"thumbnailUrl\":\"https:\\\/\\\/www.altercampagne.net\\\/wp-content\\\/uploads\\\/2022\\\/06\\\/DSC_4566-scaled.jpg\",\"datePublished\":\"2022-06-13T16:06:28+00:00\",\"dateModified\":\"2024-11-01T13:44:46+00:00\",\"author\":{\"@id\":\"https:\\\/\\\/www.altercampagne.net\\\/#\\\/schema\\\/person\\\/fbfcdf491afe56e5a0cd7a078e8cf600\"},\"description\":\"Nadine et Philippe ont cr\u00e9e la Brasserie l'Origine du Monde en 2011 \u00e0 Orgelet. Ils viennent de d\u00e9m\u00e9nager dans un nouveau local.\",\"breadcrumb\":{\"@id\":\"https:\\\/\\\/www.altercampagne.net\\\/?p=25777#breadcrumb\"},\"inLanguage\":\"fr-FR\",\"potentialAction\":[{\"@type\":\"ReadAction\",\"target\":[\"https:\\\/\\\/www.altercampagne.net\\\/?p=25777\"]}]},{\"@type\":\"ImageObject\",\"inLanguage\":\"fr-FR\",\"@id\":\"https:\\\/\\\/www.altercampagne.net\\\/?p=25777#primaryimage\",\"url\":\"https:\\\/\\\/www.altercampagne.net\\\/wp-content\\\/uploads\\\/2022\\\/06\\\/DSC_4566-scaled.jpg\",\"contentUrl\":\"https:\\\/\\\/www.altercampagne.net\\\/wp-content\\\/uploads\\\/2022\\\/06\\\/DSC_4566-scaled.jpg\",\"width\":2560,\"height\":1440,\"caption\":\"L'origine du monde\"},{\"@type\":\"BreadcrumbList\",\"@id\":\"https:\\\/\\\/www.altercampagne.net\\\/?p=25777#breadcrumb\",\"itemListElement\":[{\"@type\":\"ListItem\",\"position\":1,\"name\":\"Accueil\",\"item\":\"https:\\\/\\\/www.altercampagne.net\\\/\"},{\"@type\":\"ListItem\",\"position\":2,\"name\":\"Le Bi\u00e8reTour \u00e0 l&rsquo;Origine du monde, la Brasserie d&rsquo;Orgelet\"}]},{\"@type\":\"WebSite\",\"@id\":\"https:\\\/\\\/www.altercampagne.net\\\/#website\",\"url\":\"https:\\\/\\\/www.altercampagne.net\\\/\",\"name\":\"AlterTour\",\"description\":\"Reliez les Alternatives \u00e0 v\u00e9lo\",\"potentialAction\":[{\"@type\":\"SearchAction\",\"target\":{\"@type\":\"EntryPoint\",\"urlTemplate\":\"https:\\\/\\\/www.altercampagne.net\\\/?s={search_term_string}\"},\"query-input\":{\"@type\":\"PropertyValueSpecification\",\"valueRequired\":true,\"valueName\":\"search_term_string\"}}],\"inLanguage\":\"fr-FR\"},{\"@type\":\"Person\",\"@id\":\"https:\\\/\\\/www.altercampagne.net\\\/#\\\/schema\\\/person\\\/fbfcdf491afe56e5a0cd7a078e8cf600\",\"name\":\"Nanou\",\"image\":{\"@type\":\"ImageObject\",\"inLanguage\":\"fr-FR\",\"@id\":\"https:\\\/\\\/secure.gravatar.com\\\/avatar\\\/a247ff5a87cd98960c60fc512382fa2b92e4caecc2011b4ef41fe0d592c271a7?s=96&d=mm&r=g\",\"url\":\"https:\\\/\\\/secure.gravatar.com\\\/avatar\\\/a247ff5a87cd98960c60fc512382fa2b92e4caecc2011b4ef41fe0d592c271a7?s=96&d=mm&r=g\",\"contentUrl\":\"https:\\\/\\\/secure.gravatar.com\\\/avatar\\\/a247ff5a87cd98960c60fc512382fa2b92e4caecc2011b4ef41fe0d592c271a7?s=96&d=mm&r=g\",\"caption\":\"Nanou\"},\"url\":\"https:\\\/\\\/www.altercampagne.net\\\/?author=409\"}]}<\/script>\n<!-- \/ Yoast SEO plugin. -->","yoast_head_json":{"title":"Le Bi\u00e8reTour \u00e0 l'Origine du monde, la Brasserie d'Orgelet - AlterTour","description":"Nadine et Philippe ont cr\u00e9e la Brasserie l'Origine du Monde en 2011 \u00e0 Orgelet. Ils viennent de d\u00e9m\u00e9nager dans un nouveau local.","robots":{"index":"index","follow":"follow","max-snippet":"max-snippet:-1","max-image-preview":"max-image-preview:large","max-video-preview":"max-video-preview:-1"},"canonical":"https:\/\/www.altercampagne.net\/?p=25777","og_locale":"fr_FR","og_type":"article","og_title":"Le Bi\u00e8reTour \u00e0 l'Origine du monde, la Brasserie d'Orgelet - AlterTour","og_description":"Nadine et Philippe ont cr\u00e9e la Brasserie l'Origine du Monde en 2011 \u00e0 Orgelet. Ils viennent de d\u00e9m\u00e9nager dans un nouveau local.","og_url":"https:\/\/www.altercampagne.net\/?p=25777","og_site_name":"AlterTour","article_published_time":"2022-06-13T16:06:28+00:00","article_modified_time":"2024-11-01T13:44:46+00:00","og_image":[{"width":2560,"height":1440,"url":"https:\/\/www.altercampagne.net\/wp-content\/uploads\/2022\/06\/DSC_4566-scaled.jpg","type":"image\/jpeg"}],"author":"Nanou","twitter_card":"summary_large_image","twitter_misc":{"\u00c9crit par":"Nanou","Dur\u00e9e de lecture estim\u00e9e":"4 minutes"},"schema":{"@context":"https:\/\/schema.org","@graph":[{"@type":"Article","@id":"https:\/\/www.altercampagne.net\/?p=25777#article","isPartOf":{"@id":"https:\/\/www.altercampagne.net\/?p=25777"},"author":{"name":"Nanou","@id":"https:\/\/www.altercampagne.net\/#\/schema\/person\/fbfcdf491afe56e5a0cd7a078e8cf600"},"headline":"Le Bi\u00e8reTour \u00e0 l&rsquo;Origine du monde, la Brasserie d&rsquo;Orgelet","datePublished":"2022-06-13T16:06:28+00:00","dateModified":"2024-11-01T13:44:46+00:00","mainEntityOfPage":{"@id":"https:\/\/www.altercampagne.net\/?p=25777"},"wordCount":451,"image":{"@id":"https:\/\/www.altercampagne.net\/?p=25777#primaryimage"},"thumbnailUrl":"https:\/\/www.altercampagne.net\/wp-content\/uploads\/2022\/06\/DSC_4566-scaled.jpg","keywords":["Franche-Comt\u00e9","Bi\u00e8reTour"],"articleSection":["Bourgogne-Franche-Comt\u00e9","Bi\u00e8reTour","Bi\u00e8re","Edition 2022"],"inLanguage":"fr-FR"},{"@type":"WebPage","@id":"https:\/\/www.altercampagne.net\/?p=25777","url":"https:\/\/www.altercampagne.net\/?p=25777","name":"Le Bi\u00e8reTour \u00e0 l'Origine du monde, la Brasserie d'Orgelet - AlterTour","isPartOf":{"@id":"https:\/\/www.altercampagne.net\/#website"},"primaryImageOfPage":{"@id":"https:\/\/www.altercampagne.net\/?p=25777#primaryimage"},"image":{"@id":"https:\/\/www.altercampagne.net\/?p=25777#primaryimage"},"thumbnailUrl":"https:\/\/www.altercampagne.net\/wp-content\/uploads\/2022\/06\/DSC_4566-scaled.jpg","datePublished":"2022-06-13T16:06:28+00:00","dateModified":"2024-11-01T13:44:46+00:00","author":{"@id":"https:\/\/www.altercampagne.net\/#\/schema\/person\/fbfcdf491afe56e5a0cd7a078e8cf600"},"description":"Nadine et Philippe ont cr\u00e9e la Brasserie l'Origine du Monde en 2011 \u00e0 Orgelet. Ils viennent de d\u00e9m\u00e9nager dans un nouveau local.","breadcrumb":{"@id":"https:\/\/www.altercampagne.net\/?p=25777#breadcrumb"},"inLanguage":"fr-FR","potentialAction":[{"@type":"ReadAction","target":["https:\/\/www.altercampagne.net\/?p=25777"]}]},{"@type":"ImageObject","inLanguage":"fr-FR","@id":"https:\/\/www.altercampagne.net\/?p=25777#primaryimage","url":"https:\/\/www.altercampagne.net\/wp-content\/uploads\/2022\/06\/DSC_4566-scaled.jpg","contentUrl":"https:\/\/www.altercampagne.net\/wp-content\/uploads\/2022\/06\/DSC_4566-scaled.jpg","width":2560,"height":1440,"caption":"L'origine du monde"},{"@type":"BreadcrumbList","@id":"https:\/\/www.altercampagne.net\/?p=25777#breadcrumb","itemListElement":[{"@type":"ListItem","position":1,"name":"Accueil","item":"https:\/\/www.altercampagne.net\/"},{"@type":"ListItem","position":2,"name":"Le Bi\u00e8reTour \u00e0 l&rsquo;Origine du monde, la Brasserie d&rsquo;Orgelet"}]},{"@type":"WebSite","@id":"https:\/\/www.altercampagne.net\/#website","url":"https:\/\/www.altercampagne.net\/","name":"AlterTour","description":"Reliez les Alternatives \u00e0 v\u00e9lo","potentialAction":[{"@type":"SearchAction","target":{"@type":"EntryPoint","urlTemplate":"https:\/\/www.altercampagne.net\/?s={search_term_string}"},"query-input":{"@type":"PropertyValueSpecification","valueRequired":true,"valueName":"search_term_string"}}],"inLanguage":"fr-FR"},{"@type":"Person","@id":"https:\/\/www.altercampagne.net\/#\/schema\/person\/fbfcdf491afe56e5a0cd7a078e8cf600","name":"Nanou","image":{"@type":"ImageObject","inLanguage":"fr-FR","@id":"https:\/\/secure.gravatar.com\/avatar\/a247ff5a87cd98960c60fc512382fa2b92e4caecc2011b4ef41fe0d592c271a7?s=96&d=mm&r=g","url":"https:\/\/secure.gravatar.com\/avatar\/a247ff5a87cd98960c60fc512382fa2b92e4caecc2011b4ef41fe0d592c271a7?s=96&d=mm&r=g","contentUrl":"https:\/\/secure.gravatar.com\/avatar\/a247ff5a87cd98960c60fc512382fa2b92e4caecc2011b4ef41fe0d592c271a7?s=96&d=mm&r=g","caption":"Nanou"},"url":"https:\/\/www.altercampagne.net\/?author=409"}]}},"_links":{"self":[{"href":"https:\/\/www.altercampagne.net\/index.php?rest_route=\/wp\/v2\/posts\/25777","targetHints":{"allow":["GET"]}}],"collection":[{"href":"https:\/\/www.altercampagne.net\/index.php?rest_route=\/wp\/v2\/posts"}],"about":[{"href":"https:\/\/www.altercampagne.net\/index.php?rest_route=\/wp\/v2\/types\/post"}],"author":[{"embeddable":true,"href":"https:\/\/www.altercampagne.net\/index.php?rest_route=\/wp\/v2\/users\/409"}],"replies":[{"embeddable":true,"href":"https:\/\/www.altercampagne.net\/index.php?rest_route=%2Fwp%2Fv2%2Fcomments&post=25777"}],"version-history":[{"count":9,"href":"https:\/\/www.altercampagne.net\/index.php?rest_route=\/wp\/v2\/posts\/25777\/revisions"}],"predecessor-version":[{"id":28852,"href":"https:\/\/www.altercampagne.net\/index.php?rest_route=\/wp\/v2\/posts\/25777\/revisions\/28852"}],"wp:featuredmedia":[{"embeddable":true,"href":"https:\/\/www.altercampagne.net\/index.php?rest_route=\/wp\/v2\/media\/25778"}],"wp:attachment":[{"href":"https:\/\/www.altercampagne.net\/index.php?rest_route=%2Fwp%2Fv2%2Fmedia&parent=25777"}],"wp:term":[{"taxonomy":"category","embeddable":true,"href":"https:\/\/www.altercampagne.net\/index.php?rest_route=%2Fwp%2Fv2%2Fcategories&post=25777"},{"taxonomy":"post_tag","embeddable":true,"href":"https:\/\/www.altercampagne.net\/index.php?rest_route=%2Fwp%2Fv2%2Ftags&post=25777"}],"curies":[{"name":"wp","href":"https:\/\/api.w.org\/{rel}","templated":true}]}}