{"id":25804,"date":"2022-06-16T12:21:50","date_gmt":"2022-06-16T10:21:50","guid":{"rendered":"https:\/\/www.altercampagne.net\/?p=25804"},"modified":"2022-06-16T12:21:52","modified_gmt":"2022-06-16T10:21:52","slug":"la-feina-un-lieu-daccueil-et-de-vie","status":"publish","type":"post","link":"https:\/\/www.altercampagne.net\/?p=25804","title":{"rendered":"La Feina, un lieu d&rsquo;accueil et de vie"},"content":{"rendered":"\n<p><a href=\"http:\/\/www.lafeina.lautre.net\/\">La Feina<\/a>, c&rsquo;est une longue histoire d&rsquo;accueil. L&rsquo;association \u00ab M\u00e9andres \u00bb accueillait d\u00e9j\u00e0 \u00e0 Fontanges, dans le Cantal, des personnes en difficult\u00e9 pour y faire de \u00ab l&rsquo;anti-psychiatrie \u00bb, selon les mots de Romain. <br>En 2016, l&rsquo;\u00e9nergie manque et on lui propose de reprendre le projet en collectif : c&rsquo;est la naissance de la Feina. Julia, Romain et Jean-Baptiste re\u00e7oivent laide de copaines pour faire vivre le lieu. Pour y faire quoi ? <strong>Vivre le quotidien en montagne<\/strong>, d\u00e9j\u00e0 : coupe de bois et potager vivrier, notamment. L&rsquo;association se bat aussi pour obtenir l&rsquo;autorisation d&rsquo;\u00eatre un \u00ab <strong>lieu de vie et d&rsquo;accueil<\/strong> \u00bb officiel et peut d\u00e9j\u00e0 recevoir jusqu&rsquo;\u00e0 cinq jeunes qui ont besoin dune pause loin de leur cadre habituel, pendant les vacances scolaires ou pour quelques mois. Au fil des ann\u00e9es, se sont ajout\u00e9s un camping paysan et la Graounge, une grange r\u00e9nov\u00e9e lors de chantiers internationaux, dans laquelle se d\u00e9roulent des r\u00e9sidences d&rsquo;artistes. <br><strong>C&rsquo;est un imbroglio d&rsquo;histoires de vie qui se rencontrent, se t\u00e9lescopent, la vie quoi !<\/strong><\/p>\n\n\n\n<h3 class=\"wp-block-heading\">C&rsquo;est l&rsquo;\u00e9ph\u00e9m\u00e8re qui va nous permettre de durer.<\/h3>\n\n\n\n<p>\u00ab <em>Nous souhaitons que La Feina soit et reste un lieu commun, avec la dimension d&rsquo;accueil comme art\u00e8re centrale. Nous r\u00e9fl\u00e9chissons d\u00e9j\u00e0 \u00e0 ce qui se passera apr\u00e8s nous. Nous sommes en propri\u00e9t\u00e9 associative et c&rsquo;est important de ne pas \u00eatre dans la propri\u00e9t\u00e9 individuelle, pour que ce lieu perdure. Nous partageons des valeurs et des id\u00e9es, et aussi le fait de ne pas \u00eatre confiant\u00b7es pour l&rsquo;avenir. Les journ\u00e9es sont longues, et l&rsquo;unit\u00e9 journ\u00e9e, c&rsquo;est bien pour penser \u00e0 l&rsquo;avenir. Il nous fait peur, en fait. Si je parle en mon nom, Jai des difficult\u00e9s de projection, mais si je parle de l&rsquo;association, alors on ne peut que souhaiter que \u00e7a continue, qu&rsquo;il y ait des l\u00e9gumes, des fleurs, des animaux, des gens de tous horizons qui partagent des bons moments et des bons repas. \u00c7a peut durer car il y a de l&rsquo;amiti\u00e9 et de l&rsquo;amour, et c&rsquo;est \u00e7a qu&rsquo;on fera toujours primer. Ce sont les seules choses qui tiennent. L&rsquo;\u00e9l\u00e9ment mat\u00e9riel n&rsquo;assure pas tout, l&rsquo;\u00e9l\u00e9ment \u00e9conomique non plus. Je crois que c&rsquo;est l&rsquo;\u00e9ph\u00e9m\u00e8re qui va nous permettre de durer. <\/em>\u00bb <br>Romain, permanent de l&rsquo;association et du lieu de vie et d&rsquo;accueil La Feina<\/p>\n\n\n\n<figure class=\"wp-block-image size-large\"><a href=\"https:\/\/www.altercampagne.net\/wp-content\/uploads\/2022\/06\/plan_highq.jpg\"><img loading=\"lazy\" decoding=\"async\" width=\"1024\" height=\"752\" src=\"https:\/\/www.altercampagne.net\/wp-content\/uploads\/2022\/06\/plan_highq-1024x752.jpg\" alt=\"\" class=\"wp-image-25807\" srcset=\"https:\/\/www.altercampagne.net\/wp-content\/uploads\/2022\/06\/plan_highq-1024x752.jpg 1024w, https:\/\/www.altercampagne.net\/wp-content\/uploads\/2022\/06\/plan_highq-300x220.jpg 300w, https:\/\/www.altercampagne.net\/wp-content\/uploads\/2022\/06\/plan_highq-768x564.jpg 768w, https:\/\/www.altercampagne.net\/wp-content\/uploads\/2022\/06\/plan_highq-610x448.jpg 610w, https:\/\/www.altercampagne.net\/wp-content\/uploads\/2022\/06\/plan_highq-100x73.jpg 100w, https:\/\/www.altercampagne.net\/wp-content\/uploads\/2022\/06\/plan_highq-862x633.jpg 862w, https:\/\/www.altercampagne.net\/wp-content\/uploads\/2022\/06\/plan_highq-1140x838.jpg 1140w, https:\/\/www.altercampagne.net\/wp-content\/uploads\/2022\/06\/plan_highq.jpg 1500w\" sizes=\"auto, (max-width: 1024px) 100vw, 1024px\" \/><\/a><figcaption>Plan de Julia, \u00e0 d\u00e9couvrir <a href=\"http:\/\/www.lafeina.lautre.net\/?le-lieu\">sur le site du lieu <\/a><\/figcaption><\/figure>\n","protected":false},"excerpt":{"rendered":"<p>La Feina, c&rsquo;est une longue histoire d&rsquo;accueil. L&rsquo;association \u00ab M\u00e9andres \u00bb accueillait d\u00e9j\u00e0 \u00e0 Fontanges, dans le Cantal, des personnes en difficult\u00e9 pour y faire de \u00ab l&rsquo;anti-psychiatrie \u00bb, selon les mots de Romain. En 2016, l&rsquo;\u00e9nergie manque et on lui propose de reprendre le projet en collectif : c&rsquo;est &#8230; <\/p>\n<div><a href=\"https:\/\/www.altercampagne.net\/?p=25804\" class=\"more-link\">Read More<\/a><\/div>\n","protected":false},"author":316,"featured_media":25806,"comment_status":"closed","ping_status":"closed","sticky":false,"template":"","format":"standard","meta":{"footnotes":""},"categories":[3471,4357,3540],"tags":[],"class_list":["post-25804","post","type-post","status-publish","format-standard","has-post-thumbnail","hentry","category-auvergne-rhone-alpes","category-edition-2022","category-transverse"],"yoast_head":"<!-- This site is optimized with the Yoast SEO plugin v27.3 - https:\/\/yoast.com\/product\/yoast-seo-wordpress\/ -->\n<title>La Feina, un lieu d&#039;accueil et de vie - AlterTour<\/title>\n<meta name=\"robots\" content=\"index, follow, max-snippet:-1, max-image-preview:large, max-video-preview:-1\" \/>\n<link rel=\"canonical\" href=\"https:\/\/www.altercampagne.net\/?p=25804\" \/>\n<meta property=\"og:locale\" content=\"fr_FR\" \/>\n<meta property=\"og:type\" content=\"article\" \/>\n<meta property=\"og:title\" content=\"La Feina, un lieu d&#039;accueil et de vie - AlterTour\" \/>\n<meta property=\"og:description\" content=\"La Feina, c&rsquo;est une longue histoire d&rsquo;accueil. L&rsquo;association \u00ab M\u00e9andres \u00bb accueillait d\u00e9j\u00e0 \u00e0 Fontanges, dans le Cantal, des personnes en difficult\u00e9 pour y faire de \u00ab l&rsquo;anti-psychiatrie \u00bb, selon les mots de Romain. En 2016, l&rsquo;\u00e9nergie manque et on lui propose de reprendre le projet en collectif : c&rsquo;est ... Read More\" \/>\n<meta property=\"og:url\" content=\"https:\/\/www.altercampagne.net\/?p=25804\" \/>\n<meta property=\"og:site_name\" content=\"AlterTour\" \/>\n<meta property=\"article:published_time\" content=\"2022-06-16T10:21:50+00:00\" \/>\n<meta property=\"article:modified_time\" content=\"2022-06-16T10:21:52+00:00\" \/>\n<meta property=\"og:image\" content=\"https:\/\/www.altercampagne.net\/wp-content\/uploads\/2022\/06\/la-graounge.jpg\" \/>\n\t<meta property=\"og:image:width\" content=\"1848\" \/>\n\t<meta property=\"og:image:height\" content=\"1216\" \/>\n\t<meta property=\"og:image:type\" content=\"image\/jpeg\" \/>\n<meta name=\"author\" content=\"Jonas\" \/>\n<meta name=\"twitter:card\" content=\"summary_large_image\" \/>\n<meta name=\"twitter:label1\" content=\"\u00c9crit par\" \/>\n\t<meta name=\"twitter:data1\" content=\"Jonas\" \/>\n\t<meta name=\"twitter:label2\" content=\"Dur\u00e9e de lecture estim\u00e9e\" \/>\n\t<meta name=\"twitter:data2\" content=\"3 minutes\" \/>\n<script type=\"application\/ld+json\" class=\"yoast-schema-graph\">{\"@context\":\"https:\\\/\\\/schema.org\",\"@graph\":[{\"@type\":\"Article\",\"@id\":\"https:\\\/\\\/www.altercampagne.net\\\/?p=25804#article\",\"isPartOf\":{\"@id\":\"https:\\\/\\\/www.altercampagne.net\\\/?p=25804\"},\"author\":{\"name\":\"Jonas\",\"@id\":\"https:\\\/\\\/www.altercampagne.net\\\/#\\\/schema\\\/person\\\/308dc295a67929d58321ff6b59820daa\"},\"headline\":\"La Feina, un lieu d&rsquo;accueil et de vie\",\"datePublished\":\"2022-06-16T10:21:50+00:00\",\"dateModified\":\"2022-06-16T10:21:52+00:00\",\"mainEntityOfPage\":{\"@id\":\"https:\\\/\\\/www.altercampagne.net\\\/?p=25804\"},\"wordCount\":444,\"image\":{\"@id\":\"https:\\\/\\\/www.altercampagne.net\\\/?p=25804#primaryimage\"},\"thumbnailUrl\":\"https:\\\/\\\/www.altercampagne.net\\\/wp-content\\\/uploads\\\/2022\\\/06\\\/la-graounge-e1665585488330.jpg\",\"articleSection\":[\"Auvergne-Rh\u00f4ne-Alpes\",\"Edition 2022\",\"Transverse\"],\"inLanguage\":\"fr-FR\"},{\"@type\":\"WebPage\",\"@id\":\"https:\\\/\\\/www.altercampagne.net\\\/?p=25804\",\"url\":\"https:\\\/\\\/www.altercampagne.net\\\/?p=25804\",\"name\":\"La Feina, un lieu d'accueil et de vie - AlterTour\",\"isPartOf\":{\"@id\":\"https:\\\/\\\/www.altercampagne.net\\\/#website\"},\"primaryImageOfPage\":{\"@id\":\"https:\\\/\\\/www.altercampagne.net\\\/?p=25804#primaryimage\"},\"image\":{\"@id\":\"https:\\\/\\\/www.altercampagne.net\\\/?p=25804#primaryimage\"},\"thumbnailUrl\":\"https:\\\/\\\/www.altercampagne.net\\\/wp-content\\\/uploads\\\/2022\\\/06\\\/la-graounge-e1665585488330.jpg\",\"datePublished\":\"2022-06-16T10:21:50+00:00\",\"dateModified\":\"2022-06-16T10:21:52+00:00\",\"author\":{\"@id\":\"https:\\\/\\\/www.altercampagne.net\\\/#\\\/schema\\\/person\\\/308dc295a67929d58321ff6b59820daa\"},\"breadcrumb\":{\"@id\":\"https:\\\/\\\/www.altercampagne.net\\\/?p=25804#breadcrumb\"},\"inLanguage\":\"fr-FR\",\"potentialAction\":[{\"@type\":\"ReadAction\",\"target\":[\"https:\\\/\\\/www.altercampagne.net\\\/?p=25804\"]}]},{\"@type\":\"ImageObject\",\"inLanguage\":\"fr-FR\",\"@id\":\"https:\\\/\\\/www.altercampagne.net\\\/?p=25804#primaryimage\",\"url\":\"https:\\\/\\\/www.altercampagne.net\\\/wp-content\\\/uploads\\\/2022\\\/06\\\/la-graounge-e1665585488330.jpg\",\"contentUrl\":\"https:\\\/\\\/www.altercampagne.net\\\/wp-content\\\/uploads\\\/2022\\\/06\\\/la-graounge-e1665585488330.jpg\",\"width\":440,\"height\":290},{\"@type\":\"BreadcrumbList\",\"@id\":\"https:\\\/\\\/www.altercampagne.net\\\/?p=25804#breadcrumb\",\"itemListElement\":[{\"@type\":\"ListItem\",\"position\":1,\"name\":\"Accueil\",\"item\":\"https:\\\/\\\/www.altercampagne.net\\\/\"},{\"@type\":\"ListItem\",\"position\":2,\"name\":\"La Feina, un lieu d&rsquo;accueil et de vie\"}]},{\"@type\":\"WebSite\",\"@id\":\"https:\\\/\\\/www.altercampagne.net\\\/#website\",\"url\":\"https:\\\/\\\/www.altercampagne.net\\\/\",\"name\":\"AlterTour\",\"description\":\"Reliez les Alternatives \u00e0 v\u00e9lo\",\"potentialAction\":[{\"@type\":\"SearchAction\",\"target\":{\"@type\":\"EntryPoint\",\"urlTemplate\":\"https:\\\/\\\/www.altercampagne.net\\\/?s={search_term_string}\"},\"query-input\":{\"@type\":\"PropertyValueSpecification\",\"valueRequired\":true,\"valueName\":\"search_term_string\"}}],\"inLanguage\":\"fr-FR\"},{\"@type\":\"Person\",\"@id\":\"https:\\\/\\\/www.altercampagne.net\\\/#\\\/schema\\\/person\\\/308dc295a67929d58321ff6b59820daa\",\"name\":\"Jonas\",\"image\":{\"@type\":\"ImageObject\",\"inLanguage\":\"fr-FR\",\"@id\":\"https:\\\/\\\/secure.gravatar.com\\\/avatar\\\/ade7b451791545d463915f445a8aee91b58c48cdcbc1ab2b8583fa2f30e159e4?s=96&d=mm&r=g\",\"url\":\"https:\\\/\\\/secure.gravatar.com\\\/avatar\\\/ade7b451791545d463915f445a8aee91b58c48cdcbc1ab2b8583fa2f30e159e4?s=96&d=mm&r=g\",\"contentUrl\":\"https:\\\/\\\/secure.gravatar.com\\\/avatar\\\/ade7b451791545d463915f445a8aee91b58c48cdcbc1ab2b8583fa2f30e159e4?s=96&d=mm&r=g\",\"caption\":\"Jonas\"},\"url\":\"https:\\\/\\\/www.altercampagne.net\\\/?author=316\"}]}<\/script>\n<!-- \/ Yoast SEO plugin. -->","yoast_head_json":{"title":"La Feina, un lieu d'accueil et de vie - AlterTour","robots":{"index":"index","follow":"follow","max-snippet":"max-snippet:-1","max-image-preview":"max-image-preview:large","max-video-preview":"max-video-preview:-1"},"canonical":"https:\/\/www.altercampagne.net\/?p=25804","og_locale":"fr_FR","og_type":"article","og_title":"La Feina, un lieu d'accueil et de vie - AlterTour","og_description":"La Feina, c&rsquo;est une longue histoire d&rsquo;accueil. L&rsquo;association \u00ab M\u00e9andres \u00bb accueillait d\u00e9j\u00e0 \u00e0 Fontanges, dans le Cantal, des personnes en difficult\u00e9 pour y faire de \u00ab l&rsquo;anti-psychiatrie \u00bb, selon les mots de Romain. En 2016, l&rsquo;\u00e9nergie manque et on lui propose de reprendre le projet en collectif : c&rsquo;est ... Read More","og_url":"https:\/\/www.altercampagne.net\/?p=25804","og_site_name":"AlterTour","article_published_time":"2022-06-16T10:21:50+00:00","article_modified_time":"2022-06-16T10:21:52+00:00","og_image":[{"width":1848,"height":1216,"url":"https:\/\/www.altercampagne.net\/wp-content\/uploads\/2022\/06\/la-graounge.jpg","type":"image\/jpeg"}],"author":"Jonas","twitter_card":"summary_large_image","twitter_misc":{"\u00c9crit par":"Jonas","Dur\u00e9e de lecture estim\u00e9e":"3 minutes"},"schema":{"@context":"https:\/\/schema.org","@graph":[{"@type":"Article","@id":"https:\/\/www.altercampagne.net\/?p=25804#article","isPartOf":{"@id":"https:\/\/www.altercampagne.net\/?p=25804"},"author":{"name":"Jonas","@id":"https:\/\/www.altercampagne.net\/#\/schema\/person\/308dc295a67929d58321ff6b59820daa"},"headline":"La Feina, un lieu d&rsquo;accueil et de vie","datePublished":"2022-06-16T10:21:50+00:00","dateModified":"2022-06-16T10:21:52+00:00","mainEntityOfPage":{"@id":"https:\/\/www.altercampagne.net\/?p=25804"},"wordCount":444,"image":{"@id":"https:\/\/www.altercampagne.net\/?p=25804#primaryimage"},"thumbnailUrl":"https:\/\/www.altercampagne.net\/wp-content\/uploads\/2022\/06\/la-graounge-e1665585488330.jpg","articleSection":["Auvergne-Rh\u00f4ne-Alpes","Edition 2022","Transverse"],"inLanguage":"fr-FR"},{"@type":"WebPage","@id":"https:\/\/www.altercampagne.net\/?p=25804","url":"https:\/\/www.altercampagne.net\/?p=25804","name":"La Feina, un lieu d'accueil et de vie - AlterTour","isPartOf":{"@id":"https:\/\/www.altercampagne.net\/#website"},"primaryImageOfPage":{"@id":"https:\/\/www.altercampagne.net\/?p=25804#primaryimage"},"image":{"@id":"https:\/\/www.altercampagne.net\/?p=25804#primaryimage"},"thumbnailUrl":"https:\/\/www.altercampagne.net\/wp-content\/uploads\/2022\/06\/la-graounge-e1665585488330.jpg","datePublished":"2022-06-16T10:21:50+00:00","dateModified":"2022-06-16T10:21:52+00:00","author":{"@id":"https:\/\/www.altercampagne.net\/#\/schema\/person\/308dc295a67929d58321ff6b59820daa"},"breadcrumb":{"@id":"https:\/\/www.altercampagne.net\/?p=25804#breadcrumb"},"inLanguage":"fr-FR","potentialAction":[{"@type":"ReadAction","target":["https:\/\/www.altercampagne.net\/?p=25804"]}]},{"@type":"ImageObject","inLanguage":"fr-FR","@id":"https:\/\/www.altercampagne.net\/?p=25804#primaryimage","url":"https:\/\/www.altercampagne.net\/wp-content\/uploads\/2022\/06\/la-graounge-e1665585488330.jpg","contentUrl":"https:\/\/www.altercampagne.net\/wp-content\/uploads\/2022\/06\/la-graounge-e1665585488330.jpg","width":440,"height":290},{"@type":"BreadcrumbList","@id":"https:\/\/www.altercampagne.net\/?p=25804#breadcrumb","itemListElement":[{"@type":"ListItem","position":1,"name":"Accueil","item":"https:\/\/www.altercampagne.net\/"},{"@type":"ListItem","position":2,"name":"La Feina, un lieu d&rsquo;accueil et de vie"}]},{"@type":"WebSite","@id":"https:\/\/www.altercampagne.net\/#website","url":"https:\/\/www.altercampagne.net\/","name":"AlterTour","description":"Reliez les Alternatives \u00e0 v\u00e9lo","potentialAction":[{"@type":"SearchAction","target":{"@type":"EntryPoint","urlTemplate":"https:\/\/www.altercampagne.net\/?s={search_term_string}"},"query-input":{"@type":"PropertyValueSpecification","valueRequired":true,"valueName":"search_term_string"}}],"inLanguage":"fr-FR"},{"@type":"Person","@id":"https:\/\/www.altercampagne.net\/#\/schema\/person\/308dc295a67929d58321ff6b59820daa","name":"Jonas","image":{"@type":"ImageObject","inLanguage":"fr-FR","@id":"https:\/\/secure.gravatar.com\/avatar\/ade7b451791545d463915f445a8aee91b58c48cdcbc1ab2b8583fa2f30e159e4?s=96&d=mm&r=g","url":"https:\/\/secure.gravatar.com\/avatar\/ade7b451791545d463915f445a8aee91b58c48cdcbc1ab2b8583fa2f30e159e4?s=96&d=mm&r=g","contentUrl":"https:\/\/secure.gravatar.com\/avatar\/ade7b451791545d463915f445a8aee91b58c48cdcbc1ab2b8583fa2f30e159e4?s=96&d=mm&r=g","caption":"Jonas"},"url":"https:\/\/www.altercampagne.net\/?author=316"}]}},"_links":{"self":[{"href":"https:\/\/www.altercampagne.net\/index.php?rest_route=\/wp\/v2\/posts\/25804","targetHints":{"allow":["GET"]}}],"collection":[{"href":"https:\/\/www.altercampagne.net\/index.php?rest_route=\/wp\/v2\/posts"}],"about":[{"href":"https:\/\/www.altercampagne.net\/index.php?rest_route=\/wp\/v2\/types\/post"}],"author":[{"embeddable":true,"href":"https:\/\/www.altercampagne.net\/index.php?rest_route=\/wp\/v2\/users\/316"}],"replies":[{"embeddable":true,"href":"https:\/\/www.altercampagne.net\/index.php?rest_route=%2Fwp%2Fv2%2Fcomments&post=25804"}],"version-history":[{"count":2,"href":"https:\/\/www.altercampagne.net\/index.php?rest_route=\/wp\/v2\/posts\/25804\/revisions"}],"predecessor-version":[{"id":25809,"href":"https:\/\/www.altercampagne.net\/index.php?rest_route=\/wp\/v2\/posts\/25804\/revisions\/25809"}],"wp:featuredmedia":[{"embeddable":true,"href":"https:\/\/www.altercampagne.net\/index.php?rest_route=\/wp\/v2\/media\/25806"}],"wp:attachment":[{"href":"https:\/\/www.altercampagne.net\/index.php?rest_route=%2Fwp%2Fv2%2Fmedia&parent=25804"}],"wp:term":[{"taxonomy":"category","embeddable":true,"href":"https:\/\/www.altercampagne.net\/index.php?rest_route=%2Fwp%2Fv2%2Fcategories&post=25804"},{"taxonomy":"post_tag","embeddable":true,"href":"https:\/\/www.altercampagne.net\/index.php?rest_route=%2Fwp%2Fv2%2Ftags&post=25804"}],"curies":[{"name":"wp","href":"https:\/\/api.w.org\/{rel}","templated":true}]}}