{"id":25863,"date":"2022-06-21T15:41:43","date_gmt":"2022-06-21T13:41:43","guid":{"rendered":"https:\/\/www.altercampagne.net\/?p=25863"},"modified":"2022-06-21T15:51:23","modified_gmt":"2022-06-21T13:51:23","slug":"lutte-des-sucs-75me-la-minute","status":"publish","type":"post","link":"https:\/\/www.altercampagne.net\/?p=25863","title":{"rendered":"Lutte des Sucs : 75M\u20ac la minute"},"content":{"rendered":"\n<p>Le collectif <a href=\"https:\/\/laluttedessucs.noblogs.org\/?fbclid=IwAR0ImO6UNnjmqVUSNTQU_ktKet-oj_3870ZetPW41K9Is3J0IPicb3wC14g\"><strong>\u201cLa Lutte des Sucs\u201d<\/strong><\/a> a pour but de faire annuler le projet d\u00e9vastateur, et \u00e0 contre-courant des enjeux climatiques et de biodiversit\u00e9, de d\u00e9viation \u00e0 2\u00d72 voies de 10km de la RN88 en Haute-Loire et de faire valoir des alternatives cr\u00e9dibles.<\/p>\n\n\n\n<p>La cr\u00e9ation de cette d\u00e9viation contournant les villages de Saint-Hostien et du Pertuis <strong>d\u00e9truirait 140 ha<\/strong>, <strong>dont 20 ha de zones humides et 80 ha de terres agricoles (29 fermes)<\/strong>&nbsp;: <em>tout \u00e7a pour un gain de temps de 3 min<\/em> <em>pour les voitures et de 1 min pour les poids lourds\u2026<\/em> pour <strong>la bagatelle de 226,5 Millions d\u2019\u20ac<\/strong> (sans compter les tr\u00e8s probables surco\u00fbts).<\/p>\n\n\n\n<h4 class=\"wp-block-heading\">inutilit\u00e9 et enjeux de pouvoirs<\/h4>\n\n\n\n<p>On est vraiment dans un grand projet inutile pens\u00e9 initialement \u00e0 une \u00e9poque du tout-voiture o\u00f9 l\u2019am\u00e9nagement du territoire devait passer par des grands axes routiers.<\/p>\n\n\n\n<figure class=\"wp-block-image size-large\"><a href=\"https:\/\/www.altercampagne.net\/wp-content\/uploads\/2022\/04\/ADT22_0731_Lutte-des-sucs.jpg\"><img loading=\"lazy\" decoding=\"async\" width=\"786\" height=\"500\" src=\"https:\/\/www.altercampagne.net\/wp-content\/uploads\/2022\/04\/ADT22_0731_Lutte-des-sucs.jpg\" alt=\"\" class=\"wp-image-25005\" srcset=\"https:\/\/www.altercampagne.net\/wp-content\/uploads\/2022\/04\/ADT22_0731_Lutte-des-sucs.jpg 786w, https:\/\/www.altercampagne.net\/wp-content\/uploads\/2022\/04\/ADT22_0731_Lutte-des-sucs-300x191.jpg 300w, https:\/\/www.altercampagne.net\/wp-content\/uploads\/2022\/04\/ADT22_0731_Lutte-des-sucs-768x489.jpg 768w, https:\/\/www.altercampagne.net\/wp-content\/uploads\/2022\/04\/ADT22_0731_Lutte-des-sucs-610x388.jpg 610w, https:\/\/www.altercampagne.net\/wp-content\/uploads\/2022\/04\/ADT22_0731_Lutte-des-sucs-100x64.jpg 100w\" sizes=\"auto, (max-width: 786px) 100vw, 786px\" \/><\/a><\/figure>\n\n\n\n<p>Le collectif \u201cLa Lutte des Sucs\u201d s\u2019est cr\u00e9\u00e9 au printemps 2020 et a depuis organis\u00e9 plusieurs actions et manifestations pour arr\u00eater ce projet. <strong><em>D\u2019autres op\u00e9rations sont pr\u00e9vues notamment lors du passage de l\u2019Alter-D-Tour le 30 et 31 juillet ; venez donc !<\/em><\/strong><\/p>\n","protected":false},"excerpt":{"rendered":"<p>Le collectif \u201cLa Lutte des Sucs\u201d s\u2019est cr\u00e9\u00e9 au printemps 2020 et a depuis organis\u00e9 plusieurs actions et manifestations pour arr\u00eater ce projet. <\/p>\n","protected":false},"author":277,"featured_media":25004,"comment_status":"closed","ping_status":"closed","sticky":false,"template":"","format":"standard","meta":{"footnotes":""},"categories":[3471,3483,4311,4357,3486,3542],"tags":[],"class_list":["post-25863","post","type-post","status-publish","format-standard","has-post-thumbnail","hentry","category-auvergne-rhone-alpes","category-agriculture","category-alter-d-tour","category-edition-2022","category-environnement","category-lutte"],"yoast_head":"<!-- This site is optimized with the Yoast SEO plugin v27.3 - https:\/\/yoast.com\/product\/yoast-seo-wordpress\/ -->\n<title>Lutte des Sucs : 75M\u20ac la minute - AlterTour<\/title>\n<meta name=\"robots\" content=\"index, follow, max-snippet:-1, max-image-preview:large, max-video-preview:-1\" \/>\n<link rel=\"canonical\" href=\"https:\/\/www.altercampagne.net\/?p=25863\" \/>\n<meta property=\"og:locale\" content=\"fr_FR\" \/>\n<meta property=\"og:type\" content=\"article\" \/>\n<meta property=\"og:title\" content=\"Lutte des Sucs : 75M\u20ac la minute - AlterTour\" \/>\n<meta property=\"og:description\" content=\"Le collectif \u201cLa Lutte des Sucs\u201d s\u2019est cr\u00e9\u00e9 au printemps 2020 et a depuis organis\u00e9 plusieurs actions et manifestations pour arr\u00eater ce projet.\" \/>\n<meta property=\"og:url\" content=\"https:\/\/www.altercampagne.net\/?p=25863\" \/>\n<meta property=\"og:site_name\" content=\"AlterTour\" \/>\n<meta property=\"article:published_time\" content=\"2022-06-21T13:41:43+00:00\" \/>\n<meta property=\"article:modified_time\" content=\"2022-06-21T13:51:23+00:00\" \/>\n<meta property=\"og:image\" content=\"https:\/\/www.altercampagne.net\/wp-content\/uploads\/2022\/04\/ADT22_0730_Lutte-des-sucs.jpg\" \/>\n\t<meta property=\"og:image:width\" content=\"786\" \/>\n\t<meta property=\"og:image:height\" content=\"500\" \/>\n\t<meta property=\"og:image:type\" content=\"image\/jpeg\" \/>\n<meta name=\"author\" content=\"J\u00e9r\u00f4me\" \/>\n<meta name=\"twitter:card\" content=\"summary_large_image\" \/>\n<meta name=\"twitter:label1\" content=\"\u00c9crit par\" \/>\n\t<meta name=\"twitter:data1\" content=\"J\u00e9r\u00f4me\" \/>\n\t<meta name=\"twitter:label2\" content=\"Dur\u00e9e de lecture estim\u00e9e\" \/>\n\t<meta name=\"twitter:data2\" content=\"2 minutes\" \/>\n<script type=\"application\/ld+json\" class=\"yoast-schema-graph\">{\"@context\":\"https:\\\/\\\/schema.org\",\"@graph\":[{\"@type\":\"Article\",\"@id\":\"https:\\\/\\\/www.altercampagne.net\\\/?p=25863#article\",\"isPartOf\":{\"@id\":\"https:\\\/\\\/www.altercampagne.net\\\/?p=25863\"},\"author\":{\"name\":\"J\u00e9r\u00f4me\",\"@id\":\"https:\\\/\\\/www.altercampagne.net\\\/#\\\/schema\\\/person\\\/f131d244d6f1c09101075498825c1cbf\"},\"headline\":\"Lutte des Sucs : 75M\u20ac la minute\",\"datePublished\":\"2022-06-21T13:41:43+00:00\",\"dateModified\":\"2022-06-21T13:51:23+00:00\",\"mainEntityOfPage\":{\"@id\":\"https:\\\/\\\/www.altercampagne.net\\\/?p=25863\"},\"wordCount\":187,\"image\":{\"@id\":\"https:\\\/\\\/www.altercampagne.net\\\/?p=25863#primaryimage\"},\"thumbnailUrl\":\"https:\\\/\\\/www.altercampagne.net\\\/wp-content\\\/uploads\\\/2022\\\/04\\\/ADT22_0730_Lutte-des-sucs.jpg\",\"articleSection\":[\"Auvergne-Rh\u00f4ne-Alpes\",\"Agriculture\",\"Alter-D-tour\",\"Edition 2022\",\"Environnement\",\"Lutte\"],\"inLanguage\":\"fr-FR\"},{\"@type\":\"WebPage\",\"@id\":\"https:\\\/\\\/www.altercampagne.net\\\/?p=25863\",\"url\":\"https:\\\/\\\/www.altercampagne.net\\\/?p=25863\",\"name\":\"Lutte des Sucs : 75M\u20ac la minute - AlterTour\",\"isPartOf\":{\"@id\":\"https:\\\/\\\/www.altercampagne.net\\\/#website\"},\"primaryImageOfPage\":{\"@id\":\"https:\\\/\\\/www.altercampagne.net\\\/?p=25863#primaryimage\"},\"image\":{\"@id\":\"https:\\\/\\\/www.altercampagne.net\\\/?p=25863#primaryimage\"},\"thumbnailUrl\":\"https:\\\/\\\/www.altercampagne.net\\\/wp-content\\\/uploads\\\/2022\\\/04\\\/ADT22_0730_Lutte-des-sucs.jpg\",\"datePublished\":\"2022-06-21T13:41:43+00:00\",\"dateModified\":\"2022-06-21T13:51:23+00:00\",\"author\":{\"@id\":\"https:\\\/\\\/www.altercampagne.net\\\/#\\\/schema\\\/person\\\/f131d244d6f1c09101075498825c1cbf\"},\"breadcrumb\":{\"@id\":\"https:\\\/\\\/www.altercampagne.net\\\/?p=25863#breadcrumb\"},\"inLanguage\":\"fr-FR\",\"potentialAction\":[{\"@type\":\"ReadAction\",\"target\":[\"https:\\\/\\\/www.altercampagne.net\\\/?p=25863\"]}]},{\"@type\":\"ImageObject\",\"inLanguage\":\"fr-FR\",\"@id\":\"https:\\\/\\\/www.altercampagne.net\\\/?p=25863#primaryimage\",\"url\":\"https:\\\/\\\/www.altercampagne.net\\\/wp-content\\\/uploads\\\/2022\\\/04\\\/ADT22_0730_Lutte-des-sucs.jpg\",\"contentUrl\":\"https:\\\/\\\/www.altercampagne.net\\\/wp-content\\\/uploads\\\/2022\\\/04\\\/ADT22_0730_Lutte-des-sucs.jpg\",\"width\":786,\"height\":500},{\"@type\":\"BreadcrumbList\",\"@id\":\"https:\\\/\\\/www.altercampagne.net\\\/?p=25863#breadcrumb\",\"itemListElement\":[{\"@type\":\"ListItem\",\"position\":1,\"name\":\"Accueil\",\"item\":\"https:\\\/\\\/www.altercampagne.net\\\/\"},{\"@type\":\"ListItem\",\"position\":2,\"name\":\"Lutte des Sucs : 75M\u20ac la minute\"}]},{\"@type\":\"WebSite\",\"@id\":\"https:\\\/\\\/www.altercampagne.net\\\/#website\",\"url\":\"https:\\\/\\\/www.altercampagne.net\\\/\",\"name\":\"AlterTour\",\"description\":\"Reliez les Alternatives \u00e0 v\u00e9lo\",\"potentialAction\":[{\"@type\":\"SearchAction\",\"target\":{\"@type\":\"EntryPoint\",\"urlTemplate\":\"https:\\\/\\\/www.altercampagne.net\\\/?s={search_term_string}\"},\"query-input\":{\"@type\":\"PropertyValueSpecification\",\"valueRequired\":true,\"valueName\":\"search_term_string\"}}],\"inLanguage\":\"fr-FR\"},{\"@type\":\"Person\",\"@id\":\"https:\\\/\\\/www.altercampagne.net\\\/#\\\/schema\\\/person\\\/f131d244d6f1c09101075498825c1cbf\",\"name\":\"J\u00e9r\u00f4me\",\"image\":{\"@type\":\"ImageObject\",\"inLanguage\":\"fr-FR\",\"@id\":\"https:\\\/\\\/secure.gravatar.com\\\/avatar\\\/c13c2606c8c22aed43dcfe5af599b9199a44005cee949384657482847cb1b8d7?s=96&d=mm&r=g\",\"url\":\"https:\\\/\\\/secure.gravatar.com\\\/avatar\\\/c13c2606c8c22aed43dcfe5af599b9199a44005cee949384657482847cb1b8d7?s=96&d=mm&r=g\",\"contentUrl\":\"https:\\\/\\\/secure.gravatar.com\\\/avatar\\\/c13c2606c8c22aed43dcfe5af599b9199a44005cee949384657482847cb1b8d7?s=96&d=mm&r=g\",\"caption\":\"J\u00e9r\u00f4me\"},\"url\":\"https:\\\/\\\/www.altercampagne.net\\\/?author=277\"}]}<\/script>\n<!-- \/ Yoast SEO plugin. -->","yoast_head_json":{"title":"Lutte des Sucs : 75M\u20ac la minute - AlterTour","robots":{"index":"index","follow":"follow","max-snippet":"max-snippet:-1","max-image-preview":"max-image-preview:large","max-video-preview":"max-video-preview:-1"},"canonical":"https:\/\/www.altercampagne.net\/?p=25863","og_locale":"fr_FR","og_type":"article","og_title":"Lutte des Sucs : 75M\u20ac la minute - AlterTour","og_description":"Le collectif \u201cLa Lutte des Sucs\u201d s\u2019est cr\u00e9\u00e9 au printemps 2020 et a depuis organis\u00e9 plusieurs actions et manifestations pour arr\u00eater ce projet.","og_url":"https:\/\/www.altercampagne.net\/?p=25863","og_site_name":"AlterTour","article_published_time":"2022-06-21T13:41:43+00:00","article_modified_time":"2022-06-21T13:51:23+00:00","og_image":[{"width":786,"height":500,"url":"https:\/\/www.altercampagne.net\/wp-content\/uploads\/2022\/04\/ADT22_0730_Lutte-des-sucs.jpg","type":"image\/jpeg"}],"author":"J\u00e9r\u00f4me","twitter_card":"summary_large_image","twitter_misc":{"\u00c9crit par":"J\u00e9r\u00f4me","Dur\u00e9e de lecture estim\u00e9e":"2 minutes"},"schema":{"@context":"https:\/\/schema.org","@graph":[{"@type":"Article","@id":"https:\/\/www.altercampagne.net\/?p=25863#article","isPartOf":{"@id":"https:\/\/www.altercampagne.net\/?p=25863"},"author":{"name":"J\u00e9r\u00f4me","@id":"https:\/\/www.altercampagne.net\/#\/schema\/person\/f131d244d6f1c09101075498825c1cbf"},"headline":"Lutte des Sucs : 75M\u20ac la minute","datePublished":"2022-06-21T13:41:43+00:00","dateModified":"2022-06-21T13:51:23+00:00","mainEntityOfPage":{"@id":"https:\/\/www.altercampagne.net\/?p=25863"},"wordCount":187,"image":{"@id":"https:\/\/www.altercampagne.net\/?p=25863#primaryimage"},"thumbnailUrl":"https:\/\/www.altercampagne.net\/wp-content\/uploads\/2022\/04\/ADT22_0730_Lutte-des-sucs.jpg","articleSection":["Auvergne-Rh\u00f4ne-Alpes","Agriculture","Alter-D-tour","Edition 2022","Environnement","Lutte"],"inLanguage":"fr-FR"},{"@type":"WebPage","@id":"https:\/\/www.altercampagne.net\/?p=25863","url":"https:\/\/www.altercampagne.net\/?p=25863","name":"Lutte des Sucs : 75M\u20ac la minute - AlterTour","isPartOf":{"@id":"https:\/\/www.altercampagne.net\/#website"},"primaryImageOfPage":{"@id":"https:\/\/www.altercampagne.net\/?p=25863#primaryimage"},"image":{"@id":"https:\/\/www.altercampagne.net\/?p=25863#primaryimage"},"thumbnailUrl":"https:\/\/www.altercampagne.net\/wp-content\/uploads\/2022\/04\/ADT22_0730_Lutte-des-sucs.jpg","datePublished":"2022-06-21T13:41:43+00:00","dateModified":"2022-06-21T13:51:23+00:00","author":{"@id":"https:\/\/www.altercampagne.net\/#\/schema\/person\/f131d244d6f1c09101075498825c1cbf"},"breadcrumb":{"@id":"https:\/\/www.altercampagne.net\/?p=25863#breadcrumb"},"inLanguage":"fr-FR","potentialAction":[{"@type":"ReadAction","target":["https:\/\/www.altercampagne.net\/?p=25863"]}]},{"@type":"ImageObject","inLanguage":"fr-FR","@id":"https:\/\/www.altercampagne.net\/?p=25863#primaryimage","url":"https:\/\/www.altercampagne.net\/wp-content\/uploads\/2022\/04\/ADT22_0730_Lutte-des-sucs.jpg","contentUrl":"https:\/\/www.altercampagne.net\/wp-content\/uploads\/2022\/04\/ADT22_0730_Lutte-des-sucs.jpg","width":786,"height":500},{"@type":"BreadcrumbList","@id":"https:\/\/www.altercampagne.net\/?p=25863#breadcrumb","itemListElement":[{"@type":"ListItem","position":1,"name":"Accueil","item":"https:\/\/www.altercampagne.net\/"},{"@type":"ListItem","position":2,"name":"Lutte des Sucs : 75M\u20ac la minute"}]},{"@type":"WebSite","@id":"https:\/\/www.altercampagne.net\/#website","url":"https:\/\/www.altercampagne.net\/","name":"AlterTour","description":"Reliez les Alternatives \u00e0 v\u00e9lo","potentialAction":[{"@type":"SearchAction","target":{"@type":"EntryPoint","urlTemplate":"https:\/\/www.altercampagne.net\/?s={search_term_string}"},"query-input":{"@type":"PropertyValueSpecification","valueRequired":true,"valueName":"search_term_string"}}],"inLanguage":"fr-FR"},{"@type":"Person","@id":"https:\/\/www.altercampagne.net\/#\/schema\/person\/f131d244d6f1c09101075498825c1cbf","name":"J\u00e9r\u00f4me","image":{"@type":"ImageObject","inLanguage":"fr-FR","@id":"https:\/\/secure.gravatar.com\/avatar\/c13c2606c8c22aed43dcfe5af599b9199a44005cee949384657482847cb1b8d7?s=96&d=mm&r=g","url":"https:\/\/secure.gravatar.com\/avatar\/c13c2606c8c22aed43dcfe5af599b9199a44005cee949384657482847cb1b8d7?s=96&d=mm&r=g","contentUrl":"https:\/\/secure.gravatar.com\/avatar\/c13c2606c8c22aed43dcfe5af599b9199a44005cee949384657482847cb1b8d7?s=96&d=mm&r=g","caption":"J\u00e9r\u00f4me"},"url":"https:\/\/www.altercampagne.net\/?author=277"}]}},"_links":{"self":[{"href":"https:\/\/www.altercampagne.net\/index.php?rest_route=\/wp\/v2\/posts\/25863","targetHints":{"allow":["GET"]}}],"collection":[{"href":"https:\/\/www.altercampagne.net\/index.php?rest_route=\/wp\/v2\/posts"}],"about":[{"href":"https:\/\/www.altercampagne.net\/index.php?rest_route=\/wp\/v2\/types\/post"}],"author":[{"embeddable":true,"href":"https:\/\/www.altercampagne.net\/index.php?rest_route=\/wp\/v2\/users\/277"}],"replies":[{"embeddable":true,"href":"https:\/\/www.altercampagne.net\/index.php?rest_route=%2Fwp%2Fv2%2Fcomments&post=25863"}],"version-history":[{"count":2,"href":"https:\/\/www.altercampagne.net\/index.php?rest_route=\/wp\/v2\/posts\/25863\/revisions"}],"predecessor-version":[{"id":25866,"href":"https:\/\/www.altercampagne.net\/index.php?rest_route=\/wp\/v2\/posts\/25863\/revisions\/25866"}],"wp:featuredmedia":[{"embeddable":true,"href":"https:\/\/www.altercampagne.net\/index.php?rest_route=\/wp\/v2\/media\/25004"}],"wp:attachment":[{"href":"https:\/\/www.altercampagne.net\/index.php?rest_route=%2Fwp%2Fv2%2Fmedia&parent=25863"}],"wp:term":[{"taxonomy":"category","embeddable":true,"href":"https:\/\/www.altercampagne.net\/index.php?rest_route=%2Fwp%2Fv2%2Fcategories&post=25863"},{"taxonomy":"post_tag","embeddable":true,"href":"https:\/\/www.altercampagne.net\/index.php?rest_route=%2Fwp%2Fv2%2Ftags&post=25863"}],"curies":[{"name":"wp","href":"https:\/\/api.w.org\/{rel}","templated":true}]}}