{"id":25865,"date":"2022-06-21T16:00:32","date_gmt":"2022-06-21T14:00:32","guid":{"rendered":"https:\/\/www.altercampagne.net\/?p=25865"},"modified":"2022-06-21T16:03:52","modified_gmt":"2022-06-21T14:03:52","slug":"la-messicole-cultive-au-sens-large","status":"publish","type":"post","link":"https:\/\/www.altercampagne.net\/?p=25865","title":{"rendered":"La Messicole cultive au sens large"},"content":{"rendered":"\n<p><strong>En 2016, Anne Lacour et Steve Read fondent l\u2019association <a href=\"https:\/\/www.messicole.fr\">La Messicole<\/a>.<br>Lui est permaculteur depuis 30 ans, membre fondateur du r\u00e9seau <a href=\"https:\/\/asso.permaculture.fr\">Brin de Paille<\/a>. Elle est monteuse de films documentaires.<\/strong><\/p>\n\n\n\n<figure class=\"wp-block-image size-large\"><a href=\"https:\/\/www.altercampagne.net\/wp-content\/uploads\/2022\/04\/ADT22_0717_messicole.jpg\"><img loading=\"lazy\" decoding=\"async\" width=\"786\" height=\"500\" src=\"https:\/\/www.altercampagne.net\/wp-content\/uploads\/2022\/04\/ADT22_0717_messicole.jpg\" alt=\"\" class=\"wp-image-24991\" srcset=\"https:\/\/www.altercampagne.net\/wp-content\/uploads\/2022\/04\/ADT22_0717_messicole.jpg 786w, https:\/\/www.altercampagne.net\/wp-content\/uploads\/2022\/04\/ADT22_0717_messicole-300x191.jpg 300w, https:\/\/www.altercampagne.net\/wp-content\/uploads\/2022\/04\/ADT22_0717_messicole-768x489.jpg 768w, https:\/\/www.altercampagne.net\/wp-content\/uploads\/2022\/04\/ADT22_0717_messicole-610x388.jpg 610w, https:\/\/www.altercampagne.net\/wp-content\/uploads\/2022\/04\/ADT22_0717_messicole-100x64.jpg 100w\" sizes=\"auto, (max-width: 786px) 100vw, 786px\" \/><\/a><\/figure>\n\n\n\n<h4 class=\"wp-block-heading\">CR\u00c9ER DU LIEN<\/h4>\n\n\n\n<p>Au c\u0153ur des monts d\u2019Ard\u00e8che, ils fa\u00e7onnent un lieu de vie et de travail hybride, diversifi\u00e9, pluriforme, avec comme objectif d\u2019\u00eatre des <strong>acteur-trice-s d\u2019une transition \u00e9cologique urgente<\/strong>, ancr\u00e9e dans un territoire, m\u00ealant pratiques agricoles et activit\u00e9s artistiques. <br><strong>La culture au sens large<\/strong>&nbsp;: stages de permaculture, fabrication de chauffe-eau solaire, travail du m\u00e9tal, transformation issue des r\u00e9coltes mara\u00eech\u00e8res et de la ch\u00e2taigneraie. Cela associ\u00e9 \u00e0 caf\u00e9 culturel ouvert toute l\u2019ann\u00e9e et programmant concerts, conf\u00e9rences ou projection de films, avec une cantine v\u00e9g\u00e9tarienne et sans alcool. <\/p>\n\n\n\n<p><strong>\u00catre coh\u00e9rent entre leurs pens\u00e9es et leurs actes<\/strong>, prendre soin de la terre et des humains, exp\u00e9rimenter, et faire d\u00e9couvrir ces engagements \u00e0 tous ceux qui y sont accueillis&nbsp;: ard\u00e9chois d\u2019origine ou d\u2019adoption, vacanciers, citoyen.ne.s en transition et \u00e0 la recherche d\u2019autres mod\u00e8les. Avec aussi <strong>un d\u00e9veloppement local qui participe \u00e0 l\u2019\u00e9conomie de proximit\u00e9<\/strong> et \u00e0 la dynamique du village d\u2019adoption.<\/p>\n\n\n\n<h4 class=\"wp-block-heading\"><strong>\u00ab&nbsp;Et si on se donnait rendez-vous dans 15 ans ?&nbsp;\u00bb<\/strong><\/h4>\n\n\n\n<p class=\"has-text-align-left\">\u201c<em>Beaucoup de chemin parcouru depuis 15 ans et 2 ma\u00eetres mots : <strong>opini\u00e2tret\u00e9 et humilit\u00e9<\/strong>. <\/em><br>Je suis habit\u00e9e d\u2019un sentiment d\u2019urgence et de col\u00e8re qui rend l\u2019engagement militant de terrain de plus en plus important. L\u2019objectif de l\u2019association c\u2019est d\u2019<strong>inspirer d\u2019autres personnes<\/strong>, en cr\u00e9ant quelque chose de d\u00e9sirable. <br>Dans 15 ans, <strong>le r\u00eave c\u2019est d\u2019avoir transform\u00e9 le lieu en quelque chose de plus collectif<\/strong>, un lieu de ressourcement, avec des personnes qui le fassent vivre, qu\u2019il y ait beaucoup plus de ce types de lieux. Dans 15 ans, que <strong>la nature ne soit ni abandonn\u00e9e, ni exploit\u00e9e<\/strong>, d\u00e9fendue contre les pr\u00e9dateurs et donc tout simplement occup\u00e9e.\u201d <\/p>\n\n\n\n<p class=\"has-text-align-left\"><em>Anne Lacour, co-fondatrice de La Messicole<\/em><\/p>\n\n\n\n<p class=\"has-text-align-right\">\u201c<strong>J\u2019ai la vision d\u2019une soci\u00e9t\u00e9 de communes r\u00e9silientes et autonomes<\/strong>, de transformation de nos communes rurales. Pour nous, \u00eatre un exemple de comment on peut vivre bien, dans une atmosph\u00e8re joyeuse et festive. <strong>Continuer les formations \u00e0 prix libre<\/strong>, en \u00e9largissant la gamme : gestion de l\u2019\u00e9nergie, des flux d\u2019eau, le b\u00e2timent et bien plus.\u201d <\/p>\n\n\n\n<p class=\"has-text-align-right\"><em>Steve Read, co-fondateur de La Messicole<\/em><\/p>\n\n\n\n<p><strong>L&rsquo;Alter-D-Tour<\/strong> rendra visite \u00e0 La Messicole du 17 au 20 juillet 2022<br><a href=\"https:\/\/www.altercampagne.net\/?page_id=20515\"><strong>infos et inscriptions ici<\/strong><\/a><\/p>\n","protected":false},"excerpt":{"rendered":"<p>Je suis habit\u00e9e d\u2019un sentiment d\u2019urgence et de col\u00e8re qui rend l\u2019engagement militant de terrain de plus en plus important.<\/p>\n","protected":false},"author":264,"featured_media":24993,"comment_status":"closed","ping_status":"closed","sticky":false,"template":"","format":"standard","meta":{"footnotes":""},"categories":[3471,3483,4311,4357,3490,3486,3485],"tags":[],"class_list":["post-25865","post","type-post","status-publish","format-standard","has-post-thumbnail","hentry","category-auvergne-rhone-alpes","category-agriculture","category-alter-d-tour","category-edition-2022","category-culture","category-environnement","category-habitat"],"yoast_head":"<!-- This site is optimized with the Yoast SEO plugin v27.3 - https:\/\/yoast.com\/product\/yoast-seo-wordpress\/ -->\n<title>La Messicole cultive au sens large - AlterTour<\/title>\n<meta name=\"robots\" content=\"index, follow, max-snippet:-1, max-image-preview:large, max-video-preview:-1\" \/>\n<link rel=\"canonical\" href=\"https:\/\/www.altercampagne.net\/?p=25865\" \/>\n<meta property=\"og:locale\" content=\"fr_FR\" \/>\n<meta property=\"og:type\" content=\"article\" \/>\n<meta property=\"og:title\" content=\"La Messicole cultive au sens large - AlterTour\" \/>\n<meta property=\"og:description\" content=\"Je suis habit\u00e9e d\u2019un sentiment d\u2019urgence et de col\u00e8re qui rend l\u2019engagement militant de terrain de plus en plus important.\" \/>\n<meta property=\"og:url\" content=\"https:\/\/www.altercampagne.net\/?p=25865\" \/>\n<meta property=\"og:site_name\" content=\"AlterTour\" \/>\n<meta property=\"article:published_time\" content=\"2022-06-21T14:00:32+00:00\" \/>\n<meta property=\"article:modified_time\" content=\"2022-06-21T14:03:52+00:00\" \/>\n<meta property=\"og:image\" content=\"https:\/\/www.altercampagne.net\/wp-content\/uploads\/2022\/04\/ADT22_0719_Messicole.jpg\" \/>\n\t<meta property=\"og:image:width\" content=\"786\" \/>\n\t<meta property=\"og:image:height\" content=\"500\" \/>\n\t<meta property=\"og:image:type\" content=\"image\/jpeg\" \/>\n<meta name=\"author\" content=\"Sylvie D\" \/>\n<meta name=\"twitter:card\" content=\"summary_large_image\" \/>\n<meta name=\"twitter:label1\" content=\"\u00c9crit par\" \/>\n\t<meta name=\"twitter:data1\" content=\"Sylvie D\" \/>\n\t<meta name=\"twitter:label2\" content=\"Dur\u00e9e de lecture estim\u00e9e\" \/>\n\t<meta name=\"twitter:data2\" content=\"3 minutes\" \/>\n<script type=\"application\/ld+json\" class=\"yoast-schema-graph\">{\"@context\":\"https:\\\/\\\/schema.org\",\"@graph\":[{\"@type\":\"Article\",\"@id\":\"https:\\\/\\\/www.altercampagne.net\\\/?p=25865#article\",\"isPartOf\":{\"@id\":\"https:\\\/\\\/www.altercampagne.net\\\/?p=25865\"},\"author\":{\"name\":\"Sylvie D\",\"@id\":\"https:\\\/\\\/www.altercampagne.net\\\/#\\\/schema\\\/person\\\/06a7c442a070e7f43fabf492a3c939ad\"},\"headline\":\"La Messicole cultive au sens large\",\"datePublished\":\"2022-06-21T14:00:32+00:00\",\"dateModified\":\"2022-06-21T14:03:52+00:00\",\"mainEntityOfPage\":{\"@id\":\"https:\\\/\\\/www.altercampagne.net\\\/?p=25865\"},\"wordCount\":435,\"image\":{\"@id\":\"https:\\\/\\\/www.altercampagne.net\\\/?p=25865#primaryimage\"},\"thumbnailUrl\":\"https:\\\/\\\/www.altercampagne.net\\\/wp-content\\\/uploads\\\/2022\\\/04\\\/ADT22_0719_Messicole.jpg\",\"articleSection\":[\"Auvergne-Rh\u00f4ne-Alpes\",\"Agriculture\",\"Alter-D-tour\",\"Edition 2022\",\"Culture\",\"Environnement\",\"Habitat\"],\"inLanguage\":\"fr-FR\"},{\"@type\":\"WebPage\",\"@id\":\"https:\\\/\\\/www.altercampagne.net\\\/?p=25865\",\"url\":\"https:\\\/\\\/www.altercampagne.net\\\/?p=25865\",\"name\":\"La Messicole cultive au sens large - AlterTour\",\"isPartOf\":{\"@id\":\"https:\\\/\\\/www.altercampagne.net\\\/#website\"},\"primaryImageOfPage\":{\"@id\":\"https:\\\/\\\/www.altercampagne.net\\\/?p=25865#primaryimage\"},\"image\":{\"@id\":\"https:\\\/\\\/www.altercampagne.net\\\/?p=25865#primaryimage\"},\"thumbnailUrl\":\"https:\\\/\\\/www.altercampagne.net\\\/wp-content\\\/uploads\\\/2022\\\/04\\\/ADT22_0719_Messicole.jpg\",\"datePublished\":\"2022-06-21T14:00:32+00:00\",\"dateModified\":\"2022-06-21T14:03:52+00:00\",\"author\":{\"@id\":\"https:\\\/\\\/www.altercampagne.net\\\/#\\\/schema\\\/person\\\/06a7c442a070e7f43fabf492a3c939ad\"},\"breadcrumb\":{\"@id\":\"https:\\\/\\\/www.altercampagne.net\\\/?p=25865#breadcrumb\"},\"inLanguage\":\"fr-FR\",\"potentialAction\":[{\"@type\":\"ReadAction\",\"target\":[\"https:\\\/\\\/www.altercampagne.net\\\/?p=25865\"]}]},{\"@type\":\"ImageObject\",\"inLanguage\":\"fr-FR\",\"@id\":\"https:\\\/\\\/www.altercampagne.net\\\/?p=25865#primaryimage\",\"url\":\"https:\\\/\\\/www.altercampagne.net\\\/wp-content\\\/uploads\\\/2022\\\/04\\\/ADT22_0719_Messicole.jpg\",\"contentUrl\":\"https:\\\/\\\/www.altercampagne.net\\\/wp-content\\\/uploads\\\/2022\\\/04\\\/ADT22_0719_Messicole.jpg\",\"width\":786,\"height\":500},{\"@type\":\"BreadcrumbList\",\"@id\":\"https:\\\/\\\/www.altercampagne.net\\\/?p=25865#breadcrumb\",\"itemListElement\":[{\"@type\":\"ListItem\",\"position\":1,\"name\":\"Accueil\",\"item\":\"https:\\\/\\\/www.altercampagne.net\\\/\"},{\"@type\":\"ListItem\",\"position\":2,\"name\":\"La Messicole cultive au sens large\"}]},{\"@type\":\"WebSite\",\"@id\":\"https:\\\/\\\/www.altercampagne.net\\\/#website\",\"url\":\"https:\\\/\\\/www.altercampagne.net\\\/\",\"name\":\"AlterTour\",\"description\":\"Reliez les Alternatives \u00e0 v\u00e9lo\",\"potentialAction\":[{\"@type\":\"SearchAction\",\"target\":{\"@type\":\"EntryPoint\",\"urlTemplate\":\"https:\\\/\\\/www.altercampagne.net\\\/?s={search_term_string}\"},\"query-input\":{\"@type\":\"PropertyValueSpecification\",\"valueRequired\":true,\"valueName\":\"search_term_string\"}}],\"inLanguage\":\"fr-FR\"},{\"@type\":\"Person\",\"@id\":\"https:\\\/\\\/www.altercampagne.net\\\/#\\\/schema\\\/person\\\/06a7c442a070e7f43fabf492a3c939ad\",\"name\":\"Sylvie D\",\"image\":{\"@type\":\"ImageObject\",\"inLanguage\":\"fr-FR\",\"@id\":\"https:\\\/\\\/secure.gravatar.com\\\/avatar\\\/f90d2b8908d5e1d7f78c3e17e055020cd30a2ab278491fa1e24084097d0576d4?s=96&d=mm&r=g\",\"url\":\"https:\\\/\\\/secure.gravatar.com\\\/avatar\\\/f90d2b8908d5e1d7f78c3e17e055020cd30a2ab278491fa1e24084097d0576d4?s=96&d=mm&r=g\",\"contentUrl\":\"https:\\\/\\\/secure.gravatar.com\\\/avatar\\\/f90d2b8908d5e1d7f78c3e17e055020cd30a2ab278491fa1e24084097d0576d4?s=96&d=mm&r=g\",\"caption\":\"Sylvie D\"},\"url\":\"https:\\\/\\\/www.altercampagne.net\\\/?author=264\"}]}<\/script>\n<!-- \/ Yoast SEO plugin. -->","yoast_head_json":{"title":"La Messicole cultive au sens large - AlterTour","robots":{"index":"index","follow":"follow","max-snippet":"max-snippet:-1","max-image-preview":"max-image-preview:large","max-video-preview":"max-video-preview:-1"},"canonical":"https:\/\/www.altercampagne.net\/?p=25865","og_locale":"fr_FR","og_type":"article","og_title":"La Messicole cultive au sens large - AlterTour","og_description":"Je suis habit\u00e9e d\u2019un sentiment d\u2019urgence et de col\u00e8re qui rend l\u2019engagement militant de terrain de plus en plus important.","og_url":"https:\/\/www.altercampagne.net\/?p=25865","og_site_name":"AlterTour","article_published_time":"2022-06-21T14:00:32+00:00","article_modified_time":"2022-06-21T14:03:52+00:00","og_image":[{"width":786,"height":500,"url":"https:\/\/www.altercampagne.net\/wp-content\/uploads\/2022\/04\/ADT22_0719_Messicole.jpg","type":"image\/jpeg"}],"author":"Sylvie D","twitter_card":"summary_large_image","twitter_misc":{"\u00c9crit par":"Sylvie D","Dur\u00e9e de lecture estim\u00e9e":"3 minutes"},"schema":{"@context":"https:\/\/schema.org","@graph":[{"@type":"Article","@id":"https:\/\/www.altercampagne.net\/?p=25865#article","isPartOf":{"@id":"https:\/\/www.altercampagne.net\/?p=25865"},"author":{"name":"Sylvie D","@id":"https:\/\/www.altercampagne.net\/#\/schema\/person\/06a7c442a070e7f43fabf492a3c939ad"},"headline":"La Messicole cultive au sens large","datePublished":"2022-06-21T14:00:32+00:00","dateModified":"2022-06-21T14:03:52+00:00","mainEntityOfPage":{"@id":"https:\/\/www.altercampagne.net\/?p=25865"},"wordCount":435,"image":{"@id":"https:\/\/www.altercampagne.net\/?p=25865#primaryimage"},"thumbnailUrl":"https:\/\/www.altercampagne.net\/wp-content\/uploads\/2022\/04\/ADT22_0719_Messicole.jpg","articleSection":["Auvergne-Rh\u00f4ne-Alpes","Agriculture","Alter-D-tour","Edition 2022","Culture","Environnement","Habitat"],"inLanguage":"fr-FR"},{"@type":"WebPage","@id":"https:\/\/www.altercampagne.net\/?p=25865","url":"https:\/\/www.altercampagne.net\/?p=25865","name":"La Messicole cultive au sens large - AlterTour","isPartOf":{"@id":"https:\/\/www.altercampagne.net\/#website"},"primaryImageOfPage":{"@id":"https:\/\/www.altercampagne.net\/?p=25865#primaryimage"},"image":{"@id":"https:\/\/www.altercampagne.net\/?p=25865#primaryimage"},"thumbnailUrl":"https:\/\/www.altercampagne.net\/wp-content\/uploads\/2022\/04\/ADT22_0719_Messicole.jpg","datePublished":"2022-06-21T14:00:32+00:00","dateModified":"2022-06-21T14:03:52+00:00","author":{"@id":"https:\/\/www.altercampagne.net\/#\/schema\/person\/06a7c442a070e7f43fabf492a3c939ad"},"breadcrumb":{"@id":"https:\/\/www.altercampagne.net\/?p=25865#breadcrumb"},"inLanguage":"fr-FR","potentialAction":[{"@type":"ReadAction","target":["https:\/\/www.altercampagne.net\/?p=25865"]}]},{"@type":"ImageObject","inLanguage":"fr-FR","@id":"https:\/\/www.altercampagne.net\/?p=25865#primaryimage","url":"https:\/\/www.altercampagne.net\/wp-content\/uploads\/2022\/04\/ADT22_0719_Messicole.jpg","contentUrl":"https:\/\/www.altercampagne.net\/wp-content\/uploads\/2022\/04\/ADT22_0719_Messicole.jpg","width":786,"height":500},{"@type":"BreadcrumbList","@id":"https:\/\/www.altercampagne.net\/?p=25865#breadcrumb","itemListElement":[{"@type":"ListItem","position":1,"name":"Accueil","item":"https:\/\/www.altercampagne.net\/"},{"@type":"ListItem","position":2,"name":"La Messicole cultive au sens large"}]},{"@type":"WebSite","@id":"https:\/\/www.altercampagne.net\/#website","url":"https:\/\/www.altercampagne.net\/","name":"AlterTour","description":"Reliez les Alternatives \u00e0 v\u00e9lo","potentialAction":[{"@type":"SearchAction","target":{"@type":"EntryPoint","urlTemplate":"https:\/\/www.altercampagne.net\/?s={search_term_string}"},"query-input":{"@type":"PropertyValueSpecification","valueRequired":true,"valueName":"search_term_string"}}],"inLanguage":"fr-FR"},{"@type":"Person","@id":"https:\/\/www.altercampagne.net\/#\/schema\/person\/06a7c442a070e7f43fabf492a3c939ad","name":"Sylvie D","image":{"@type":"ImageObject","inLanguage":"fr-FR","@id":"https:\/\/secure.gravatar.com\/avatar\/f90d2b8908d5e1d7f78c3e17e055020cd30a2ab278491fa1e24084097d0576d4?s=96&d=mm&r=g","url":"https:\/\/secure.gravatar.com\/avatar\/f90d2b8908d5e1d7f78c3e17e055020cd30a2ab278491fa1e24084097d0576d4?s=96&d=mm&r=g","contentUrl":"https:\/\/secure.gravatar.com\/avatar\/f90d2b8908d5e1d7f78c3e17e055020cd30a2ab278491fa1e24084097d0576d4?s=96&d=mm&r=g","caption":"Sylvie D"},"url":"https:\/\/www.altercampagne.net\/?author=264"}]}},"_links":{"self":[{"href":"https:\/\/www.altercampagne.net\/index.php?rest_route=\/wp\/v2\/posts\/25865","targetHints":{"allow":["GET"]}}],"collection":[{"href":"https:\/\/www.altercampagne.net\/index.php?rest_route=\/wp\/v2\/posts"}],"about":[{"href":"https:\/\/www.altercampagne.net\/index.php?rest_route=\/wp\/v2\/types\/post"}],"author":[{"embeddable":true,"href":"https:\/\/www.altercampagne.net\/index.php?rest_route=\/wp\/v2\/users\/264"}],"replies":[{"embeddable":true,"href":"https:\/\/www.altercampagne.net\/index.php?rest_route=%2Fwp%2Fv2%2Fcomments&post=25865"}],"version-history":[{"count":6,"href":"https:\/\/www.altercampagne.net\/index.php?rest_route=\/wp\/v2\/posts\/25865\/revisions"}],"predecessor-version":[{"id":25875,"href":"https:\/\/www.altercampagne.net\/index.php?rest_route=\/wp\/v2\/posts\/25865\/revisions\/25875"}],"wp:featuredmedia":[{"embeddable":true,"href":"https:\/\/www.altercampagne.net\/index.php?rest_route=\/wp\/v2\/media\/24993"}],"wp:attachment":[{"href":"https:\/\/www.altercampagne.net\/index.php?rest_route=%2Fwp%2Fv2%2Fmedia&parent=25865"}],"wp:term":[{"taxonomy":"category","embeddable":true,"href":"https:\/\/www.altercampagne.net\/index.php?rest_route=%2Fwp%2Fv2%2Fcategories&post=25865"},{"taxonomy":"post_tag","embeddable":true,"href":"https:\/\/www.altercampagne.net\/index.php?rest_route=%2Fwp%2Fv2%2Ftags&post=25865"}],"curies":[{"name":"wp","href":"https:\/\/api.w.org\/{rel}","templated":true}]}}