{"id":25876,"date":"2022-06-21T16:19:10","date_gmt":"2022-06-21T14:19:10","guid":{"rendered":"https:\/\/www.altercampagne.net\/?p=25876"},"modified":"2022-06-21T16:19:12","modified_gmt":"2022-06-21T14:19:12","slug":"la-magma-agite-lardeche","status":"publish","type":"post","link":"https:\/\/www.altercampagne.net\/?p=25876","title":{"rendered":"La MAGMA agite l&rsquo;Ard\u00e8che !"},"content":{"rendered":"\n<figure class=\"wp-block-image size-large\"><a href=\"https:\/\/www.altercampagne.net\/wp-content\/uploads\/2022\/04\/ADT22_0810_MAGMA.jpg\"><img loading=\"lazy\" decoding=\"async\" width=\"786\" height=\"500\" src=\"https:\/\/www.altercampagne.net\/wp-content\/uploads\/2022\/04\/ADT22_0810_MAGMA.jpg\" alt=\"\" class=\"wp-image-25011\" srcset=\"https:\/\/www.altercampagne.net\/wp-content\/uploads\/2022\/04\/ADT22_0810_MAGMA.jpg 786w, https:\/\/www.altercampagne.net\/wp-content\/uploads\/2022\/04\/ADT22_0810_MAGMA-300x191.jpg 300w, https:\/\/www.altercampagne.net\/wp-content\/uploads\/2022\/04\/ADT22_0810_MAGMA-768x489.jpg 768w, https:\/\/www.altercampagne.net\/wp-content\/uploads\/2022\/04\/ADT22_0810_MAGMA-610x388.jpg 610w, https:\/\/www.altercampagne.net\/wp-content\/uploads\/2022\/04\/ADT22_0810_MAGMA-100x64.jpg 100w\" sizes=\"auto, (max-width: 786px) 100vw, 786px\" \/><\/a><\/figure>\n\n\n\n<p>Tour \u00e0 tour usine de chaussure, robinetterie, fabrique de montgolfi\u00e8res, et maintenant <strong>tiers-lieu \u201c<em>qui place l\u2019humain au coeur du projet pour une construction collective<\/em>\u201d<\/strong>.<\/p>\n\n\n\n<p>Install\u00e9e dans un quartier d\u00e9laiss\u00e9, la <strong>Maison d\u2019AGitation Multiculturelle et Alternative<\/strong> se veut un lieu ouvert \u00e0 tou\u00b7tes, renouant avec son pass\u00e9 tout en pr\u00e9parant l\u2019avenir. Quelque soit ton activit\u00e9, ton envie, ton bagage, <strong>l\u2019important est de venir participer<\/strong> dans cet endroit \u201c<em><strong>de rencontre pour s\u2019organiser autrement<\/strong><\/em>\u201d nous dit Lucile, cofondatrice et salari\u00e9e \u00e0 la MAGMA. <\/p>\n\n\n\n<p><strong>Chacun\u00b7e des\u00a0r\u00e9sident\u00b7es<\/strong>\u00a0(association, artiste, artisan.e,\u2026) <strong>peut s\u2019impliquer<\/strong> dans la vie de la communaut\u00e9, du lieu, du projet ; en parall\u00e8le la volont\u00e9 est de laisser un maximum de place \u00e0 la spontan\u00e9it\u00e9 des adh\u00e9rent\u00b7es. <br>Rassembleuse donc, <a href=\"https:\/\/www.lamagma.fr\"><strong>la MAGMA<\/strong><\/a> <strong>cultive aussi la diff\u00e9rence et la solidarit\u00e9<\/strong> en proposant des espaces aux associations et collectifs militants locaux\u00a0\u2026 f\u00e9d\u00e9r\u00e9\u00b7es dans <strong>le tout nouveau caf\u00e9\/bar<\/strong> de la\u00a0MAGMA\u00a0!<\/p>\n\n\n\n<figure class=\"wp-block-image size-large\"><a href=\"https:\/\/www.altercampagne.net\/wp-content\/uploads\/2022\/04\/ADT22_0809_MAGMA.jpg\"><img loading=\"lazy\" decoding=\"async\" width=\"786\" height=\"500\" src=\"https:\/\/www.altercampagne.net\/wp-content\/uploads\/2022\/04\/ADT22_0809_MAGMA.jpg\" alt=\"\" class=\"wp-image-25010\" srcset=\"https:\/\/www.altercampagne.net\/wp-content\/uploads\/2022\/04\/ADT22_0809_MAGMA.jpg 786w, https:\/\/www.altercampagne.net\/wp-content\/uploads\/2022\/04\/ADT22_0809_MAGMA-300x191.jpg 300w, https:\/\/www.altercampagne.net\/wp-content\/uploads\/2022\/04\/ADT22_0809_MAGMA-768x489.jpg 768w, https:\/\/www.altercampagne.net\/wp-content\/uploads\/2022\/04\/ADT22_0809_MAGMA-610x388.jpg 610w, https:\/\/www.altercampagne.net\/wp-content\/uploads\/2022\/04\/ADT22_0809_MAGMA-100x64.jpg 100w\" sizes=\"auto, (max-width: 786px) 100vw, 786px\" \/><\/a><\/figure>\n\n\n\n<p>\u201c<em><strong>J\u2019ai grandi avec ce b\u00e2timent<\/strong> qui appartenait \u00e0 mon p\u00e8re, <strong>j\u2019y projetais mes manques d\u2019ado<\/strong> : un lieu d\u2019activit\u00e9s culturelles.<\/em><\/p>\n\n\n\n<p><em>En 2017 on a rassembl\u00e9 nos r\u00e9seaux, on parlait d\u2019un tiers-lieu, et \u00e0 douze on a mont\u00e9 la\u00a0MAGMA en 2018. On est parti bille en t\u00eate sans mesurer l\u2019\u00e9nergie ni l\u2019implication, \u00e7a a \u00e9t\u00e9 \u00e9prouvant, mais de <strong>voir coexister des projets et des personnes<\/strong> qui ne se seraient pas rencontr\u00e9\u00b7es, dans le prendre soin, le vivre ensemble et l\u2019ouverture, c\u2019est une \u00e9norme richesse ! <\/em><br><em><strong>J\u2019ai r\u00e9alis\u00e9 un r\u00eave de gosse avec la MAGMA<\/strong>, un projet o\u00f9 <strong>la culture fait passerelle au social<\/strong> ; c\u2019est comment faire changer les choses \u00e0 son niveau, faire mieux, proposer une alternative au monde pour ne rien regretter. <\/em><\/p>\n\n\n\n<p><em><strong>Ce type de projet permet de faire un travail de fond et non d\u2019urgence<\/strong>, d\u2019amener un endroit de soupape, et on esp\u00e8re toucher un max de monde en faisant t\u00e2che d\u2019huile\u00a0! <\/em><br><em><strong>Je n\u2019ai pas d\u2019utopie mais je suis s\u00fbre que dans 15 ans il y aura de plus en plus d\u2019initiatives.<\/strong><\/em>\u00ab\u00a0<\/p>\n\n\n\n<p class=\"has-text-align-right\"><em>Lucile, cofondatrice et salari\u00e9e \u00e0 <a href=\"https:\/\/www.lamagma.fr\"><strong>la MAGMA<\/strong><\/a><\/em><\/p>\n\n\n\n<p><strong>L\u2019Alter-D-Tour<\/strong>\u00a0rendra visite \u00e0 La MAGMA du 08 au 11 ao\u00fbt 2022<br><a href=\"https:\/\/www.altercampagne.net\/?page_id=20515\"><strong>infos et inscriptions ici<\/strong><\/a><\/p>\n","protected":false},"excerpt":{"rendered":"<p>Ce type de projet permet de faire un travail de fond et non d\u2019urgence, d\u2019amener un endroit de soupape, et on esp\u00e8re toucher un max de monde en faisant t\u00e2che d\u2019huile ! <\/p>\n","protected":false},"author":295,"featured_media":25009,"comment_status":"closed","ping_status":"closed","sticky":false,"template":"","format":"standard","meta":{"footnotes":""},"categories":[3471,4311,4357,3490,3485,3488],"tags":[],"class_list":["post-25876","post","type-post","status-publish","format-standard","has-post-thumbnail","hentry","category-auvergne-rhone-alpes","category-alter-d-tour","category-edition-2022","category-culture","category-habitat","category-social"],"yoast_head":"<!-- This site is optimized with the Yoast SEO plugin v27.3 - https:\/\/yoast.com\/product\/yoast-seo-wordpress\/ -->\n<title>La MAGMA agite l&#039;Ard\u00e8che ! - AlterTour<\/title>\n<meta name=\"robots\" content=\"index, follow, max-snippet:-1, max-image-preview:large, max-video-preview:-1\" \/>\n<link rel=\"canonical\" href=\"https:\/\/www.altercampagne.net\/?p=25876\" \/>\n<meta property=\"og:locale\" content=\"fr_FR\" \/>\n<meta property=\"og:type\" content=\"article\" \/>\n<meta property=\"og:title\" content=\"La MAGMA agite l&#039;Ard\u00e8che ! - AlterTour\" \/>\n<meta property=\"og:description\" content=\"Ce type de projet permet de faire un travail de fond et non d\u2019urgence, d\u2019amener un endroit de soupape, et on esp\u00e8re toucher un max de monde en faisant t\u00e2che d\u2019huile !\" \/>\n<meta property=\"og:url\" content=\"https:\/\/www.altercampagne.net\/?p=25876\" \/>\n<meta property=\"og:site_name\" content=\"AlterTour\" \/>\n<meta property=\"article:published_time\" content=\"2022-06-21T14:19:10+00:00\" \/>\n<meta property=\"article:modified_time\" content=\"2022-06-21T14:19:12+00:00\" \/>\n<meta property=\"og:image\" content=\"https:\/\/www.altercampagne.net\/wp-content\/uploads\/2022\/04\/ADT22_0808_MAGMA.jpg\" \/>\n\t<meta property=\"og:image:width\" content=\"786\" \/>\n\t<meta property=\"og:image:height\" content=\"500\" \/>\n\t<meta property=\"og:image:type\" content=\"image\/jpeg\" \/>\n<meta name=\"author\" content=\"Ivan\" \/>\n<meta name=\"twitter:card\" content=\"summary_large_image\" \/>\n<meta name=\"twitter:label1\" content=\"\u00c9crit par\" \/>\n\t<meta name=\"twitter:data1\" content=\"Ivan\" \/>\n\t<meta name=\"twitter:label2\" content=\"Dur\u00e9e de lecture estim\u00e9e\" \/>\n\t<meta name=\"twitter:data2\" content=\"3 minutes\" \/>\n<script type=\"application\/ld+json\" class=\"yoast-schema-graph\">{\"@context\":\"https:\\\/\\\/schema.org\",\"@graph\":[{\"@type\":\"Article\",\"@id\":\"https:\\\/\\\/www.altercampagne.net\\\/?p=25876#article\",\"isPartOf\":{\"@id\":\"https:\\\/\\\/www.altercampagne.net\\\/?p=25876\"},\"author\":{\"name\":\"Ivan\",\"@id\":\"https:\\\/\\\/www.altercampagne.net\\\/#\\\/schema\\\/person\\\/c007149048bad022a8e11a5a1549e67a\"},\"headline\":\"La MAGMA agite l&rsquo;Ard\u00e8che !\",\"datePublished\":\"2022-06-21T14:19:10+00:00\",\"dateModified\":\"2022-06-21T14:19:12+00:00\",\"mainEntityOfPage\":{\"@id\":\"https:\\\/\\\/www.altercampagne.net\\\/?p=25876\"},\"wordCount\":386,\"image\":{\"@id\":\"https:\\\/\\\/www.altercampagne.net\\\/?p=25876#primaryimage\"},\"thumbnailUrl\":\"https:\\\/\\\/www.altercampagne.net\\\/wp-content\\\/uploads\\\/2022\\\/04\\\/ADT22_0808_MAGMA.jpg\",\"articleSection\":[\"Auvergne-Rh\u00f4ne-Alpes\",\"Alter-D-tour\",\"Edition 2022\",\"Culture\",\"Habitat\",\"Social\"],\"inLanguage\":\"fr-FR\"},{\"@type\":\"WebPage\",\"@id\":\"https:\\\/\\\/www.altercampagne.net\\\/?p=25876\",\"url\":\"https:\\\/\\\/www.altercampagne.net\\\/?p=25876\",\"name\":\"La MAGMA agite l'Ard\u00e8che ! - AlterTour\",\"isPartOf\":{\"@id\":\"https:\\\/\\\/www.altercampagne.net\\\/#website\"},\"primaryImageOfPage\":{\"@id\":\"https:\\\/\\\/www.altercampagne.net\\\/?p=25876#primaryimage\"},\"image\":{\"@id\":\"https:\\\/\\\/www.altercampagne.net\\\/?p=25876#primaryimage\"},\"thumbnailUrl\":\"https:\\\/\\\/www.altercampagne.net\\\/wp-content\\\/uploads\\\/2022\\\/04\\\/ADT22_0808_MAGMA.jpg\",\"datePublished\":\"2022-06-21T14:19:10+00:00\",\"dateModified\":\"2022-06-21T14:19:12+00:00\",\"author\":{\"@id\":\"https:\\\/\\\/www.altercampagne.net\\\/#\\\/schema\\\/person\\\/c007149048bad022a8e11a5a1549e67a\"},\"breadcrumb\":{\"@id\":\"https:\\\/\\\/www.altercampagne.net\\\/?p=25876#breadcrumb\"},\"inLanguage\":\"fr-FR\",\"potentialAction\":[{\"@type\":\"ReadAction\",\"target\":[\"https:\\\/\\\/www.altercampagne.net\\\/?p=25876\"]}]},{\"@type\":\"ImageObject\",\"inLanguage\":\"fr-FR\",\"@id\":\"https:\\\/\\\/www.altercampagne.net\\\/?p=25876#primaryimage\",\"url\":\"https:\\\/\\\/www.altercampagne.net\\\/wp-content\\\/uploads\\\/2022\\\/04\\\/ADT22_0808_MAGMA.jpg\",\"contentUrl\":\"https:\\\/\\\/www.altercampagne.net\\\/wp-content\\\/uploads\\\/2022\\\/04\\\/ADT22_0808_MAGMA.jpg\",\"width\":786,\"height\":500},{\"@type\":\"BreadcrumbList\",\"@id\":\"https:\\\/\\\/www.altercampagne.net\\\/?p=25876#breadcrumb\",\"itemListElement\":[{\"@type\":\"ListItem\",\"position\":1,\"name\":\"Accueil\",\"item\":\"https:\\\/\\\/www.altercampagne.net\\\/\"},{\"@type\":\"ListItem\",\"position\":2,\"name\":\"La MAGMA agite l&rsquo;Ard\u00e8che !\"}]},{\"@type\":\"WebSite\",\"@id\":\"https:\\\/\\\/www.altercampagne.net\\\/#website\",\"url\":\"https:\\\/\\\/www.altercampagne.net\\\/\",\"name\":\"AlterTour\",\"description\":\"Reliez les Alternatives \u00e0 v\u00e9lo\",\"potentialAction\":[{\"@type\":\"SearchAction\",\"target\":{\"@type\":\"EntryPoint\",\"urlTemplate\":\"https:\\\/\\\/www.altercampagne.net\\\/?s={search_term_string}\"},\"query-input\":{\"@type\":\"PropertyValueSpecification\",\"valueRequired\":true,\"valueName\":\"search_term_string\"}}],\"inLanguage\":\"fr-FR\"},{\"@type\":\"Person\",\"@id\":\"https:\\\/\\\/www.altercampagne.net\\\/#\\\/schema\\\/person\\\/c007149048bad022a8e11a5a1549e67a\",\"name\":\"Ivan\",\"image\":{\"@type\":\"ImageObject\",\"inLanguage\":\"fr-FR\",\"@id\":\"https:\\\/\\\/secure.gravatar.com\\\/avatar\\\/d7114d9060e24703c012c83578543a4c1da7a646e90cb95e955d566a3b8500f6?s=96&d=mm&r=g\",\"url\":\"https:\\\/\\\/secure.gravatar.com\\\/avatar\\\/d7114d9060e24703c012c83578543a4c1da7a646e90cb95e955d566a3b8500f6?s=96&d=mm&r=g\",\"contentUrl\":\"https:\\\/\\\/secure.gravatar.com\\\/avatar\\\/d7114d9060e24703c012c83578543a4c1da7a646e90cb95e955d566a3b8500f6?s=96&d=mm&r=g\",\"caption\":\"Ivan\"},\"url\":\"https:\\\/\\\/www.altercampagne.net\\\/?author=295\"}]}<\/script>\n<!-- \/ Yoast SEO plugin. -->","yoast_head_json":{"title":"La MAGMA agite l'Ard\u00e8che ! - AlterTour","robots":{"index":"index","follow":"follow","max-snippet":"max-snippet:-1","max-image-preview":"max-image-preview:large","max-video-preview":"max-video-preview:-1"},"canonical":"https:\/\/www.altercampagne.net\/?p=25876","og_locale":"fr_FR","og_type":"article","og_title":"La MAGMA agite l'Ard\u00e8che ! - AlterTour","og_description":"Ce type de projet permet de faire un travail de fond et non d\u2019urgence, d\u2019amener un endroit de soupape, et on esp\u00e8re toucher un max de monde en faisant t\u00e2che d\u2019huile !","og_url":"https:\/\/www.altercampagne.net\/?p=25876","og_site_name":"AlterTour","article_published_time":"2022-06-21T14:19:10+00:00","article_modified_time":"2022-06-21T14:19:12+00:00","og_image":[{"width":786,"height":500,"url":"https:\/\/www.altercampagne.net\/wp-content\/uploads\/2022\/04\/ADT22_0808_MAGMA.jpg","type":"image\/jpeg"}],"author":"Ivan","twitter_card":"summary_large_image","twitter_misc":{"\u00c9crit par":"Ivan","Dur\u00e9e de lecture estim\u00e9e":"3 minutes"},"schema":{"@context":"https:\/\/schema.org","@graph":[{"@type":"Article","@id":"https:\/\/www.altercampagne.net\/?p=25876#article","isPartOf":{"@id":"https:\/\/www.altercampagne.net\/?p=25876"},"author":{"name":"Ivan","@id":"https:\/\/www.altercampagne.net\/#\/schema\/person\/c007149048bad022a8e11a5a1549e67a"},"headline":"La MAGMA agite l&rsquo;Ard\u00e8che !","datePublished":"2022-06-21T14:19:10+00:00","dateModified":"2022-06-21T14:19:12+00:00","mainEntityOfPage":{"@id":"https:\/\/www.altercampagne.net\/?p=25876"},"wordCount":386,"image":{"@id":"https:\/\/www.altercampagne.net\/?p=25876#primaryimage"},"thumbnailUrl":"https:\/\/www.altercampagne.net\/wp-content\/uploads\/2022\/04\/ADT22_0808_MAGMA.jpg","articleSection":["Auvergne-Rh\u00f4ne-Alpes","Alter-D-tour","Edition 2022","Culture","Habitat","Social"],"inLanguage":"fr-FR"},{"@type":"WebPage","@id":"https:\/\/www.altercampagne.net\/?p=25876","url":"https:\/\/www.altercampagne.net\/?p=25876","name":"La MAGMA agite l'Ard\u00e8che ! - AlterTour","isPartOf":{"@id":"https:\/\/www.altercampagne.net\/#website"},"primaryImageOfPage":{"@id":"https:\/\/www.altercampagne.net\/?p=25876#primaryimage"},"image":{"@id":"https:\/\/www.altercampagne.net\/?p=25876#primaryimage"},"thumbnailUrl":"https:\/\/www.altercampagne.net\/wp-content\/uploads\/2022\/04\/ADT22_0808_MAGMA.jpg","datePublished":"2022-06-21T14:19:10+00:00","dateModified":"2022-06-21T14:19:12+00:00","author":{"@id":"https:\/\/www.altercampagne.net\/#\/schema\/person\/c007149048bad022a8e11a5a1549e67a"},"breadcrumb":{"@id":"https:\/\/www.altercampagne.net\/?p=25876#breadcrumb"},"inLanguage":"fr-FR","potentialAction":[{"@type":"ReadAction","target":["https:\/\/www.altercampagne.net\/?p=25876"]}]},{"@type":"ImageObject","inLanguage":"fr-FR","@id":"https:\/\/www.altercampagne.net\/?p=25876#primaryimage","url":"https:\/\/www.altercampagne.net\/wp-content\/uploads\/2022\/04\/ADT22_0808_MAGMA.jpg","contentUrl":"https:\/\/www.altercampagne.net\/wp-content\/uploads\/2022\/04\/ADT22_0808_MAGMA.jpg","width":786,"height":500},{"@type":"BreadcrumbList","@id":"https:\/\/www.altercampagne.net\/?p=25876#breadcrumb","itemListElement":[{"@type":"ListItem","position":1,"name":"Accueil","item":"https:\/\/www.altercampagne.net\/"},{"@type":"ListItem","position":2,"name":"La MAGMA agite l&rsquo;Ard\u00e8che !"}]},{"@type":"WebSite","@id":"https:\/\/www.altercampagne.net\/#website","url":"https:\/\/www.altercampagne.net\/","name":"AlterTour","description":"Reliez les Alternatives \u00e0 v\u00e9lo","potentialAction":[{"@type":"SearchAction","target":{"@type":"EntryPoint","urlTemplate":"https:\/\/www.altercampagne.net\/?s={search_term_string}"},"query-input":{"@type":"PropertyValueSpecification","valueRequired":true,"valueName":"search_term_string"}}],"inLanguage":"fr-FR"},{"@type":"Person","@id":"https:\/\/www.altercampagne.net\/#\/schema\/person\/c007149048bad022a8e11a5a1549e67a","name":"Ivan","image":{"@type":"ImageObject","inLanguage":"fr-FR","@id":"https:\/\/secure.gravatar.com\/avatar\/d7114d9060e24703c012c83578543a4c1da7a646e90cb95e955d566a3b8500f6?s=96&d=mm&r=g","url":"https:\/\/secure.gravatar.com\/avatar\/d7114d9060e24703c012c83578543a4c1da7a646e90cb95e955d566a3b8500f6?s=96&d=mm&r=g","contentUrl":"https:\/\/secure.gravatar.com\/avatar\/d7114d9060e24703c012c83578543a4c1da7a646e90cb95e955d566a3b8500f6?s=96&d=mm&r=g","caption":"Ivan"},"url":"https:\/\/www.altercampagne.net\/?author=295"}]}},"_links":{"self":[{"href":"https:\/\/www.altercampagne.net\/index.php?rest_route=\/wp\/v2\/posts\/25876","targetHints":{"allow":["GET"]}}],"collection":[{"href":"https:\/\/www.altercampagne.net\/index.php?rest_route=\/wp\/v2\/posts"}],"about":[{"href":"https:\/\/www.altercampagne.net\/index.php?rest_route=\/wp\/v2\/types\/post"}],"author":[{"embeddable":true,"href":"https:\/\/www.altercampagne.net\/index.php?rest_route=\/wp\/v2\/users\/295"}],"replies":[{"embeddable":true,"href":"https:\/\/www.altercampagne.net\/index.php?rest_route=%2Fwp%2Fv2%2Fcomments&post=25876"}],"version-history":[{"count":5,"href":"https:\/\/www.altercampagne.net\/index.php?rest_route=\/wp\/v2\/posts\/25876\/revisions"}],"predecessor-version":[{"id":25881,"href":"https:\/\/www.altercampagne.net\/index.php?rest_route=\/wp\/v2\/posts\/25876\/revisions\/25881"}],"wp:featuredmedia":[{"embeddable":true,"href":"https:\/\/www.altercampagne.net\/index.php?rest_route=\/wp\/v2\/media\/25009"}],"wp:attachment":[{"href":"https:\/\/www.altercampagne.net\/index.php?rest_route=%2Fwp%2Fv2%2Fmedia&parent=25876"}],"wp:term":[{"taxonomy":"category","embeddable":true,"href":"https:\/\/www.altercampagne.net\/index.php?rest_route=%2Fwp%2Fv2%2Fcategories&post=25876"},{"taxonomy":"post_tag","embeddable":true,"href":"https:\/\/www.altercampagne.net\/index.php?rest_route=%2Fwp%2Fv2%2Ftags&post=25876"}],"curies":[{"name":"wp","href":"https:\/\/api.w.org\/{rel}","templated":true}]}}