{"id":25882,"date":"2022-06-21T16:32:39","date_gmt":"2022-06-21T14:32:39","guid":{"rendered":"https:\/\/www.altercampagne.net\/?p=25882"},"modified":"2022-06-21T16:33:16","modified_gmt":"2022-06-21T14:33:16","slug":"la-maladiere-lagriculture-entre-lyon-et-st-etienne","status":"publish","type":"post","link":"https:\/\/www.altercampagne.net\/?p=25882","title":{"rendered":"La Maladi\u00e8re, l&rsquo;agriculture entre Lyon et St-\u00c9tienne"},"content":{"rendered":"\n<p><strong><em>Quand on vous dit \u00ab\u00a0ferme\u00a0\u00bb g\u00e9n\u00e9ralement vous pensez vaches, cochons, grenier rempli de paille, etc&#8230; C\u2019est toujours le cas, mais pas que\u2026 Une ferme oui&nbsp;! Mais agri-culturelle.<\/em><\/strong><\/p>\n\n\n\n<h4 class=\"wp-block-heading\">Alors <a href=\"https:\/\/www.fermedelamaladiere.fr\"><strong>La Maldi\u00e8re<\/strong><\/a>, c\u2019est quoi ? <\/h4>\n\n\n\n<p>\u00c7\u2019est un lieu collectif investis par plusieurs projets\u00a0:<br>\/\/ <strong>10 habitant\u00b7e\u00b7s<\/strong> <br>\/\/ <strong>4 agriculteur\u00b7ice\u00b7s<\/strong>, en mara\u00eechage, arboriculture, et \u00e9levage de poulets <br>\/\/ <strong>Plusieurs associations<\/strong>\u00a0:<br>\u2022 l&rsquo;<a href=\"http:\/\/atelierduzephyr.org\"><strong>Atelier du Z\u00e9phyr<\/strong><\/a>\u00a0: construction de po\u00eale rocket, d\u2019\u00e9olienne, de four solaire (formations et ateliers)<br>\u2022 <a href=\"https:\/\/www.suenodelarte.com\"><strong>Sueno del Arte<\/strong><\/a>\u00a0: arts du cirque<br>\u2022 Cr\u00e9act&rsquo;IV science\u00a0: vulgarisation scientifique<br>\u2022 <a href=\"https:\/\/www.facebook.com\/La-P\u00e2te-A-Bonheur-538670062818747\/\"><strong>La P\u00e2te \u00e0 Bonheur<\/strong><\/a>\u00a0: programmation culturelle et militantes (accueil de stage, de r\u00e9sidences, de formation, soir\u00e9es, spectacles, festival..)<br>\u2022 Une association d\u2019accueil pour des personnes en situation de handicap en cr\u00e9ation<\/p>\n\n\n\n<p><strong>La Maladi\u00e8re, c\u2019est, pour demain, penser autrement l\u2019habitat, la production alimentaire et \u00e9nerg\u00e9tique, la culture, le politique et le faire ensemble&nbsp;!<\/strong><\/p>\n\n\n\n<figure class=\"wp-block-image size-large\"><a href=\"https:\/\/www.altercampagne.net\/wp-content\/uploads\/2018\/10\/FeremeMaladi\u00e8re-1.png\"><img loading=\"lazy\" decoding=\"async\" width=\"591\" height=\"309\" src=\"https:\/\/www.altercampagne.net\/wp-content\/uploads\/2018\/10\/FeremeMaladi\u00e8re-1.png\" alt=\"\" class=\"wp-image-12301\" srcset=\"https:\/\/www.altercampagne.net\/wp-content\/uploads\/2018\/10\/FeremeMaladi\u00e8re-1.png 591w, https:\/\/www.altercampagne.net\/wp-content\/uploads\/2018\/10\/FeremeMaladi\u00e8re-1-300x157.png 300w, https:\/\/www.altercampagne.net\/wp-content\/uploads\/2018\/10\/FeremeMaladi\u00e8re-1-100x52.png 100w\" sizes=\"auto, (max-width: 591px) 100vw, 591px\" \/><\/a><\/figure>\n\n\n\n<h4 class=\"wp-block-heading\">En parlant de demain, La Maladi\u00e8re, c\u2019est comment dans 15 ans ?<\/h4>\n\n\n\n<p><strong>Que ce qui est port\u00e9 l\u00e0 ne soit plus consid\u00e9r\u00e9 comme marginal<\/strong>&nbsp;! Qu\u2019il y ait eu un essaimage de ce type d\u2019initiative pour proposer un autre r\u00e9cit, un autre imaginaire possible pour le futur.<\/p>\n\n\n\n<p>Peut-\u00eatre que les personnes qui sont \u00e0 la ferme aujourd\u2019hui ne seront plus l\u00e0 dans 15 ans mais le projet est lanc\u00e9 et l\u2019intention est que la ferme vive en elle-m\u00eame&nbsp;au-del\u00e0 des individu\u00b7e\u00b7squi l\u2019a compose.<br><strong>Il y a une urgence environnementale et sociale<\/strong>. Cr\u00e9er ce genre d\u2019espace permet de montrer la voie et pourquoi pas de faire syst\u00e8me en se connectant avec d\u2019autres initiatives portant les m\u00eames valeurs et faisant les m\u00eames constats d\u2019urgences&nbsp;!<\/p>\n\n\n\n<p><strong>Les Monts du Lyonnais sont tr\u00e8s dynamiques<\/strong> en la mati\u00e8re mais c\u2019est loin d\u2019\u00eatre suffisant. Ainsi, peut-\u00eatre quand dans 15 ans, une grande partie de la population de ce territoire pourra se loger, manger, se v\u00eatir, se rencontrer, se cultiver, se chauffer, se d\u00e9placer <strong>sans d\u00e9truire le vivant et sans dominer les autres humains&nbsp;!<\/strong><\/p>\n\n\n\n<p><strong>L\u2019Alter-D-Tour<\/strong>&nbsp;rendra visite \u00e0 La Maladi\u00e8re du 17 au 20 ao\u00fbt 2022<br><a href=\"https:\/\/www.altercampagne.net\/?page_id=20515\"><strong>infos et inscriptions ici<\/strong><\/a><\/p>\n","protected":false},"excerpt":{"rendered":"<p>La Maladi\u00e8re, c\u2019est, pour demain, penser autrement l\u2019habitat, la production alimentaire et \u00e9nerg\u00e9tique, la culture, le politique et le faire ensemble !<\/p>\n","protected":false},"author":364,"featured_media":25015,"comment_status":"closed","ping_status":"closed","sticky":false,"template":"","format":"standard","meta":{"footnotes":""},"categories":[3471,3483,3489,4311,4357,3490,3485],"tags":[],"class_list":["post-25882","post","type-post","status-publish","format-standard","has-post-thumbnail","hentry","category-auvergne-rhone-alpes","category-agriculture","category-alimentation","category-alter-d-tour","category-edition-2022","category-culture","category-habitat"],"yoast_head":"<!-- This site is optimized with the Yoast SEO plugin v27.3 - https:\/\/yoast.com\/product\/yoast-seo-wordpress\/ -->\n<title>La Maladi\u00e8re, l&#039;agriculture entre Lyon et St-\u00c9tienne - AlterTour<\/title>\n<meta name=\"robots\" content=\"index, follow, max-snippet:-1, max-image-preview:large, max-video-preview:-1\" \/>\n<link rel=\"canonical\" href=\"https:\/\/www.altercampagne.net\/?p=25882\" \/>\n<meta property=\"og:locale\" content=\"fr_FR\" \/>\n<meta property=\"og:type\" content=\"article\" \/>\n<meta property=\"og:title\" content=\"La Maladi\u00e8re, l&#039;agriculture entre Lyon et St-\u00c9tienne - AlterTour\" \/>\n<meta property=\"og:description\" content=\"La Maladi\u00e8re, c\u2019est, pour demain, penser autrement l\u2019habitat, la production alimentaire et \u00e9nerg\u00e9tique, la culture, le politique et le faire ensemble !\" \/>\n<meta property=\"og:url\" content=\"https:\/\/www.altercampagne.net\/?p=25882\" \/>\n<meta property=\"og:site_name\" content=\"AlterTour\" \/>\n<meta property=\"article:published_time\" content=\"2022-06-21T14:32:39+00:00\" \/>\n<meta property=\"article:modified_time\" content=\"2022-06-21T14:33:16+00:00\" \/>\n<meta property=\"og:image\" content=\"https:\/\/www.altercampagne.net\/wp-content\/uploads\/2022\/04\/ADT22_0817_Maladiere.jpg\" \/>\n\t<meta property=\"og:image:width\" content=\"786\" \/>\n\t<meta property=\"og:image:height\" content=\"500\" \/>\n\t<meta property=\"og:image:type\" content=\"image\/jpeg\" \/>\n<meta name=\"author\" content=\"Anouchka\" \/>\n<meta name=\"twitter:card\" content=\"summary_large_image\" \/>\n<meta name=\"twitter:label1\" content=\"\u00c9crit par\" \/>\n\t<meta name=\"twitter:data1\" content=\"Anouchka\" \/>\n\t<meta name=\"twitter:label2\" content=\"Dur\u00e9e de lecture estim\u00e9e\" \/>\n\t<meta name=\"twitter:data2\" content=\"2 minutes\" \/>\n<script type=\"application\/ld+json\" class=\"yoast-schema-graph\">{\"@context\":\"https:\\\/\\\/schema.org\",\"@graph\":[{\"@type\":\"Article\",\"@id\":\"https:\\\/\\\/www.altercampagne.net\\\/?p=25882#article\",\"isPartOf\":{\"@id\":\"https:\\\/\\\/www.altercampagne.net\\\/?p=25882\"},\"author\":{\"name\":\"Anouchka\",\"@id\":\"https:\\\/\\\/www.altercampagne.net\\\/#\\\/schema\\\/person\\\/675f636f056503d272f50fe6256bf97f\"},\"headline\":\"La Maladi\u00e8re, l&rsquo;agriculture entre Lyon et St-\u00c9tienne\",\"datePublished\":\"2022-06-21T14:32:39+00:00\",\"dateModified\":\"2022-06-21T14:33:16+00:00\",\"mainEntityOfPage\":{\"@id\":\"https:\\\/\\\/www.altercampagne.net\\\/?p=25882\"},\"wordCount\":380,\"image\":{\"@id\":\"https:\\\/\\\/www.altercampagne.net\\\/?p=25882#primaryimage\"},\"thumbnailUrl\":\"https:\\\/\\\/www.altercampagne.net\\\/wp-content\\\/uploads\\\/2022\\\/04\\\/ADT22_0817_Maladiere.jpg\",\"articleSection\":[\"Auvergne-Rh\u00f4ne-Alpes\",\"Agriculture\",\"Alimentation\",\"Alter-D-tour\",\"Edition 2022\",\"Culture\",\"Habitat\"],\"inLanguage\":\"fr-FR\"},{\"@type\":\"WebPage\",\"@id\":\"https:\\\/\\\/www.altercampagne.net\\\/?p=25882\",\"url\":\"https:\\\/\\\/www.altercampagne.net\\\/?p=25882\",\"name\":\"La Maladi\u00e8re, l'agriculture entre Lyon et St-\u00c9tienne - AlterTour\",\"isPartOf\":{\"@id\":\"https:\\\/\\\/www.altercampagne.net\\\/#website\"},\"primaryImageOfPage\":{\"@id\":\"https:\\\/\\\/www.altercampagne.net\\\/?p=25882#primaryimage\"},\"image\":{\"@id\":\"https:\\\/\\\/www.altercampagne.net\\\/?p=25882#primaryimage\"},\"thumbnailUrl\":\"https:\\\/\\\/www.altercampagne.net\\\/wp-content\\\/uploads\\\/2022\\\/04\\\/ADT22_0817_Maladiere.jpg\",\"datePublished\":\"2022-06-21T14:32:39+00:00\",\"dateModified\":\"2022-06-21T14:33:16+00:00\",\"author\":{\"@id\":\"https:\\\/\\\/www.altercampagne.net\\\/#\\\/schema\\\/person\\\/675f636f056503d272f50fe6256bf97f\"},\"breadcrumb\":{\"@id\":\"https:\\\/\\\/www.altercampagne.net\\\/?p=25882#breadcrumb\"},\"inLanguage\":\"fr-FR\",\"potentialAction\":[{\"@type\":\"ReadAction\",\"target\":[\"https:\\\/\\\/www.altercampagne.net\\\/?p=25882\"]}]},{\"@type\":\"ImageObject\",\"inLanguage\":\"fr-FR\",\"@id\":\"https:\\\/\\\/www.altercampagne.net\\\/?p=25882#primaryimage\",\"url\":\"https:\\\/\\\/www.altercampagne.net\\\/wp-content\\\/uploads\\\/2022\\\/04\\\/ADT22_0817_Maladiere.jpg\",\"contentUrl\":\"https:\\\/\\\/www.altercampagne.net\\\/wp-content\\\/uploads\\\/2022\\\/04\\\/ADT22_0817_Maladiere.jpg\",\"width\":786,\"height\":500},{\"@type\":\"BreadcrumbList\",\"@id\":\"https:\\\/\\\/www.altercampagne.net\\\/?p=25882#breadcrumb\",\"itemListElement\":[{\"@type\":\"ListItem\",\"position\":1,\"name\":\"Accueil\",\"item\":\"https:\\\/\\\/www.altercampagne.net\\\/\"},{\"@type\":\"ListItem\",\"position\":2,\"name\":\"La Maladi\u00e8re, l&rsquo;agriculture entre Lyon et St-\u00c9tienne\"}]},{\"@type\":\"WebSite\",\"@id\":\"https:\\\/\\\/www.altercampagne.net\\\/#website\",\"url\":\"https:\\\/\\\/www.altercampagne.net\\\/\",\"name\":\"AlterTour\",\"description\":\"Reliez les Alternatives \u00e0 v\u00e9lo\",\"potentialAction\":[{\"@type\":\"SearchAction\",\"target\":{\"@type\":\"EntryPoint\",\"urlTemplate\":\"https:\\\/\\\/www.altercampagne.net\\\/?s={search_term_string}\"},\"query-input\":{\"@type\":\"PropertyValueSpecification\",\"valueRequired\":true,\"valueName\":\"search_term_string\"}}],\"inLanguage\":\"fr-FR\"},{\"@type\":\"Person\",\"@id\":\"https:\\\/\\\/www.altercampagne.net\\\/#\\\/schema\\\/person\\\/675f636f056503d272f50fe6256bf97f\",\"name\":\"Anouchka\",\"image\":{\"@type\":\"ImageObject\",\"inLanguage\":\"fr-FR\",\"@id\":\"https:\\\/\\\/secure.gravatar.com\\\/avatar\\\/ba41ba7ad7aad97b7061ba6354f89cc6cc30bcae3dd10f29ae91e6261930d48e?s=96&d=mm&r=g\",\"url\":\"https:\\\/\\\/secure.gravatar.com\\\/avatar\\\/ba41ba7ad7aad97b7061ba6354f89cc6cc30bcae3dd10f29ae91e6261930d48e?s=96&d=mm&r=g\",\"contentUrl\":\"https:\\\/\\\/secure.gravatar.com\\\/avatar\\\/ba41ba7ad7aad97b7061ba6354f89cc6cc30bcae3dd10f29ae91e6261930d48e?s=96&d=mm&r=g\",\"caption\":\"Anouchka\"},\"url\":\"https:\\\/\\\/www.altercampagne.net\\\/?author=364\"}]}<\/script>\n<!-- \/ Yoast SEO plugin. -->","yoast_head_json":{"title":"La Maladi\u00e8re, l'agriculture entre Lyon et St-\u00c9tienne - AlterTour","robots":{"index":"index","follow":"follow","max-snippet":"max-snippet:-1","max-image-preview":"max-image-preview:large","max-video-preview":"max-video-preview:-1"},"canonical":"https:\/\/www.altercampagne.net\/?p=25882","og_locale":"fr_FR","og_type":"article","og_title":"La Maladi\u00e8re, l'agriculture entre Lyon et St-\u00c9tienne - AlterTour","og_description":"La Maladi\u00e8re, c\u2019est, pour demain, penser autrement l\u2019habitat, la production alimentaire et \u00e9nerg\u00e9tique, la culture, le politique et le faire ensemble !","og_url":"https:\/\/www.altercampagne.net\/?p=25882","og_site_name":"AlterTour","article_published_time":"2022-06-21T14:32:39+00:00","article_modified_time":"2022-06-21T14:33:16+00:00","og_image":[{"width":786,"height":500,"url":"https:\/\/www.altercampagne.net\/wp-content\/uploads\/2022\/04\/ADT22_0817_Maladiere.jpg","type":"image\/jpeg"}],"author":"Anouchka","twitter_card":"summary_large_image","twitter_misc":{"\u00c9crit par":"Anouchka","Dur\u00e9e de lecture estim\u00e9e":"2 minutes"},"schema":{"@context":"https:\/\/schema.org","@graph":[{"@type":"Article","@id":"https:\/\/www.altercampagne.net\/?p=25882#article","isPartOf":{"@id":"https:\/\/www.altercampagne.net\/?p=25882"},"author":{"name":"Anouchka","@id":"https:\/\/www.altercampagne.net\/#\/schema\/person\/675f636f056503d272f50fe6256bf97f"},"headline":"La Maladi\u00e8re, l&rsquo;agriculture entre Lyon et St-\u00c9tienne","datePublished":"2022-06-21T14:32:39+00:00","dateModified":"2022-06-21T14:33:16+00:00","mainEntityOfPage":{"@id":"https:\/\/www.altercampagne.net\/?p=25882"},"wordCount":380,"image":{"@id":"https:\/\/www.altercampagne.net\/?p=25882#primaryimage"},"thumbnailUrl":"https:\/\/www.altercampagne.net\/wp-content\/uploads\/2022\/04\/ADT22_0817_Maladiere.jpg","articleSection":["Auvergne-Rh\u00f4ne-Alpes","Agriculture","Alimentation","Alter-D-tour","Edition 2022","Culture","Habitat"],"inLanguage":"fr-FR"},{"@type":"WebPage","@id":"https:\/\/www.altercampagne.net\/?p=25882","url":"https:\/\/www.altercampagne.net\/?p=25882","name":"La Maladi\u00e8re, l'agriculture entre Lyon et St-\u00c9tienne - AlterTour","isPartOf":{"@id":"https:\/\/www.altercampagne.net\/#website"},"primaryImageOfPage":{"@id":"https:\/\/www.altercampagne.net\/?p=25882#primaryimage"},"image":{"@id":"https:\/\/www.altercampagne.net\/?p=25882#primaryimage"},"thumbnailUrl":"https:\/\/www.altercampagne.net\/wp-content\/uploads\/2022\/04\/ADT22_0817_Maladiere.jpg","datePublished":"2022-06-21T14:32:39+00:00","dateModified":"2022-06-21T14:33:16+00:00","author":{"@id":"https:\/\/www.altercampagne.net\/#\/schema\/person\/675f636f056503d272f50fe6256bf97f"},"breadcrumb":{"@id":"https:\/\/www.altercampagne.net\/?p=25882#breadcrumb"},"inLanguage":"fr-FR","potentialAction":[{"@type":"ReadAction","target":["https:\/\/www.altercampagne.net\/?p=25882"]}]},{"@type":"ImageObject","inLanguage":"fr-FR","@id":"https:\/\/www.altercampagne.net\/?p=25882#primaryimage","url":"https:\/\/www.altercampagne.net\/wp-content\/uploads\/2022\/04\/ADT22_0817_Maladiere.jpg","contentUrl":"https:\/\/www.altercampagne.net\/wp-content\/uploads\/2022\/04\/ADT22_0817_Maladiere.jpg","width":786,"height":500},{"@type":"BreadcrumbList","@id":"https:\/\/www.altercampagne.net\/?p=25882#breadcrumb","itemListElement":[{"@type":"ListItem","position":1,"name":"Accueil","item":"https:\/\/www.altercampagne.net\/"},{"@type":"ListItem","position":2,"name":"La Maladi\u00e8re, l&rsquo;agriculture entre Lyon et St-\u00c9tienne"}]},{"@type":"WebSite","@id":"https:\/\/www.altercampagne.net\/#website","url":"https:\/\/www.altercampagne.net\/","name":"AlterTour","description":"Reliez les Alternatives \u00e0 v\u00e9lo","potentialAction":[{"@type":"SearchAction","target":{"@type":"EntryPoint","urlTemplate":"https:\/\/www.altercampagne.net\/?s={search_term_string}"},"query-input":{"@type":"PropertyValueSpecification","valueRequired":true,"valueName":"search_term_string"}}],"inLanguage":"fr-FR"},{"@type":"Person","@id":"https:\/\/www.altercampagne.net\/#\/schema\/person\/675f636f056503d272f50fe6256bf97f","name":"Anouchka","image":{"@type":"ImageObject","inLanguage":"fr-FR","@id":"https:\/\/secure.gravatar.com\/avatar\/ba41ba7ad7aad97b7061ba6354f89cc6cc30bcae3dd10f29ae91e6261930d48e?s=96&d=mm&r=g","url":"https:\/\/secure.gravatar.com\/avatar\/ba41ba7ad7aad97b7061ba6354f89cc6cc30bcae3dd10f29ae91e6261930d48e?s=96&d=mm&r=g","contentUrl":"https:\/\/secure.gravatar.com\/avatar\/ba41ba7ad7aad97b7061ba6354f89cc6cc30bcae3dd10f29ae91e6261930d48e?s=96&d=mm&r=g","caption":"Anouchka"},"url":"https:\/\/www.altercampagne.net\/?author=364"}]}},"_links":{"self":[{"href":"https:\/\/www.altercampagne.net\/index.php?rest_route=\/wp\/v2\/posts\/25882","targetHints":{"allow":["GET"]}}],"collection":[{"href":"https:\/\/www.altercampagne.net\/index.php?rest_route=\/wp\/v2\/posts"}],"about":[{"href":"https:\/\/www.altercampagne.net\/index.php?rest_route=\/wp\/v2\/types\/post"}],"author":[{"embeddable":true,"href":"https:\/\/www.altercampagne.net\/index.php?rest_route=\/wp\/v2\/users\/364"}],"replies":[{"embeddable":true,"href":"https:\/\/www.altercampagne.net\/index.php?rest_route=%2Fwp%2Fv2%2Fcomments&post=25882"}],"version-history":[{"count":2,"href":"https:\/\/www.altercampagne.net\/index.php?rest_route=\/wp\/v2\/posts\/25882\/revisions"}],"predecessor-version":[{"id":25884,"href":"https:\/\/www.altercampagne.net\/index.php?rest_route=\/wp\/v2\/posts\/25882\/revisions\/25884"}],"wp:featuredmedia":[{"embeddable":true,"href":"https:\/\/www.altercampagne.net\/index.php?rest_route=\/wp\/v2\/media\/25015"}],"wp:attachment":[{"href":"https:\/\/www.altercampagne.net\/index.php?rest_route=%2Fwp%2Fv2%2Fmedia&parent=25882"}],"wp:term":[{"taxonomy":"category","embeddable":true,"href":"https:\/\/www.altercampagne.net\/index.php?rest_route=%2Fwp%2Fv2%2Fcategories&post=25882"},{"taxonomy":"post_tag","embeddable":true,"href":"https:\/\/www.altercampagne.net\/index.php?rest_route=%2Fwp%2Fv2%2Ftags&post=25882"}],"curies":[{"name":"wp","href":"https:\/\/api.w.org\/{rel}","templated":true}]}}