{"id":25885,"date":"2022-06-21T16:45:09","date_gmt":"2022-06-21T14:45:09","guid":{"rendered":"https:\/\/www.altercampagne.net\/?p=25885"},"modified":"2022-06-21T16:46:02","modified_gmt":"2022-06-21T14:46:02","slug":"triste-constat-a-la-cite-des-abeilles-de-viscomtat","status":"publish","type":"post","link":"https:\/\/www.altercampagne.net\/?p=25885","title":{"rendered":"Triste constat \u00e0 la Cit\u00e9 des Abeilles de Viscomtat&#8230;"},"content":{"rendered":"\n<figure class=\"wp-block-image size-large\"><a href=\"https:\/\/www.altercampagne.net\/wp-content\/uploads\/2022\/04\/ADT22_0825_cite-abeille.jpg\"><img loading=\"lazy\" decoding=\"async\" width=\"786\" height=\"500\" src=\"https:\/\/www.altercampagne.net\/wp-content\/uploads\/2022\/04\/ADT22_0825_cite-abeille.jpg\" alt=\"\" class=\"wp-image-25023\" srcset=\"https:\/\/www.altercampagne.net\/wp-content\/uploads\/2022\/04\/ADT22_0825_cite-abeille.jpg 786w, https:\/\/www.altercampagne.net\/wp-content\/uploads\/2022\/04\/ADT22_0825_cite-abeille-300x191.jpg 300w, https:\/\/www.altercampagne.net\/wp-content\/uploads\/2022\/04\/ADT22_0825_cite-abeille-768x489.jpg 768w, https:\/\/www.altercampagne.net\/wp-content\/uploads\/2022\/04\/ADT22_0825_cite-abeille-610x388.jpg 610w, https:\/\/www.altercampagne.net\/wp-content\/uploads\/2022\/04\/ADT22_0825_cite-abeille-100x64.jpg 100w\" sizes=\"auto, (max-width: 786px) 100vw, 786px\" \/><\/a><\/figure>\n\n\n\n<h4 class=\"wp-block-heading\"><strong>Depuis 1985, Alain et Mariette oeuvrent en ouvrier-\u00e8res affair\u00e9-es \u00e0 <a href=\"http:\/\/www.lacitedelabeille.fr\">la Cit\u00e9 de l\u2019Abeille<\/a>, dans un petit village du Puy-de-D\u00f4me. <\/strong><\/h4>\n\n\n\n<p>Retrait\u00e9 depuis deux ans, Alain <strong>s\u2019occupe toujours avec passion de 80 ruches<\/strong>, contre 200 au pic de son activit\u00e9. La vente se fait en majorit\u00e9 en vente directe, beaucoup moins r\u00e9pandu \u00e0 leurs d\u00e9buts. <\/p>\n\n\n\n<p>D\u00e8s le d\u00e9part, le couple sait que <strong>la production restera \u00e0 taille d\u2019abeille<\/strong> et souhaite <strong>accueillir du public<\/strong>. Touristes, familles et groupes scolaires viennent butiner dans le mus\u00e9e et participer aux ateliers autour de la cire d\u2019abeille. <\/p>\n\n\n\n<p>C\u00f4t\u00e9 culture, <a href=\"https:\/\/escoutoux.net\/La-Casa-dard-d-art\"><strong>la Casa dard d\u2019art<\/strong><\/a> accueillera des expositions d\u2019artistes locaux \u00e0 partir de l\u2019\u00e9t\u00e9. Pour les plus gourmands, une partie de la production <strong>est transform\u00e9e sur place en chocolats au miel, nougat et autres pains d\u2019\u00e9pices<\/strong>\u2026 De quoi saliver ! <\/p>\n\n\n\n<p>Et ce n\u2019est pas tout : du 18 au 21 Ao\u00fbt 2022 aura lieu la 12\u00e8me \u00e9dition du Festival des Insectes, avec son programme de conf\u00e9rences, concerts, travaux pratiques et ateliers pour enfants. \u00c7a va buzzer !<\/p>\n\n\n\n<figure class=\"wp-block-image size-large\"><a href=\"https:\/\/www.altercampagne.net\/wp-content\/uploads\/2022\/04\/ADT22_0823_cite-abeille.jpg\"><img loading=\"lazy\" decoding=\"async\" width=\"786\" height=\"500\" src=\"https:\/\/www.altercampagne.net\/wp-content\/uploads\/2022\/04\/ADT22_0823_cite-abeille.jpg\" alt=\"\" class=\"wp-image-25021\" srcset=\"https:\/\/www.altercampagne.net\/wp-content\/uploads\/2022\/04\/ADT22_0823_cite-abeille.jpg 786w, https:\/\/www.altercampagne.net\/wp-content\/uploads\/2022\/04\/ADT22_0823_cite-abeille-300x191.jpg 300w, https:\/\/www.altercampagne.net\/wp-content\/uploads\/2022\/04\/ADT22_0823_cite-abeille-768x489.jpg 768w, https:\/\/www.altercampagne.net\/wp-content\/uploads\/2022\/04\/ADT22_0823_cite-abeille-610x388.jpg 610w, https:\/\/www.altercampagne.net\/wp-content\/uploads\/2022\/04\/ADT22_0823_cite-abeille-100x64.jpg 100w\" sizes=\"auto, (max-width: 786px) 100vw, 786px\" \/><\/a><\/figure>\n\n\n\n<h4 class=\"wp-block-heading\">\u201c<em>J\u2019esp\u00e8re avoir encore quelques ruches dans 15 ans. <\/em><br><em><strong>Mais les perspectives ne sont pas les m\u00eames qu\u2019en 1985 !<\/strong> <\/em><\/h4>\n\n\n\n<p><em>Je ne suis pas tr\u00e8s optimiste quant au futur de l\u2019apiculture. C\u2019est en train de devenir extr\u00eamement technique et \u00e0 ce niveau-l\u00e0, \u00e7a ne m\u2019int\u00e9resse pas vraiment. C\u2019est devenu tr\u00e8s difficile de garder les abeilles en vie. J\u2019ai la chance d\u2019<strong>avoir connu une p\u00e9riode o\u00f9 c\u2019\u00e9tait naturel et possible de laisser les abeilles faire leur travail<\/strong>, j\u2019interviens, mais pas trop souvent. <\/em><br><em>Mais la r\u00e9gion a beaucoup chang\u00e9 d\u2019un point de vue agricole, et malgr\u00e9 quelques installations en petites surfaces, <strong>les exploitations s\u2019agrandissent et sont cultiv\u00e9es en conventionel<\/strong>, ce qui cause beaucoup de pertes d\u2019abeilles. Il y a une industrialisation de l\u2019apiculture, avec de gros producteurs dans une optique de production. <strong>A ceci s\u2019ajoute le constat que les changements qu\u2019on pourrait esp\u00e9rer en agriculture ne sont pas encourag\u00e9s par les politiques<\/strong>. La r\u00e9autorisation de certains n\u00e9onicotino\u00efdes n\u2019est pas un bon signal<\/em>\u201d.<\/p>\n\n\n\n<p class=\"has-text-align-right\">Alain, co-fondateur et apiculteur \u00e0 la Cit\u00e9 de l\u2019Abeille<\/p>\n\n\n\n<p>l&rsquo;Alter-D-Tour passera passera du 23 au 26 ao\u00fbt 2022<br><a href=\"https:\/\/www.altercampagne.net\/?page_id=20515\"><strong>infos et inscriptions ici<\/strong><\/a> <\/p>\n","protected":false},"excerpt":{"rendered":"<p>Je ne suis pas tr\u00e8s optimiste quant au futur de l\u2019apiculture. C\u2019est en train de devenir extr\u00eamement technique et \u00e0 ce niveau-l\u00e0<\/p>\n","protected":false},"author":353,"featured_media":25022,"comment_status":"closed","ping_status":"closed","sticky":false,"template":"","format":"standard","meta":{"footnotes":""},"categories":[3471,3483,3489,4311,4357,3486],"tags":[],"class_list":["post-25885","post","type-post","status-publish","format-standard","has-post-thumbnail","hentry","category-auvergne-rhone-alpes","category-agriculture","category-alimentation","category-alter-d-tour","category-edition-2022","category-environnement"],"yoast_head":"<!-- This site is optimized with the Yoast SEO plugin v27.3 - https:\/\/yoast.com\/product\/yoast-seo-wordpress\/ -->\n<title>Triste constat \u00e0 la Cit\u00e9 des Abeilles de Viscomtat... - AlterTour<\/title>\n<meta name=\"robots\" content=\"index, follow, max-snippet:-1, max-image-preview:large, max-video-preview:-1\" \/>\n<link rel=\"canonical\" href=\"https:\/\/www.altercampagne.net\/?p=25885\" \/>\n<meta property=\"og:locale\" content=\"fr_FR\" \/>\n<meta property=\"og:type\" content=\"article\" \/>\n<meta property=\"og:title\" content=\"Triste constat \u00e0 la Cit\u00e9 des Abeilles de Viscomtat... - AlterTour\" \/>\n<meta property=\"og:description\" content=\"Je ne suis pas tr\u00e8s optimiste quant au futur de l\u2019apiculture. C\u2019est en train de devenir extr\u00eamement technique et \u00e0 ce niveau-l\u00e0\" \/>\n<meta property=\"og:url\" content=\"https:\/\/www.altercampagne.net\/?p=25885\" \/>\n<meta property=\"og:site_name\" content=\"AlterTour\" \/>\n<meta property=\"article:published_time\" content=\"2022-06-21T14:45:09+00:00\" \/>\n<meta property=\"article:modified_time\" content=\"2022-06-21T14:46:02+00:00\" \/>\n<meta property=\"og:image\" content=\"https:\/\/www.altercampagne.net\/wp-content\/uploads\/2022\/04\/ADT22_0824_cite-abeille.jpg\" \/>\n\t<meta property=\"og:image:width\" content=\"786\" \/>\n\t<meta property=\"og:image:height\" content=\"500\" \/>\n\t<meta property=\"og:image:type\" content=\"image\/jpeg\" \/>\n<meta name=\"author\" content=\"Carlotta\" \/>\n<meta name=\"twitter:card\" content=\"summary_large_image\" \/>\n<meta name=\"twitter:label1\" content=\"\u00c9crit par\" \/>\n\t<meta name=\"twitter:data1\" content=\"Carlotta\" \/>\n\t<meta name=\"twitter:label2\" content=\"Dur\u00e9e de lecture estim\u00e9e\" \/>\n\t<meta name=\"twitter:data2\" content=\"3 minutes\" \/>\n<script type=\"application\/ld+json\" class=\"yoast-schema-graph\">{\"@context\":\"https:\\\/\\\/schema.org\",\"@graph\":[{\"@type\":\"Article\",\"@id\":\"https:\\\/\\\/www.altercampagne.net\\\/?p=25885#article\",\"isPartOf\":{\"@id\":\"https:\\\/\\\/www.altercampagne.net\\\/?p=25885\"},\"author\":{\"name\":\"Carlotta\",\"@id\":\"https:\\\/\\\/www.altercampagne.net\\\/#\\\/schema\\\/person\\\/0310e7930636785dabf8b7cab925c7eb\"},\"headline\":\"Triste constat \u00e0 la Cit\u00e9 des Abeilles de Viscomtat&#8230;\",\"datePublished\":\"2022-06-21T14:45:09+00:00\",\"dateModified\":\"2022-06-21T14:46:02+00:00\",\"mainEntityOfPage\":{\"@id\":\"https:\\\/\\\/www.altercampagne.net\\\/?p=25885\"},\"wordCount\":392,\"image\":{\"@id\":\"https:\\\/\\\/www.altercampagne.net\\\/?p=25885#primaryimage\"},\"thumbnailUrl\":\"https:\\\/\\\/www.altercampagne.net\\\/wp-content\\\/uploads\\\/2022\\\/04\\\/ADT22_0824_cite-abeille.jpg\",\"articleSection\":[\"Auvergne-Rh\u00f4ne-Alpes\",\"Agriculture\",\"Alimentation\",\"Alter-D-tour\",\"Edition 2022\",\"Environnement\"],\"inLanguage\":\"fr-FR\"},{\"@type\":\"WebPage\",\"@id\":\"https:\\\/\\\/www.altercampagne.net\\\/?p=25885\",\"url\":\"https:\\\/\\\/www.altercampagne.net\\\/?p=25885\",\"name\":\"Triste constat \u00e0 la Cit\u00e9 des Abeilles de Viscomtat... - AlterTour\",\"isPartOf\":{\"@id\":\"https:\\\/\\\/www.altercampagne.net\\\/#website\"},\"primaryImageOfPage\":{\"@id\":\"https:\\\/\\\/www.altercampagne.net\\\/?p=25885#primaryimage\"},\"image\":{\"@id\":\"https:\\\/\\\/www.altercampagne.net\\\/?p=25885#primaryimage\"},\"thumbnailUrl\":\"https:\\\/\\\/www.altercampagne.net\\\/wp-content\\\/uploads\\\/2022\\\/04\\\/ADT22_0824_cite-abeille.jpg\",\"datePublished\":\"2022-06-21T14:45:09+00:00\",\"dateModified\":\"2022-06-21T14:46:02+00:00\",\"author\":{\"@id\":\"https:\\\/\\\/www.altercampagne.net\\\/#\\\/schema\\\/person\\\/0310e7930636785dabf8b7cab925c7eb\"},\"breadcrumb\":{\"@id\":\"https:\\\/\\\/www.altercampagne.net\\\/?p=25885#breadcrumb\"},\"inLanguage\":\"fr-FR\",\"potentialAction\":[{\"@type\":\"ReadAction\",\"target\":[\"https:\\\/\\\/www.altercampagne.net\\\/?p=25885\"]}]},{\"@type\":\"ImageObject\",\"inLanguage\":\"fr-FR\",\"@id\":\"https:\\\/\\\/www.altercampagne.net\\\/?p=25885#primaryimage\",\"url\":\"https:\\\/\\\/www.altercampagne.net\\\/wp-content\\\/uploads\\\/2022\\\/04\\\/ADT22_0824_cite-abeille.jpg\",\"contentUrl\":\"https:\\\/\\\/www.altercampagne.net\\\/wp-content\\\/uploads\\\/2022\\\/04\\\/ADT22_0824_cite-abeille.jpg\",\"width\":786,\"height\":500},{\"@type\":\"BreadcrumbList\",\"@id\":\"https:\\\/\\\/www.altercampagne.net\\\/?p=25885#breadcrumb\",\"itemListElement\":[{\"@type\":\"ListItem\",\"position\":1,\"name\":\"Accueil\",\"item\":\"https:\\\/\\\/www.altercampagne.net\\\/\"},{\"@type\":\"ListItem\",\"position\":2,\"name\":\"Triste constat \u00e0 la Cit\u00e9 des Abeilles de Viscomtat&#8230;\"}]},{\"@type\":\"WebSite\",\"@id\":\"https:\\\/\\\/www.altercampagne.net\\\/#website\",\"url\":\"https:\\\/\\\/www.altercampagne.net\\\/\",\"name\":\"AlterTour\",\"description\":\"Reliez les Alternatives \u00e0 v\u00e9lo\",\"potentialAction\":[{\"@type\":\"SearchAction\",\"target\":{\"@type\":\"EntryPoint\",\"urlTemplate\":\"https:\\\/\\\/www.altercampagne.net\\\/?s={search_term_string}\"},\"query-input\":{\"@type\":\"PropertyValueSpecification\",\"valueRequired\":true,\"valueName\":\"search_term_string\"}}],\"inLanguage\":\"fr-FR\"},{\"@type\":\"Person\",\"@id\":\"https:\\\/\\\/www.altercampagne.net\\\/#\\\/schema\\\/person\\\/0310e7930636785dabf8b7cab925c7eb\",\"name\":\"Carlotta\",\"image\":{\"@type\":\"ImageObject\",\"inLanguage\":\"fr-FR\",\"@id\":\"https:\\\/\\\/secure.gravatar.com\\\/avatar\\\/cc861900b0b9ebc1644628dd5f6a1e2c62c8981e43f2d98c9e810ead5846c34c?s=96&d=mm&r=g\",\"url\":\"https:\\\/\\\/secure.gravatar.com\\\/avatar\\\/cc861900b0b9ebc1644628dd5f6a1e2c62c8981e43f2d98c9e810ead5846c34c?s=96&d=mm&r=g\",\"contentUrl\":\"https:\\\/\\\/secure.gravatar.com\\\/avatar\\\/cc861900b0b9ebc1644628dd5f6a1e2c62c8981e43f2d98c9e810ead5846c34c?s=96&d=mm&r=g\",\"caption\":\"Carlotta\"},\"url\":\"https:\\\/\\\/www.altercampagne.net\\\/?author=353\"}]}<\/script>\n<!-- \/ Yoast SEO plugin. -->","yoast_head_json":{"title":"Triste constat \u00e0 la Cit\u00e9 des Abeilles de Viscomtat... - AlterTour","robots":{"index":"index","follow":"follow","max-snippet":"max-snippet:-1","max-image-preview":"max-image-preview:large","max-video-preview":"max-video-preview:-1"},"canonical":"https:\/\/www.altercampagne.net\/?p=25885","og_locale":"fr_FR","og_type":"article","og_title":"Triste constat \u00e0 la Cit\u00e9 des Abeilles de Viscomtat... - AlterTour","og_description":"Je ne suis pas tr\u00e8s optimiste quant au futur de l\u2019apiculture. C\u2019est en train de devenir extr\u00eamement technique et \u00e0 ce niveau-l\u00e0","og_url":"https:\/\/www.altercampagne.net\/?p=25885","og_site_name":"AlterTour","article_published_time":"2022-06-21T14:45:09+00:00","article_modified_time":"2022-06-21T14:46:02+00:00","og_image":[{"width":786,"height":500,"url":"https:\/\/www.altercampagne.net\/wp-content\/uploads\/2022\/04\/ADT22_0824_cite-abeille.jpg","type":"image\/jpeg"}],"author":"Carlotta","twitter_card":"summary_large_image","twitter_misc":{"\u00c9crit par":"Carlotta","Dur\u00e9e de lecture estim\u00e9e":"3 minutes"},"schema":{"@context":"https:\/\/schema.org","@graph":[{"@type":"Article","@id":"https:\/\/www.altercampagne.net\/?p=25885#article","isPartOf":{"@id":"https:\/\/www.altercampagne.net\/?p=25885"},"author":{"name":"Carlotta","@id":"https:\/\/www.altercampagne.net\/#\/schema\/person\/0310e7930636785dabf8b7cab925c7eb"},"headline":"Triste constat \u00e0 la Cit\u00e9 des Abeilles de Viscomtat&#8230;","datePublished":"2022-06-21T14:45:09+00:00","dateModified":"2022-06-21T14:46:02+00:00","mainEntityOfPage":{"@id":"https:\/\/www.altercampagne.net\/?p=25885"},"wordCount":392,"image":{"@id":"https:\/\/www.altercampagne.net\/?p=25885#primaryimage"},"thumbnailUrl":"https:\/\/www.altercampagne.net\/wp-content\/uploads\/2022\/04\/ADT22_0824_cite-abeille.jpg","articleSection":["Auvergne-Rh\u00f4ne-Alpes","Agriculture","Alimentation","Alter-D-tour","Edition 2022","Environnement"],"inLanguage":"fr-FR"},{"@type":"WebPage","@id":"https:\/\/www.altercampagne.net\/?p=25885","url":"https:\/\/www.altercampagne.net\/?p=25885","name":"Triste constat \u00e0 la Cit\u00e9 des Abeilles de Viscomtat... - AlterTour","isPartOf":{"@id":"https:\/\/www.altercampagne.net\/#website"},"primaryImageOfPage":{"@id":"https:\/\/www.altercampagne.net\/?p=25885#primaryimage"},"image":{"@id":"https:\/\/www.altercampagne.net\/?p=25885#primaryimage"},"thumbnailUrl":"https:\/\/www.altercampagne.net\/wp-content\/uploads\/2022\/04\/ADT22_0824_cite-abeille.jpg","datePublished":"2022-06-21T14:45:09+00:00","dateModified":"2022-06-21T14:46:02+00:00","author":{"@id":"https:\/\/www.altercampagne.net\/#\/schema\/person\/0310e7930636785dabf8b7cab925c7eb"},"breadcrumb":{"@id":"https:\/\/www.altercampagne.net\/?p=25885#breadcrumb"},"inLanguage":"fr-FR","potentialAction":[{"@type":"ReadAction","target":["https:\/\/www.altercampagne.net\/?p=25885"]}]},{"@type":"ImageObject","inLanguage":"fr-FR","@id":"https:\/\/www.altercampagne.net\/?p=25885#primaryimage","url":"https:\/\/www.altercampagne.net\/wp-content\/uploads\/2022\/04\/ADT22_0824_cite-abeille.jpg","contentUrl":"https:\/\/www.altercampagne.net\/wp-content\/uploads\/2022\/04\/ADT22_0824_cite-abeille.jpg","width":786,"height":500},{"@type":"BreadcrumbList","@id":"https:\/\/www.altercampagne.net\/?p=25885#breadcrumb","itemListElement":[{"@type":"ListItem","position":1,"name":"Accueil","item":"https:\/\/www.altercampagne.net\/"},{"@type":"ListItem","position":2,"name":"Triste constat \u00e0 la Cit\u00e9 des Abeilles de Viscomtat&#8230;"}]},{"@type":"WebSite","@id":"https:\/\/www.altercampagne.net\/#website","url":"https:\/\/www.altercampagne.net\/","name":"AlterTour","description":"Reliez les Alternatives \u00e0 v\u00e9lo","potentialAction":[{"@type":"SearchAction","target":{"@type":"EntryPoint","urlTemplate":"https:\/\/www.altercampagne.net\/?s={search_term_string}"},"query-input":{"@type":"PropertyValueSpecification","valueRequired":true,"valueName":"search_term_string"}}],"inLanguage":"fr-FR"},{"@type":"Person","@id":"https:\/\/www.altercampagne.net\/#\/schema\/person\/0310e7930636785dabf8b7cab925c7eb","name":"Carlotta","image":{"@type":"ImageObject","inLanguage":"fr-FR","@id":"https:\/\/secure.gravatar.com\/avatar\/cc861900b0b9ebc1644628dd5f6a1e2c62c8981e43f2d98c9e810ead5846c34c?s=96&d=mm&r=g","url":"https:\/\/secure.gravatar.com\/avatar\/cc861900b0b9ebc1644628dd5f6a1e2c62c8981e43f2d98c9e810ead5846c34c?s=96&d=mm&r=g","contentUrl":"https:\/\/secure.gravatar.com\/avatar\/cc861900b0b9ebc1644628dd5f6a1e2c62c8981e43f2d98c9e810ead5846c34c?s=96&d=mm&r=g","caption":"Carlotta"},"url":"https:\/\/www.altercampagne.net\/?author=353"}]}},"_links":{"self":[{"href":"https:\/\/www.altercampagne.net\/index.php?rest_route=\/wp\/v2\/posts\/25885","targetHints":{"allow":["GET"]}}],"collection":[{"href":"https:\/\/www.altercampagne.net\/index.php?rest_route=\/wp\/v2\/posts"}],"about":[{"href":"https:\/\/www.altercampagne.net\/index.php?rest_route=\/wp\/v2\/types\/post"}],"author":[{"embeddable":true,"href":"https:\/\/www.altercampagne.net\/index.php?rest_route=\/wp\/v2\/users\/353"}],"replies":[{"embeddable":true,"href":"https:\/\/www.altercampagne.net\/index.php?rest_route=%2Fwp%2Fv2%2Fcomments&post=25885"}],"version-history":[{"count":4,"href":"https:\/\/www.altercampagne.net\/index.php?rest_route=\/wp\/v2\/posts\/25885\/revisions"}],"predecessor-version":[{"id":25889,"href":"https:\/\/www.altercampagne.net\/index.php?rest_route=\/wp\/v2\/posts\/25885\/revisions\/25889"}],"wp:featuredmedia":[{"embeddable":true,"href":"https:\/\/www.altercampagne.net\/index.php?rest_route=\/wp\/v2\/media\/25022"}],"wp:attachment":[{"href":"https:\/\/www.altercampagne.net\/index.php?rest_route=%2Fwp%2Fv2%2Fmedia&parent=25885"}],"wp:term":[{"taxonomy":"category","embeddable":true,"href":"https:\/\/www.altercampagne.net\/index.php?rest_route=%2Fwp%2Fv2%2Fcategories&post=25885"},{"taxonomy":"post_tag","embeddable":true,"href":"https:\/\/www.altercampagne.net\/index.php?rest_route=%2Fwp%2Fv2%2Ftags&post=25885"}],"curies":[{"name":"wp","href":"https:\/\/api.w.org\/{rel}","templated":true}]}}