{"id":25932,"date":"2022-06-28T11:45:51","date_gmt":"2022-06-28T09:45:51","guid":{"rendered":"https:\/\/www.altercampagne.net\/?p=25932"},"modified":"2022-07-01T11:18:47","modified_gmt":"2022-07-01T09:18:47","slug":"lechappee-belle-feministe-roulera-en-drome-en-septembre","status":"publish","type":"post","link":"https:\/\/www.altercampagne.net\/?p=25932","title":{"rendered":"L&rsquo;Echapp\u00e9e Belle F\u00e9ministe 2022 roulera en Dr\u00f4me en septembre"},"content":{"rendered":"\n<p>Apr\u00e8s l&rsquo;Echapp\u00e9e Belge au mois de mai, voici une nouvelle \u00e9chapp\u00e9e hors \u00e9t\u00e9 :<strong> ax\u00e9e sur le f\u00e9minisme elle roulera entre Richerenches et Valence, du 17 au 24 septembre <\/strong>prochains.<\/p>\n\n\n\n<h5 class=\"wp-block-heading\">Au programme&#8230;<\/h5>\n\n\n\n<p>L&rsquo;aventure commence samedi dans l&rsquo;enclave des Papes, chez <a href=\"https:\/\/www.justinevigne.com\/\" target=\"_blank\" rel=\"noreferrer noopener\"><strong>Justine, vigneronne<\/strong> <\/a>qui utilise la traction animale dans ses parcelles. Chez elle nous aurons l&rsquo;occasion de<strong> voir ses vignes et les chevaux<\/strong> qui travaillent avec elle, de <strong>tester la vinification en amphores <\/strong>en terre cuite et bien s\u00fbr de <strong>faire une d\u00e9gustation<\/strong> ! <\/p>\n\n\n\n<p>Prochaine \u00e9tape \u00e0 Crest, o\u00f9 nous aurons une journ\u00e9e sportive : <strong>rencontre basket et formation \u00e0 la m\u00e9canique v\u00e9lo<\/strong> sont au programme du dimanche. On reste \u00e0 Crest le lendemain, le temps de rencontrer <strong>Laure, entrepreneuse derri\u00e8re les <a href=\"https:\/\/sacochevelo.fr\/\" target=\"_blank\" rel=\"noreferrer noopener\">sacoches v\u00e9lo Hirondelle<\/a>,<\/strong> et de profiter des <strong>animations de l&rsquo;asso Intime politique<\/strong> (drag king et auto-observation). D\u00e9part en fin de journ\u00e9e pour 10 kilom\u00e8tres jusqu&rsquo;\u00e0 Beaufort sur Gervanne chez notre prochaine accueillante : <strong><a href=\"http:\/\/lafeedeschamps.free.fr\/\" target=\"_blank\" rel=\"noreferrer noopener\">La f\u00e9e des champs<\/a>.<\/strong><\/p>\n\n\n\n<p>Le mardi matin on pourra profiter d&rsquo;un <strong>atelier sur les plantes sauvages et m\u00e9dicinales <\/strong>avec B\u00e9rang\u00e8re, de la f\u00e9e des champs, avant de p\u00e9daler pour rejoindre Saint Laurent du Pape. On y restera la journ\u00e9e du mercredi, pour avoir le temps d&rsquo;<strong>\u00e9changer avec les <a href=\"https:\/\/basta.media\/Il-est-ou-le-patron-histoires-d-agricultrices-confrontees-au-machisme\" target=\"_blank\" rel=\"noreferrer noopener\">paysannes en polaire<\/a><\/strong> (autrices de la BD<em> Il est o\u00f9 le patron<\/em>), de donner un coup de main au maraichage et de <strong>chanter avec une chorale f\u00e9ministe dromoise.<\/strong><\/p>\n\n\n\n<p>Le jeudi on roulera jusqu&rsquo;\u00e0 Valence o\u00f9 <strong>on rencontrera<a href=\"https:\/\/www.valence.fr\/fr\/re-decouvrir-la-ville\/ville-d-histoire-s\/personnalites-portraits\/fradj-meriem.html\" target=\"_blank\" rel=\"noreferrer noopener\"> Meriem Fradj<\/a> pour discuter jardins partag\u00e9s<\/strong>. On reprendra la route pour arriver \u00e0 la<strong><a href=\"https:\/\/lafermedugrandlaval.wordpress.com\/\" target=\"_blank\" rel=\"noreferrer noopener\"> ferme du grand Laval<\/a><\/strong>, o\u00f9 Madline et Elsa nous parlerons de la place du sauvage et du vivant \u00e0 la ferme. On reste sur place le vendredi, le temps d&rsquo;<strong>un arpentage de l&rsquo;essai de <a href=\"https:\/\/www.radiofrance.fr\/franceculture\/podcasts\/les-chemins-de-la-philosophie\/jeanne-burgart-goutal-qu-est-ce-que-l-ecofeminisme-8481244\" target=\"_blank\" rel=\"noreferrer noopener\">Jeanne Burgart-Goutal <\/a><\/strong><em>\u00catre \u00e9cof\u00e9ministe, th\u00e9ories et pratiques<\/em> et d&rsquo;une boum le soir !<\/p>\n\n\n\n<p>Et voil\u00e0 d\u00e9j\u00e0 arriv\u00e9 le dernier jour, avec un chantier participatif le matin et l&rsquo;apr\u00e8s midi le trajet vers Valence pour reprendre le train, <strong>pour rentrer chez soi ou bien pour rejoindre le weekend d&rsquo;orga de rentr\u00e9e de l&rsquo;AlterTour <\/strong>\u00e0 Lyon !<\/p>\n\n\n\n<figure class=\"wp-block-image size-large\"><a href=\"https:\/\/www.altercampagne.net\/wp-content\/uploads\/2022\/06\/lafeedeschamps.jpg\"><img loading=\"lazy\" decoding=\"async\" width=\"600\" height=\"338\" src=\"https:\/\/www.altercampagne.net\/wp-content\/uploads\/2022\/06\/lafeedeschamps.jpg\" alt=\"\" class=\"wp-image-25928\" srcset=\"https:\/\/www.altercampagne.net\/wp-content\/uploads\/2022\/06\/lafeedeschamps.jpg 600w, https:\/\/www.altercampagne.net\/wp-content\/uploads\/2022\/06\/lafeedeschamps-300x169.jpg 300w, https:\/\/www.altercampagne.net\/wp-content\/uploads\/2022\/06\/lafeedeschamps-100x56.jpg 100w\" sizes=\"auto, (max-width: 600px) 100vw, 600px\" \/><\/a><\/figure>\n\n\n\n<h5 class=\"wp-block-heading\">Quelques pr\u00e9cisions sur les inscriptions<\/h5>\n\n\n\n<p>Pour s\u00e9curiser le groupe et fortes de notre exp\u00e9rience de l&rsquo;ann\u00e9e derni\u00e8re, nous avons d\u00e9cid\u00e9 de<strong> proposer la participation sur toute la semaine<\/strong>. Nous proposerons un temps d&rsquo;inclusion le vendredi ou le samedi selon les arriv\u00e9es et<span class=\"has-inline-color has-vivid-red-color\"><strong> il n&rsquo;y aura pas d&rsquo;arriv\u00e9es en cours de route<\/strong> <\/span>pour prot\u00e9ger la membrane* de groupe que l&rsquo;on aura cr\u00e9e. <\/p>\n\n\n\n<p><em>* La membrane c&rsquo;est ce qui \u00e9merge autour du groupe, nous s\u00e9curise et nous prot\u00e8ge quand on pose un cadre de s\u00e9curit\u00e9 ensemble.* <\/em><\/p>\n\n\n\n<p>Une derni\u00e8re chose : cette \u00e9chapp\u00e9e se tiendra en <strong><a href=\"https:\/\/moisdugenre.univ-angers.fr\/2022\/02\/24\/non-mixite-mixite-choisie\/\">mixit\u00e9 choisie <\/a><\/strong>sans homme cisgenre. C&rsquo;est \u00e0 dire qu&rsquo;elle s&rsquo;adresse uniquement aux personnes sexis\u00e9es : meufs, personnes trans, non binaires. <strong>Pourquoi ce choix ?<\/strong> Parce que nous sommes conscient.es que dans tous les groupes , des rapports de domination s&rsquo;exercent. Aussi, nous voulons proposer ici un cadre ou les minorit\u00e9s peuvent plus facilement s&rsquo;exprimer.<\/p>\n\n\n\n<figure class=\"wp-block-pullquote\" style=\"border-color:#cf2e2e\"><blockquote><p>Les inscriptions auront lieu UNIQUEMENT sur la page HelloAsso<\/p><cite><a href=\"https:\/\/www.helloasso.com\/associations\/altercampagne\/evenements\/echappee-belle-feministe\" target=\"_blank\" rel=\"noreferrer noopener\">https:\/\/www.helloasso.com\/associations\/altercampagne\/evenements\/echappee-belle-feministe<\/a><\/cite><\/blockquote><\/figure>\n\n\n\n<h5 class=\"wp-block-heading\"><strong><em>Programme jour par jour (cliquez sur les liens en vert pour plus d&rsquo;infos)<\/em><\/strong> <\/h5>\n\n\n\n<p>Arriv\u00e9e possible d\u00e8s le vendredi 16 septembre, <a href=\"https:\/\/www.altercampagne.net\/?page_id=24855&amp;route=602\"><strong>au vignoble de Justine \u00e0 Richerendes<\/strong><\/a> (enclave des papes) <br>Samedi 17 septembre :<strong> <a href=\"https:\/\/www.altercampagne.net\/?page_id=24855&amp;route=603\">Enclave des papes (0km)<\/a> <\/strong>Le vignoble de Justine Dimanche 18 septembre : <a href=\"https:\/\/www.altercampagne.net\/?page_id=24855&amp;route=604\"><strong>Enclave des papes &#8211; Crest (49km)<\/strong><\/a> chez Liam Lundi 19 septembre :<strong><a href=\"https:\/\/www.altercampagne.net\/?page_id=24855&amp;route=605\"> Crest &#8211; Beaufort sur Gervanne (15km)<\/a><\/strong> La f\u00e9e des champs <br>Mardi 20 septembre :<strong> <a href=\"https:\/\/www.altercampagne.net\/?page_id=24855&amp;route=606\">Beaufort sur Gervanne &#8211; Saint Laurent du Pape (41km)<\/a> <\/strong>Ferme des autres lieux <br>Mercredi 21 septembre : <a href=\"https:\/\/www.altercampagne.net\/?page_id=24855&amp;route=607\"><strong>Saint Laurent du Pape (0km)<\/strong><\/a> Ferme des autres lieux <br>Jeudi 22 septembre : <strong><a href=\"https:\/\/www.altercampagne.net\/?page_id=24855&amp;route=608\">Saint Laurent du Pape &#8211; Mont\u00e9lier (35km)<\/a><\/strong> Ferme du grand Laval <br>Vendredi 23 septembre : <a href=\"https:\/\/www.altercampagne.net\/?page_id=24855&amp;route=609\"><strong>Mont\u00e9lier (0km)<\/strong><\/a> Ferme du grand Laval <br>Samedi 24 septembre : <a href=\"https:\/\/www.altercampagne.net\/?page_id=24855&amp;route=610\"><strong>Mont\u00e9lier &#8211; Valence (12km)<\/strong><\/a><\/p>\n\n\n\n<p><\/p>\n\n\n\n<p class=\"has-text-align-right\"><em>Image de couverture : prise lors de l&rsquo;\u00e9chapp\u00e9e belle f\u00e9ministe 2021, dans le Finist\u00e8re !<\/em><\/p>\n","protected":false},"excerpt":{"rendered":"<p>Apr\u00e8s l&rsquo;Echapp\u00e9e Belge au mois de mai, voici une nouvelle \u00e9chapp\u00e9e hors \u00e9t\u00e9 : ax\u00e9e sur le f\u00e9minisme elle roulera entre Richerenches et Valence, du 17 au 24 septembre prochains. Au programme&#8230; L&rsquo;aventure commence samedi dans l&rsquo;enclave des Papes, chez Justine, vigneronne qui utilise la traction animale dans ses parcelles. &#8230; <\/p>\n<div><a href=\"https:\/\/www.altercampagne.net\/?p=25932\" class=\"more-link\">Read More<\/a><\/div>\n","protected":false},"author":361,"featured_media":23241,"comment_status":"closed","ping_status":"closed","sticky":false,"template":"","format":"standard","meta":{"footnotes":""},"categories":[3471,3483,4357,3231,3488],"tags":[3063,4403,4404,4405,4406,4407,4408,4409,4410],"class_list":["post-25932","post","type-post","status-publish","format-standard","has-post-thumbnail","hentry","category-auvergne-rhone-alpes","category-agriculture","category-edition-2022","category-echappee-belle","category-social","tag-crest","tag-justine-vigne","tag-sacoches-hirondelle","tag-richerenches","tag-beaufort-sur-gervanne","tag-la-fee-des-champs","tag-paysannes-en-polaire","tag-ferme-du-grand-laval","tag-saint-laurent-du-pape"],"yoast_head":"<!-- This site is optimized with the Yoast SEO plugin v27.3 - https:\/\/yoast.com\/product\/yoast-seo-wordpress\/ -->\n<title>L&#039;Echapp\u00e9e Belle F\u00e9ministe 2022 roulera en Dr\u00f4me en septembre - AlterTour<\/title>\n<meta name=\"robots\" content=\"index, follow, max-snippet:-1, max-image-preview:large, max-video-preview:-1\" \/>\n<link rel=\"canonical\" href=\"https:\/\/www.altercampagne.net\/?p=25932\" \/>\n<meta property=\"og:locale\" content=\"fr_FR\" \/>\n<meta property=\"og:type\" content=\"article\" \/>\n<meta property=\"og:title\" content=\"L&#039;Echapp\u00e9e Belle F\u00e9ministe 2022 roulera en Dr\u00f4me en septembre - AlterTour\" \/>\n<meta property=\"og:description\" content=\"Apr\u00e8s l&rsquo;Echapp\u00e9e Belge au mois de mai, voici une nouvelle \u00e9chapp\u00e9e hors \u00e9t\u00e9 : ax\u00e9e sur le f\u00e9minisme elle roulera entre Richerenches et Valence, du 17 au 24 septembre prochains. Au programme&#8230; L&rsquo;aventure commence samedi dans l&rsquo;enclave des Papes, chez Justine, vigneronne qui utilise la traction animale dans ses parcelles. ... Read More\" \/>\n<meta property=\"og:url\" content=\"https:\/\/www.altercampagne.net\/?p=25932\" \/>\n<meta property=\"og:site_name\" content=\"AlterTour\" \/>\n<meta property=\"article:published_time\" content=\"2022-06-28T09:45:51+00:00\" \/>\n<meta property=\"article:modified_time\" content=\"2022-07-01T09:18:47+00:00\" \/>\n<meta property=\"og:image\" content=\"https:\/\/www.altercampagne.net\/wp-content\/uploads\/2021\/09\/0B80E518-4BF4-4A9C-88ED-D48CC2A413AE.jpeg\" \/>\n\t<meta property=\"og:image:width\" content=\"1024\" \/>\n\t<meta property=\"og:image:height\" content=\"735\" \/>\n\t<meta property=\"og:image:type\" content=\"image\/jpeg\" \/>\n<meta name=\"author\" content=\"Pauline\" \/>\n<meta name=\"twitter:card\" content=\"summary_large_image\" \/>\n<meta name=\"twitter:label1\" content=\"\u00c9crit par\" \/>\n\t<meta name=\"twitter:data1\" content=\"Pauline\" \/>\n\t<meta name=\"twitter:label2\" content=\"Dur\u00e9e de lecture estim\u00e9e\" \/>\n\t<meta name=\"twitter:data2\" content=\"4 minutes\" \/>\n<script type=\"application\/ld+json\" class=\"yoast-schema-graph\">{\"@context\":\"https:\\\/\\\/schema.org\",\"@graph\":[{\"@type\":\"Article\",\"@id\":\"https:\\\/\\\/www.altercampagne.net\\\/?p=25932#article\",\"isPartOf\":{\"@id\":\"https:\\\/\\\/www.altercampagne.net\\\/?p=25932\"},\"author\":{\"name\":\"Pauline\",\"@id\":\"https:\\\/\\\/www.altercampagne.net\\\/#\\\/schema\\\/person\\\/caf30ed73e072285b8f761300370ddb5\"},\"headline\":\"L&rsquo;Echapp\u00e9e Belle F\u00e9ministe 2022 roulera en Dr\u00f4me en septembre\",\"datePublished\":\"2022-06-28T09:45:51+00:00\",\"dateModified\":\"2022-07-01T09:18:47+00:00\",\"mainEntityOfPage\":{\"@id\":\"https:\\\/\\\/www.altercampagne.net\\\/?p=25932\"},\"wordCount\":703,\"image\":{\"@id\":\"https:\\\/\\\/www.altercampagne.net\\\/?p=25932#primaryimage\"},\"thumbnailUrl\":\"https:\\\/\\\/www.altercampagne.net\\\/wp-content\\\/uploads\\\/2021\\\/09\\\/0B80E518-4BF4-4A9C-88ED-D48CC2A413AE.jpeg\",\"keywords\":[\"Crest\",\"Justine Vigne\",\"Sacoches hirondelle\",\"Richerenches\",\"Beaufort sur Gervanne\",\"La f\u00e9e des champs\",\"Paysannes en polaire\",\"ferme du grand laval\",\"saint laurent du pape\"],\"articleSection\":[\"Auvergne-Rh\u00f4ne-Alpes\",\"Agriculture\",\"Edition 2022\",\"Echapp\u00e9e Belle\",\"Social\"],\"inLanguage\":\"fr-FR\"},{\"@type\":\"WebPage\",\"@id\":\"https:\\\/\\\/www.altercampagne.net\\\/?p=25932\",\"url\":\"https:\\\/\\\/www.altercampagne.net\\\/?p=25932\",\"name\":\"L'Echapp\u00e9e Belle F\u00e9ministe 2022 roulera en Dr\u00f4me en septembre - AlterTour\",\"isPartOf\":{\"@id\":\"https:\\\/\\\/www.altercampagne.net\\\/#website\"},\"primaryImageOfPage\":{\"@id\":\"https:\\\/\\\/www.altercampagne.net\\\/?p=25932#primaryimage\"},\"image\":{\"@id\":\"https:\\\/\\\/www.altercampagne.net\\\/?p=25932#primaryimage\"},\"thumbnailUrl\":\"https:\\\/\\\/www.altercampagne.net\\\/wp-content\\\/uploads\\\/2021\\\/09\\\/0B80E518-4BF4-4A9C-88ED-D48CC2A413AE.jpeg\",\"datePublished\":\"2022-06-28T09:45:51+00:00\",\"dateModified\":\"2022-07-01T09:18:47+00:00\",\"author\":{\"@id\":\"https:\\\/\\\/www.altercampagne.net\\\/#\\\/schema\\\/person\\\/caf30ed73e072285b8f761300370ddb5\"},\"breadcrumb\":{\"@id\":\"https:\\\/\\\/www.altercampagne.net\\\/?p=25932#breadcrumb\"},\"inLanguage\":\"fr-FR\",\"potentialAction\":[{\"@type\":\"ReadAction\",\"target\":[\"https:\\\/\\\/www.altercampagne.net\\\/?p=25932\"]}]},{\"@type\":\"ImageObject\",\"inLanguage\":\"fr-FR\",\"@id\":\"https:\\\/\\\/www.altercampagne.net\\\/?p=25932#primaryimage\",\"url\":\"https:\\\/\\\/www.altercampagne.net\\\/wp-content\\\/uploads\\\/2021\\\/09\\\/0B80E518-4BF4-4A9C-88ED-D48CC2A413AE.jpeg\",\"contentUrl\":\"https:\\\/\\\/www.altercampagne.net\\\/wp-content\\\/uploads\\\/2021\\\/09\\\/0B80E518-4BF4-4A9C-88ED-D48CC2A413AE.jpeg\",\"width\":1024,\"height\":735},{\"@type\":\"BreadcrumbList\",\"@id\":\"https:\\\/\\\/www.altercampagne.net\\\/?p=25932#breadcrumb\",\"itemListElement\":[{\"@type\":\"ListItem\",\"position\":1,\"name\":\"Accueil\",\"item\":\"https:\\\/\\\/www.altercampagne.net\\\/\"},{\"@type\":\"ListItem\",\"position\":2,\"name\":\"L&rsquo;Echapp\u00e9e Belle F\u00e9ministe 2022 roulera en Dr\u00f4me en septembre\"}]},{\"@type\":\"WebSite\",\"@id\":\"https:\\\/\\\/www.altercampagne.net\\\/#website\",\"url\":\"https:\\\/\\\/www.altercampagne.net\\\/\",\"name\":\"AlterTour\",\"description\":\"Reliez les Alternatives \u00e0 v\u00e9lo\",\"potentialAction\":[{\"@type\":\"SearchAction\",\"target\":{\"@type\":\"EntryPoint\",\"urlTemplate\":\"https:\\\/\\\/www.altercampagne.net\\\/?s={search_term_string}\"},\"query-input\":{\"@type\":\"PropertyValueSpecification\",\"valueRequired\":true,\"valueName\":\"search_term_string\"}}],\"inLanguage\":\"fr-FR\"},{\"@type\":\"Person\",\"@id\":\"https:\\\/\\\/www.altercampagne.net\\\/#\\\/schema\\\/person\\\/caf30ed73e072285b8f761300370ddb5\",\"name\":\"Pauline\",\"image\":{\"@type\":\"ImageObject\",\"inLanguage\":\"fr-FR\",\"@id\":\"https:\\\/\\\/secure.gravatar.com\\\/avatar\\\/f84b78638c34b3d6ac7339a8ef00413d11da3b09ee578a762504104ff060cde7?s=96&d=mm&r=g\",\"url\":\"https:\\\/\\\/secure.gravatar.com\\\/avatar\\\/f84b78638c34b3d6ac7339a8ef00413d11da3b09ee578a762504104ff060cde7?s=96&d=mm&r=g\",\"contentUrl\":\"https:\\\/\\\/secure.gravatar.com\\\/avatar\\\/f84b78638c34b3d6ac7339a8ef00413d11da3b09ee578a762504104ff060cde7?s=96&d=mm&r=g\",\"caption\":\"Pauline\"},\"url\":\"https:\\\/\\\/www.altercampagne.net\\\/?author=361\"}]}<\/script>\n<!-- \/ Yoast SEO plugin. -->","yoast_head_json":{"title":"L'Echapp\u00e9e Belle F\u00e9ministe 2022 roulera en Dr\u00f4me en septembre - AlterTour","robots":{"index":"index","follow":"follow","max-snippet":"max-snippet:-1","max-image-preview":"max-image-preview:large","max-video-preview":"max-video-preview:-1"},"canonical":"https:\/\/www.altercampagne.net\/?p=25932","og_locale":"fr_FR","og_type":"article","og_title":"L'Echapp\u00e9e Belle F\u00e9ministe 2022 roulera en Dr\u00f4me en septembre - AlterTour","og_description":"Apr\u00e8s l&rsquo;Echapp\u00e9e Belge au mois de mai, voici une nouvelle \u00e9chapp\u00e9e hors \u00e9t\u00e9 : ax\u00e9e sur le f\u00e9minisme elle roulera entre Richerenches et Valence, du 17 au 24 septembre prochains. Au programme&#8230; L&rsquo;aventure commence samedi dans l&rsquo;enclave des Papes, chez Justine, vigneronne qui utilise la traction animale dans ses parcelles. ... Read More","og_url":"https:\/\/www.altercampagne.net\/?p=25932","og_site_name":"AlterTour","article_published_time":"2022-06-28T09:45:51+00:00","article_modified_time":"2022-07-01T09:18:47+00:00","og_image":[{"width":1024,"height":735,"url":"https:\/\/www.altercampagne.net\/wp-content\/uploads\/2021\/09\/0B80E518-4BF4-4A9C-88ED-D48CC2A413AE.jpeg","type":"image\/jpeg"}],"author":"Pauline","twitter_card":"summary_large_image","twitter_misc":{"\u00c9crit par":"Pauline","Dur\u00e9e de lecture estim\u00e9e":"4 minutes"},"schema":{"@context":"https:\/\/schema.org","@graph":[{"@type":"Article","@id":"https:\/\/www.altercampagne.net\/?p=25932#article","isPartOf":{"@id":"https:\/\/www.altercampagne.net\/?p=25932"},"author":{"name":"Pauline","@id":"https:\/\/www.altercampagne.net\/#\/schema\/person\/caf30ed73e072285b8f761300370ddb5"},"headline":"L&rsquo;Echapp\u00e9e Belle F\u00e9ministe 2022 roulera en Dr\u00f4me en septembre","datePublished":"2022-06-28T09:45:51+00:00","dateModified":"2022-07-01T09:18:47+00:00","mainEntityOfPage":{"@id":"https:\/\/www.altercampagne.net\/?p=25932"},"wordCount":703,"image":{"@id":"https:\/\/www.altercampagne.net\/?p=25932#primaryimage"},"thumbnailUrl":"https:\/\/www.altercampagne.net\/wp-content\/uploads\/2021\/09\/0B80E518-4BF4-4A9C-88ED-D48CC2A413AE.jpeg","keywords":["Crest","Justine Vigne","Sacoches hirondelle","Richerenches","Beaufort sur Gervanne","La f\u00e9e des champs","Paysannes en polaire","ferme du grand laval","saint laurent du pape"],"articleSection":["Auvergne-Rh\u00f4ne-Alpes","Agriculture","Edition 2022","Echapp\u00e9e Belle","Social"],"inLanguage":"fr-FR"},{"@type":"WebPage","@id":"https:\/\/www.altercampagne.net\/?p=25932","url":"https:\/\/www.altercampagne.net\/?p=25932","name":"L'Echapp\u00e9e Belle F\u00e9ministe 2022 roulera en Dr\u00f4me en septembre - AlterTour","isPartOf":{"@id":"https:\/\/www.altercampagne.net\/#website"},"primaryImageOfPage":{"@id":"https:\/\/www.altercampagne.net\/?p=25932#primaryimage"},"image":{"@id":"https:\/\/www.altercampagne.net\/?p=25932#primaryimage"},"thumbnailUrl":"https:\/\/www.altercampagne.net\/wp-content\/uploads\/2021\/09\/0B80E518-4BF4-4A9C-88ED-D48CC2A413AE.jpeg","datePublished":"2022-06-28T09:45:51+00:00","dateModified":"2022-07-01T09:18:47+00:00","author":{"@id":"https:\/\/www.altercampagne.net\/#\/schema\/person\/caf30ed73e072285b8f761300370ddb5"},"breadcrumb":{"@id":"https:\/\/www.altercampagne.net\/?p=25932#breadcrumb"},"inLanguage":"fr-FR","potentialAction":[{"@type":"ReadAction","target":["https:\/\/www.altercampagne.net\/?p=25932"]}]},{"@type":"ImageObject","inLanguage":"fr-FR","@id":"https:\/\/www.altercampagne.net\/?p=25932#primaryimage","url":"https:\/\/www.altercampagne.net\/wp-content\/uploads\/2021\/09\/0B80E518-4BF4-4A9C-88ED-D48CC2A413AE.jpeg","contentUrl":"https:\/\/www.altercampagne.net\/wp-content\/uploads\/2021\/09\/0B80E518-4BF4-4A9C-88ED-D48CC2A413AE.jpeg","width":1024,"height":735},{"@type":"BreadcrumbList","@id":"https:\/\/www.altercampagne.net\/?p=25932#breadcrumb","itemListElement":[{"@type":"ListItem","position":1,"name":"Accueil","item":"https:\/\/www.altercampagne.net\/"},{"@type":"ListItem","position":2,"name":"L&rsquo;Echapp\u00e9e Belle F\u00e9ministe 2022 roulera en Dr\u00f4me en septembre"}]},{"@type":"WebSite","@id":"https:\/\/www.altercampagne.net\/#website","url":"https:\/\/www.altercampagne.net\/","name":"AlterTour","description":"Reliez les Alternatives \u00e0 v\u00e9lo","potentialAction":[{"@type":"SearchAction","target":{"@type":"EntryPoint","urlTemplate":"https:\/\/www.altercampagne.net\/?s={search_term_string}"},"query-input":{"@type":"PropertyValueSpecification","valueRequired":true,"valueName":"search_term_string"}}],"inLanguage":"fr-FR"},{"@type":"Person","@id":"https:\/\/www.altercampagne.net\/#\/schema\/person\/caf30ed73e072285b8f761300370ddb5","name":"Pauline","image":{"@type":"ImageObject","inLanguage":"fr-FR","@id":"https:\/\/secure.gravatar.com\/avatar\/f84b78638c34b3d6ac7339a8ef00413d11da3b09ee578a762504104ff060cde7?s=96&d=mm&r=g","url":"https:\/\/secure.gravatar.com\/avatar\/f84b78638c34b3d6ac7339a8ef00413d11da3b09ee578a762504104ff060cde7?s=96&d=mm&r=g","contentUrl":"https:\/\/secure.gravatar.com\/avatar\/f84b78638c34b3d6ac7339a8ef00413d11da3b09ee578a762504104ff060cde7?s=96&d=mm&r=g","caption":"Pauline"},"url":"https:\/\/www.altercampagne.net\/?author=361"}]}},"_links":{"self":[{"href":"https:\/\/www.altercampagne.net\/index.php?rest_route=\/wp\/v2\/posts\/25932","targetHints":{"allow":["GET"]}}],"collection":[{"href":"https:\/\/www.altercampagne.net\/index.php?rest_route=\/wp\/v2\/posts"}],"about":[{"href":"https:\/\/www.altercampagne.net\/index.php?rest_route=\/wp\/v2\/types\/post"}],"author":[{"embeddable":true,"href":"https:\/\/www.altercampagne.net\/index.php?rest_route=\/wp\/v2\/users\/361"}],"replies":[{"embeddable":true,"href":"https:\/\/www.altercampagne.net\/index.php?rest_route=%2Fwp%2Fv2%2Fcomments&post=25932"}],"version-history":[{"count":7,"href":"https:\/\/www.altercampagne.net\/index.php?rest_route=\/wp\/v2\/posts\/25932\/revisions"}],"predecessor-version":[{"id":25963,"href":"https:\/\/www.altercampagne.net\/index.php?rest_route=\/wp\/v2\/posts\/25932\/revisions\/25963"}],"wp:featuredmedia":[{"embeddable":true,"href":"https:\/\/www.altercampagne.net\/index.php?rest_route=\/wp\/v2\/media\/23241"}],"wp:attachment":[{"href":"https:\/\/www.altercampagne.net\/index.php?rest_route=%2Fwp%2Fv2%2Fmedia&parent=25932"}],"wp:term":[{"taxonomy":"category","embeddable":true,"href":"https:\/\/www.altercampagne.net\/index.php?rest_route=%2Fwp%2Fv2%2Fcategories&post=25932"},{"taxonomy":"post_tag","embeddable":true,"href":"https:\/\/www.altercampagne.net\/index.php?rest_route=%2Fwp%2Fv2%2Ftags&post=25932"}],"curies":[{"name":"wp","href":"https:\/\/api.w.org\/{rel}","templated":true}]}}