{"id":2597,"date":"2015-12-14T12:25:26","date_gmt":"2015-12-14T11:25:26","guid":{"rendered":"http:\/\/www.altercampagne.net\/?p=2597"},"modified":"2020-02-24T15:06:37","modified_gmt":"2020-02-24T14:06:37","slug":"parcours-de-laltertour-2016","status":"publish","type":"post","link":"https:\/\/www.altercampagne.net\/?p=2597","title":{"rendered":"Parcours de l&rsquo;AlterTour 2016"},"content":{"rendered":"<p>Le parcours 2016 est lanc\u00e9, environs mille kilom\u00e8tres sur 42 jours, \u00e0 travers un bout de Mayenne et beaucoup de Bretagne, en partant de Notre-Dame-des-Landes le dimanche 10 juillet et en arrivant le dimanche 21 ao\u00fbt \u00e0 Rennes.<br \/>\nOn a recens\u00e9 plein d&rsquo;Alternatives et cela donne bien envie !<\/p>\n<p><a href=\"http:\/\/www.altercampagne.net\/wp-content\/uploads\/2014\/10\/2015-12-13-Parcours-2016-France.jpg\"><img loading=\"lazy\" decoding=\"async\" class=\" wp-image-2595 size-full alignleft\" title=\"Parcours AlterTour 2016\" src=\"http:\/\/www.altercampagne.net\/wp-content\/uploads\/2014\/10\/2015-12-13-Parcours-2016-France.jpg\" alt=\"2015-12-13-Parcours-2016-France\" width=\"600\" height=\"573\" srcset=\"https:\/\/www.altercampagne.net\/wp-content\/uploads\/2014\/10\/2015-12-13-Parcours-2016-France.jpg 600w, https:\/\/www.altercampagne.net\/wp-content\/uploads\/2014\/10\/2015-12-13-Parcours-2016-France-300x287.jpg 300w\" sizes=\"auto, (max-width: 600px) 100vw, 600px\" \/><\/a><\/p>\n<p>Nous pr\u00e9voyons de rencontrer :<\/p>\n<p>&#8211; Les Zadistes de Notre-Dame-des-Landes<\/p>\n<p>&#8211; Le <a href=\"http:\/\/lagree.cc\/\" target=\"_blank\" rel=\"noopener noreferrer\">Manoir de la Gr\u00e9e<\/a> \u00e0 Soulvache<\/p>\n<p>&#8211; <a href=\"http:\/\/www.alternatri.fr\/\" target=\"_blank\" rel=\"noopener noreferrer\">Alternatri 53<\/a>, les <a href=\"http:\/\/colibris.ning.com\/group\/colibrislaval53?xg_source=activity\" target=\"_blank\" rel=\"noopener noreferrer\">Colibris<\/a>, la <a href=\"http:\/\/www.casi53.fr\/\" target=\"_blank\" rel=\"noopener noreferrer\">CASI 53<\/a> \u00e0 Laval<\/p>\n<p>&#8211; Le <a href=\"http:\/\/radis.et.compagnie.free.fr\/\" target=\"_blank\" rel=\"noopener noreferrer\">GAEC Radis et Co<\/a> et la <a href=\"http:\/\/brasserie-montflours.fr\/\" target=\"_blank\" rel=\"noopener noreferrer\">Brasserie associative de Montflours<\/a> et la Monnaie locale <a href=\"http:\/\/www.le-sou.org\/\" target=\"_blank\" rel=\"noopener noreferrer\">le Sou<\/a> \u00e0 Martign\u00e9-sur-Mayenne<\/p>\n<p>&#8211; <a href=\"https:\/\/mayennetransition.wordpress.com\/\" target=\"_blank\" rel=\"noopener noreferrer\">Mayenne en Transition<\/a> et l&rsquo;<a href=\"https:\/\/www.facebook.com\/profile.php?id=100006862968998&amp;sk=about\" target=\"_blank\" rel=\"noopener noreferrer\">Epicerie coop\u00e9rative<\/a> de Fontaine-Daniel<\/p>\n<p>&#8211; La <a href=\"http:\/\/www.ferme-auberge-35.fr\/\" target=\"_blank\" rel=\"noopener noreferrer\">maison neuve<\/a> \u00e0 Chauvign\u00e9<\/p>\n<p>&#8211; Le <a href=\"http:\/\/lepetitjardin22.canalblog.com\/\" target=\"_blank\" rel=\"noopener noreferrer\">petit jardin des \u00e9coliers<\/a> \u00e0 Languenan<\/p>\n<p>&#8211; L&rsquo;<a href=\"http:\/\/www.herbarius.net\/\" target=\"_blank\" rel=\"noopener noreferrer\">Herbarius<\/a> \u00e0 Planguenoual<\/p>\n<p>&#8211; <a href=\"http:\/\/transition-paysstbrieuc.org\/\" target=\"_blank\" rel=\"noopener noreferrer\">Transition Citoyenne<\/a> \u00e0 Saint-Brieuc<\/p>\n<p>&#8211; L&rsquo;<a href=\"http:\/\/www.ecocentre-tregor.fr\/\" target=\"_blank\" rel=\"noopener noreferrer\">Ecocentre Tr\u00e9gor Spered All<\/a> \u00e0 Pleumeur Bodou<\/p>\n<p>&#8211; Le <a href=\"http:\/\/collectif22.lautre.net\/?Actions-contre-les-projets-miniers\" target=\"_blank\" rel=\"noopener noreferrer\">Collectif Douar didoull<\/a> \u00e0 Plougonver<\/p>\n<p>&#8211; <a href=\"http:\/\/www.tomahawk-music.eu\/\">Les Temps forts<\/a> \u00e0 Querrien<\/p>\n<p>&#8211; La <a href=\"http:\/\/kerterre.org\/\" target=\"_blank\" rel=\"noopener noreferrer\">Ferme autrement<\/a> \u00e0 Plomeur<\/p>\n<p>&#8211; <a href=\"http:\/\/keryang.blog4ever.com\/\" target=\"_blank\" rel=\"noopener noreferrer\">Keryang<\/a> \u00e0 Quemeneven<\/p>\n<p>&#8211; L&rsquo;Association <a href=\"http:\/\/vivrelarue.net\/\" target=\"_blank\" rel=\"noopener noreferrer\">VIVRE LA RUE<\/a> \u00e0 Brest<\/p>\n<p>&#8211; Les <a href=\"http:\/\/dessinacteurs.org\/\" target=\"_blank\" rel=\"noopener noreferrer\">Dessin&rsquo;Acteurs<\/a> \u00e0 Calanhel<\/p>\n<p>&#8211; L&rsquo;<a href=\"http:\/\/www.agroecologie-bretagne.com\/\" target=\"_blank\" rel=\"noopener noreferrer\">Oasis Pen an Hoat<\/a> \u00e0 Kergrist-Mo\u00eblou<\/p>\n<p>&#8211; L&rsquo;Oasis Kerlanic \u00e0 Plelauff<\/p>\n<p>&#8211; Les <a href=\"http:\/\/alternatives-projetsminiers.org\/\" target=\"_blank\" rel=\"noopener noreferrer\">Collectifs Mines de rien et Douar Didoull<\/a> \u00e0 Silfiac<\/p>\n<p>&#8211; L&rsquo;association <a href=\"http:\/\/jaivuundocumentaire.fr\/\" target=\"_blank\" rel=\"noopener noreferrer\">j&rsquo;ai vu un documentaire<\/a> et <a href=\"https:\/\/alternatiba.eu\/paysdelorient\/\" target=\"_blank\" rel=\"noopener noreferrer\">Alternatiba Lorient<\/a><\/p>\n<p>&#8211; L&rsquo;abeille Buissonni\u00e8re \u00e0&nbsp;Landevant<\/p>\n<p>&#8211;&nbsp;Alternatiba Auray<\/p>\n<p>&#8211; La <a href=\"http:\/\/la-cidrerie.fr\/\" target=\"_blank\" rel=\"noopener noreferrer\">cidrerie du Golf<\/a> \u00e0 Arradon<\/p>\n<p>&#8211; La <a href=\"http:\/\/www.association-la-marmite.fr\/\" target=\"_blank\" rel=\"noopener noreferrer\">Marmitte <\/a>et Brasserie La <a href=\"http:\/\/www.labambelle.com\/\" target=\"_blank\" rel=\"noopener noreferrer\">Bambelle<\/a> \u00e0&nbsp;la Vraie-Croix<\/p>\n<p>&#8211; <a href=\"http:\/\/www.plumfm.net\/\" target=\"_blank\" rel=\"noopener noreferrer\">Plum FM<\/a> \u00e0 S\u00e9rent<\/p>\n<p>&#8211; Le <a href=\"http:\/\/www.lechampcommun.fr\/\" target=\"_blank\" rel=\"noopener noreferrer\">Champ Commun<\/a> \u00e0 Augan<\/p>\n<p>&#8211; L&rsquo;<a href=\"http:\/\/elaboratoire.eu.org\/index.php\" target=\"_blank\" rel=\"noopener noreferrer\">Elaboratoire<\/a> et les <a href=\"http:\/\/www.piqueusesdidees.fr\/\" target=\"_blank\" rel=\"noopener noreferrer\">Piqueuses d&rsquo;id\u00e9es<\/a> \u00e0 Rennes<\/p>\n<p>&nbsp;<\/p>\n<p>&nbsp;<\/p>\n","protected":false},"excerpt":{"rendered":"<p>Le parcours 2016 est lanc\u00e9, environs mille kilom\u00e8tres sur 42 jours, \u00e0 travers un bout de Mayenne et beaucoup de Bretagne, en partant de Notre-Dame-des-Landes le dimanche 10 juillet et en arrivant le dimanche 21 ao\u00fbt \u00e0 Rennes. On a recens\u00e9 plein d&rsquo;Alternatives et cela donne bien envie ! Nous &#8230; <\/p>\n<div><a href=\"https:\/\/www.altercampagne.net\/?p=2597\" class=\"more-link\">Read More<\/a><\/div>\n","protected":false},"author":214,"featured_media":0,"comment_status":"closed","ping_status":"closed","sticky":false,"template":"","format":"standard","meta":{"footnotes":""},"categories":[3459,3469],"tags":[547,2864,1812,1669,1668,1652,894,827,679,660,659,2865,521,520,519,518,517,516,515,514,513,512,2927,2937,2936,2935,2934,2933,2932,2931,2930,2929,2928,511,2926,2925,2873,2872,2871,2870,2869,2868,2867,2866,410,488,487,486,485,484,474,416,414,413,412,489,405,383,294,253,252,144,77,73,46,20,500,510,509,508,507,506,505,504,503,502,501,11,499,498,497,496,495,494,493,492,491,490],"class_list":["post-2597","post","type-post","status-publish","format-standard","hentry","category-edition-2016","category-programmes","tag-tour-cyclo-militant","tag-tour-velo-ecolo","tag-tour-de-france-des-alternatives","tag-cotes-darmor","tag-cyclo-militant","tag-1652","tag-pays-de-la-loire","tag-velo","tag-ecologique","tag-tour-de-france","tag-anti-tour-de-france","tag-tour-velo-ecologique","tag-bien-vivre","tag-parcours","tag-lelaboratoire","tag-champ-commun","tag-plum-fm","tag-brasserie-la-bambelle","tag-la-marmitte","tag-cidredrie-du-golf","tag-alternatiba-auray","tag-labeille-buissonniere","tag-tour-de-france-agroecologie","tag-tour-de-france-micro-brasserie","tag-relions-les-alternatives-a-velo","tag-relier-les-alternatives-a-velo","tag-tour-de-france-alternatives","tag-tour-de-france-bio","tag-tour-de-france-climat","tag-tour-de-france-ecologie","tag-tour-de-france-permaculture","tag-tour-de-france-ecolieux","tag-tour-de-france-transition","tag-alternatiba-lorient","tag-tour-de-france-ecologique","tag-tour-de-france-ecolo","tag-parcours-velo-ecologique","tag-parcours-velo-ecolo","tag-ecolo","tag-tour-a-velo-ecologique","tag-tour-a-velo-ecolo","tag-tour-a-velo","tag-cyclomilitant","tag-tour-cyclomilitant","tag-finistere","tag-casi-53","tag-les-colibris-53","tag-alternatri-53","tag-manoir-de-la-gree","tag-zad","tag-bien-commun","tag-mayenne","tag-loire-atlantique","tag-ille-et-vilaine","tag-morbihan","tag-gaec-radis-co","tag-agroecologie","tag-altertour-2016","tag-permaculture","tag-autre-tour-de-france","tag-reliez-les-alternatives-a-velo","tag-notre-dame-des-landes","tag-piqueuses-didees","tag-transition","tag-tour","tag-bretagne","tag-collectif-douar-didoull","tag-jai-vu-un-documentaire","tag-collectif-mines-de-rien","tag-oasis-kerlanic","tag-oasis-pen-an-hoat","tag-dessinacteurs","tag-vivre-la-rue","tag-keryang","tag-kerterre","tag-ferme-autrement","tag-gaec-les-radicaux-libres","tag-alternatiba","tag-spered-all","tag-ecocentre-du-tregor","tag-transtion-citoyenne","tag-herbarius","tag-le-petit-jardin-des-ecoliers","tag-la-maison-neuve","tag-epicerie-cooperative-de-fontaine-daniel","tag-mayenne-en-transition","tag-le-sou","tag-brasserie-associative-de-montflours","no-post-thumbnail"],"yoast_head":"<!-- This site is optimized with the Yoast SEO plugin v27.3 - https:\/\/yoast.com\/product\/yoast-seo-wordpress\/ -->\n<title>Parcours de l&#039;AlterTour 2016 - AlterTour<\/title>\n<meta name=\"robots\" content=\"index, follow, max-snippet:-1, max-image-preview:large, max-video-preview:-1\" \/>\n<link rel=\"canonical\" href=\"https:\/\/www.altercampagne.net\/?p=2597\" \/>\n<meta property=\"og:locale\" content=\"fr_FR\" \/>\n<meta property=\"og:type\" content=\"article\" \/>\n<meta property=\"og:title\" content=\"Parcours de l&#039;AlterTour 2016 - AlterTour\" \/>\n<meta property=\"og:description\" content=\"Le parcours 2016 est lanc\u00e9, environs mille kilom\u00e8tres sur 42 jours, \u00e0 travers un bout de Mayenne et beaucoup de Bretagne, en partant de Notre-Dame-des-Landes le dimanche 10 juillet et en arrivant le dimanche 21 ao\u00fbt \u00e0 Rennes. On a recens\u00e9 plein d&rsquo;Alternatives et cela donne bien envie ! Nous ... Read More\" \/>\n<meta property=\"og:url\" content=\"https:\/\/www.altercampagne.net\/?p=2597\" \/>\n<meta property=\"og:site_name\" content=\"AlterTour\" \/>\n<meta property=\"article:published_time\" content=\"2015-12-14T11:25:26+00:00\" \/>\n<meta property=\"article:modified_time\" content=\"2020-02-24T14:06:37+00:00\" \/>\n<meta property=\"og:image\" content=\"http:\/\/www.altercampagne.net\/wp-content\/uploads\/2014\/10\/2015-12-13-Parcours-2016-France.jpg\" \/>\n<meta name=\"author\" content=\"Mathieu\" \/>\n<meta name=\"twitter:card\" content=\"summary_large_image\" \/>\n<meta name=\"twitter:label1\" content=\"\u00c9crit par\" \/>\n\t<meta name=\"twitter:data1\" content=\"Mathieu\" \/>\n\t<meta name=\"twitter:label2\" content=\"Dur\u00e9e de lecture estim\u00e9e\" \/>\n\t<meta name=\"twitter:data2\" content=\"1 minute\" \/>\n<script type=\"application\/ld+json\" class=\"yoast-schema-graph\">{\"@context\":\"https:\\\/\\\/schema.org\",\"@graph\":[{\"@type\":\"Article\",\"@id\":\"https:\\\/\\\/www.altercampagne.net\\\/?p=2597#article\",\"isPartOf\":{\"@id\":\"https:\\\/\\\/www.altercampagne.net\\\/?p=2597\"},\"author\":{\"name\":\"Mathieu\",\"@id\":\"https:\\\/\\\/www.altercampagne.net\\\/#\\\/schema\\\/person\\\/0f261460c09e430caa0f9bcffa319109\"},\"headline\":\"Parcours de l&rsquo;AlterTour 2016\",\"datePublished\":\"2015-12-14T11:25:26+00:00\",\"dateModified\":\"2020-02-24T14:06:37+00:00\",\"mainEntityOfPage\":{\"@id\":\"https:\\\/\\\/www.altercampagne.net\\\/?p=2597\"},\"wordCount\":248,\"image\":{\"@id\":\"https:\\\/\\\/www.altercampagne.net\\\/?p=2597#primaryimage\"},\"thumbnailUrl\":\"http:\\\/\\\/www.altercampagne.net\\\/wp-content\\\/uploads\\\/2014\\\/10\\\/2015-12-13-Parcours-2016-France.jpg\",\"keywords\":[\"tour cyclo-militant\",\"tour v\u00e9lo \u00e9colo\",\"tour de France des Alternatives\",\"C\u00f4tes-d'Armor\",\"cyclo-militant\",\"2016\",\"Pays de la Loire\",\"v\u00e9lo\",\"\u00e9cologique\",\"Tour de France\",\"anti-Tour de France\",\"tour v\u00e9lo \u00e9cologique\",\"bien vivre\",\"parcours\",\"l'\u00e9laboratoire\",\"champ commun\",\"plum fm\",\"brasserie la bambelle\",\"la marmitte\",\"cidredrie du golf\",\"alternatiba auray\",\"l'abeille buissonni\u00e8re\",\"tour de france agro\u00e9cologie\",\"tour de France micro-brasserie\",\"relions les alternatives \u00e0 v\u00e9lo\",\"relier les alternatives \u00e0 v\u00e9lo\",\"tour de France alternatives\",\"tour de France bio\",\"tour de france climat\",\"tour de france \u00e9cologie\",\"tour de france permaculture\",\"tour de france \u00e9colieux\",\"tour de france transition\",\"alternatiba lorient\",\"tour de france \u00e9cologique\",\"tour de france \u00e9colo\",\"parcours v\u00e9lo \u00e9cologique\",\"parcours v\u00e9lo \u00e9colo\",\"\u00e9colo\",\"tour \u00e0 v\u00e9lo \u00e9cologique\",\"tour \u00e0 v\u00e9lo \u00e9colo\",\"tour \u00e0 v\u00e9lo\",\"cyclomilitant\",\"tour cyclomilitant\",\"finist\u00e8re\",\"casi 53\",\"les colibris 53\",\"Alternatri 53\",\"manoir de la gr\u00e9e\",\"zad\",\"bien commun\",\"mayenne\",\"loire atlantique\",\"ille et vilaine\",\"morbihan\",\"gaec radis &amp; co\",\"agro\u00e9cologie\",\"AlterTour 2016\",\"permaculture\",\"autre tour de France\",\"reliez les alternatives \u00e0 v\u00e9lo\",\"Notre Dame des Landes\",\"Piqueuses d\u2019Id\u00e9es\",\"Transition\",\"tour\",\"bretagne\",\"collectif douar didoull\",\"j'ai vu un documentaire\",\"collectif mines de rien\",\"oasis kerlanic\",\"oasis pen an hoat\",\"dessin'acteurs\",\"vivre la rue\",\"keryang\",\"kerterre\",\"ferme autrement\",\"gaec les radicaux libres\",\"alternatiba\",\"spered all\",\"ecocentre du tr\u00e9gor\",\"transtion citoyenne\",\"herbarius\",\"le petit jardin des \u00e9coliers\",\"la maison neuve\",\"\u00e9picerie coop\u00e9rative de fontaine daniel\",\"mayenne en transition\",\"le sou\",\"brasserie associative de montflours\"],\"articleSection\":[\"\u00c9dition 2016\",\"Programmes\"],\"inLanguage\":\"fr-FR\"},{\"@type\":\"WebPage\",\"@id\":\"https:\\\/\\\/www.altercampagne.net\\\/?p=2597\",\"url\":\"https:\\\/\\\/www.altercampagne.net\\\/?p=2597\",\"name\":\"Parcours de l'AlterTour 2016 - AlterTour\",\"isPartOf\":{\"@id\":\"https:\\\/\\\/www.altercampagne.net\\\/#website\"},\"primaryImageOfPage\":{\"@id\":\"https:\\\/\\\/www.altercampagne.net\\\/?p=2597#primaryimage\"},\"image\":{\"@id\":\"https:\\\/\\\/www.altercampagne.net\\\/?p=2597#primaryimage\"},\"thumbnailUrl\":\"http:\\\/\\\/www.altercampagne.net\\\/wp-content\\\/uploads\\\/2014\\\/10\\\/2015-12-13-Parcours-2016-France.jpg\",\"datePublished\":\"2015-12-14T11:25:26+00:00\",\"dateModified\":\"2020-02-24T14:06:37+00:00\",\"author\":{\"@id\":\"https:\\\/\\\/www.altercampagne.net\\\/#\\\/schema\\\/person\\\/0f261460c09e430caa0f9bcffa319109\"},\"breadcrumb\":{\"@id\":\"https:\\\/\\\/www.altercampagne.net\\\/?p=2597#breadcrumb\"},\"inLanguage\":\"fr-FR\",\"potentialAction\":[{\"@type\":\"ReadAction\",\"target\":[\"https:\\\/\\\/www.altercampagne.net\\\/?p=2597\"]}]},{\"@type\":\"ImageObject\",\"inLanguage\":\"fr-FR\",\"@id\":\"https:\\\/\\\/www.altercampagne.net\\\/?p=2597#primaryimage\",\"url\":\"http:\\\/\\\/www.altercampagne.net\\\/wp-content\\\/uploads\\\/2014\\\/10\\\/2015-12-13-Parcours-2016-France.jpg\",\"contentUrl\":\"http:\\\/\\\/www.altercampagne.net\\\/wp-content\\\/uploads\\\/2014\\\/10\\\/2015-12-13-Parcours-2016-France.jpg\"},{\"@type\":\"BreadcrumbList\",\"@id\":\"https:\\\/\\\/www.altercampagne.net\\\/?p=2597#breadcrumb\",\"itemListElement\":[{\"@type\":\"ListItem\",\"position\":1,\"name\":\"Accueil\",\"item\":\"https:\\\/\\\/www.altercampagne.net\\\/\"},{\"@type\":\"ListItem\",\"position\":2,\"name\":\"Parcours de l&rsquo;AlterTour 2016\"}]},{\"@type\":\"WebSite\",\"@id\":\"https:\\\/\\\/www.altercampagne.net\\\/#website\",\"url\":\"https:\\\/\\\/www.altercampagne.net\\\/\",\"name\":\"AlterTour\",\"description\":\"Reliez les Alternatives \u00e0 v\u00e9lo\",\"potentialAction\":[{\"@type\":\"SearchAction\",\"target\":{\"@type\":\"EntryPoint\",\"urlTemplate\":\"https:\\\/\\\/www.altercampagne.net\\\/?s={search_term_string}\"},\"query-input\":{\"@type\":\"PropertyValueSpecification\",\"valueRequired\":true,\"valueName\":\"search_term_string\"}}],\"inLanguage\":\"fr-FR\"},{\"@type\":\"Person\",\"@id\":\"https:\\\/\\\/www.altercampagne.net\\\/#\\\/schema\\\/person\\\/0f261460c09e430caa0f9bcffa319109\",\"name\":\"Mathieu\",\"image\":{\"@type\":\"ImageObject\",\"inLanguage\":\"fr-FR\",\"@id\":\"https:\\\/\\\/secure.gravatar.com\\\/avatar\\\/aa9d3d24c83f2141e5e2709d0f63d09a99f6be6bb7a50abc4915838d9f54501a?s=96&d=mm&r=g\",\"url\":\"https:\\\/\\\/secure.gravatar.com\\\/avatar\\\/aa9d3d24c83f2141e5e2709d0f63d09a99f6be6bb7a50abc4915838d9f54501a?s=96&d=mm&r=g\",\"contentUrl\":\"https:\\\/\\\/secure.gravatar.com\\\/avatar\\\/aa9d3d24c83f2141e5e2709d0f63d09a99f6be6bb7a50abc4915838d9f54501a?s=96&d=mm&r=g\",\"caption\":\"Mathieu\"},\"url\":\"https:\\\/\\\/www.altercampagne.net\\\/?author=214\"}]}<\/script>\n<!-- \/ Yoast SEO plugin. -->","yoast_head_json":{"title":"Parcours de l'AlterTour 2016 - AlterTour","robots":{"index":"index","follow":"follow","max-snippet":"max-snippet:-1","max-image-preview":"max-image-preview:large","max-video-preview":"max-video-preview:-1"},"canonical":"https:\/\/www.altercampagne.net\/?p=2597","og_locale":"fr_FR","og_type":"article","og_title":"Parcours de l'AlterTour 2016 - AlterTour","og_description":"Le parcours 2016 est lanc\u00e9, environs mille kilom\u00e8tres sur 42 jours, \u00e0 travers un bout de Mayenne et beaucoup de Bretagne, en partant de Notre-Dame-des-Landes le dimanche 10 juillet et en arrivant le dimanche 21 ao\u00fbt \u00e0 Rennes. On a recens\u00e9 plein d&rsquo;Alternatives et cela donne bien envie ! Nous ... Read More","og_url":"https:\/\/www.altercampagne.net\/?p=2597","og_site_name":"AlterTour","article_published_time":"2015-12-14T11:25:26+00:00","article_modified_time":"2020-02-24T14:06:37+00:00","og_image":[{"url":"http:\/\/www.altercampagne.net\/wp-content\/uploads\/2014\/10\/2015-12-13-Parcours-2016-France.jpg","type":"","width":"","height":""}],"author":"Mathieu","twitter_card":"summary_large_image","twitter_misc":{"\u00c9crit par":"Mathieu","Dur\u00e9e de lecture estim\u00e9e":"1 minute"},"schema":{"@context":"https:\/\/schema.org","@graph":[{"@type":"Article","@id":"https:\/\/www.altercampagne.net\/?p=2597#article","isPartOf":{"@id":"https:\/\/www.altercampagne.net\/?p=2597"},"author":{"name":"Mathieu","@id":"https:\/\/www.altercampagne.net\/#\/schema\/person\/0f261460c09e430caa0f9bcffa319109"},"headline":"Parcours de l&rsquo;AlterTour 2016","datePublished":"2015-12-14T11:25:26+00:00","dateModified":"2020-02-24T14:06:37+00:00","mainEntityOfPage":{"@id":"https:\/\/www.altercampagne.net\/?p=2597"},"wordCount":248,"image":{"@id":"https:\/\/www.altercampagne.net\/?p=2597#primaryimage"},"thumbnailUrl":"http:\/\/www.altercampagne.net\/wp-content\/uploads\/2014\/10\/2015-12-13-Parcours-2016-France.jpg","keywords":["tour cyclo-militant","tour v\u00e9lo \u00e9colo","tour de France des Alternatives","C\u00f4tes-d'Armor","cyclo-militant","2016","Pays de la Loire","v\u00e9lo","\u00e9cologique","Tour de France","anti-Tour de France","tour v\u00e9lo \u00e9cologique","bien vivre","parcours","l'\u00e9laboratoire","champ commun","plum fm","brasserie la bambelle","la marmitte","cidredrie du golf","alternatiba auray","l'abeille buissonni\u00e8re","tour de france agro\u00e9cologie","tour de France micro-brasserie","relions les alternatives \u00e0 v\u00e9lo","relier les alternatives \u00e0 v\u00e9lo","tour de France alternatives","tour de France bio","tour de france climat","tour de france \u00e9cologie","tour de france permaculture","tour de france \u00e9colieux","tour de france transition","alternatiba lorient","tour de france \u00e9cologique","tour de france \u00e9colo","parcours v\u00e9lo \u00e9cologique","parcours v\u00e9lo \u00e9colo","\u00e9colo","tour \u00e0 v\u00e9lo \u00e9cologique","tour \u00e0 v\u00e9lo \u00e9colo","tour \u00e0 v\u00e9lo","cyclomilitant","tour cyclomilitant","finist\u00e8re","casi 53","les colibris 53","Alternatri 53","manoir de la gr\u00e9e","zad","bien commun","mayenne","loire atlantique","ille et vilaine","morbihan","gaec radis &amp; co","agro\u00e9cologie","AlterTour 2016","permaculture","autre tour de France","reliez les alternatives \u00e0 v\u00e9lo","Notre Dame des Landes","Piqueuses d\u2019Id\u00e9es","Transition","tour","bretagne","collectif douar didoull","j'ai vu un documentaire","collectif mines de rien","oasis kerlanic","oasis pen an hoat","dessin'acteurs","vivre la rue","keryang","kerterre","ferme autrement","gaec les radicaux libres","alternatiba","spered all","ecocentre du tr\u00e9gor","transtion citoyenne","herbarius","le petit jardin des \u00e9coliers","la maison neuve","\u00e9picerie coop\u00e9rative de fontaine daniel","mayenne en transition","le sou","brasserie associative de montflours"],"articleSection":["\u00c9dition 2016","Programmes"],"inLanguage":"fr-FR"},{"@type":"WebPage","@id":"https:\/\/www.altercampagne.net\/?p=2597","url":"https:\/\/www.altercampagne.net\/?p=2597","name":"Parcours de l'AlterTour 2016 - AlterTour","isPartOf":{"@id":"https:\/\/www.altercampagne.net\/#website"},"primaryImageOfPage":{"@id":"https:\/\/www.altercampagne.net\/?p=2597#primaryimage"},"image":{"@id":"https:\/\/www.altercampagne.net\/?p=2597#primaryimage"},"thumbnailUrl":"http:\/\/www.altercampagne.net\/wp-content\/uploads\/2014\/10\/2015-12-13-Parcours-2016-France.jpg","datePublished":"2015-12-14T11:25:26+00:00","dateModified":"2020-02-24T14:06:37+00:00","author":{"@id":"https:\/\/www.altercampagne.net\/#\/schema\/person\/0f261460c09e430caa0f9bcffa319109"},"breadcrumb":{"@id":"https:\/\/www.altercampagne.net\/?p=2597#breadcrumb"},"inLanguage":"fr-FR","potentialAction":[{"@type":"ReadAction","target":["https:\/\/www.altercampagne.net\/?p=2597"]}]},{"@type":"ImageObject","inLanguage":"fr-FR","@id":"https:\/\/www.altercampagne.net\/?p=2597#primaryimage","url":"http:\/\/www.altercampagne.net\/wp-content\/uploads\/2014\/10\/2015-12-13-Parcours-2016-France.jpg","contentUrl":"http:\/\/www.altercampagne.net\/wp-content\/uploads\/2014\/10\/2015-12-13-Parcours-2016-France.jpg"},{"@type":"BreadcrumbList","@id":"https:\/\/www.altercampagne.net\/?p=2597#breadcrumb","itemListElement":[{"@type":"ListItem","position":1,"name":"Accueil","item":"https:\/\/www.altercampagne.net\/"},{"@type":"ListItem","position":2,"name":"Parcours de l&rsquo;AlterTour 2016"}]},{"@type":"WebSite","@id":"https:\/\/www.altercampagne.net\/#website","url":"https:\/\/www.altercampagne.net\/","name":"AlterTour","description":"Reliez les Alternatives \u00e0 v\u00e9lo","potentialAction":[{"@type":"SearchAction","target":{"@type":"EntryPoint","urlTemplate":"https:\/\/www.altercampagne.net\/?s={search_term_string}"},"query-input":{"@type":"PropertyValueSpecification","valueRequired":true,"valueName":"search_term_string"}}],"inLanguage":"fr-FR"},{"@type":"Person","@id":"https:\/\/www.altercampagne.net\/#\/schema\/person\/0f261460c09e430caa0f9bcffa319109","name":"Mathieu","image":{"@type":"ImageObject","inLanguage":"fr-FR","@id":"https:\/\/secure.gravatar.com\/avatar\/aa9d3d24c83f2141e5e2709d0f63d09a99f6be6bb7a50abc4915838d9f54501a?s=96&d=mm&r=g","url":"https:\/\/secure.gravatar.com\/avatar\/aa9d3d24c83f2141e5e2709d0f63d09a99f6be6bb7a50abc4915838d9f54501a?s=96&d=mm&r=g","contentUrl":"https:\/\/secure.gravatar.com\/avatar\/aa9d3d24c83f2141e5e2709d0f63d09a99f6be6bb7a50abc4915838d9f54501a?s=96&d=mm&r=g","caption":"Mathieu"},"url":"https:\/\/www.altercampagne.net\/?author=214"}]}},"_links":{"self":[{"href":"https:\/\/www.altercampagne.net\/index.php?rest_route=\/wp\/v2\/posts\/2597","targetHints":{"allow":["GET"]}}],"collection":[{"href":"https:\/\/www.altercampagne.net\/index.php?rest_route=\/wp\/v2\/posts"}],"about":[{"href":"https:\/\/www.altercampagne.net\/index.php?rest_route=\/wp\/v2\/types\/post"}],"author":[{"embeddable":true,"href":"https:\/\/www.altercampagne.net\/index.php?rest_route=\/wp\/v2\/users\/214"}],"replies":[{"embeddable":true,"href":"https:\/\/www.altercampagne.net\/index.php?rest_route=%2Fwp%2Fv2%2Fcomments&post=2597"}],"version-history":[{"count":1,"href":"https:\/\/www.altercampagne.net\/index.php?rest_route=\/wp\/v2\/posts\/2597\/revisions"}],"predecessor-version":[{"id":17335,"href":"https:\/\/www.altercampagne.net\/index.php?rest_route=\/wp\/v2\/posts\/2597\/revisions\/17335"}],"wp:attachment":[{"href":"https:\/\/www.altercampagne.net\/index.php?rest_route=%2Fwp%2Fv2%2Fmedia&parent=2597"}],"wp:term":[{"taxonomy":"category","embeddable":true,"href":"https:\/\/www.altercampagne.net\/index.php?rest_route=%2Fwp%2Fv2%2Fcategories&post=2597"},{"taxonomy":"post_tag","embeddable":true,"href":"https:\/\/www.altercampagne.net\/index.php?rest_route=%2Fwp%2Fv2%2Ftags&post=2597"}],"curies":[{"name":"wp","href":"https:\/\/api.w.org\/{rel}","templated":true}]}}