{"id":26006,"date":"2022-07-07T09:37:59","date_gmt":"2022-07-07T07:37:59","guid":{"rendered":"https:\/\/www.altercampagne.net\/?p=26006"},"modified":"2022-07-07T09:38:33","modified_gmt":"2022-07-07T07:38:33","slug":"cinq-jeunes-paysan%c2%b7nes-se-sont-installe-sur-les-causses-du-larzac","status":"publish","type":"post","link":"https:\/\/www.altercampagne.net\/?p=26006","title":{"rendered":"Cinq jeunes paysan\u00b7nes se sont install\u00e9 sur les causses du Larzac."},"content":{"rendered":"\n<h4 class=\"wp-block-heading\">Les Truels, une ferme o\u00f9 infusent histoire et projets.<\/h4>\n\n\n\n<p> <a href=\"https:\/\/www.facebook.com\/gaecdestruelsdularzac\/\" target=\"_blank\" rel=\"noreferrer noopener\">La ferme des Truels<\/a> est situ\u00e9e dans le Parc naturel r\u00e9gional des Grands Causses. Aujourd&rsquo;hui, cinq associ\u00e9\u00b7es \u2013 Camille, Claire, Florine, Julien et Thierry \u2013 y <strong>produisent, transforment et vendent sur des march\u00e9s environnants et dans un magasin de producteur\u00b7ices \u00e0 Millau, des fromages de brebis et de ch\u00e8vre, ainsi que du pain.<\/strong> Une particularit\u00e9 des Truels est qu&rsquo;iels participent \u00e0 la <a href=\"https:\/\/larzac.org\/accueil\/un-territoire-organise\/gestion-fonciere\/sctl\/\" target=\"_blank\" rel=\"noreferrer noopener\">soci\u00e9t\u00e9 civile des Terres du Larzac (SCTL)<\/a>, <strong>structure mise en place dans les ann\u00e9es 1980 apr\u00e8s la victoire de la lutte du Larzac, pour que les terres soient r\u00e9parties et g\u00e9r\u00e9es collectivement par les paysan\u00b7nes et les habitant\u00b7es du plateau<\/strong>. Les Truels ont fait le choix que la ferme soit tr\u00e8s accessible financi\u00e8rement. D&rsquo;une part, par une valeur d&rsquo;usage volontairement sous- \u00e9valu\u00e9e par la SCTL de la maison qu&rsquo;iels habitent, et d&rsquo;autre part, par une faible valeur des parts sociales pour rentrer dans le groupement agricole d&rsquo;exploitation en commun (GAEC) cr\u00e9\u00e9 en 2002. Cela favorise ainsi l\u02bc&rsquo;ins- tallation de jeunes paysan\u00b7nes.<\/p>\n\n\n\n<h4 class=\"wp-block-heading\">Dans les quinze prochaines ann\u00e9es, on va apprendre \u00e0 s&rsquo;adapter<\/h4>\n\n\n\n<p> \u00ab J&rsquo;esp\u00e8re que dans quinze ans, on aura r\u00e9ussi \u00e0 valoriser nous-m\u00eames tous les animaux (agneaux et chevreaux sevr\u00e9s, brebis de r\u00e9forme). On a commenc\u00e9 la vente des premiers agneaux de lait. On a aujourd&rsquo;hui six cochons qui peuvent se nourrir de petit-lait et de son de bl\u00e9. On a le souhait de reprendre en main cette partie-l\u00e0 de la cha\u00eene. Dans quinze ans, on se sera aussi adapt\u00e9 au changement climatique. <strong>Nous ne sommes pas les plus touch\u00e9\u00b7es car les Causses ne retiennent pas l&rsquo;eau et la flore end\u00e9mique est adapt\u00e9e \u00e0 la chaleur et au manque d&rsquo;eau, mais si la ressource en herbe diminue, on devra r\u00e9fl\u00e9chir \u00e0 la taille du troupeau<\/strong> qui passe aujourd&rsquo;hui six \u00e0 sept mois en plein air. D&rsquo;ici quinze ans, on aura aussi \u00e0 r\u00e9fl\u00e9chir \u00e0 l&rsquo;impact de la pr\u00e9sence du loup. On va devoir s&rsquo;adapter. On ne sait jamais, mais pour ma part, dans quinze ans je pense \u00eatre toujours l\u00e0, c&rsquo;est mon projet de vie ! \u00bb<\/p>\n\n\n\n<p>Florine, paysanne fermi\u00e8re charg\u00e9e de l\u02bc\u00e9levage et de la culture aux Truels<\/p>\n\n\n\n<p class=\"has-text-align-right\">Charlotte<\/p>\n\n\n\n<p><strong>L&rsquo;AlterTour sera \u00e0 la ferme des Truels le 6 aout  \u00e0  Millau (12)<\/strong>. Retrouvez toutes les informations sur le <a href=\"https:\/\/www.altercampagne.net\/?page_id=20515\" target=\"_blank\" rel=\"noreferrer noopener\"><strong>programme de l&rsquo;AlterTour<\/strong>.<\/a><\/p>\n","protected":false},"excerpt":{"rendered":"<p>Les Truels, une ferme o\u00f9 infusent histoire et projets. La ferme des Truels est situ\u00e9e dans le Parc naturel r\u00e9gional des Grands Causses. Aujourd&rsquo;hui, cinq associ\u00e9\u00b7es \u2013 Camille, Claire, Florine, Julien et Thierry \u2013 y produisent, transforment et vendent sur des march\u00e9s environnants et dans un magasin de producteur\u00b7ices \u00e0 &#8230; <\/p>\n<div><a href=\"https:\/\/www.altercampagne.net\/?p=26006\" class=\"more-link\">Read More<\/a><\/div>\n","protected":false},"author":243,"featured_media":25171,"comment_status":"closed","ping_status":"closed","sticky":false,"template":"","format":"standard","meta":{"footnotes":""},"categories":[3483,4313,3489,4357,3480],"tags":[],"class_list":["post-26006","post","type-post","status-publish","format-standard","has-post-thumbnail","hentry","category-agriculture","category-altertour","category-alimentation","category-edition-2022","category-occitanie"],"yoast_head":"<!-- This site is optimized with the Yoast SEO plugin v27.3 - https:\/\/yoast.com\/product\/yoast-seo-wordpress\/ -->\n<title>Cinq jeunes paysan\u00b7nes se sont install\u00e9 sur les causses du Larzac. - AlterTour<\/title>\n<meta name=\"robots\" content=\"index, follow, max-snippet:-1, max-image-preview:large, max-video-preview:-1\" \/>\n<link rel=\"canonical\" href=\"https:\/\/www.altercampagne.net\/?p=26006\" \/>\n<meta property=\"og:locale\" content=\"fr_FR\" \/>\n<meta property=\"og:type\" content=\"article\" \/>\n<meta property=\"og:title\" content=\"Cinq jeunes paysan\u00b7nes se sont install\u00e9 sur les causses du Larzac. - AlterTour\" \/>\n<meta property=\"og:description\" content=\"Les Truels, une ferme o\u00f9 infusent histoire et projets. La ferme des Truels est situ\u00e9e dans le Parc naturel r\u00e9gional des Grands Causses. Aujourd&rsquo;hui, cinq associ\u00e9\u00b7es \u2013 Camille, Claire, Florine, Julien et Thierry \u2013 y produisent, transforment et vendent sur des march\u00e9s environnants et dans un magasin de producteur\u00b7ices \u00e0 ... Read More\" \/>\n<meta property=\"og:url\" content=\"https:\/\/www.altercampagne.net\/?p=26006\" \/>\n<meta property=\"og:site_name\" content=\"AlterTour\" \/>\n<meta property=\"article:published_time\" content=\"2022-07-07T07:37:59+00:00\" \/>\n<meta property=\"article:modified_time\" content=\"2022-07-07T07:38:33+00:00\" \/>\n<meta property=\"og:image\" content=\"https:\/\/www.altercampagne.net\/wp-content\/uploads\/2022\/04\/IMGP7966truels-scaled.jpg\" \/>\n\t<meta property=\"og:image:width\" content=\"2560\" \/>\n\t<meta property=\"og:image:height\" content=\"1714\" \/>\n\t<meta property=\"og:image:type\" content=\"image\/jpeg\" \/>\n<meta name=\"author\" content=\"Lo\u00efc\" \/>\n<meta name=\"twitter:card\" content=\"summary_large_image\" \/>\n<meta name=\"twitter:label1\" content=\"\u00c9crit par\" \/>\n\t<meta name=\"twitter:data1\" content=\"Lo\u00efc\" \/>\n\t<meta name=\"twitter:label2\" content=\"Dur\u00e9e de lecture estim\u00e9e\" \/>\n\t<meta name=\"twitter:data2\" content=\"2 minutes\" \/>\n<script type=\"application\/ld+json\" class=\"yoast-schema-graph\">{\"@context\":\"https:\\\/\\\/schema.org\",\"@graph\":[{\"@type\":\"Article\",\"@id\":\"https:\\\/\\\/www.altercampagne.net\\\/?p=26006#article\",\"isPartOf\":{\"@id\":\"https:\\\/\\\/www.altercampagne.net\\\/?p=26006\"},\"author\":{\"name\":\"Lo\u00efc\",\"@id\":\"https:\\\/\\\/www.altercampagne.net\\\/#\\\/schema\\\/person\\\/e7caa15702cb743b05c9af366c4cb5f7\"},\"headline\":\"Cinq jeunes paysan\u00b7nes se sont install\u00e9 sur les causses du Larzac.\",\"datePublished\":\"2022-07-07T07:37:59+00:00\",\"dateModified\":\"2022-07-07T07:38:33+00:00\",\"mainEntityOfPage\":{\"@id\":\"https:\\\/\\\/www.altercampagne.net\\\/?p=26006\"},\"wordCount\":431,\"image\":{\"@id\":\"https:\\\/\\\/www.altercampagne.net\\\/?p=26006#primaryimage\"},\"thumbnailUrl\":\"https:\\\/\\\/www.altercampagne.net\\\/wp-content\\\/uploads\\\/2022\\\/04\\\/IMGP7966truels-scaled-e1665507704211.jpg\",\"articleSection\":[\"Agriculture\",\"AlterTour\",\"Alimentation\",\"Edition 2022\",\"Occitanie\"],\"inLanguage\":\"fr-FR\"},{\"@type\":\"WebPage\",\"@id\":\"https:\\\/\\\/www.altercampagne.net\\\/?p=26006\",\"url\":\"https:\\\/\\\/www.altercampagne.net\\\/?p=26006\",\"name\":\"Cinq jeunes paysan\u00b7nes se sont install\u00e9 sur les causses du Larzac. - AlterTour\",\"isPartOf\":{\"@id\":\"https:\\\/\\\/www.altercampagne.net\\\/#website\"},\"primaryImageOfPage\":{\"@id\":\"https:\\\/\\\/www.altercampagne.net\\\/?p=26006#primaryimage\"},\"image\":{\"@id\":\"https:\\\/\\\/www.altercampagne.net\\\/?p=26006#primaryimage\"},\"thumbnailUrl\":\"https:\\\/\\\/www.altercampagne.net\\\/wp-content\\\/uploads\\\/2022\\\/04\\\/IMGP7966truels-scaled-e1665507704211.jpg\",\"datePublished\":\"2022-07-07T07:37:59+00:00\",\"dateModified\":\"2022-07-07T07:38:33+00:00\",\"author\":{\"@id\":\"https:\\\/\\\/www.altercampagne.net\\\/#\\\/schema\\\/person\\\/e7caa15702cb743b05c9af366c4cb5f7\"},\"breadcrumb\":{\"@id\":\"https:\\\/\\\/www.altercampagne.net\\\/?p=26006#breadcrumb\"},\"inLanguage\":\"fr-FR\",\"potentialAction\":[{\"@type\":\"ReadAction\",\"target\":[\"https:\\\/\\\/www.altercampagne.net\\\/?p=26006\"]}]},{\"@type\":\"ImageObject\",\"inLanguage\":\"fr-FR\",\"@id\":\"https:\\\/\\\/www.altercampagne.net\\\/?p=26006#primaryimage\",\"url\":\"https:\\\/\\\/www.altercampagne.net\\\/wp-content\\\/uploads\\\/2022\\\/04\\\/IMGP7966truels-scaled-e1665507704211.jpg\",\"contentUrl\":\"https:\\\/\\\/www.altercampagne.net\\\/wp-content\\\/uploads\\\/2022\\\/04\\\/IMGP7966truels-scaled-e1665507704211.jpg\",\"width\":353,\"height\":236},{\"@type\":\"BreadcrumbList\",\"@id\":\"https:\\\/\\\/www.altercampagne.net\\\/?p=26006#breadcrumb\",\"itemListElement\":[{\"@type\":\"ListItem\",\"position\":1,\"name\":\"Accueil\",\"item\":\"https:\\\/\\\/www.altercampagne.net\\\/\"},{\"@type\":\"ListItem\",\"position\":2,\"name\":\"Cinq jeunes paysan\u00b7nes se sont install\u00e9 sur les causses du Larzac.\"}]},{\"@type\":\"WebSite\",\"@id\":\"https:\\\/\\\/www.altercampagne.net\\\/#website\",\"url\":\"https:\\\/\\\/www.altercampagne.net\\\/\",\"name\":\"AlterTour\",\"description\":\"Reliez les Alternatives \u00e0 v\u00e9lo\",\"potentialAction\":[{\"@type\":\"SearchAction\",\"target\":{\"@type\":\"EntryPoint\",\"urlTemplate\":\"https:\\\/\\\/www.altercampagne.net\\\/?s={search_term_string}\"},\"query-input\":{\"@type\":\"PropertyValueSpecification\",\"valueRequired\":true,\"valueName\":\"search_term_string\"}}],\"inLanguage\":\"fr-FR\"},{\"@type\":\"Person\",\"@id\":\"https:\\\/\\\/www.altercampagne.net\\\/#\\\/schema\\\/person\\\/e7caa15702cb743b05c9af366c4cb5f7\",\"name\":\"Lo\u00efc\",\"image\":{\"@type\":\"ImageObject\",\"inLanguage\":\"fr-FR\",\"@id\":\"https:\\\/\\\/secure.gravatar.com\\\/avatar\\\/f07bacd5527a145229f78a71f4d46d4b9aeb4c9ba68c699d87c91e3155f0877b?s=96&d=mm&r=g\",\"url\":\"https:\\\/\\\/secure.gravatar.com\\\/avatar\\\/f07bacd5527a145229f78a71f4d46d4b9aeb4c9ba68c699d87c91e3155f0877b?s=96&d=mm&r=g\",\"contentUrl\":\"https:\\\/\\\/secure.gravatar.com\\\/avatar\\\/f07bacd5527a145229f78a71f4d46d4b9aeb4c9ba68c699d87c91e3155f0877b?s=96&d=mm&r=g\",\"caption\":\"Lo\u00efc\"},\"url\":\"https:\\\/\\\/www.altercampagne.net\\\/?author=243\"}]}<\/script>\n<!-- \/ Yoast SEO plugin. -->","yoast_head_json":{"title":"Cinq jeunes paysan\u00b7nes se sont install\u00e9 sur les causses du Larzac. - AlterTour","robots":{"index":"index","follow":"follow","max-snippet":"max-snippet:-1","max-image-preview":"max-image-preview:large","max-video-preview":"max-video-preview:-1"},"canonical":"https:\/\/www.altercampagne.net\/?p=26006","og_locale":"fr_FR","og_type":"article","og_title":"Cinq jeunes paysan\u00b7nes se sont install\u00e9 sur les causses du Larzac. - AlterTour","og_description":"Les Truels, une ferme o\u00f9 infusent histoire et projets. La ferme des Truels est situ\u00e9e dans le Parc naturel r\u00e9gional des Grands Causses. Aujourd&rsquo;hui, cinq associ\u00e9\u00b7es \u2013 Camille, Claire, Florine, Julien et Thierry \u2013 y produisent, transforment et vendent sur des march\u00e9s environnants et dans un magasin de producteur\u00b7ices \u00e0 ... Read More","og_url":"https:\/\/www.altercampagne.net\/?p=26006","og_site_name":"AlterTour","article_published_time":"2022-07-07T07:37:59+00:00","article_modified_time":"2022-07-07T07:38:33+00:00","og_image":[{"width":2560,"height":1714,"url":"https:\/\/www.altercampagne.net\/wp-content\/uploads\/2022\/04\/IMGP7966truels-scaled.jpg","type":"image\/jpeg"}],"author":"Lo\u00efc","twitter_card":"summary_large_image","twitter_misc":{"\u00c9crit par":"Lo\u00efc","Dur\u00e9e de lecture estim\u00e9e":"2 minutes"},"schema":{"@context":"https:\/\/schema.org","@graph":[{"@type":"Article","@id":"https:\/\/www.altercampagne.net\/?p=26006#article","isPartOf":{"@id":"https:\/\/www.altercampagne.net\/?p=26006"},"author":{"name":"Lo\u00efc","@id":"https:\/\/www.altercampagne.net\/#\/schema\/person\/e7caa15702cb743b05c9af366c4cb5f7"},"headline":"Cinq jeunes paysan\u00b7nes se sont install\u00e9 sur les causses du Larzac.","datePublished":"2022-07-07T07:37:59+00:00","dateModified":"2022-07-07T07:38:33+00:00","mainEntityOfPage":{"@id":"https:\/\/www.altercampagne.net\/?p=26006"},"wordCount":431,"image":{"@id":"https:\/\/www.altercampagne.net\/?p=26006#primaryimage"},"thumbnailUrl":"https:\/\/www.altercampagne.net\/wp-content\/uploads\/2022\/04\/IMGP7966truels-scaled-e1665507704211.jpg","articleSection":["Agriculture","AlterTour","Alimentation","Edition 2022","Occitanie"],"inLanguage":"fr-FR"},{"@type":"WebPage","@id":"https:\/\/www.altercampagne.net\/?p=26006","url":"https:\/\/www.altercampagne.net\/?p=26006","name":"Cinq jeunes paysan\u00b7nes se sont install\u00e9 sur les causses du Larzac. - AlterTour","isPartOf":{"@id":"https:\/\/www.altercampagne.net\/#website"},"primaryImageOfPage":{"@id":"https:\/\/www.altercampagne.net\/?p=26006#primaryimage"},"image":{"@id":"https:\/\/www.altercampagne.net\/?p=26006#primaryimage"},"thumbnailUrl":"https:\/\/www.altercampagne.net\/wp-content\/uploads\/2022\/04\/IMGP7966truels-scaled-e1665507704211.jpg","datePublished":"2022-07-07T07:37:59+00:00","dateModified":"2022-07-07T07:38:33+00:00","author":{"@id":"https:\/\/www.altercampagne.net\/#\/schema\/person\/e7caa15702cb743b05c9af366c4cb5f7"},"breadcrumb":{"@id":"https:\/\/www.altercampagne.net\/?p=26006#breadcrumb"},"inLanguage":"fr-FR","potentialAction":[{"@type":"ReadAction","target":["https:\/\/www.altercampagne.net\/?p=26006"]}]},{"@type":"ImageObject","inLanguage":"fr-FR","@id":"https:\/\/www.altercampagne.net\/?p=26006#primaryimage","url":"https:\/\/www.altercampagne.net\/wp-content\/uploads\/2022\/04\/IMGP7966truels-scaled-e1665507704211.jpg","contentUrl":"https:\/\/www.altercampagne.net\/wp-content\/uploads\/2022\/04\/IMGP7966truels-scaled-e1665507704211.jpg","width":353,"height":236},{"@type":"BreadcrumbList","@id":"https:\/\/www.altercampagne.net\/?p=26006#breadcrumb","itemListElement":[{"@type":"ListItem","position":1,"name":"Accueil","item":"https:\/\/www.altercampagne.net\/"},{"@type":"ListItem","position":2,"name":"Cinq jeunes paysan\u00b7nes se sont install\u00e9 sur les causses du Larzac."}]},{"@type":"WebSite","@id":"https:\/\/www.altercampagne.net\/#website","url":"https:\/\/www.altercampagne.net\/","name":"AlterTour","description":"Reliez les Alternatives \u00e0 v\u00e9lo","potentialAction":[{"@type":"SearchAction","target":{"@type":"EntryPoint","urlTemplate":"https:\/\/www.altercampagne.net\/?s={search_term_string}"},"query-input":{"@type":"PropertyValueSpecification","valueRequired":true,"valueName":"search_term_string"}}],"inLanguage":"fr-FR"},{"@type":"Person","@id":"https:\/\/www.altercampagne.net\/#\/schema\/person\/e7caa15702cb743b05c9af366c4cb5f7","name":"Lo\u00efc","image":{"@type":"ImageObject","inLanguage":"fr-FR","@id":"https:\/\/secure.gravatar.com\/avatar\/f07bacd5527a145229f78a71f4d46d4b9aeb4c9ba68c699d87c91e3155f0877b?s=96&d=mm&r=g","url":"https:\/\/secure.gravatar.com\/avatar\/f07bacd5527a145229f78a71f4d46d4b9aeb4c9ba68c699d87c91e3155f0877b?s=96&d=mm&r=g","contentUrl":"https:\/\/secure.gravatar.com\/avatar\/f07bacd5527a145229f78a71f4d46d4b9aeb4c9ba68c699d87c91e3155f0877b?s=96&d=mm&r=g","caption":"Lo\u00efc"},"url":"https:\/\/www.altercampagne.net\/?author=243"}]}},"_links":{"self":[{"href":"https:\/\/www.altercampagne.net\/index.php?rest_route=\/wp\/v2\/posts\/26006","targetHints":{"allow":["GET"]}}],"collection":[{"href":"https:\/\/www.altercampagne.net\/index.php?rest_route=\/wp\/v2\/posts"}],"about":[{"href":"https:\/\/www.altercampagne.net\/index.php?rest_route=\/wp\/v2\/types\/post"}],"author":[{"embeddable":true,"href":"https:\/\/www.altercampagne.net\/index.php?rest_route=\/wp\/v2\/users\/243"}],"replies":[{"embeddable":true,"href":"https:\/\/www.altercampagne.net\/index.php?rest_route=%2Fwp%2Fv2%2Fcomments&post=26006"}],"version-history":[{"count":2,"href":"https:\/\/www.altercampagne.net\/index.php?rest_route=\/wp\/v2\/posts\/26006\/revisions"}],"predecessor-version":[{"id":26009,"href":"https:\/\/www.altercampagne.net\/index.php?rest_route=\/wp\/v2\/posts\/26006\/revisions\/26009"}],"wp:featuredmedia":[{"embeddable":true,"href":"https:\/\/www.altercampagne.net\/index.php?rest_route=\/wp\/v2\/media\/25171"}],"wp:attachment":[{"href":"https:\/\/www.altercampagne.net\/index.php?rest_route=%2Fwp%2Fv2%2Fmedia&parent=26006"}],"wp:term":[{"taxonomy":"category","embeddable":true,"href":"https:\/\/www.altercampagne.net\/index.php?rest_route=%2Fwp%2Fv2%2Fcategories&post=26006"},{"taxonomy":"post_tag","embeddable":true,"href":"https:\/\/www.altercampagne.net\/index.php?rest_route=%2Fwp%2Fv2%2Ftags&post=26006"}],"curies":[{"name":"wp","href":"https:\/\/api.w.org\/{rel}","templated":true}]}}