{"id":26033,"date":"2022-07-14T14:09:33","date_gmt":"2022-07-14T12:09:33","guid":{"rendered":"https:\/\/www.altercampagne.net\/?p=26033"},"modified":"2022-07-22T22:24:20","modified_gmt":"2022-07-22T20:24:20","slug":"la-jardin-du-petit-pessicart-un-lieu-sauvage-sur-une-colline-nicoise","status":"publish","type":"post","link":"https:\/\/www.altercampagne.net\/?p=26033","title":{"rendered":"Le Jardin du Petit Pessicart, un lieu sauvage sur une colline ni\u00e7oise"},"content":{"rendered":"\n<p>Quitter la cuvette ensoleill\u00e9e de Nice pour prendre de la hauteur.<br>Chauffer ses mollets sur les pentes urbanis\u00e9es et les c\u00f4tes macadamis\u00e9es.<br>Descendre de sa selle au sommet d&rsquo;une colline ombrag\u00e9e par les arbres, avec vue sur le centre-ville et la mer.<\/p>\n\n\n\n<figure class=\"wp-block-image size-large\"><a href=\"https:\/\/www.altercampagne.net\/wp-content\/uploads\/2022\/07\/DSCF1109-petit-pessicart2-web-2.jpg\"><img loading=\"lazy\" decoding=\"async\" width=\"1024\" height=\"682\" src=\"https:\/\/www.altercampagne.net\/wp-content\/uploads\/2022\/07\/DSCF1109-petit-pessicart2-web-2-1024x682.jpg\" alt=\"\" class=\"wp-image-26044\" srcset=\"https:\/\/www.altercampagne.net\/wp-content\/uploads\/2022\/07\/DSCF1109-petit-pessicart2-web-2-1024x682.jpg 1024w, https:\/\/www.altercampagne.net\/wp-content\/uploads\/2022\/07\/DSCF1109-petit-pessicart2-web-2-300x200.jpg 300w, https:\/\/www.altercampagne.net\/wp-content\/uploads\/2022\/07\/DSCF1109-petit-pessicart2-web-2-768x512.jpg 768w, https:\/\/www.altercampagne.net\/wp-content\/uploads\/2022\/07\/DSCF1109-petit-pessicart2-web-2-1536x1024.jpg 1536w, https:\/\/www.altercampagne.net\/wp-content\/uploads\/2022\/07\/DSCF1109-petit-pessicart2-web-2-610x407.jpg 610w, https:\/\/www.altercampagne.net\/wp-content\/uploads\/2022\/07\/DSCF1109-petit-pessicart2-web-2-100x67.jpg 100w, https:\/\/www.altercampagne.net\/wp-content\/uploads\/2022\/07\/DSCF1109-petit-pessicart2-web-2-862x575.jpg 862w, https:\/\/www.altercampagne.net\/wp-content\/uploads\/2022\/07\/DSCF1109-petit-pessicart2-web-2-1140x760.jpg 1140w, https:\/\/www.altercampagne.net\/wp-content\/uploads\/2022\/07\/DSCF1109-petit-pessicart2-web-2.jpg 2000w\" sizes=\"auto, (max-width: 1024px) 100vw, 1024px\" \/><\/a><figcaption>Photographies par Orianne Drouet.<\/figcaption><\/figure>\n\n\n\n<p>C&rsquo;est sur ce lieu encore un peu sauvage que<strong> commence l&rsquo;\u00e9dition 2022 de l&rsquo;Altertour<\/strong>. Un terrain qui a \u00e9chapp\u00e9 \u00e0 l&rsquo;urbanisation ni\u00e7oise: \u00e0 la place des immeubles \u00e0 appartements et villas \u00e0 piscine, <a href=\"https:\/\/www.shilakong.org\/\">le Jardin du Petit Pessicart<\/a> s&rsquo;\u00e9tend sur 1 hectare sur le flanc de la colline.<br>Les altercyclistes entament la matin\u00e9e par un chantier participatif anim\u00e9 cet \u00e9t\u00e9 par Elo\u00efse sur le lieu. \u00ab\u00a0<strong>Habiter le monde autrement<\/strong>\u00ab\u00a0, c&rsquo;est ce qu&rsquo;elle propose \u00e0 travers une formation \u00e0 la construction d&rsquo;un d\u00f4me en chaux et chanvre, un type d&rsquo;habitat l\u00e9ger et \u00e9cologique.<\/p>\n\n\n\n<figure class=\"wp-block-image size-large\"><a href=\"https:\/\/www.altercampagne.net\/wp-content\/uploads\/2022\/07\/DSCF1040-web-scaled.jpg\"><img loading=\"lazy\" decoding=\"async\" width=\"1024\" height=\"683\" src=\"https:\/\/www.altercampagne.net\/wp-content\/uploads\/2022\/07\/DSCF1040-web-1024x683.jpg\" alt=\"\" class=\"wp-image-26039\" srcset=\"https:\/\/www.altercampagne.net\/wp-content\/uploads\/2022\/07\/DSCF1040-web-1024x683.jpg 1024w, https:\/\/www.altercampagne.net\/wp-content\/uploads\/2022\/07\/DSCF1040-web-300x200.jpg 300w, https:\/\/www.altercampagne.net\/wp-content\/uploads\/2022\/07\/DSCF1040-web-768x512.jpg 768w, https:\/\/www.altercampagne.net\/wp-content\/uploads\/2022\/07\/DSCF1040-web-1536x1024.jpg 1536w, https:\/\/www.altercampagne.net\/wp-content\/uploads\/2022\/07\/DSCF1040-web-2048x1365.jpg 2048w, https:\/\/www.altercampagne.net\/wp-content\/uploads\/2022\/07\/DSCF1040-web-610x407.jpg 610w, https:\/\/www.altercampagne.net\/wp-content\/uploads\/2022\/07\/DSCF1040-web-100x67.jpg 100w, https:\/\/www.altercampagne.net\/wp-content\/uploads\/2022\/07\/DSCF1040-web-862x575.jpg 862w, https:\/\/www.altercampagne.net\/wp-content\/uploads\/2022\/07\/DSCF1040-web-1140x760.jpg 1140w\" sizes=\"auto, (max-width: 1024px) 100vw, 1024px\" \/><\/a><\/figure>\n\n\n\n<p><br>\u00ab\u00a0<em>Il faut 90 jours pour cultiver 1 ha de chanvre, 25 ans pour des arbres. Le chanvre est donc beaucoup plus int\u00e9ressant que le bois pour la construction d&rsquo;habitats<\/em>\u00ab\u00a0, nous transmet Elo\u00efse en introduction au chantier. Associ\u00e9e \u00e0 la chaux, la paille de chanvre permet aussi une r\u00e9gulation de la temp\u00e9rature et de l&rsquo;humidit\u00e9 tout au long de l&rsquo;ann\u00e9e.<br><strong>Construire son d\u00f4me, c&rsquo;est participer \u00e0 la r\u00e9alisation de son propre habitat, c&rsquo;est proposer un mode de vie plus int\u00e9gr\u00e9 \u00e0 la nature, plus durable.<\/strong><\/p>\n\n\n\n<figure class=\"wp-block-image size-large\"><a href=\"https:\/\/www.altercampagne.net\/wp-content\/uploads\/2022\/07\/DSCF1085-petit-pessicart4-scaled.jpg\"><img loading=\"lazy\" decoding=\"async\" width=\"1024\" height=\"683\" src=\"https:\/\/www.altercampagne.net\/wp-content\/uploads\/2022\/07\/DSCF1085-petit-pessicart4-1024x683.jpg\" alt=\"\" class=\"wp-image-26076\" srcset=\"https:\/\/www.altercampagne.net\/wp-content\/uploads\/2022\/07\/DSCF1085-petit-pessicart4-1024x683.jpg 1024w, https:\/\/www.altercampagne.net\/wp-content\/uploads\/2022\/07\/DSCF1085-petit-pessicart4-300x200.jpg 300w, https:\/\/www.altercampagne.net\/wp-content\/uploads\/2022\/07\/DSCF1085-petit-pessicart4-768x512.jpg 768w, https:\/\/www.altercampagne.net\/wp-content\/uploads\/2022\/07\/DSCF1085-petit-pessicart4-1536x1024.jpg 1536w\" sizes=\"auto, (max-width: 1024px) 100vw, 1024px\" \/><\/a><\/figure>\n\n\n\n<p>L&rsquo;apr\u00e8s-midi, le groupe prend le temps de d\u00e9couvrir le Jardin, pr\u00e9sent\u00e9 par Olivier, l&rsquo;un des cr\u00e9ateurs du lieu. La vocation de cet endroit est de <strong>cr\u00e9er un jardin p\u00e9dagogique en permaculture o\u00f9 adultes et enfants peuvent venir se connecter \u00e0 la nature, apprendre, (se) former<\/strong>.<br>L&rsquo;accent est particuli\u00e8rement mis sur l&rsquo;enfant : les membres du Jardin rendent visite et accueillent des \u00e9coles pour les accompagner dans la transition. Le projet va plus loin encore puisqu&rsquo;une \u00e9cole pour enfants est pr\u00e9sente sur le lieu. \u00c0 partir de l&rsquo;observation de la nature, du jardinage, du v\u00e9cu en ext\u00e9rieur, <strong>les apprentissages scolaires sont ancr\u00e9s dans le r\u00e9el<\/strong>, sont amen\u00e9s par l&rsquo;impr\u00e9vu du sauvage, par le rythme des saisons, par les actes du jardinier et de la jardini\u00e8re.<\/p>\n\n\n\n<p>En soir\u00e9e, une rencontre est pr\u00e9vue entre le groupe de l&rsquo;Altertour et Lo\u00efc, b\u00e9n\u00e9vole chez Emma\u00fcs Roya. Un t\u00e9moignage fort sur l&rsquo;accueil des migrants et personnes pr\u00e9caris\u00e9es dans une petite vall\u00e9e fran\u00e7aise presque enclav\u00e9e en Italie, alors que l&rsquo;Etat fran\u00e7ais m\u00e8ne une politique de refoulement des migrants et de fermeture de fronti\u00e8re<\/p>\n\n\n\n<p class=\"has-text-align-right\">Guiboss&nbsp;<\/p>\n","protected":false},"excerpt":{"rendered":"<p>Un terrain qui a \u00e9chapp\u00e9 \u00e0 l&rsquo;urbanisation ni\u00e7oise: \u00e0 la place des immeubles \u00e0 appartements et villas \u00e0 piscine, le Jardin du Petit Pessicart s&rsquo;\u00e9tend sur 1 hectare sur le flanc de la colline.<\/p>\n","protected":false},"author":316,"featured_media":26038,"comment_status":"closed","ping_status":"closed","sticky":false,"template":"","format":"standard","meta":{"footnotes":""},"categories":[4357,3485,3482],"tags":[],"class_list":["post-26033","post","type-post","status-publish","format-standard","has-post-thumbnail","hentry","category-edition-2022","category-habitat","category-provence-alpes-cote-dazur"],"yoast_head":"<!-- This site is optimized with the Yoast SEO plugin v27.3 - https:\/\/yoast.com\/product\/yoast-seo-wordpress\/ -->\n<title>Le Jardin du Petit Pessicart, un lieu sauvage sur une colline ni\u00e7oise - AlterTour<\/title>\n<meta name=\"robots\" content=\"index, follow, max-snippet:-1, max-image-preview:large, max-video-preview:-1\" \/>\n<link rel=\"canonical\" href=\"https:\/\/www.altercampagne.net\/?p=26033\" \/>\n<meta property=\"og:locale\" content=\"fr_FR\" \/>\n<meta property=\"og:type\" content=\"article\" \/>\n<meta property=\"og:title\" content=\"Le Jardin du Petit Pessicart, un lieu sauvage sur une colline ni\u00e7oise - AlterTour\" \/>\n<meta property=\"og:description\" content=\"Un terrain qui a \u00e9chapp\u00e9 \u00e0 l&#039;urbanisation ni\u00e7oise: \u00e0 la place des immeubles \u00e0 appartements et villas \u00e0 piscine, le Jardin du Petit Pessicart s&#039;\u00e9tend sur 1 hectare sur le flanc de la colline.\" \/>\n<meta property=\"og:url\" content=\"https:\/\/www.altercampagne.net\/?p=26033\" \/>\n<meta property=\"og:site_name\" content=\"AlterTour\" \/>\n<meta property=\"article:published_time\" content=\"2022-07-14T12:09:33+00:00\" \/>\n<meta property=\"article:modified_time\" content=\"2022-07-22T20:24:20+00:00\" \/>\n<meta property=\"og:image\" content=\"https:\/\/www.altercampagne.net\/wp-content\/uploads\/2022\/07\/DSCF1099-petit-pessicart-1-web-scaled.jpg\" \/>\n\t<meta property=\"og:image:width\" content=\"2560\" \/>\n\t<meta property=\"og:image:height\" content=\"1426\" \/>\n\t<meta property=\"og:image:type\" content=\"image\/jpeg\" \/>\n<meta name=\"author\" content=\"Jonas\" \/>\n<meta name=\"twitter:card\" content=\"summary_large_image\" \/>\n<meta name=\"twitter:label1\" content=\"\u00c9crit par\" \/>\n\t<meta name=\"twitter:data1\" content=\"Jonas\" \/>\n\t<meta name=\"twitter:label2\" content=\"Dur\u00e9e de lecture estim\u00e9e\" \/>\n\t<meta name=\"twitter:data2\" content=\"3 minutes\" \/>\n<script type=\"application\/ld+json\" class=\"yoast-schema-graph\">{\"@context\":\"https:\\\/\\\/schema.org\",\"@graph\":[{\"@type\":\"Article\",\"@id\":\"https:\\\/\\\/www.altercampagne.net\\\/?p=26033#article\",\"isPartOf\":{\"@id\":\"https:\\\/\\\/www.altercampagne.net\\\/?p=26033\"},\"author\":{\"name\":\"Jonas\",\"@id\":\"https:\\\/\\\/www.altercampagne.net\\\/#\\\/schema\\\/person\\\/308dc295a67929d58321ff6b59820daa\"},\"headline\":\"Le Jardin du Petit Pessicart, un lieu sauvage sur une colline ni\u00e7oise\",\"datePublished\":\"2022-07-14T12:09:33+00:00\",\"dateModified\":\"2022-07-22T20:24:20+00:00\",\"mainEntityOfPage\":{\"@id\":\"https:\\\/\\\/www.altercampagne.net\\\/?p=26033\"},\"wordCount\":470,\"image\":{\"@id\":\"https:\\\/\\\/www.altercampagne.net\\\/?p=26033#primaryimage\"},\"thumbnailUrl\":\"https:\\\/\\\/www.altercampagne.net\\\/wp-content\\\/uploads\\\/2022\\\/07\\\/DSCF1099-petit-pessicart-1-web-scaled.jpg\",\"articleSection\":[\"Edition 2022\",\"Habitat\",\"Provence-Alpes-C\u00f4te d'Azur\"],\"inLanguage\":\"fr-FR\"},{\"@type\":\"WebPage\",\"@id\":\"https:\\\/\\\/www.altercampagne.net\\\/?p=26033\",\"url\":\"https:\\\/\\\/www.altercampagne.net\\\/?p=26033\",\"name\":\"Le Jardin du Petit Pessicart, un lieu sauvage sur une colline ni\u00e7oise - AlterTour\",\"isPartOf\":{\"@id\":\"https:\\\/\\\/www.altercampagne.net\\\/#website\"},\"primaryImageOfPage\":{\"@id\":\"https:\\\/\\\/www.altercampagne.net\\\/?p=26033#primaryimage\"},\"image\":{\"@id\":\"https:\\\/\\\/www.altercampagne.net\\\/?p=26033#primaryimage\"},\"thumbnailUrl\":\"https:\\\/\\\/www.altercampagne.net\\\/wp-content\\\/uploads\\\/2022\\\/07\\\/DSCF1099-petit-pessicart-1-web-scaled.jpg\",\"datePublished\":\"2022-07-14T12:09:33+00:00\",\"dateModified\":\"2022-07-22T20:24:20+00:00\",\"author\":{\"@id\":\"https:\\\/\\\/www.altercampagne.net\\\/#\\\/schema\\\/person\\\/308dc295a67929d58321ff6b59820daa\"},\"breadcrumb\":{\"@id\":\"https:\\\/\\\/www.altercampagne.net\\\/?p=26033#breadcrumb\"},\"inLanguage\":\"fr-FR\",\"potentialAction\":[{\"@type\":\"ReadAction\",\"target\":[\"https:\\\/\\\/www.altercampagne.net\\\/?p=26033\"]}]},{\"@type\":\"ImageObject\",\"inLanguage\":\"fr-FR\",\"@id\":\"https:\\\/\\\/www.altercampagne.net\\\/?p=26033#primaryimage\",\"url\":\"https:\\\/\\\/www.altercampagne.net\\\/wp-content\\\/uploads\\\/2022\\\/07\\\/DSCF1099-petit-pessicart-1-web-scaled.jpg\",\"contentUrl\":\"https:\\\/\\\/www.altercampagne.net\\\/wp-content\\\/uploads\\\/2022\\\/07\\\/DSCF1099-petit-pessicart-1-web-scaled.jpg\",\"width\":2560,\"height\":1426},{\"@type\":\"BreadcrumbList\",\"@id\":\"https:\\\/\\\/www.altercampagne.net\\\/?p=26033#breadcrumb\",\"itemListElement\":[{\"@type\":\"ListItem\",\"position\":1,\"name\":\"Accueil\",\"item\":\"https:\\\/\\\/www.altercampagne.net\\\/\"},{\"@type\":\"ListItem\",\"position\":2,\"name\":\"Le Jardin du Petit Pessicart, un lieu sauvage sur une colline ni\u00e7oise\"}]},{\"@type\":\"WebSite\",\"@id\":\"https:\\\/\\\/www.altercampagne.net\\\/#website\",\"url\":\"https:\\\/\\\/www.altercampagne.net\\\/\",\"name\":\"AlterTour\",\"description\":\"Reliez les Alternatives \u00e0 v\u00e9lo\",\"potentialAction\":[{\"@type\":\"SearchAction\",\"target\":{\"@type\":\"EntryPoint\",\"urlTemplate\":\"https:\\\/\\\/www.altercampagne.net\\\/?s={search_term_string}\"},\"query-input\":{\"@type\":\"PropertyValueSpecification\",\"valueRequired\":true,\"valueName\":\"search_term_string\"}}],\"inLanguage\":\"fr-FR\"},{\"@type\":\"Person\",\"@id\":\"https:\\\/\\\/www.altercampagne.net\\\/#\\\/schema\\\/person\\\/308dc295a67929d58321ff6b59820daa\",\"name\":\"Jonas\",\"image\":{\"@type\":\"ImageObject\",\"inLanguage\":\"fr-FR\",\"@id\":\"https:\\\/\\\/secure.gravatar.com\\\/avatar\\\/ade7b451791545d463915f445a8aee91b58c48cdcbc1ab2b8583fa2f30e159e4?s=96&d=mm&r=g\",\"url\":\"https:\\\/\\\/secure.gravatar.com\\\/avatar\\\/ade7b451791545d463915f445a8aee91b58c48cdcbc1ab2b8583fa2f30e159e4?s=96&d=mm&r=g\",\"contentUrl\":\"https:\\\/\\\/secure.gravatar.com\\\/avatar\\\/ade7b451791545d463915f445a8aee91b58c48cdcbc1ab2b8583fa2f30e159e4?s=96&d=mm&r=g\",\"caption\":\"Jonas\"},\"url\":\"https:\\\/\\\/www.altercampagne.net\\\/?author=316\"}]}<\/script>\n<!-- \/ Yoast SEO plugin. -->","yoast_head_json":{"title":"Le Jardin du Petit Pessicart, un lieu sauvage sur une colline ni\u00e7oise - AlterTour","robots":{"index":"index","follow":"follow","max-snippet":"max-snippet:-1","max-image-preview":"max-image-preview:large","max-video-preview":"max-video-preview:-1"},"canonical":"https:\/\/www.altercampagne.net\/?p=26033","og_locale":"fr_FR","og_type":"article","og_title":"Le Jardin du Petit Pessicart, un lieu sauvage sur une colline ni\u00e7oise - AlterTour","og_description":"Un terrain qui a \u00e9chapp\u00e9 \u00e0 l'urbanisation ni\u00e7oise: \u00e0 la place des immeubles \u00e0 appartements et villas \u00e0 piscine, le Jardin du Petit Pessicart s'\u00e9tend sur 1 hectare sur le flanc de la colline.","og_url":"https:\/\/www.altercampagne.net\/?p=26033","og_site_name":"AlterTour","article_published_time":"2022-07-14T12:09:33+00:00","article_modified_time":"2022-07-22T20:24:20+00:00","og_image":[{"width":2560,"height":1426,"url":"https:\/\/www.altercampagne.net\/wp-content\/uploads\/2022\/07\/DSCF1099-petit-pessicart-1-web-scaled.jpg","type":"image\/jpeg"}],"author":"Jonas","twitter_card":"summary_large_image","twitter_misc":{"\u00c9crit par":"Jonas","Dur\u00e9e de lecture estim\u00e9e":"3 minutes"},"schema":{"@context":"https:\/\/schema.org","@graph":[{"@type":"Article","@id":"https:\/\/www.altercampagne.net\/?p=26033#article","isPartOf":{"@id":"https:\/\/www.altercampagne.net\/?p=26033"},"author":{"name":"Jonas","@id":"https:\/\/www.altercampagne.net\/#\/schema\/person\/308dc295a67929d58321ff6b59820daa"},"headline":"Le Jardin du Petit Pessicart, un lieu sauvage sur une colline ni\u00e7oise","datePublished":"2022-07-14T12:09:33+00:00","dateModified":"2022-07-22T20:24:20+00:00","mainEntityOfPage":{"@id":"https:\/\/www.altercampagne.net\/?p=26033"},"wordCount":470,"image":{"@id":"https:\/\/www.altercampagne.net\/?p=26033#primaryimage"},"thumbnailUrl":"https:\/\/www.altercampagne.net\/wp-content\/uploads\/2022\/07\/DSCF1099-petit-pessicart-1-web-scaled.jpg","articleSection":["Edition 2022","Habitat","Provence-Alpes-C\u00f4te d'Azur"],"inLanguage":"fr-FR"},{"@type":"WebPage","@id":"https:\/\/www.altercampagne.net\/?p=26033","url":"https:\/\/www.altercampagne.net\/?p=26033","name":"Le Jardin du Petit Pessicart, un lieu sauvage sur une colline ni\u00e7oise - AlterTour","isPartOf":{"@id":"https:\/\/www.altercampagne.net\/#website"},"primaryImageOfPage":{"@id":"https:\/\/www.altercampagne.net\/?p=26033#primaryimage"},"image":{"@id":"https:\/\/www.altercampagne.net\/?p=26033#primaryimage"},"thumbnailUrl":"https:\/\/www.altercampagne.net\/wp-content\/uploads\/2022\/07\/DSCF1099-petit-pessicart-1-web-scaled.jpg","datePublished":"2022-07-14T12:09:33+00:00","dateModified":"2022-07-22T20:24:20+00:00","author":{"@id":"https:\/\/www.altercampagne.net\/#\/schema\/person\/308dc295a67929d58321ff6b59820daa"},"breadcrumb":{"@id":"https:\/\/www.altercampagne.net\/?p=26033#breadcrumb"},"inLanguage":"fr-FR","potentialAction":[{"@type":"ReadAction","target":["https:\/\/www.altercampagne.net\/?p=26033"]}]},{"@type":"ImageObject","inLanguage":"fr-FR","@id":"https:\/\/www.altercampagne.net\/?p=26033#primaryimage","url":"https:\/\/www.altercampagne.net\/wp-content\/uploads\/2022\/07\/DSCF1099-petit-pessicart-1-web-scaled.jpg","contentUrl":"https:\/\/www.altercampagne.net\/wp-content\/uploads\/2022\/07\/DSCF1099-petit-pessicart-1-web-scaled.jpg","width":2560,"height":1426},{"@type":"BreadcrumbList","@id":"https:\/\/www.altercampagne.net\/?p=26033#breadcrumb","itemListElement":[{"@type":"ListItem","position":1,"name":"Accueil","item":"https:\/\/www.altercampagne.net\/"},{"@type":"ListItem","position":2,"name":"Le Jardin du Petit Pessicart, un lieu sauvage sur une colline ni\u00e7oise"}]},{"@type":"WebSite","@id":"https:\/\/www.altercampagne.net\/#website","url":"https:\/\/www.altercampagne.net\/","name":"AlterTour","description":"Reliez les Alternatives \u00e0 v\u00e9lo","potentialAction":[{"@type":"SearchAction","target":{"@type":"EntryPoint","urlTemplate":"https:\/\/www.altercampagne.net\/?s={search_term_string}"},"query-input":{"@type":"PropertyValueSpecification","valueRequired":true,"valueName":"search_term_string"}}],"inLanguage":"fr-FR"},{"@type":"Person","@id":"https:\/\/www.altercampagne.net\/#\/schema\/person\/308dc295a67929d58321ff6b59820daa","name":"Jonas","image":{"@type":"ImageObject","inLanguage":"fr-FR","@id":"https:\/\/secure.gravatar.com\/avatar\/ade7b451791545d463915f445a8aee91b58c48cdcbc1ab2b8583fa2f30e159e4?s=96&d=mm&r=g","url":"https:\/\/secure.gravatar.com\/avatar\/ade7b451791545d463915f445a8aee91b58c48cdcbc1ab2b8583fa2f30e159e4?s=96&d=mm&r=g","contentUrl":"https:\/\/secure.gravatar.com\/avatar\/ade7b451791545d463915f445a8aee91b58c48cdcbc1ab2b8583fa2f30e159e4?s=96&d=mm&r=g","caption":"Jonas"},"url":"https:\/\/www.altercampagne.net\/?author=316"}]}},"_links":{"self":[{"href":"https:\/\/www.altercampagne.net\/index.php?rest_route=\/wp\/v2\/posts\/26033","targetHints":{"allow":["GET"]}}],"collection":[{"href":"https:\/\/www.altercampagne.net\/index.php?rest_route=\/wp\/v2\/posts"}],"about":[{"href":"https:\/\/www.altercampagne.net\/index.php?rest_route=\/wp\/v2\/types\/post"}],"author":[{"embeddable":true,"href":"https:\/\/www.altercampagne.net\/index.php?rest_route=\/wp\/v2\/users\/316"}],"replies":[{"embeddable":true,"href":"https:\/\/www.altercampagne.net\/index.php?rest_route=%2Fwp%2Fv2%2Fcomments&post=26033"}],"version-history":[{"count":3,"href":"https:\/\/www.altercampagne.net\/index.php?rest_route=\/wp\/v2\/posts\/26033\/revisions"}],"predecessor-version":[{"id":26078,"href":"https:\/\/www.altercampagne.net\/index.php?rest_route=\/wp\/v2\/posts\/26033\/revisions\/26078"}],"wp:featuredmedia":[{"embeddable":true,"href":"https:\/\/www.altercampagne.net\/index.php?rest_route=\/wp\/v2\/media\/26038"}],"wp:attachment":[{"href":"https:\/\/www.altercampagne.net\/index.php?rest_route=%2Fwp%2Fv2%2Fmedia&parent=26033"}],"wp:term":[{"taxonomy":"category","embeddable":true,"href":"https:\/\/www.altercampagne.net\/index.php?rest_route=%2Fwp%2Fv2%2Fcategories&post=26033"},{"taxonomy":"post_tag","embeddable":true,"href":"https:\/\/www.altercampagne.net\/index.php?rest_route=%2Fwp%2Fv2%2Ftags&post=26033"}],"curies":[{"name":"wp","href":"https:\/\/api.w.org\/{rel}","templated":true}]}}