{"id":26057,"date":"2022-07-13T10:44:00","date_gmt":"2022-07-13T08:44:00","guid":{"rendered":"https:\/\/www.altercampagne.net\/?p=26057"},"modified":"2022-08-09T09:43:09","modified_gmt":"2022-08-09T07:43:09","slug":"lalter-d-tour-commence-dans-les-nids-douillets-de-la-tribu-vivace","status":"publish","type":"post","link":"https:\/\/www.altercampagne.net\/?p=26057","title":{"rendered":"L&rsquo;Alter-D-Tour commence dans les nids douillets de la Tribu Vivace"},"content":{"rendered":"\n<p><strong>Vivace<\/strong> (adjectif et nom f\u00e9minin) : <em>constitu\u00e9 de fa\u00e7on \u00e0 r\u00e9sister longtemps \u00e0 ce qui peut compromettre la sant\u00e9 ou la vie<\/em>.<br>Le 11 juillet, les premiers altercyclistes ont d\u00e9barqu\u00e9 \u00e0 la Tribu Vivace pour la <strong>premi\u00e8re \u00e9tape de l\u2019Atler-D-Tour 2022<\/strong>. C\u2019est ici que nous avons rencontr\u00e9 Morena, fille d\u2019Alain le fondateur de la Tribu vivace.&nbsp;<\/p>\n\n\n\n<h4 class=\"wp-block-heading\">La Tribu r\u00e9siliente<\/h4>\n\n\n\n<p>Ce petit coin des C\u00e9vennes \u00e0 Peyremale a \u00e9t\u00e9 cr\u00e9\u00e9 en plusieurs \u00e9tapes : en 2002 Alain a obtenu le terrain, en 2007 la tribu s\u2019est constitu\u00e9e et en 2013 ils ont eu officiellement le <strong>statut d\u2019association<\/strong>. La tribu Vivace est une association de construction de yourtes mais pas seulement. Elle promeut aussi un <strong>mode de vie proche de la nature<\/strong>, simple, avec peu de choses et un esprit de cr\u00e9ativit\u00e9. <br>Selon Morena, le souhait de la tribu est de \u201c<em>fabriquer de belles cr\u00e9ations, des cabanes et <strong>yourtes mignonnes et chaleureuses<\/strong> dans un lieu merveilleux. On est au bord de l&rsquo;eau, on a toujours le bruit des cascades et des oiseaux.. C&rsquo;est beau<\/em>\u201d. <br>La Tribu Vivace propose en effet plusieurs nids douillets comme des yourtes en bambou, des cocons de bois perch\u00e9s dans les arbres et diverses cabanes, toutes chaleureuses.&nbsp;<\/p>\n\n\n\n<figure class=\"wp-block-image size-large\"><a href=\"https:\/\/www.altercampagne.net\/wp-content\/uploads\/2022\/04\/ADT22_0712_Tribu_Vivace.jpg\"><img loading=\"lazy\" decoding=\"async\" width=\"786\" height=\"500\" src=\"https:\/\/www.altercampagne.net\/wp-content\/uploads\/2022\/04\/ADT22_0712_Tribu_Vivace.jpg\" alt=\"\" class=\"wp-image-24986\" srcset=\"https:\/\/www.altercampagne.net\/wp-content\/uploads\/2022\/04\/ADT22_0712_Tribu_Vivace.jpg 786w, https:\/\/www.altercampagne.net\/wp-content\/uploads\/2022\/04\/ADT22_0712_Tribu_Vivace-300x191.jpg 300w, https:\/\/www.altercampagne.net\/wp-content\/uploads\/2022\/04\/ADT22_0712_Tribu_Vivace-768x489.jpg 768w, https:\/\/www.altercampagne.net\/wp-content\/uploads\/2022\/04\/ADT22_0712_Tribu_Vivace-610x388.jpg 610w, https:\/\/www.altercampagne.net\/wp-content\/uploads\/2022\/04\/ADT22_0712_Tribu_Vivace-100x64.jpg 100w\" sizes=\"auto, (max-width: 786px) 100vw, 786px\" \/><\/a><\/figure>\n\n\n\n<h4 class=\"wp-block-heading\">Apprendre \u00e0 vivre<\/h4>\n\n\n\n<p>Dans ce village de lutins, Morena a grandi et <strong>a appris la vie en collectivit\u00e9.<\/strong> En effet, la <a href=\"https:\/\/www.tribuvivace.org\"><strong>Tribu Vivace<\/strong><\/a> accueille souvent des voyageurs, comme les cyclistes de l&rsquo;Altertour. Elle a ainsi appris l\u2019importance de savoir <strong>prendre du temps<\/strong> pour soi tout en appr\u00e9ciant partager des choses avec les personnes de passage. <br>Dans cet espace de vie collectif et alternatif, Morena a aussi bien appris \u00e0 faire \u00e0 manger pour 30 personnes qu\u2019\u00e0 assumer de \u201c<em>ne pas \u00eatre d\u2019accord et de <strong>ne pas avoir en t\u00eate un mod\u00e8le de r\u00e9ussite classique<\/strong><\/em>\u201d.&nbsp;<\/p>\n\n\n\n<figure class=\"wp-block-image size-large\"><a href=\"https:\/\/www.altercampagne.net\/wp-content\/uploads\/2022\/07\/ADT22_Tribu-vivace_Morena_02.jpg\"><img loading=\"lazy\" decoding=\"async\" width=\"1000\" height=\"665\" src=\"https:\/\/www.altercampagne.net\/wp-content\/uploads\/2022\/07\/ADT22_Tribu-vivace_Morena_02.jpg\" alt=\"\" class=\"wp-image-26062\" srcset=\"https:\/\/www.altercampagne.net\/wp-content\/uploads\/2022\/07\/ADT22_Tribu-vivace_Morena_02.jpg 1000w, https:\/\/www.altercampagne.net\/wp-content\/uploads\/2022\/07\/ADT22_Tribu-vivace_Morena_02-300x200.jpg 300w, https:\/\/www.altercampagne.net\/wp-content\/uploads\/2022\/07\/ADT22_Tribu-vivace_Morena_02-768x511.jpg 768w, https:\/\/www.altercampagne.net\/wp-content\/uploads\/2022\/07\/ADT22_Tribu-vivace_Morena_02-610x406.jpg 610w, https:\/\/www.altercampagne.net\/wp-content\/uploads\/2022\/07\/ADT22_Tribu-vivace_Morena_02-100x67.jpg 100w, https:\/\/www.altercampagne.net\/wp-content\/uploads\/2022\/07\/ADT22_Tribu-vivace_Morena_02-862x573.jpg 862w\" sizes=\"auto, (max-width: 1000px) 100vw, 1000px\" \/><\/a><\/figure>\n\n\n\n<p>Dans son enfance, Morena s\u2019est sentie accept\u00e9e comme elle \u00e9tait. Elle a pu faire ce qui lui plaisait sans pression de temps. Le conseil qu\u2019elle donnerait aux autres enfants serait : \u201c <em><strong>fais vraiment ce que tu aimes<\/strong> et prends soin de toi. \u00c9coute-toi et int\u00e9resse-toi aux choses et aux gens.<\/em> \u201d<\/p>\n\n\n\n<h4 class=\"wp-block-heading\">Une belle aventure<\/h4>\n\n\n\n<p><strong>Les altercylistes remercient Morena, Alain et Marie<\/strong> de la Tribu Vivace pour leur accueil chaleureux et pour ces quelques jours merveilleux rythm\u00e9s par les baignades dans la C\u00e8ze, les repas partag\u00e9s sous le d\u00f4me, les nuits sous les yourtes et les chantiers participatifs de travail du bois. <\/p>\n\n\n\n<p>L\u2019alter-D-Tour poursuit d\u00e9sormais son aventure au hameau des Buis.&nbsp;<\/p>\n\n\n\n<p>Julie et Nina<\/p>\n","protected":false},"excerpt":{"rendered":"<p>\u201c fais vraiment ce que tu aimes et prends soin de toi. \u00c9coute-toi et int\u00e9resse-toi aux choses et aux gens. \u201d<\/p>\n","protected":false},"author":215,"featured_media":26061,"comment_status":"closed","ping_status":"closed","sticky":false,"template":"","format":"standard","meta":{"footnotes":""},"categories":[4311,4357,3485,3480,4054],"tags":[],"class_list":["post-26057","post","type-post","status-publish","format-standard","has-post-thumbnail","hentry","category-alter-d-tour","category-edition-2022","category-habitat","category-occitanie","category-temoignages"],"yoast_head":"<!-- This site is optimized with the Yoast SEO plugin v27.3 - https:\/\/yoast.com\/product\/yoast-seo-wordpress\/ -->\n<title>L&#039;Alter-D-Tour commence dans les nids douillets de la Tribu Vivace - AlterTour<\/title>\n<meta name=\"robots\" content=\"index, follow, max-snippet:-1, max-image-preview:large, max-video-preview:-1\" \/>\n<link rel=\"canonical\" href=\"https:\/\/www.altercampagne.net\/?p=26057\" \/>\n<meta property=\"og:locale\" content=\"fr_FR\" \/>\n<meta property=\"og:type\" content=\"article\" \/>\n<meta property=\"og:title\" content=\"L&#039;Alter-D-Tour commence dans les nids douillets de la Tribu Vivace - AlterTour\" \/>\n<meta property=\"og:description\" content=\"\u201c fais vraiment ce que tu aimes et prends soin de toi. \u00c9coute-toi et int\u00e9resse-toi aux choses et aux gens. \u201d\" \/>\n<meta property=\"og:url\" content=\"https:\/\/www.altercampagne.net\/?p=26057\" \/>\n<meta property=\"og:site_name\" content=\"AlterTour\" \/>\n<meta property=\"article:published_time\" content=\"2022-07-13T08:44:00+00:00\" \/>\n<meta property=\"article:modified_time\" content=\"2022-08-09T07:43:09+00:00\" \/>\n<meta property=\"og:image\" content=\"https:\/\/www.altercampagne.net\/wp-content\/uploads\/2022\/07\/ADT22_Tribu-vivace_Morena.jpg\" \/>\n\t<meta property=\"og:image:width\" content=\"1000\" \/>\n\t<meta property=\"og:image:height\" content=\"562\" \/>\n\t<meta property=\"og:image:type\" content=\"image\/jpeg\" \/>\n<meta name=\"author\" content=\"AlterTour\" \/>\n<meta name=\"twitter:card\" content=\"summary_large_image\" \/>\n<meta name=\"twitter:label1\" content=\"\u00c9crit par\" \/>\n\t<meta name=\"twitter:data1\" content=\"AlterTour\" \/>\n\t<meta name=\"twitter:label2\" content=\"Dur\u00e9e de lecture estim\u00e9e\" \/>\n\t<meta name=\"twitter:data2\" content=\"3 minutes\" \/>\n<script type=\"application\/ld+json\" class=\"yoast-schema-graph\">{\"@context\":\"https:\\\/\\\/schema.org\",\"@graph\":[{\"@type\":\"Article\",\"@id\":\"https:\\\/\\\/www.altercampagne.net\\\/?p=26057#article\",\"isPartOf\":{\"@id\":\"https:\\\/\\\/www.altercampagne.net\\\/?p=26057\"},\"author\":{\"name\":\"AlterTour\",\"@id\":\"https:\\\/\\\/www.altercampagne.net\\\/#\\\/schema\\\/person\\\/e5b68c803196f649c2152249d262d94a\"},\"headline\":\"L&rsquo;Alter-D-Tour commence dans les nids douillets de la Tribu Vivace\",\"datePublished\":\"2022-07-13T08:44:00+00:00\",\"dateModified\":\"2022-08-09T07:43:09+00:00\",\"mainEntityOfPage\":{\"@id\":\"https:\\\/\\\/www.altercampagne.net\\\/?p=26057\"},\"wordCount\":439,\"image\":{\"@id\":\"https:\\\/\\\/www.altercampagne.net\\\/?p=26057#primaryimage\"},\"thumbnailUrl\":\"https:\\\/\\\/www.altercampagne.net\\\/wp-content\\\/uploads\\\/2022\\\/07\\\/ADT22_Tribu-vivace_Morena.jpg\",\"articleSection\":[\"Alter-D-tour\",\"Edition 2022\",\"Habitat\",\"Occitanie\",\"T\u00e9moignages\"],\"inLanguage\":\"fr-FR\"},{\"@type\":\"WebPage\",\"@id\":\"https:\\\/\\\/www.altercampagne.net\\\/?p=26057\",\"url\":\"https:\\\/\\\/www.altercampagne.net\\\/?p=26057\",\"name\":\"L'Alter-D-Tour commence dans les nids douillets de la Tribu Vivace - AlterTour\",\"isPartOf\":{\"@id\":\"https:\\\/\\\/www.altercampagne.net\\\/#website\"},\"primaryImageOfPage\":{\"@id\":\"https:\\\/\\\/www.altercampagne.net\\\/?p=26057#primaryimage\"},\"image\":{\"@id\":\"https:\\\/\\\/www.altercampagne.net\\\/?p=26057#primaryimage\"},\"thumbnailUrl\":\"https:\\\/\\\/www.altercampagne.net\\\/wp-content\\\/uploads\\\/2022\\\/07\\\/ADT22_Tribu-vivace_Morena.jpg\",\"datePublished\":\"2022-07-13T08:44:00+00:00\",\"dateModified\":\"2022-08-09T07:43:09+00:00\",\"author\":{\"@id\":\"https:\\\/\\\/www.altercampagne.net\\\/#\\\/schema\\\/person\\\/e5b68c803196f649c2152249d262d94a\"},\"breadcrumb\":{\"@id\":\"https:\\\/\\\/www.altercampagne.net\\\/?p=26057#breadcrumb\"},\"inLanguage\":\"fr-FR\",\"potentialAction\":[{\"@type\":\"ReadAction\",\"target\":[\"https:\\\/\\\/www.altercampagne.net\\\/?p=26057\"]}]},{\"@type\":\"ImageObject\",\"inLanguage\":\"fr-FR\",\"@id\":\"https:\\\/\\\/www.altercampagne.net\\\/?p=26057#primaryimage\",\"url\":\"https:\\\/\\\/www.altercampagne.net\\\/wp-content\\\/uploads\\\/2022\\\/07\\\/ADT22_Tribu-vivace_Morena.jpg\",\"contentUrl\":\"https:\\\/\\\/www.altercampagne.net\\\/wp-content\\\/uploads\\\/2022\\\/07\\\/ADT22_Tribu-vivace_Morena.jpg\",\"width\":1000,\"height\":562},{\"@type\":\"BreadcrumbList\",\"@id\":\"https:\\\/\\\/www.altercampagne.net\\\/?p=26057#breadcrumb\",\"itemListElement\":[{\"@type\":\"ListItem\",\"position\":1,\"name\":\"Accueil\",\"item\":\"https:\\\/\\\/www.altercampagne.net\\\/\"},{\"@type\":\"ListItem\",\"position\":2,\"name\":\"L&rsquo;Alter-D-Tour commence dans les nids douillets de la Tribu Vivace\"}]},{\"@type\":\"WebSite\",\"@id\":\"https:\\\/\\\/www.altercampagne.net\\\/#website\",\"url\":\"https:\\\/\\\/www.altercampagne.net\\\/\",\"name\":\"AlterTour\",\"description\":\"Reliez les Alternatives \u00e0 v\u00e9lo\",\"potentialAction\":[{\"@type\":\"SearchAction\",\"target\":{\"@type\":\"EntryPoint\",\"urlTemplate\":\"https:\\\/\\\/www.altercampagne.net\\\/?s={search_term_string}\"},\"query-input\":{\"@type\":\"PropertyValueSpecification\",\"valueRequired\":true,\"valueName\":\"search_term_string\"}}],\"inLanguage\":\"fr-FR\"},{\"@type\":\"Person\",\"@id\":\"https:\\\/\\\/www.altercampagne.net\\\/#\\\/schema\\\/person\\\/e5b68c803196f649c2152249d262d94a\",\"name\":\"AlterTour\",\"image\":{\"@type\":\"ImageObject\",\"inLanguage\":\"fr-FR\",\"@id\":\"https:\\\/\\\/secure.gravatar.com\\\/avatar\\\/3f2ed77f8506b8ea264ad5938bb0114bfa10f35b64086a66dfbb6e9f58ad9693?s=96&d=mm&r=g\",\"url\":\"https:\\\/\\\/secure.gravatar.com\\\/avatar\\\/3f2ed77f8506b8ea264ad5938bb0114bfa10f35b64086a66dfbb6e9f58ad9693?s=96&d=mm&r=g\",\"contentUrl\":\"https:\\\/\\\/secure.gravatar.com\\\/avatar\\\/3f2ed77f8506b8ea264ad5938bb0114bfa10f35b64086a66dfbb6e9f58ad9693?s=96&d=mm&r=g\",\"caption\":\"AlterTour\"},\"url\":\"https:\\\/\\\/www.altercampagne.net\\\/?author=215\"}]}<\/script>\n<!-- \/ Yoast SEO plugin. -->","yoast_head_json":{"title":"L'Alter-D-Tour commence dans les nids douillets de la Tribu Vivace - AlterTour","robots":{"index":"index","follow":"follow","max-snippet":"max-snippet:-1","max-image-preview":"max-image-preview:large","max-video-preview":"max-video-preview:-1"},"canonical":"https:\/\/www.altercampagne.net\/?p=26057","og_locale":"fr_FR","og_type":"article","og_title":"L'Alter-D-Tour commence dans les nids douillets de la Tribu Vivace - AlterTour","og_description":"\u201c fais vraiment ce que tu aimes et prends soin de toi. \u00c9coute-toi et int\u00e9resse-toi aux choses et aux gens. \u201d","og_url":"https:\/\/www.altercampagne.net\/?p=26057","og_site_name":"AlterTour","article_published_time":"2022-07-13T08:44:00+00:00","article_modified_time":"2022-08-09T07:43:09+00:00","og_image":[{"width":1000,"height":562,"url":"https:\/\/www.altercampagne.net\/wp-content\/uploads\/2022\/07\/ADT22_Tribu-vivace_Morena.jpg","type":"image\/jpeg"}],"author":"AlterTour","twitter_card":"summary_large_image","twitter_misc":{"\u00c9crit par":"AlterTour","Dur\u00e9e de lecture estim\u00e9e":"3 minutes"},"schema":{"@context":"https:\/\/schema.org","@graph":[{"@type":"Article","@id":"https:\/\/www.altercampagne.net\/?p=26057#article","isPartOf":{"@id":"https:\/\/www.altercampagne.net\/?p=26057"},"author":{"name":"AlterTour","@id":"https:\/\/www.altercampagne.net\/#\/schema\/person\/e5b68c803196f649c2152249d262d94a"},"headline":"L&rsquo;Alter-D-Tour commence dans les nids douillets de la Tribu Vivace","datePublished":"2022-07-13T08:44:00+00:00","dateModified":"2022-08-09T07:43:09+00:00","mainEntityOfPage":{"@id":"https:\/\/www.altercampagne.net\/?p=26057"},"wordCount":439,"image":{"@id":"https:\/\/www.altercampagne.net\/?p=26057#primaryimage"},"thumbnailUrl":"https:\/\/www.altercampagne.net\/wp-content\/uploads\/2022\/07\/ADT22_Tribu-vivace_Morena.jpg","articleSection":["Alter-D-tour","Edition 2022","Habitat","Occitanie","T\u00e9moignages"],"inLanguage":"fr-FR"},{"@type":"WebPage","@id":"https:\/\/www.altercampagne.net\/?p=26057","url":"https:\/\/www.altercampagne.net\/?p=26057","name":"L'Alter-D-Tour commence dans les nids douillets de la Tribu Vivace - AlterTour","isPartOf":{"@id":"https:\/\/www.altercampagne.net\/#website"},"primaryImageOfPage":{"@id":"https:\/\/www.altercampagne.net\/?p=26057#primaryimage"},"image":{"@id":"https:\/\/www.altercampagne.net\/?p=26057#primaryimage"},"thumbnailUrl":"https:\/\/www.altercampagne.net\/wp-content\/uploads\/2022\/07\/ADT22_Tribu-vivace_Morena.jpg","datePublished":"2022-07-13T08:44:00+00:00","dateModified":"2022-08-09T07:43:09+00:00","author":{"@id":"https:\/\/www.altercampagne.net\/#\/schema\/person\/e5b68c803196f649c2152249d262d94a"},"breadcrumb":{"@id":"https:\/\/www.altercampagne.net\/?p=26057#breadcrumb"},"inLanguage":"fr-FR","potentialAction":[{"@type":"ReadAction","target":["https:\/\/www.altercampagne.net\/?p=26057"]}]},{"@type":"ImageObject","inLanguage":"fr-FR","@id":"https:\/\/www.altercampagne.net\/?p=26057#primaryimage","url":"https:\/\/www.altercampagne.net\/wp-content\/uploads\/2022\/07\/ADT22_Tribu-vivace_Morena.jpg","contentUrl":"https:\/\/www.altercampagne.net\/wp-content\/uploads\/2022\/07\/ADT22_Tribu-vivace_Morena.jpg","width":1000,"height":562},{"@type":"BreadcrumbList","@id":"https:\/\/www.altercampagne.net\/?p=26057#breadcrumb","itemListElement":[{"@type":"ListItem","position":1,"name":"Accueil","item":"https:\/\/www.altercampagne.net\/"},{"@type":"ListItem","position":2,"name":"L&rsquo;Alter-D-Tour commence dans les nids douillets de la Tribu Vivace"}]},{"@type":"WebSite","@id":"https:\/\/www.altercampagne.net\/#website","url":"https:\/\/www.altercampagne.net\/","name":"AlterTour","description":"Reliez les Alternatives \u00e0 v\u00e9lo","potentialAction":[{"@type":"SearchAction","target":{"@type":"EntryPoint","urlTemplate":"https:\/\/www.altercampagne.net\/?s={search_term_string}"},"query-input":{"@type":"PropertyValueSpecification","valueRequired":true,"valueName":"search_term_string"}}],"inLanguage":"fr-FR"},{"@type":"Person","@id":"https:\/\/www.altercampagne.net\/#\/schema\/person\/e5b68c803196f649c2152249d262d94a","name":"AlterTour","image":{"@type":"ImageObject","inLanguage":"fr-FR","@id":"https:\/\/secure.gravatar.com\/avatar\/3f2ed77f8506b8ea264ad5938bb0114bfa10f35b64086a66dfbb6e9f58ad9693?s=96&d=mm&r=g","url":"https:\/\/secure.gravatar.com\/avatar\/3f2ed77f8506b8ea264ad5938bb0114bfa10f35b64086a66dfbb6e9f58ad9693?s=96&d=mm&r=g","contentUrl":"https:\/\/secure.gravatar.com\/avatar\/3f2ed77f8506b8ea264ad5938bb0114bfa10f35b64086a66dfbb6e9f58ad9693?s=96&d=mm&r=g","caption":"AlterTour"},"url":"https:\/\/www.altercampagne.net\/?author=215"}]}},"_links":{"self":[{"href":"https:\/\/www.altercampagne.net\/index.php?rest_route=\/wp\/v2\/posts\/26057","targetHints":{"allow":["GET"]}}],"collection":[{"href":"https:\/\/www.altercampagne.net\/index.php?rest_route=\/wp\/v2\/posts"}],"about":[{"href":"https:\/\/www.altercampagne.net\/index.php?rest_route=\/wp\/v2\/types\/post"}],"author":[{"embeddable":true,"href":"https:\/\/www.altercampagne.net\/index.php?rest_route=\/wp\/v2\/users\/215"}],"replies":[{"embeddable":true,"href":"https:\/\/www.altercampagne.net\/index.php?rest_route=%2Fwp%2Fv2%2Fcomments&post=26057"}],"version-history":[{"count":2,"href":"https:\/\/www.altercampagne.net\/index.php?rest_route=\/wp\/v2\/posts\/26057\/revisions"}],"predecessor-version":[{"id":26215,"href":"https:\/\/www.altercampagne.net\/index.php?rest_route=\/wp\/v2\/posts\/26057\/revisions\/26215"}],"wp:featuredmedia":[{"embeddable":true,"href":"https:\/\/www.altercampagne.net\/index.php?rest_route=\/wp\/v2\/media\/26061"}],"wp:attachment":[{"href":"https:\/\/www.altercampagne.net\/index.php?rest_route=%2Fwp%2Fv2%2Fmedia&parent=26057"}],"wp:term":[{"taxonomy":"category","embeddable":true,"href":"https:\/\/www.altercampagne.net\/index.php?rest_route=%2Fwp%2Fv2%2Fcategories&post=26057"},{"taxonomy":"post_tag","embeddable":true,"href":"https:\/\/www.altercampagne.net\/index.php?rest_route=%2Fwp%2Fv2%2Ftags&post=26057"}],"curies":[{"name":"wp","href":"https:\/\/api.w.org\/{rel}","templated":true}]}}