{"id":26071,"date":"2022-07-22T22:22:16","date_gmt":"2022-07-22T20:22:16","guid":{"rendered":"https:\/\/www.altercampagne.net\/?p=26071"},"modified":"2022-07-30T21:42:19","modified_gmt":"2022-07-30T19:42:19","slug":"ca-y-est-on-roule","status":"publish","type":"post","link":"https:\/\/www.altercampagne.net\/?p=26071","title":{"rendered":"\u00c7a y est, on roule !"},"content":{"rendered":"\n<p>2\u00e8me jour de l&rsquo;Alterour, enfin \u00e0 v\u00e9lo. Et on commence par du bleu : 44 kms quasiment tout en front de mer. C&rsquo;est beau, mais c&rsquo;est chaud. Alors on n&rsquo;est pas f\u00e2ch\u00e9s de quitter l&rsquo;horizon marin pour une pause du midi ombrag\u00e9e. <\/p>\n\n\n\n<p>Nous sommes accueilli.e.s par <a href=\"https:\/\/www.youtube.com\/watch?v=QkeKZAM0-CA\">Christian Carnavalet<\/a>, sur le terrain de l&rsquo;\u00e9cole de maraichage. En cr\u00e9ant ce lieu il y a 2 ans, il a souhait\u00e9 soutenir celles et ceux qui souhaitent changer de voie pour devenir maraichers. Apr\u00e8s de nombreuses ann\u00e9es en tant qu&rsquo;agriculteur bio, il a voulu  transmettre ses savoirs et sa passion de nourrir la population \u00e0 de futurs<br>agriculteurs. En particulier il forme les stagiaires \u00e0 la \u00ab\u00a0<a href=\"https:\/\/www.librairie-permaculturelle.fr\/maraichage\/685-livre-le-maraichage-sur-petite-surface-la-french-method-christian-carnavalet.html\">french method<\/a>\u00ab\u00a0. Cette pratique de l&rsquo;agriculture biologique permet d&rsquo;avoir des rendements tr\u00e8s importants sur des petites surfaces,<strong> jusqu&rsquo;\u00e0 nourrir 100 familles avec 1000m2 de terrain<\/strong>. <\/p>\n\n\n\n<figure class=\"wp-block-image size-large\"><a href=\"https:\/\/www.altercampagne.net\/wp-content\/uploads\/2022\/07\/DSCF1167-christophe-maraicher-pause-dej-scaled.jpg\"><img loading=\"lazy\" decoding=\"async\" width=\"1024\" height=\"683\" src=\"https:\/\/www.altercampagne.net\/wp-content\/uploads\/2022\/07\/DSCF1167-christophe-maraicher-pause-dej-1024x683.jpg\" alt=\"\" class=\"wp-image-26072\" srcset=\"https:\/\/www.altercampagne.net\/wp-content\/uploads\/2022\/07\/DSCF1167-christophe-maraicher-pause-dej-1024x683.jpg 1024w, https:\/\/www.altercampagne.net\/wp-content\/uploads\/2022\/07\/DSCF1167-christophe-maraicher-pause-dej-300x200.jpg 300w, https:\/\/www.altercampagne.net\/wp-content\/uploads\/2022\/07\/DSCF1167-christophe-maraicher-pause-dej-768x512.jpg 768w, https:\/\/www.altercampagne.net\/wp-content\/uploads\/2022\/07\/DSCF1167-christophe-maraicher-pause-dej-1536x1024.jpg 1536w\" sizes=\"auto, (max-width: 1024px) 100vw, 1024px\" \/><\/a><\/figure>\n\n\n\n<p>Le grand principe de cette m\u00e9thode est d<strong>&lsquo;apporter beaucoup beaucoup<br>de mati\u00e8re organique dans le sol<\/strong> (bois, fumier r\u00e9cup\u00e9r\u00e9 dans les haras voisin, \u2026). Mais \u00e9tonnement, il nous explique que malgr\u00e9 son nom elle est tr\u00e8s \u00e9tudi\u00e9e \u00e0 l&rsquo;\u00e9tranger mais plus du tout pratiqu\u00e9e en France.<br>Une premi\u00e8re promotion de 2 stagiaires a quitt\u00e9 l&rsquo;\u00e9cole, ils se sont install\u00e9s en maraichage \u00e0 Grasse. Ils ont \u00e9t\u00e9 remplac\u00e9 par un ancien boucher, un ing\u00e9nieur informaticien et un intermittent dans l&rsquo;audiovisuel. <\/p>\n\n\n\n<p>Christophe aimerait maintenant aller plus loin en cr\u00e9ant une communaut\u00e9 de travail, o\u00f9 \u00e0 la fin de leur formation chacune et chacun pourrait cultiver une parcelle de terrain mis \u00e0 se disposition et \u00e9changer sur ses pratiques avec les autres lors de temps collectifs.<\/p>\n\n\n\n<p>Apr\u00e8s ce partage par Christophe de sa vision et de ses projets, les altercyclistes se scindent en 2 groupes : celles et ceux qui siestent et celles et ceux qui plongent dans la mer. Car nous sommes dans le grand Sud, la pause est longue afin de reprendre la route un peu plus \u00e0 la fra\u00eeche \u00e0 18h. Et ce n&rsquo;est pas un luxe vu les c\u00f4tes que nous as soigneusement pr\u00e9par\u00e9 James, pr\u00e9parateur des \u00e9tapes de ce d\u00e9but de tour. 16 kms qui montent, avec de beaux murs \u00e0 16%. Mais nous y sommes arriv\u00e9.e.s ! <\/p>\n\n\n\n<p>Et bien heureux de nous dire que nous aurons une journ\u00e9e enti\u00e8re le lendemain pour d\u00e9couvrir ce lieu plein de promesses o\u00f9 nous sommes acceilli.e.s, le tiers-lieu Sainte Marthe \u00e0 Grasse.<\/p>\n\n\n\n<p class=\"has-text-align-right\"><em>Par Aur\u00e9lie Radisson<\/em><\/p>\n","protected":false},"excerpt":{"rendered":"<p>2\u00e8me jour de l&rsquo;Alterour, enfin \u00e0 v\u00e9lo. Et on commence par du bleu : 44 kms quasiment tout en front de mer. C&rsquo;est beau, mais c&rsquo;est chaud. Alors on n&rsquo;est pas f\u00e2ch\u00e9s de quitter l&rsquo;horizon marin pour une pause du midi ombrag\u00e9e. Nous sommes accueilli.e.s par Christian Carnavalet, sur le &#8230; <\/p>\n<div><a href=\"https:\/\/www.altercampagne.net\/?p=26071\" class=\"more-link\">Read More<\/a><\/div>\n","protected":false},"author":361,"featured_media":26073,"comment_status":"closed","ping_status":"closed","sticky":false,"template":"","format":"standard","meta":{"footnotes":""},"categories":[3483,4313,4357,3482],"tags":[4413,4414],"class_list":["post-26071","post","type-post","status-publish","format-standard","has-post-thumbnail","hentry","category-agriculture","category-altertour","category-edition-2022","category-provence-alpes-cote-dazur","tag-ecole-de-maraichage-urbain-de-cannes","tag-french-method"],"yoast_head":"<!-- This site is optimized with the Yoast SEO plugin v27.3 - https:\/\/yoast.com\/product\/yoast-seo-wordpress\/ -->\n<title>\u00c7a y est, on roule ! - AlterTour<\/title>\n<meta name=\"robots\" content=\"index, follow, max-snippet:-1, max-image-preview:large, max-video-preview:-1\" \/>\n<link rel=\"canonical\" href=\"https:\/\/www.altercampagne.net\/?p=26071\" \/>\n<meta property=\"og:locale\" content=\"fr_FR\" \/>\n<meta property=\"og:type\" content=\"article\" \/>\n<meta property=\"og:title\" content=\"\u00c7a y est, on roule ! - AlterTour\" \/>\n<meta property=\"og:description\" content=\"2\u00e8me jour de l&rsquo;Alterour, enfin \u00e0 v\u00e9lo. Et on commence par du bleu : 44 kms quasiment tout en front de mer. C&rsquo;est beau, mais c&rsquo;est chaud. Alors on n&rsquo;est pas f\u00e2ch\u00e9s de quitter l&rsquo;horizon marin pour une pause du midi ombrag\u00e9e. Nous sommes accueilli.e.s par Christian Carnavalet, sur le ... Read More\" \/>\n<meta property=\"og:url\" content=\"https:\/\/www.altercampagne.net\/?p=26071\" \/>\n<meta property=\"og:site_name\" content=\"AlterTour\" \/>\n<meta property=\"article:published_time\" content=\"2022-07-22T20:22:16+00:00\" \/>\n<meta property=\"article:modified_time\" content=\"2022-07-30T19:42:19+00:00\" \/>\n<meta property=\"og:image\" content=\"https:\/\/www.altercampagne.net\/wp-content\/uploads\/2022\/07\/nice-web-cover.jpg\" \/>\n\t<meta property=\"og:image:width\" content=\"1200\" \/>\n\t<meta property=\"og:image:height\" content=\"735\" \/>\n\t<meta property=\"og:image:type\" content=\"image\/jpeg\" \/>\n<meta name=\"author\" content=\"Pauline\" \/>\n<meta name=\"twitter:card\" content=\"summary_large_image\" \/>\n<meta name=\"twitter:label1\" content=\"\u00c9crit par\" \/>\n\t<meta name=\"twitter:data1\" content=\"Pauline\" \/>\n\t<meta name=\"twitter:label2\" content=\"Dur\u00e9e de lecture estim\u00e9e\" \/>\n\t<meta name=\"twitter:data2\" content=\"3 minutes\" \/>\n<script type=\"application\/ld+json\" class=\"yoast-schema-graph\">{\"@context\":\"https:\\\/\\\/schema.org\",\"@graph\":[{\"@type\":\"Article\",\"@id\":\"https:\\\/\\\/www.altercampagne.net\\\/?p=26071#article\",\"isPartOf\":{\"@id\":\"https:\\\/\\\/www.altercampagne.net\\\/?p=26071\"},\"author\":{\"name\":\"Pauline\",\"@id\":\"https:\\\/\\\/www.altercampagne.net\\\/#\\\/schema\\\/person\\\/caf30ed73e072285b8f761300370ddb5\"},\"headline\":\"\u00c7a y est, on roule !\",\"datePublished\":\"2022-07-22T20:22:16+00:00\",\"dateModified\":\"2022-07-30T19:42:19+00:00\",\"mainEntityOfPage\":{\"@id\":\"https:\\\/\\\/www.altercampagne.net\\\/?p=26071\"},\"wordCount\":421,\"image\":{\"@id\":\"https:\\\/\\\/www.altercampagne.net\\\/?p=26071#primaryimage\"},\"thumbnailUrl\":\"https:\\\/\\\/www.altercampagne.net\\\/wp-content\\\/uploads\\\/2022\\\/07\\\/nice-web-cover.jpg\",\"keywords\":[\"Ecole de maraichage urbain de Cannes\",\"french method\"],\"articleSection\":[\"Agriculture\",\"AlterTour\",\"Edition 2022\",\"Provence-Alpes-C\u00f4te d'Azur\"],\"inLanguage\":\"fr-FR\"},{\"@type\":\"WebPage\",\"@id\":\"https:\\\/\\\/www.altercampagne.net\\\/?p=26071\",\"url\":\"https:\\\/\\\/www.altercampagne.net\\\/?p=26071\",\"name\":\"\u00c7a y est, on roule ! - AlterTour\",\"isPartOf\":{\"@id\":\"https:\\\/\\\/www.altercampagne.net\\\/#website\"},\"primaryImageOfPage\":{\"@id\":\"https:\\\/\\\/www.altercampagne.net\\\/?p=26071#primaryimage\"},\"image\":{\"@id\":\"https:\\\/\\\/www.altercampagne.net\\\/?p=26071#primaryimage\"},\"thumbnailUrl\":\"https:\\\/\\\/www.altercampagne.net\\\/wp-content\\\/uploads\\\/2022\\\/07\\\/nice-web-cover.jpg\",\"datePublished\":\"2022-07-22T20:22:16+00:00\",\"dateModified\":\"2022-07-30T19:42:19+00:00\",\"author\":{\"@id\":\"https:\\\/\\\/www.altercampagne.net\\\/#\\\/schema\\\/person\\\/caf30ed73e072285b8f761300370ddb5\"},\"breadcrumb\":{\"@id\":\"https:\\\/\\\/www.altercampagne.net\\\/?p=26071#breadcrumb\"},\"inLanguage\":\"fr-FR\",\"potentialAction\":[{\"@type\":\"ReadAction\",\"target\":[\"https:\\\/\\\/www.altercampagne.net\\\/?p=26071\"]}]},{\"@type\":\"ImageObject\",\"inLanguage\":\"fr-FR\",\"@id\":\"https:\\\/\\\/www.altercampagne.net\\\/?p=26071#primaryimage\",\"url\":\"https:\\\/\\\/www.altercampagne.net\\\/wp-content\\\/uploads\\\/2022\\\/07\\\/nice-web-cover.jpg\",\"contentUrl\":\"https:\\\/\\\/www.altercampagne.net\\\/wp-content\\\/uploads\\\/2022\\\/07\\\/nice-web-cover.jpg\",\"width\":1200,\"height\":735},{\"@type\":\"BreadcrumbList\",\"@id\":\"https:\\\/\\\/www.altercampagne.net\\\/?p=26071#breadcrumb\",\"itemListElement\":[{\"@type\":\"ListItem\",\"position\":1,\"name\":\"Accueil\",\"item\":\"https:\\\/\\\/www.altercampagne.net\\\/\"},{\"@type\":\"ListItem\",\"position\":2,\"name\":\"\u00c7a y est, on roule !\"}]},{\"@type\":\"WebSite\",\"@id\":\"https:\\\/\\\/www.altercampagne.net\\\/#website\",\"url\":\"https:\\\/\\\/www.altercampagne.net\\\/\",\"name\":\"AlterTour\",\"description\":\"Reliez les Alternatives \u00e0 v\u00e9lo\",\"potentialAction\":[{\"@type\":\"SearchAction\",\"target\":{\"@type\":\"EntryPoint\",\"urlTemplate\":\"https:\\\/\\\/www.altercampagne.net\\\/?s={search_term_string}\"},\"query-input\":{\"@type\":\"PropertyValueSpecification\",\"valueRequired\":true,\"valueName\":\"search_term_string\"}}],\"inLanguage\":\"fr-FR\"},{\"@type\":\"Person\",\"@id\":\"https:\\\/\\\/www.altercampagne.net\\\/#\\\/schema\\\/person\\\/caf30ed73e072285b8f761300370ddb5\",\"name\":\"Pauline\",\"image\":{\"@type\":\"ImageObject\",\"inLanguage\":\"fr-FR\",\"@id\":\"https:\\\/\\\/secure.gravatar.com\\\/avatar\\\/f84b78638c34b3d6ac7339a8ef00413d11da3b09ee578a762504104ff060cde7?s=96&d=mm&r=g\",\"url\":\"https:\\\/\\\/secure.gravatar.com\\\/avatar\\\/f84b78638c34b3d6ac7339a8ef00413d11da3b09ee578a762504104ff060cde7?s=96&d=mm&r=g\",\"contentUrl\":\"https:\\\/\\\/secure.gravatar.com\\\/avatar\\\/f84b78638c34b3d6ac7339a8ef00413d11da3b09ee578a762504104ff060cde7?s=96&d=mm&r=g\",\"caption\":\"Pauline\"},\"url\":\"https:\\\/\\\/www.altercampagne.net\\\/?author=361\"}]}<\/script>\n<!-- \/ Yoast SEO plugin. -->","yoast_head_json":{"title":"\u00c7a y est, on roule ! - AlterTour","robots":{"index":"index","follow":"follow","max-snippet":"max-snippet:-1","max-image-preview":"max-image-preview:large","max-video-preview":"max-video-preview:-1"},"canonical":"https:\/\/www.altercampagne.net\/?p=26071","og_locale":"fr_FR","og_type":"article","og_title":"\u00c7a y est, on roule ! - AlterTour","og_description":"2\u00e8me jour de l&rsquo;Alterour, enfin \u00e0 v\u00e9lo. Et on commence par du bleu : 44 kms quasiment tout en front de mer. C&rsquo;est beau, mais c&rsquo;est chaud. Alors on n&rsquo;est pas f\u00e2ch\u00e9s de quitter l&rsquo;horizon marin pour une pause du midi ombrag\u00e9e. Nous sommes accueilli.e.s par Christian Carnavalet, sur le ... Read More","og_url":"https:\/\/www.altercampagne.net\/?p=26071","og_site_name":"AlterTour","article_published_time":"2022-07-22T20:22:16+00:00","article_modified_time":"2022-07-30T19:42:19+00:00","og_image":[{"width":1200,"height":735,"url":"https:\/\/www.altercampagne.net\/wp-content\/uploads\/2022\/07\/nice-web-cover.jpg","type":"image\/jpeg"}],"author":"Pauline","twitter_card":"summary_large_image","twitter_misc":{"\u00c9crit par":"Pauline","Dur\u00e9e de lecture estim\u00e9e":"3 minutes"},"schema":{"@context":"https:\/\/schema.org","@graph":[{"@type":"Article","@id":"https:\/\/www.altercampagne.net\/?p=26071#article","isPartOf":{"@id":"https:\/\/www.altercampagne.net\/?p=26071"},"author":{"name":"Pauline","@id":"https:\/\/www.altercampagne.net\/#\/schema\/person\/caf30ed73e072285b8f761300370ddb5"},"headline":"\u00c7a y est, on roule !","datePublished":"2022-07-22T20:22:16+00:00","dateModified":"2022-07-30T19:42:19+00:00","mainEntityOfPage":{"@id":"https:\/\/www.altercampagne.net\/?p=26071"},"wordCount":421,"image":{"@id":"https:\/\/www.altercampagne.net\/?p=26071#primaryimage"},"thumbnailUrl":"https:\/\/www.altercampagne.net\/wp-content\/uploads\/2022\/07\/nice-web-cover.jpg","keywords":["Ecole de maraichage urbain de Cannes","french method"],"articleSection":["Agriculture","AlterTour","Edition 2022","Provence-Alpes-C\u00f4te d'Azur"],"inLanguage":"fr-FR"},{"@type":"WebPage","@id":"https:\/\/www.altercampagne.net\/?p=26071","url":"https:\/\/www.altercampagne.net\/?p=26071","name":"\u00c7a y est, on roule ! - AlterTour","isPartOf":{"@id":"https:\/\/www.altercampagne.net\/#website"},"primaryImageOfPage":{"@id":"https:\/\/www.altercampagne.net\/?p=26071#primaryimage"},"image":{"@id":"https:\/\/www.altercampagne.net\/?p=26071#primaryimage"},"thumbnailUrl":"https:\/\/www.altercampagne.net\/wp-content\/uploads\/2022\/07\/nice-web-cover.jpg","datePublished":"2022-07-22T20:22:16+00:00","dateModified":"2022-07-30T19:42:19+00:00","author":{"@id":"https:\/\/www.altercampagne.net\/#\/schema\/person\/caf30ed73e072285b8f761300370ddb5"},"breadcrumb":{"@id":"https:\/\/www.altercampagne.net\/?p=26071#breadcrumb"},"inLanguage":"fr-FR","potentialAction":[{"@type":"ReadAction","target":["https:\/\/www.altercampagne.net\/?p=26071"]}]},{"@type":"ImageObject","inLanguage":"fr-FR","@id":"https:\/\/www.altercampagne.net\/?p=26071#primaryimage","url":"https:\/\/www.altercampagne.net\/wp-content\/uploads\/2022\/07\/nice-web-cover.jpg","contentUrl":"https:\/\/www.altercampagne.net\/wp-content\/uploads\/2022\/07\/nice-web-cover.jpg","width":1200,"height":735},{"@type":"BreadcrumbList","@id":"https:\/\/www.altercampagne.net\/?p=26071#breadcrumb","itemListElement":[{"@type":"ListItem","position":1,"name":"Accueil","item":"https:\/\/www.altercampagne.net\/"},{"@type":"ListItem","position":2,"name":"\u00c7a y est, on roule !"}]},{"@type":"WebSite","@id":"https:\/\/www.altercampagne.net\/#website","url":"https:\/\/www.altercampagne.net\/","name":"AlterTour","description":"Reliez les Alternatives \u00e0 v\u00e9lo","potentialAction":[{"@type":"SearchAction","target":{"@type":"EntryPoint","urlTemplate":"https:\/\/www.altercampagne.net\/?s={search_term_string}"},"query-input":{"@type":"PropertyValueSpecification","valueRequired":true,"valueName":"search_term_string"}}],"inLanguage":"fr-FR"},{"@type":"Person","@id":"https:\/\/www.altercampagne.net\/#\/schema\/person\/caf30ed73e072285b8f761300370ddb5","name":"Pauline","image":{"@type":"ImageObject","inLanguage":"fr-FR","@id":"https:\/\/secure.gravatar.com\/avatar\/f84b78638c34b3d6ac7339a8ef00413d11da3b09ee578a762504104ff060cde7?s=96&d=mm&r=g","url":"https:\/\/secure.gravatar.com\/avatar\/f84b78638c34b3d6ac7339a8ef00413d11da3b09ee578a762504104ff060cde7?s=96&d=mm&r=g","contentUrl":"https:\/\/secure.gravatar.com\/avatar\/f84b78638c34b3d6ac7339a8ef00413d11da3b09ee578a762504104ff060cde7?s=96&d=mm&r=g","caption":"Pauline"},"url":"https:\/\/www.altercampagne.net\/?author=361"}]}},"_links":{"self":[{"href":"https:\/\/www.altercampagne.net\/index.php?rest_route=\/wp\/v2\/posts\/26071","targetHints":{"allow":["GET"]}}],"collection":[{"href":"https:\/\/www.altercampagne.net\/index.php?rest_route=\/wp\/v2\/posts"}],"about":[{"href":"https:\/\/www.altercampagne.net\/index.php?rest_route=\/wp\/v2\/types\/post"}],"author":[{"embeddable":true,"href":"https:\/\/www.altercampagne.net\/index.php?rest_route=\/wp\/v2\/users\/361"}],"replies":[{"embeddable":true,"href":"https:\/\/www.altercampagne.net\/index.php?rest_route=%2Fwp%2Fv2%2Fcomments&post=26071"}],"version-history":[{"count":2,"href":"https:\/\/www.altercampagne.net\/index.php?rest_route=\/wp\/v2\/posts\/26071\/revisions"}],"predecessor-version":[{"id":26183,"href":"https:\/\/www.altercampagne.net\/index.php?rest_route=\/wp\/v2\/posts\/26071\/revisions\/26183"}],"wp:featuredmedia":[{"embeddable":true,"href":"https:\/\/www.altercampagne.net\/index.php?rest_route=\/wp\/v2\/media\/26073"}],"wp:attachment":[{"href":"https:\/\/www.altercampagne.net\/index.php?rest_route=%2Fwp%2Fv2%2Fmedia&parent=26071"}],"wp:term":[{"taxonomy":"category","embeddable":true,"href":"https:\/\/www.altercampagne.net\/index.php?rest_route=%2Fwp%2Fv2%2Fcategories&post=26071"},{"taxonomy":"post_tag","embeddable":true,"href":"https:\/\/www.altercampagne.net\/index.php?rest_route=%2Fwp%2Fv2%2Ftags&post=26071"}],"curies":[{"name":"wp","href":"https:\/\/api.w.org\/{rel}","templated":true}]}}