{"id":26075,"date":"2022-07-22T22:35:05","date_gmt":"2022-07-22T20:35:05","guid":{"rendered":"https:\/\/www.altercampagne.net\/?p=26075"},"modified":"2022-07-27T16:17:00","modified_gmt":"2022-07-27T14:17:00","slug":"le-tiers-lieu-sainte-marthe","status":"publish","type":"post","link":"https:\/\/www.altercampagne.net\/?p=26075","title":{"rendered":"Le Tiers-Lieu Sainte Marthe"},"content":{"rendered":"\n<p>Situ\u00e9 dans un quartier prioritaire de la politique de la ville en zone urbaine \u00e0 Grasse, dans les Alpes Maritimes, <a href=\"https:\/\/www.youtube.com\/watch?v=Iv11Q-zgc64\">le tiers-lieu Sainte Marthe<\/a> est un<strong> lieu p\u00e9dagogique, lieu de rencontre et de transmission de savoirs<\/strong>. Il d\u00e9veloppe une d\u00e9marche regroupant transition \u00e9conomique, sociale, num\u00e9rique et \u00e9cologique.<\/p>\n\n\n\n<p>Initi\u00e9 par une dynamique collective d&rsquo;acteurs, le projet est port\u00e9 depuis 2018 par la SCIC (Soci\u00e9t\u00e9 coop\u00e9rative d\u2019int\u00e9r\u00eat collectif) <a href=\"http:\/\/scic-tetris.org\/\">Tetris<\/a> et ses soci\u00e9taires, dont la Communaut\u00e9 d&rsquo;agglom\u00e9ration du Pays de Grasse. Il regroupe des publics tr\u00e8s diff\u00e9rents : salari\u00e9s de la SCIC, membres d\u2019associations b\u00e9n\u00e9ficiant d&rsquo;espaces communs, jeunes volontaires en Service civique, public en \u00e9loign\u00e9 de l&#8217;emploi.<\/p>\n\n\n\n<p>C&rsquo;est \u00e0 la fois <strong>un lieu de travail, un lieu d&rsquo;\u00e9ducation populaire aux enjeux sociaux et environnementaux et un lieu d&rsquo;exp\u00e9rimentation de la vie en collectif<\/strong>. Implant\u00e9 sur un terrain de 9500 m\u00b2, il permet la rencontre de publics tr\u00e8s vari\u00e9s, gr\u00e2ce \u00e0 ses diff\u00e9rentes activit\u00e9s : FabLab &amp; InfoLab; espaces de m\u00e9diation et d\u2019innovation num\u00e9rique, de CoWorking et de t\u00e9l\u00e9travail; salles de formation et \u00e9quipement de formation \u00e0 distance; centre de recherche socio-territoriale; ateliers participatifs (couture, v\u00e9lo, bois, compostage, \u2026); activit\u00e9s d\u2019\u00e9conomie circulaire, alimentation durable, agro\u00e9cologie, biodiversit\u00e9s\u2026&nbsp;<\/p>\n\n\n\n<div class=\"wp-block-image\"><figure class=\"aligncenter size-large is-resized\"><a href=\"https:\/\/www.altercampagne.net\/wp-content\/uploads\/2022\/07\/DSCF1216-sainte-marthe2-scaled.jpg\"><img loading=\"lazy\" decoding=\"async\" src=\"https:\/\/www.altercampagne.net\/wp-content\/uploads\/2022\/07\/DSCF1216-sainte-marthe2-683x1024.jpg\" alt=\"\" class=\"wp-image-26080\" width=\"393\" height=\"588\" srcset=\"https:\/\/www.altercampagne.net\/wp-content\/uploads\/2022\/07\/DSCF1216-sainte-marthe2-683x1024.jpg 683w, https:\/\/www.altercampagne.net\/wp-content\/uploads\/2022\/07\/DSCF1216-sainte-marthe2-200x300.jpg 200w, https:\/\/www.altercampagne.net\/wp-content\/uploads\/2022\/07\/DSCF1216-sainte-marthe2-scaled.jpg 1707w\" sizes=\"auto, (max-width: 393px) 100vw, 393px\" \/><\/a><\/figure><\/div>\n\n\n\n<p><strong>Ses objectifs sont multiples : <\/strong><br>&gt; D\u00e9velopper un territoire 100 % inclusif<br>&gt; Pr\u00e9parer et adapter le territoire aux enjeux \u00e9conomiques, sociaux et environnementaux de la transition \u00e9cologique et solidaire<br>&gt; Travailler autour de la transition num\u00e9rique comme source de cr\u00e9ativit\u00e9 et d\u2019innovation.<\/p>\n\n\n\n<figure class=\"wp-block-image size-large\"><a href=\"https:\/\/www.altercampagne.net\/wp-content\/uploads\/2022\/07\/DSCF1306-sainte-marthe-reparation-velo-scaled.jpg\"><img loading=\"lazy\" decoding=\"async\" width=\"1024\" height=\"683\" src=\"https:\/\/www.altercampagne.net\/wp-content\/uploads\/2022\/07\/DSCF1306-sainte-marthe-reparation-velo-1024x683.jpg\" alt=\"\" class=\"wp-image-26081\" srcset=\"https:\/\/www.altercampagne.net\/wp-content\/uploads\/2022\/07\/DSCF1306-sainte-marthe-reparation-velo-1024x683.jpg 1024w, https:\/\/www.altercampagne.net\/wp-content\/uploads\/2022\/07\/DSCF1306-sainte-marthe-reparation-velo-300x200.jpg 300w, https:\/\/www.altercampagne.net\/wp-content\/uploads\/2022\/07\/DSCF1306-sainte-marthe-reparation-velo-768x512.jpg 768w, https:\/\/www.altercampagne.net\/wp-content\/uploads\/2022\/07\/DSCF1306-sainte-marthe-reparation-velo-1536x1024.jpg 1536w, https:\/\/www.altercampagne.net\/wp-content\/uploads\/2022\/07\/DSCF1306-sainte-marthe-reparation-velo-2048x1365.jpg 2048w, https:\/\/www.altercampagne.net\/wp-content\/uploads\/2022\/07\/DSCF1306-sainte-marthe-reparation-velo-610x407.jpg 610w, https:\/\/www.altercampagne.net\/wp-content\/uploads\/2022\/07\/DSCF1306-sainte-marthe-reparation-velo-100x67.jpg 100w, https:\/\/www.altercampagne.net\/wp-content\/uploads\/2022\/07\/DSCF1306-sainte-marthe-reparation-velo-862x575.jpg 862w, https:\/\/www.altercampagne.net\/wp-content\/uploads\/2022\/07\/DSCF1306-sainte-marthe-reparation-velo-1140x760.jpg 1140w\" sizes=\"auto, (max-width: 1024px) 100vw, 1024px\" \/><\/a><\/figure>\n\n\n\n<p>Les altercyclistes retiendront que ce tiers-lieux souhaite avant tout r\u00e9unir diff\u00e9rents acteurs pour faire ensemble et apprendre les uns des autres gr\u00e2ce \u00e0 l&rsquo;\u00e9change et \u00e0 la coop\u00e9ration.<\/p>\n\n\n\n<p class=\"has-text-align-right\"><em>H\u00e9l\u00e8ne Vallet-Rivi\u00e8re<\/em><\/p>\n","protected":false},"excerpt":{"rendered":"<p>Situ\u00e9 dans un quartier prioritaire de la politique de la ville en zone urbaine \u00e0 Grasse, dans les Alpes Maritimes, le tiers-lieu Sainte Marthe est un lieu p\u00e9dagogique, lieu de rencontre et de transmission de savoirs. Il d\u00e9veloppe une d\u00e9marche regroupant transition \u00e9conomique, sociale, num\u00e9rique et \u00e9cologique. Initi\u00e9 par une &#8230; <\/p>\n<div><a href=\"https:\/\/www.altercampagne.net\/?p=26075\" class=\"more-link\">Read More<\/a><\/div>\n","protected":false},"author":361,"featured_media":26079,"comment_status":"closed","ping_status":"closed","sticky":false,"template":"","format":"standard","meta":{"footnotes":""},"categories":[4313,4357,3938,3488,3482],"tags":[4398,4415],"class_list":["post-26075","post","type-post","status-publish","format-standard","has-post-thumbnail","hentry","category-altertour","category-edition-2022","category-education","category-social","category-provence-alpes-cote-dazur","tag-scic-tetris","tag-tiers-li"],"yoast_head":"<!-- This site is optimized with the Yoast SEO plugin v27.3 - https:\/\/yoast.com\/product\/yoast-seo-wordpress\/ -->\n<title>Le Tiers-Lieu Sainte Marthe - AlterTour<\/title>\n<meta name=\"robots\" content=\"index, follow, max-snippet:-1, max-image-preview:large, max-video-preview:-1\" \/>\n<link rel=\"canonical\" href=\"https:\/\/www.altercampagne.net\/?p=26075\" \/>\n<meta property=\"og:locale\" content=\"fr_FR\" \/>\n<meta property=\"og:type\" content=\"article\" \/>\n<meta property=\"og:title\" content=\"Le Tiers-Lieu Sainte Marthe - AlterTour\" \/>\n<meta property=\"og:description\" content=\"Situ\u00e9 dans un quartier prioritaire de la politique de la ville en zone urbaine \u00e0 Grasse, dans les Alpes Maritimes, le tiers-lieu Sainte Marthe est un lieu p\u00e9dagogique, lieu de rencontre et de transmission de savoirs. Il d\u00e9veloppe une d\u00e9marche regroupant transition \u00e9conomique, sociale, num\u00e9rique et \u00e9cologique. Initi\u00e9 par une ... Read More\" \/>\n<meta property=\"og:url\" content=\"https:\/\/www.altercampagne.net\/?p=26075\" \/>\n<meta property=\"og:site_name\" content=\"AlterTour\" \/>\n<meta property=\"article:published_time\" content=\"2022-07-22T20:35:05+00:00\" \/>\n<meta property=\"article:modified_time\" content=\"2022-07-27T14:17:00+00:00\" \/>\n<meta property=\"og:image\" content=\"https:\/\/www.altercampagne.net\/wp-content\/uploads\/2022\/07\/DSCF1232-sainte-marthe-atelier-coutureweb.jpg\" \/>\n\t<meta property=\"og:image:width\" content=\"1920\" \/>\n\t<meta property=\"og:image:height\" content=\"959\" \/>\n\t<meta property=\"og:image:type\" content=\"image\/jpeg\" \/>\n<meta name=\"author\" content=\"Pauline\" \/>\n<meta name=\"twitter:card\" content=\"summary_large_image\" \/>\n<meta name=\"twitter:label1\" content=\"\u00c9crit par\" \/>\n\t<meta name=\"twitter:data1\" content=\"Pauline\" \/>\n\t<meta name=\"twitter:label2\" content=\"Dur\u00e9e de lecture estim\u00e9e\" \/>\n\t<meta name=\"twitter:data2\" content=\"2 minutes\" \/>\n<script type=\"application\/ld+json\" class=\"yoast-schema-graph\">{\"@context\":\"https:\\\/\\\/schema.org\",\"@graph\":[{\"@type\":\"Article\",\"@id\":\"https:\\\/\\\/www.altercampagne.net\\\/?p=26075#article\",\"isPartOf\":{\"@id\":\"https:\\\/\\\/www.altercampagne.net\\\/?p=26075\"},\"author\":{\"name\":\"Pauline\",\"@id\":\"https:\\\/\\\/www.altercampagne.net\\\/#\\\/schema\\\/person\\\/caf30ed73e072285b8f761300370ddb5\"},\"headline\":\"Le Tiers-Lieu Sainte Marthe\",\"datePublished\":\"2022-07-22T20:35:05+00:00\",\"dateModified\":\"2022-07-27T14:17:00+00:00\",\"mainEntityOfPage\":{\"@id\":\"https:\\\/\\\/www.altercampagne.net\\\/?p=26075\"},\"wordCount\":309,\"image\":{\"@id\":\"https:\\\/\\\/www.altercampagne.net\\\/?p=26075#primaryimage\"},\"thumbnailUrl\":\"https:\\\/\\\/www.altercampagne.net\\\/wp-content\\\/uploads\\\/2022\\\/07\\\/DSCF1232-sainte-marthe-atelier-coutureweb.jpg\",\"keywords\":[\"SCIC TETRIS\",\"Tiers li\"],\"articleSection\":[\"AlterTour\",\"Edition 2022\",\"Education\",\"Social\",\"Provence-Alpes-C\u00f4te d'Azur\"],\"inLanguage\":\"fr-FR\"},{\"@type\":\"WebPage\",\"@id\":\"https:\\\/\\\/www.altercampagne.net\\\/?p=26075\",\"url\":\"https:\\\/\\\/www.altercampagne.net\\\/?p=26075\",\"name\":\"Le Tiers-Lieu Sainte Marthe - AlterTour\",\"isPartOf\":{\"@id\":\"https:\\\/\\\/www.altercampagne.net\\\/#website\"},\"primaryImageOfPage\":{\"@id\":\"https:\\\/\\\/www.altercampagne.net\\\/?p=26075#primaryimage\"},\"image\":{\"@id\":\"https:\\\/\\\/www.altercampagne.net\\\/?p=26075#primaryimage\"},\"thumbnailUrl\":\"https:\\\/\\\/www.altercampagne.net\\\/wp-content\\\/uploads\\\/2022\\\/07\\\/DSCF1232-sainte-marthe-atelier-coutureweb.jpg\",\"datePublished\":\"2022-07-22T20:35:05+00:00\",\"dateModified\":\"2022-07-27T14:17:00+00:00\",\"author\":{\"@id\":\"https:\\\/\\\/www.altercampagne.net\\\/#\\\/schema\\\/person\\\/caf30ed73e072285b8f761300370ddb5\"},\"breadcrumb\":{\"@id\":\"https:\\\/\\\/www.altercampagne.net\\\/?p=26075#breadcrumb\"},\"inLanguage\":\"fr-FR\",\"potentialAction\":[{\"@type\":\"ReadAction\",\"target\":[\"https:\\\/\\\/www.altercampagne.net\\\/?p=26075\"]}]},{\"@type\":\"ImageObject\",\"inLanguage\":\"fr-FR\",\"@id\":\"https:\\\/\\\/www.altercampagne.net\\\/?p=26075#primaryimage\",\"url\":\"https:\\\/\\\/www.altercampagne.net\\\/wp-content\\\/uploads\\\/2022\\\/07\\\/DSCF1232-sainte-marthe-atelier-coutureweb.jpg\",\"contentUrl\":\"https:\\\/\\\/www.altercampagne.net\\\/wp-content\\\/uploads\\\/2022\\\/07\\\/DSCF1232-sainte-marthe-atelier-coutureweb.jpg\",\"width\":1920,\"height\":959},{\"@type\":\"BreadcrumbList\",\"@id\":\"https:\\\/\\\/www.altercampagne.net\\\/?p=26075#breadcrumb\",\"itemListElement\":[{\"@type\":\"ListItem\",\"position\":1,\"name\":\"Accueil\",\"item\":\"https:\\\/\\\/www.altercampagne.net\\\/\"},{\"@type\":\"ListItem\",\"position\":2,\"name\":\"Le Tiers-Lieu Sainte Marthe\"}]},{\"@type\":\"WebSite\",\"@id\":\"https:\\\/\\\/www.altercampagne.net\\\/#website\",\"url\":\"https:\\\/\\\/www.altercampagne.net\\\/\",\"name\":\"AlterTour\",\"description\":\"Reliez les Alternatives \u00e0 v\u00e9lo\",\"potentialAction\":[{\"@type\":\"SearchAction\",\"target\":{\"@type\":\"EntryPoint\",\"urlTemplate\":\"https:\\\/\\\/www.altercampagne.net\\\/?s={search_term_string}\"},\"query-input\":{\"@type\":\"PropertyValueSpecification\",\"valueRequired\":true,\"valueName\":\"search_term_string\"}}],\"inLanguage\":\"fr-FR\"},{\"@type\":\"Person\",\"@id\":\"https:\\\/\\\/www.altercampagne.net\\\/#\\\/schema\\\/person\\\/caf30ed73e072285b8f761300370ddb5\",\"name\":\"Pauline\",\"image\":{\"@type\":\"ImageObject\",\"inLanguage\":\"fr-FR\",\"@id\":\"https:\\\/\\\/secure.gravatar.com\\\/avatar\\\/f84b78638c34b3d6ac7339a8ef00413d11da3b09ee578a762504104ff060cde7?s=96&d=mm&r=g\",\"url\":\"https:\\\/\\\/secure.gravatar.com\\\/avatar\\\/f84b78638c34b3d6ac7339a8ef00413d11da3b09ee578a762504104ff060cde7?s=96&d=mm&r=g\",\"contentUrl\":\"https:\\\/\\\/secure.gravatar.com\\\/avatar\\\/f84b78638c34b3d6ac7339a8ef00413d11da3b09ee578a762504104ff060cde7?s=96&d=mm&r=g\",\"caption\":\"Pauline\"},\"url\":\"https:\\\/\\\/www.altercampagne.net\\\/?author=361\"}]}<\/script>\n<!-- \/ Yoast SEO plugin. -->","yoast_head_json":{"title":"Le Tiers-Lieu Sainte Marthe - AlterTour","robots":{"index":"index","follow":"follow","max-snippet":"max-snippet:-1","max-image-preview":"max-image-preview:large","max-video-preview":"max-video-preview:-1"},"canonical":"https:\/\/www.altercampagne.net\/?p=26075","og_locale":"fr_FR","og_type":"article","og_title":"Le Tiers-Lieu Sainte Marthe - AlterTour","og_description":"Situ\u00e9 dans un quartier prioritaire de la politique de la ville en zone urbaine \u00e0 Grasse, dans les Alpes Maritimes, le tiers-lieu Sainte Marthe est un lieu p\u00e9dagogique, lieu de rencontre et de transmission de savoirs. Il d\u00e9veloppe une d\u00e9marche regroupant transition \u00e9conomique, sociale, num\u00e9rique et \u00e9cologique. Initi\u00e9 par une ... Read More","og_url":"https:\/\/www.altercampagne.net\/?p=26075","og_site_name":"AlterTour","article_published_time":"2022-07-22T20:35:05+00:00","article_modified_time":"2022-07-27T14:17:00+00:00","og_image":[{"width":1920,"height":959,"url":"https:\/\/www.altercampagne.net\/wp-content\/uploads\/2022\/07\/DSCF1232-sainte-marthe-atelier-coutureweb.jpg","type":"image\/jpeg"}],"author":"Pauline","twitter_card":"summary_large_image","twitter_misc":{"\u00c9crit par":"Pauline","Dur\u00e9e de lecture estim\u00e9e":"2 minutes"},"schema":{"@context":"https:\/\/schema.org","@graph":[{"@type":"Article","@id":"https:\/\/www.altercampagne.net\/?p=26075#article","isPartOf":{"@id":"https:\/\/www.altercampagne.net\/?p=26075"},"author":{"name":"Pauline","@id":"https:\/\/www.altercampagne.net\/#\/schema\/person\/caf30ed73e072285b8f761300370ddb5"},"headline":"Le Tiers-Lieu Sainte Marthe","datePublished":"2022-07-22T20:35:05+00:00","dateModified":"2022-07-27T14:17:00+00:00","mainEntityOfPage":{"@id":"https:\/\/www.altercampagne.net\/?p=26075"},"wordCount":309,"image":{"@id":"https:\/\/www.altercampagne.net\/?p=26075#primaryimage"},"thumbnailUrl":"https:\/\/www.altercampagne.net\/wp-content\/uploads\/2022\/07\/DSCF1232-sainte-marthe-atelier-coutureweb.jpg","keywords":["SCIC TETRIS","Tiers li"],"articleSection":["AlterTour","Edition 2022","Education","Social","Provence-Alpes-C\u00f4te d'Azur"],"inLanguage":"fr-FR"},{"@type":"WebPage","@id":"https:\/\/www.altercampagne.net\/?p=26075","url":"https:\/\/www.altercampagne.net\/?p=26075","name":"Le Tiers-Lieu Sainte Marthe - AlterTour","isPartOf":{"@id":"https:\/\/www.altercampagne.net\/#website"},"primaryImageOfPage":{"@id":"https:\/\/www.altercampagne.net\/?p=26075#primaryimage"},"image":{"@id":"https:\/\/www.altercampagne.net\/?p=26075#primaryimage"},"thumbnailUrl":"https:\/\/www.altercampagne.net\/wp-content\/uploads\/2022\/07\/DSCF1232-sainte-marthe-atelier-coutureweb.jpg","datePublished":"2022-07-22T20:35:05+00:00","dateModified":"2022-07-27T14:17:00+00:00","author":{"@id":"https:\/\/www.altercampagne.net\/#\/schema\/person\/caf30ed73e072285b8f761300370ddb5"},"breadcrumb":{"@id":"https:\/\/www.altercampagne.net\/?p=26075#breadcrumb"},"inLanguage":"fr-FR","potentialAction":[{"@type":"ReadAction","target":["https:\/\/www.altercampagne.net\/?p=26075"]}]},{"@type":"ImageObject","inLanguage":"fr-FR","@id":"https:\/\/www.altercampagne.net\/?p=26075#primaryimage","url":"https:\/\/www.altercampagne.net\/wp-content\/uploads\/2022\/07\/DSCF1232-sainte-marthe-atelier-coutureweb.jpg","contentUrl":"https:\/\/www.altercampagne.net\/wp-content\/uploads\/2022\/07\/DSCF1232-sainte-marthe-atelier-coutureweb.jpg","width":1920,"height":959},{"@type":"BreadcrumbList","@id":"https:\/\/www.altercampagne.net\/?p=26075#breadcrumb","itemListElement":[{"@type":"ListItem","position":1,"name":"Accueil","item":"https:\/\/www.altercampagne.net\/"},{"@type":"ListItem","position":2,"name":"Le Tiers-Lieu Sainte Marthe"}]},{"@type":"WebSite","@id":"https:\/\/www.altercampagne.net\/#website","url":"https:\/\/www.altercampagne.net\/","name":"AlterTour","description":"Reliez les Alternatives \u00e0 v\u00e9lo","potentialAction":[{"@type":"SearchAction","target":{"@type":"EntryPoint","urlTemplate":"https:\/\/www.altercampagne.net\/?s={search_term_string}"},"query-input":{"@type":"PropertyValueSpecification","valueRequired":true,"valueName":"search_term_string"}}],"inLanguage":"fr-FR"},{"@type":"Person","@id":"https:\/\/www.altercampagne.net\/#\/schema\/person\/caf30ed73e072285b8f761300370ddb5","name":"Pauline","image":{"@type":"ImageObject","inLanguage":"fr-FR","@id":"https:\/\/secure.gravatar.com\/avatar\/f84b78638c34b3d6ac7339a8ef00413d11da3b09ee578a762504104ff060cde7?s=96&d=mm&r=g","url":"https:\/\/secure.gravatar.com\/avatar\/f84b78638c34b3d6ac7339a8ef00413d11da3b09ee578a762504104ff060cde7?s=96&d=mm&r=g","contentUrl":"https:\/\/secure.gravatar.com\/avatar\/f84b78638c34b3d6ac7339a8ef00413d11da3b09ee578a762504104ff060cde7?s=96&d=mm&r=g","caption":"Pauline"},"url":"https:\/\/www.altercampagne.net\/?author=361"}]}},"_links":{"self":[{"href":"https:\/\/www.altercampagne.net\/index.php?rest_route=\/wp\/v2\/posts\/26075","targetHints":{"allow":["GET"]}}],"collection":[{"href":"https:\/\/www.altercampagne.net\/index.php?rest_route=\/wp\/v2\/posts"}],"about":[{"href":"https:\/\/www.altercampagne.net\/index.php?rest_route=\/wp\/v2\/types\/post"}],"author":[{"embeddable":true,"href":"https:\/\/www.altercampagne.net\/index.php?rest_route=\/wp\/v2\/users\/361"}],"replies":[{"embeddable":true,"href":"https:\/\/www.altercampagne.net\/index.php?rest_route=%2Fwp%2Fv2%2Fcomments&post=26075"}],"version-history":[{"count":2,"href":"https:\/\/www.altercampagne.net\/index.php?rest_route=\/wp\/v2\/posts\/26075\/revisions"}],"predecessor-version":[{"id":26116,"href":"https:\/\/www.altercampagne.net\/index.php?rest_route=\/wp\/v2\/posts\/26075\/revisions\/26116"}],"wp:featuredmedia":[{"embeddable":true,"href":"https:\/\/www.altercampagne.net\/index.php?rest_route=\/wp\/v2\/media\/26079"}],"wp:attachment":[{"href":"https:\/\/www.altercampagne.net\/index.php?rest_route=%2Fwp%2Fv2%2Fmedia&parent=26075"}],"wp:term":[{"taxonomy":"category","embeddable":true,"href":"https:\/\/www.altercampagne.net\/index.php?rest_route=%2Fwp%2Fv2%2Fcategories&post=26075"},{"taxonomy":"post_tag","embeddable":true,"href":"https:\/\/www.altercampagne.net\/index.php?rest_route=%2Fwp%2Fv2%2Ftags&post=26075"}],"curies":[{"name":"wp","href":"https:\/\/api.w.org\/{rel}","templated":true}]}}