{"id":26088,"date":"2022-07-18T15:07:00","date_gmt":"2022-07-18T13:07:00","guid":{"rendered":"https:\/\/www.altercampagne.net\/?p=26088"},"modified":"2022-07-29T15:52:05","modified_gmt":"2022-07-29T13:52:05","slug":"lalter-d-tour-en-bivouac-a-la-messicole","status":"publish","type":"post","link":"https:\/\/www.altercampagne.net\/?p=26088","title":{"rendered":"L\u2019Alter-D-Tour en bivouac \u00e0 La Messicole"},"content":{"rendered":"\n<p><strong><em>Le mot \u00ab&nbsp;messicole&nbsp;\u00bb d\u00e9signe des plantes sauvages qui poussent dans les cultures de c\u00e9r\u00e9ales comme le bleuet ou le coquelicot. Un nom tout d\u00e9sign\u00e9 pour ce lieu alternatif, qui propose des pistes de r\u00e9flexion sur notre mod\u00e8le d\u2019alimentation et de consommation. Pourquoi ne pas remplacer la culture intensive du bl\u00e9 par la cueillette de plantes sauvages&nbsp;? Ou nos bi\u00e8res rituelles par les jus frais de saison&nbsp;?<\/em><\/strong><\/p>\n\n\n\n<figure class=\"wp-block-image size-large\"><a href=\"https:\/\/www.altercampagne.net\/wp-content\/uploads\/2022\/07\/ADT22_220116_Messicole_03-scaled-e1659099667291.jpeg\"><img loading=\"lazy\" decoding=\"async\" width=\"768\" height=\"1024\" src=\"https:\/\/www.altercampagne.net\/wp-content\/uploads\/2022\/07\/ADT22_220116_Messicole_03-768x1024.jpeg\" alt=\"\" class=\"wp-image-26144\"\/><\/a><\/figure>\n\n\n\n<h4 class=\"wp-block-heading\">Bienvenue \u00e0 La Messicole<\/h4>\n\n\n\n<p>Dans une maison familiale au coeur de l\u2019Ard\u00e8che, \u00e0 Montpezat-sous-Bauzon, Steeve Read et Anne Lacour ont fond\u00e9 en 2016&nbsp;<em><a href=\"https:\/\/www.messicole.fr\/\"><strong>La Messicole<\/strong><\/a><\/em>, lieu d\u2019\u00e9change dans le domaine de la \u00ab&nbsp;<strong><em>culture de la terre et de l\u2019esprit<\/em><\/strong>&nbsp;\u00bb. \u00c0 l\u2019initiative de ce projet, il y a la volont\u00e9 de <strong>cr\u00e9er un lieu ouvert et vivant <\/strong>permettant de nouer des liens entre les habitants, les curieux de passage et des artistes.<\/p>\n\n\n\n<p>La villa s\u2019\u00e9tend au coeur de la v\u00e9g\u00e9tation sur 7 hectares, entour\u00e9e de terrasses, retenues par des murs en pierres s\u00e8ches. Une grande ch\u00e2taigneraie surplombe le domaine. Un jardin am\u00e9nag\u00e9 en permaculture par Steeve permet quelques <strong>r\u00e9coltes qui profitent au salon de th\u00e9-cantine<\/strong> tenu par Anne.&nbsp;<\/p>\n\n\n\n<p>Cet \u00e9colieu offre aussi des h\u00e9bergements avec 3 chambres en g\u00eete et un dortoir, une roulotte, ainsi qu\u2019une prairie ouverte \u00e0 l\u2019accueil des groupes. Les h\u00f4tes tiennent \u00e0 <strong>proposer des habitats \u00ab&nbsp;plumes&nbsp;\u00bb<\/strong>, avec peu de construction en dur, afin de limiter l\u2019impact sur l\u2019environnement. Ils limitent l\u2019utilisation des machines et tiennent \u00e0 faire intervenir des volontaires sur les chantiers de construction n\u00e9cessaires au lieu (mur en pierres s\u00e8ches, entretien des espaces bois\u00e9s, maraichage, enrichissement et travail du sol&#8230;).&nbsp;<\/p>\n\n\n\n<p>Le village reste facilement accessible&nbsp;: m\u00eame si sa superficie est r\u00e9duite, il est peu \u00e9loign\u00e9 d\u2019Aubenas et assez <strong>dynamique sur le plan associatif et commer\u00e7ant.<\/strong>&nbsp;<\/p>\n\n\n\n<h4 class=\"wp-block-heading\">Le caf\u00e9 culturel<\/h4>\n\n\n\n<p>L\u2019ouverture de ce lieu \u00e0 une activit\u00e9 culturelle intense (un spectacle par semaine pendant les 5 premi\u00e8res ann\u00e9es) correspondait \u00e0 la volont\u00e9 de <strong>cr\u00e9er des \u00e9changes et de la vie dans cette vall\u00e9e<\/strong>. Les intervenant-es sont membres de l\u2019association, ce qui permet un financement minimal du lieu. <strong>La Messicole poss\u00e8de une salle de spectacle<\/strong> qui permet de maintenir une activit\u00e9 toute l\u2019ann\u00e9e. Aujourd\u2019hui, la fr\u00e9quence de ces animations a un peu diminu\u00e9 afin de diversifier les projets. <br><strong>Les cours de conception en permaculture et des stages de survie<\/strong> ont lieu annuellement, ainsi que des conf\u00e9rences, et des formations sur le montage audiovisuel.<\/p>\n\n\n\n<h4 class=\"wp-block-heading\">A la d\u00e9couverte de nouvelles saveurs<\/h4>\n\n\n\n<p>Anne et Steeve veulent faire d\u00e9couvrir de <strong>nouvelles habitudes alimentaires<\/strong>&nbsp;en faisant conna\u00eetre des plantes sauvages comestibles. La carte est exclusivement v\u00e9g\u00e9tarienne et sans alcool. Elle propose des produits de saison ainsi que des alternatives au lactose et au gluten.<\/p>\n\n\n\n<h4 class=\"wp-block-heading\">Coup de pouce des alter-D-cyclistes<\/h4>\n\n\n\n<figure class=\"wp-block-image size-large\"><a href=\"https:\/\/www.altercampagne.net\/wp-content\/uploads\/2022\/07\/ADT22_220116_Messicole_01-scaled-e1659099582265.jpeg\"><img loading=\"lazy\" decoding=\"async\" width=\"1024\" height=\"768\" src=\"https:\/\/www.altercampagne.net\/wp-content\/uploads\/2022\/07\/ADT22_220116_Messicole_01-1024x768.jpeg\" alt=\"\" class=\"wp-image-26143\"\/><\/a><\/figure>\n\n\n\n<p>L\u2019Alter-D-Tour est rest\u00e9 2 jours dans cet \u00e9colieu. Durant ce s\u00e9jour, l\u2019id\u00e9e \u00e9tait de <strong>d\u00e9construire un mur en pierres s\u00e8ches<\/strong> vieillissant afin de le reconstruire sur de bonnes bases. Les altercyclistes ont aussi pu d\u00e9couvrir la peinture su\u00e9doise pour prot\u00e9ger les constructions en bois de l\u2019humidit\u00e9 en apportant une touche de couleur.&nbsp;<\/p>\n\n\n\n<p>L\u2019objectif d\u2019Anne et Steeve est de <strong>cr\u00e9er une maison ouverte<\/strong> \u00e0 la fois pour l\u2019\u00e9change culturel et pour le partage des diff\u00e9rentes t\u00e2ches n\u00e9cessaires au bon fonctionnement du lieu. <strong>Il et elle ont compris la richesse du collectif<\/strong> apr\u00e8s avoir pass\u00e9 sept ann\u00e9es sans interruption \u00e0 faire vivre ce lieu \u00e0 deux. Ils recherchent des volontaires pour les aider \u00e0 perp\u00e9tuer ce beau projet.<\/p>\n\n\n\n<h4 class=\"wp-block-heading\">Bonus&nbsp;:<\/h4>\n\n\n\n<p>A Montpezat-sous-Bauzon, Les alter-D-cyclistes ont pu visiter l\u2019atelier de Fabien Archimbaud. <strong>Il construit des v\u00e9los cargos<\/strong> \u00e0 partir de mat\u00e9riaux recup\u00e9r\u00e9s et recycl\u00e9s. Tr\u00e8s d\u00e9sireux de partager ses connaissances, il propose un stage pour les acheteurs afin de participer \u00e0 la construction d\u2019un v\u00e9lo cargo.&nbsp;(Pour plus d\u2019informations&nbsp;: Vulcain cr\u00e9ation sur Facebook)<\/p>\n\n\n\n<p class=\"has-text-align-right\">Zo\u00e9 et Marjorie <\/p>\n","protected":false},"excerpt":{"rendered":"<p>Le mot \u00ab&nbsp;messicole&nbsp;\u00bb d\u00e9signe des plantes sauvages qui poussent dans les cultures de c\u00e9r\u00e9ales comme le bleuet ou le coquelicot. Un nom tout d\u00e9sign\u00e9 pour ce lieu alternatif, qui propose des pistes de r\u00e9flexion sur notre mod\u00e8le d\u2019alimentation et de consommation. Pourquoi ne pas remplacer la culture intensive du bl\u00e9 &#8230; <\/p>\n<div><a href=\"https:\/\/www.altercampagne.net\/?p=26088\" class=\"more-link\">Read More<\/a><\/div>\n","protected":false},"author":215,"featured_media":26145,"comment_status":"closed","ping_status":"closed","sticky":false,"template":"","format":"standard","meta":{"footnotes":""},"categories":[3471,3483,4311,4357,3490],"tags":[],"class_list":["post-26088","post","type-post","status-publish","format-standard","has-post-thumbnail","hentry","category-auvergne-rhone-alpes","category-agriculture","category-alter-d-tour","category-edition-2022","category-culture"],"yoast_head":"<!-- This site is optimized with the Yoast SEO plugin v27.3 - https:\/\/yoast.com\/product\/yoast-seo-wordpress\/ -->\n<title>L\u2019Alter-D-Tour en bivouac \u00e0 La Messicole - AlterTour<\/title>\n<meta name=\"robots\" content=\"index, follow, max-snippet:-1, max-image-preview:large, max-video-preview:-1\" \/>\n<link rel=\"canonical\" href=\"https:\/\/www.altercampagne.net\/?p=26088\" \/>\n<meta property=\"og:locale\" content=\"fr_FR\" \/>\n<meta property=\"og:type\" content=\"article\" \/>\n<meta property=\"og:title\" content=\"L\u2019Alter-D-Tour en bivouac \u00e0 La Messicole - AlterTour\" \/>\n<meta property=\"og:description\" content=\"Le mot \u00ab&nbsp;messicole&nbsp;\u00bb d\u00e9signe des plantes sauvages qui poussent dans les cultures de c\u00e9r\u00e9ales comme le bleuet ou le coquelicot. Un nom tout d\u00e9sign\u00e9 pour ce lieu alternatif, qui propose des pistes de r\u00e9flexion sur notre mod\u00e8le d\u2019alimentation et de consommation. Pourquoi ne pas remplacer la culture intensive du bl\u00e9 ... Read More\" \/>\n<meta property=\"og:url\" content=\"https:\/\/www.altercampagne.net\/?p=26088\" \/>\n<meta property=\"og:site_name\" content=\"AlterTour\" \/>\n<meta property=\"article:published_time\" content=\"2022-07-18T13:07:00+00:00\" \/>\n<meta property=\"article:modified_time\" content=\"2022-07-29T13:52:05+00:00\" \/>\n<meta property=\"og:image\" content=\"https:\/\/www.altercampagne.net\/wp-content\/uploads\/2022\/07\/ADT22_220116_Messicole_09-scaled-e1659099696827.jpeg\" \/>\n\t<meta property=\"og:image:width\" content=\"1000\" \/>\n\t<meta property=\"og:image:height\" content=\"750\" \/>\n\t<meta property=\"og:image:type\" content=\"image\/jpeg\" \/>\n<meta name=\"author\" content=\"AlterTour\" \/>\n<meta name=\"twitter:card\" content=\"summary_large_image\" \/>\n<meta name=\"twitter:label1\" content=\"\u00c9crit par\" \/>\n\t<meta name=\"twitter:data1\" content=\"AlterTour\" \/>\n\t<meta name=\"twitter:label2\" content=\"Dur\u00e9e de lecture estim\u00e9e\" \/>\n\t<meta name=\"twitter:data2\" content=\"4 minutes\" \/>\n<script type=\"application\/ld+json\" class=\"yoast-schema-graph\">{\"@context\":\"https:\\\/\\\/schema.org\",\"@graph\":[{\"@type\":\"Article\",\"@id\":\"https:\\\/\\\/www.altercampagne.net\\\/?p=26088#article\",\"isPartOf\":{\"@id\":\"https:\\\/\\\/www.altercampagne.net\\\/?p=26088\"},\"author\":{\"name\":\"AlterTour\",\"@id\":\"https:\\\/\\\/www.altercampagne.net\\\/#\\\/schema\\\/person\\\/e5b68c803196f649c2152249d262d94a\"},\"headline\":\"L\u2019Alter-D-Tour en bivouac \u00e0 La Messicole\",\"datePublished\":\"2022-07-18T13:07:00+00:00\",\"dateModified\":\"2022-07-29T13:52:05+00:00\",\"mainEntityOfPage\":{\"@id\":\"https:\\\/\\\/www.altercampagne.net\\\/?p=26088\"},\"wordCount\":706,\"image\":{\"@id\":\"https:\\\/\\\/www.altercampagne.net\\\/?p=26088#primaryimage\"},\"thumbnailUrl\":\"https:\\\/\\\/www.altercampagne.net\\\/wp-content\\\/uploads\\\/2022\\\/07\\\/ADT22_220116_Messicole_09-scaled-e1659099696827.jpeg\",\"articleSection\":[\"Auvergne-Rh\u00f4ne-Alpes\",\"Agriculture\",\"Alter-D-tour\",\"Edition 2022\",\"Culture\"],\"inLanguage\":\"fr-FR\"},{\"@type\":\"WebPage\",\"@id\":\"https:\\\/\\\/www.altercampagne.net\\\/?p=26088\",\"url\":\"https:\\\/\\\/www.altercampagne.net\\\/?p=26088\",\"name\":\"L\u2019Alter-D-Tour en bivouac \u00e0 La Messicole - AlterTour\",\"isPartOf\":{\"@id\":\"https:\\\/\\\/www.altercampagne.net\\\/#website\"},\"primaryImageOfPage\":{\"@id\":\"https:\\\/\\\/www.altercampagne.net\\\/?p=26088#primaryimage\"},\"image\":{\"@id\":\"https:\\\/\\\/www.altercampagne.net\\\/?p=26088#primaryimage\"},\"thumbnailUrl\":\"https:\\\/\\\/www.altercampagne.net\\\/wp-content\\\/uploads\\\/2022\\\/07\\\/ADT22_220116_Messicole_09-scaled-e1659099696827.jpeg\",\"datePublished\":\"2022-07-18T13:07:00+00:00\",\"dateModified\":\"2022-07-29T13:52:05+00:00\",\"author\":{\"@id\":\"https:\\\/\\\/www.altercampagne.net\\\/#\\\/schema\\\/person\\\/e5b68c803196f649c2152249d262d94a\"},\"breadcrumb\":{\"@id\":\"https:\\\/\\\/www.altercampagne.net\\\/?p=26088#breadcrumb\"},\"inLanguage\":\"fr-FR\",\"potentialAction\":[{\"@type\":\"ReadAction\",\"target\":[\"https:\\\/\\\/www.altercampagne.net\\\/?p=26088\"]}]},{\"@type\":\"ImageObject\",\"inLanguage\":\"fr-FR\",\"@id\":\"https:\\\/\\\/www.altercampagne.net\\\/?p=26088#primaryimage\",\"url\":\"https:\\\/\\\/www.altercampagne.net\\\/wp-content\\\/uploads\\\/2022\\\/07\\\/ADT22_220116_Messicole_09-scaled-e1659099696827.jpeg\",\"contentUrl\":\"https:\\\/\\\/www.altercampagne.net\\\/wp-content\\\/uploads\\\/2022\\\/07\\\/ADT22_220116_Messicole_09-scaled-e1659099696827.jpeg\",\"width\":1000,\"height\":750},{\"@type\":\"BreadcrumbList\",\"@id\":\"https:\\\/\\\/www.altercampagne.net\\\/?p=26088#breadcrumb\",\"itemListElement\":[{\"@type\":\"ListItem\",\"position\":1,\"name\":\"Accueil\",\"item\":\"https:\\\/\\\/www.altercampagne.net\\\/\"},{\"@type\":\"ListItem\",\"position\":2,\"name\":\"L\u2019Alter-D-Tour en bivouac \u00e0 La Messicole\"}]},{\"@type\":\"WebSite\",\"@id\":\"https:\\\/\\\/www.altercampagne.net\\\/#website\",\"url\":\"https:\\\/\\\/www.altercampagne.net\\\/\",\"name\":\"AlterTour\",\"description\":\"Reliez les Alternatives \u00e0 v\u00e9lo\",\"potentialAction\":[{\"@type\":\"SearchAction\",\"target\":{\"@type\":\"EntryPoint\",\"urlTemplate\":\"https:\\\/\\\/www.altercampagne.net\\\/?s={search_term_string}\"},\"query-input\":{\"@type\":\"PropertyValueSpecification\",\"valueRequired\":true,\"valueName\":\"search_term_string\"}}],\"inLanguage\":\"fr-FR\"},{\"@type\":\"Person\",\"@id\":\"https:\\\/\\\/www.altercampagne.net\\\/#\\\/schema\\\/person\\\/e5b68c803196f649c2152249d262d94a\",\"name\":\"AlterTour\",\"image\":{\"@type\":\"ImageObject\",\"inLanguage\":\"fr-FR\",\"@id\":\"https:\\\/\\\/secure.gravatar.com\\\/avatar\\\/3f2ed77f8506b8ea264ad5938bb0114bfa10f35b64086a66dfbb6e9f58ad9693?s=96&d=mm&r=g\",\"url\":\"https:\\\/\\\/secure.gravatar.com\\\/avatar\\\/3f2ed77f8506b8ea264ad5938bb0114bfa10f35b64086a66dfbb6e9f58ad9693?s=96&d=mm&r=g\",\"contentUrl\":\"https:\\\/\\\/secure.gravatar.com\\\/avatar\\\/3f2ed77f8506b8ea264ad5938bb0114bfa10f35b64086a66dfbb6e9f58ad9693?s=96&d=mm&r=g\",\"caption\":\"AlterTour\"},\"url\":\"https:\\\/\\\/www.altercampagne.net\\\/?author=215\"}]}<\/script>\n<!-- \/ Yoast SEO plugin. -->","yoast_head_json":{"title":"L\u2019Alter-D-Tour en bivouac \u00e0 La Messicole - AlterTour","robots":{"index":"index","follow":"follow","max-snippet":"max-snippet:-1","max-image-preview":"max-image-preview:large","max-video-preview":"max-video-preview:-1"},"canonical":"https:\/\/www.altercampagne.net\/?p=26088","og_locale":"fr_FR","og_type":"article","og_title":"L\u2019Alter-D-Tour en bivouac \u00e0 La Messicole - AlterTour","og_description":"Le mot \u00ab&nbsp;messicole&nbsp;\u00bb d\u00e9signe des plantes sauvages qui poussent dans les cultures de c\u00e9r\u00e9ales comme le bleuet ou le coquelicot. Un nom tout d\u00e9sign\u00e9 pour ce lieu alternatif, qui propose des pistes de r\u00e9flexion sur notre mod\u00e8le d\u2019alimentation et de consommation. Pourquoi ne pas remplacer la culture intensive du bl\u00e9 ... Read More","og_url":"https:\/\/www.altercampagne.net\/?p=26088","og_site_name":"AlterTour","article_published_time":"2022-07-18T13:07:00+00:00","article_modified_time":"2022-07-29T13:52:05+00:00","og_image":[{"width":1000,"height":750,"url":"https:\/\/www.altercampagne.net\/wp-content\/uploads\/2022\/07\/ADT22_220116_Messicole_09-scaled-e1659099696827.jpeg","type":"image\/jpeg"}],"author":"AlterTour","twitter_card":"summary_large_image","twitter_misc":{"\u00c9crit par":"AlterTour","Dur\u00e9e de lecture estim\u00e9e":"4 minutes"},"schema":{"@context":"https:\/\/schema.org","@graph":[{"@type":"Article","@id":"https:\/\/www.altercampagne.net\/?p=26088#article","isPartOf":{"@id":"https:\/\/www.altercampagne.net\/?p=26088"},"author":{"name":"AlterTour","@id":"https:\/\/www.altercampagne.net\/#\/schema\/person\/e5b68c803196f649c2152249d262d94a"},"headline":"L\u2019Alter-D-Tour en bivouac \u00e0 La Messicole","datePublished":"2022-07-18T13:07:00+00:00","dateModified":"2022-07-29T13:52:05+00:00","mainEntityOfPage":{"@id":"https:\/\/www.altercampagne.net\/?p=26088"},"wordCount":706,"image":{"@id":"https:\/\/www.altercampagne.net\/?p=26088#primaryimage"},"thumbnailUrl":"https:\/\/www.altercampagne.net\/wp-content\/uploads\/2022\/07\/ADT22_220116_Messicole_09-scaled-e1659099696827.jpeg","articleSection":["Auvergne-Rh\u00f4ne-Alpes","Agriculture","Alter-D-tour","Edition 2022","Culture"],"inLanguage":"fr-FR"},{"@type":"WebPage","@id":"https:\/\/www.altercampagne.net\/?p=26088","url":"https:\/\/www.altercampagne.net\/?p=26088","name":"L\u2019Alter-D-Tour en bivouac \u00e0 La Messicole - AlterTour","isPartOf":{"@id":"https:\/\/www.altercampagne.net\/#website"},"primaryImageOfPage":{"@id":"https:\/\/www.altercampagne.net\/?p=26088#primaryimage"},"image":{"@id":"https:\/\/www.altercampagne.net\/?p=26088#primaryimage"},"thumbnailUrl":"https:\/\/www.altercampagne.net\/wp-content\/uploads\/2022\/07\/ADT22_220116_Messicole_09-scaled-e1659099696827.jpeg","datePublished":"2022-07-18T13:07:00+00:00","dateModified":"2022-07-29T13:52:05+00:00","author":{"@id":"https:\/\/www.altercampagne.net\/#\/schema\/person\/e5b68c803196f649c2152249d262d94a"},"breadcrumb":{"@id":"https:\/\/www.altercampagne.net\/?p=26088#breadcrumb"},"inLanguage":"fr-FR","potentialAction":[{"@type":"ReadAction","target":["https:\/\/www.altercampagne.net\/?p=26088"]}]},{"@type":"ImageObject","inLanguage":"fr-FR","@id":"https:\/\/www.altercampagne.net\/?p=26088#primaryimage","url":"https:\/\/www.altercampagne.net\/wp-content\/uploads\/2022\/07\/ADT22_220116_Messicole_09-scaled-e1659099696827.jpeg","contentUrl":"https:\/\/www.altercampagne.net\/wp-content\/uploads\/2022\/07\/ADT22_220116_Messicole_09-scaled-e1659099696827.jpeg","width":1000,"height":750},{"@type":"BreadcrumbList","@id":"https:\/\/www.altercampagne.net\/?p=26088#breadcrumb","itemListElement":[{"@type":"ListItem","position":1,"name":"Accueil","item":"https:\/\/www.altercampagne.net\/"},{"@type":"ListItem","position":2,"name":"L\u2019Alter-D-Tour en bivouac \u00e0 La Messicole"}]},{"@type":"WebSite","@id":"https:\/\/www.altercampagne.net\/#website","url":"https:\/\/www.altercampagne.net\/","name":"AlterTour","description":"Reliez les Alternatives \u00e0 v\u00e9lo","potentialAction":[{"@type":"SearchAction","target":{"@type":"EntryPoint","urlTemplate":"https:\/\/www.altercampagne.net\/?s={search_term_string}"},"query-input":{"@type":"PropertyValueSpecification","valueRequired":true,"valueName":"search_term_string"}}],"inLanguage":"fr-FR"},{"@type":"Person","@id":"https:\/\/www.altercampagne.net\/#\/schema\/person\/e5b68c803196f649c2152249d262d94a","name":"AlterTour","image":{"@type":"ImageObject","inLanguage":"fr-FR","@id":"https:\/\/secure.gravatar.com\/avatar\/3f2ed77f8506b8ea264ad5938bb0114bfa10f35b64086a66dfbb6e9f58ad9693?s=96&d=mm&r=g","url":"https:\/\/secure.gravatar.com\/avatar\/3f2ed77f8506b8ea264ad5938bb0114bfa10f35b64086a66dfbb6e9f58ad9693?s=96&d=mm&r=g","contentUrl":"https:\/\/secure.gravatar.com\/avatar\/3f2ed77f8506b8ea264ad5938bb0114bfa10f35b64086a66dfbb6e9f58ad9693?s=96&d=mm&r=g","caption":"AlterTour"},"url":"https:\/\/www.altercampagne.net\/?author=215"}]}},"_links":{"self":[{"href":"https:\/\/www.altercampagne.net\/index.php?rest_route=\/wp\/v2\/posts\/26088","targetHints":{"allow":["GET"]}}],"collection":[{"href":"https:\/\/www.altercampagne.net\/index.php?rest_route=\/wp\/v2\/posts"}],"about":[{"href":"https:\/\/www.altercampagne.net\/index.php?rest_route=\/wp\/v2\/types\/post"}],"author":[{"embeddable":true,"href":"https:\/\/www.altercampagne.net\/index.php?rest_route=\/wp\/v2\/users\/215"}],"replies":[{"embeddable":true,"href":"https:\/\/www.altercampagne.net\/index.php?rest_route=%2Fwp%2Fv2%2Fcomments&post=26088"}],"version-history":[{"count":5,"href":"https:\/\/www.altercampagne.net\/index.php?rest_route=\/wp\/v2\/posts\/26088\/revisions"}],"predecessor-version":[{"id":26149,"href":"https:\/\/www.altercampagne.net\/index.php?rest_route=\/wp\/v2\/posts\/26088\/revisions\/26149"}],"wp:featuredmedia":[{"embeddable":true,"href":"https:\/\/www.altercampagne.net\/index.php?rest_route=\/wp\/v2\/media\/26145"}],"wp:attachment":[{"href":"https:\/\/www.altercampagne.net\/index.php?rest_route=%2Fwp%2Fv2%2Fmedia&parent=26088"}],"wp:term":[{"taxonomy":"category","embeddable":true,"href":"https:\/\/www.altercampagne.net\/index.php?rest_route=%2Fwp%2Fv2%2Fcategories&post=26088"},{"taxonomy":"post_tag","embeddable":true,"href":"https:\/\/www.altercampagne.net\/index.php?rest_route=%2Fwp%2Fv2%2Ftags&post=26088"}],"curies":[{"name":"wp","href":"https:\/\/api.w.org\/{rel}","templated":true}]}}