{"id":26095,"date":"2022-07-26T18:24:58","date_gmt":"2022-07-26T16:24:58","guid":{"rendered":"https:\/\/www.altercampagne.net\/?p=26095"},"modified":"2022-07-27T16:27:23","modified_gmt":"2022-07-27T14:27:23","slug":"laltertour-decouvre-le-hameau-st-francois","status":"publish","type":"post","link":"https:\/\/www.altercampagne.net\/?p=26095","title":{"rendered":"L&rsquo;AlterTour d\u00e9couvre le hameau st Fran\u00e7ois"},"content":{"rendered":"\n<p>Mireille a fait don de son terrain et sa grande maison \u00e0 l&rsquo;\u00e9v\u00each\u00e9 de Draguignan. Ce dernier l&rsquo;a confi\u00e9 \u00e0 3 associations (Fratelli UDV, le Secours Catholique et Habitat et humanisme) qui coordonnent un<a href=\"https:\/\/www.eco-hameausolidaire.fr\/accueil\/\"> <strong>projet d&rsquo;habitats solidaires<\/strong><\/a> dans lequel les dimensions \u00e9cologique et spirituelle ont aussi leur place.<\/p>\n\n\n\n<p>Les altercyclistes y ont d\u00e9barqu\u00e9 vendredi midi, suant \u00e0 grosses gouttes apr\u00e8s une belle grimpette finale. Aujourd&rsquo;hui <strong>la journ\u00e9e est rythm\u00e9e par divers ateliers<\/strong>, des moments de partage et m\u00eame un concert du groupe de rock Les sans voix (leur nom fait r\u00e9f\u00e9rence aux paroles de leurs chansons qui reprennent ce qu&rsquo;ils ont entendus des personnes de la rue, \u00e0 qui on donne rarement la parole).<\/p>\n\n\n\n<figure class=\"wp-block-image size-large\"><a href=\"https:\/\/www.altercampagne.net\/wp-content\/uploads\/2022\/07\/DSCF1801pita-scaled.jpg\"><img loading=\"lazy\" decoding=\"async\" width=\"1024\" height=\"678\" src=\"https:\/\/www.altercampagne.net\/wp-content\/uploads\/2022\/07\/DSCF1801pita-1024x678.jpg\" alt=\"\" class=\"wp-image-26098\" srcset=\"https:\/\/www.altercampagne.net\/wp-content\/uploads\/2022\/07\/DSCF1801pita-1024x678.jpg 1024w, https:\/\/www.altercampagne.net\/wp-content\/uploads\/2022\/07\/DSCF1801pita-300x199.jpg 300w, https:\/\/www.altercampagne.net\/wp-content\/uploads\/2022\/07\/DSCF1801pita-768x509.jpg 768w, https:\/\/www.altercampagne.net\/wp-content\/uploads\/2022\/07\/DSCF1801pita-1536x1018.jpg 1536w, https:\/\/www.altercampagne.net\/wp-content\/uploads\/2022\/07\/DSCF1801pita-2048x1357.jpg 2048w, https:\/\/www.altercampagne.net\/wp-content\/uploads\/2022\/07\/DSCF1801pita-610x404.jpg 610w, https:\/\/www.altercampagne.net\/wp-content\/uploads\/2022\/07\/DSCF1801pita-100x66.jpg 100w, https:\/\/www.altercampagne.net\/wp-content\/uploads\/2022\/07\/DSCF1801pita-862x571.jpg 862w, https:\/\/www.altercampagne.net\/wp-content\/uploads\/2022\/07\/DSCF1801pita-1140x755.jpg 1140w\" sizes=\"auto, (max-width: 1024px) 100vw, 1024px\" \/><\/a><\/figure>\n\n\n\n<p>Le matin, nous avons le choix de nous initier au chant polyphonique avec Deborah, de r\u00e9parer nos v\u00e9los avec Beno\u00eet et Olivier, de cuisiner de d\u00e9licieux pains pita avec Nico, de s\u00e9rigraphier nos t-shirts au logo de l&rsquo;Alter-tour avec Guitou, de nous r\u00e9veiller en douceur gr\u00e2ce aux talents de James, Lili et H\u00e9l\u00e8ne, ou encore de nous aventurer dans les jolies ruelles de Draguignan, visiter son march\u00e9 pittoresque et admirer la vue \u00e0 360\u00b0 du haut de la tour de garde, etc&#8230;<\/p>\n\n\n\n<figure class=\"wp-block-image size-large\"><a href=\"https:\/\/www.altercampagne.net\/wp-content\/uploads\/2022\/07\/DSCF1790-serigraphie2-scaled.jpg\"><img loading=\"lazy\" decoding=\"async\" width=\"1024\" height=\"671\" src=\"https:\/\/www.altercampagne.net\/wp-content\/uploads\/2022\/07\/DSCF1790-serigraphie2-1024x671.jpg\" alt=\"\" class=\"wp-image-26099\" srcset=\"https:\/\/www.altercampagne.net\/wp-content\/uploads\/2022\/07\/DSCF1790-serigraphie2-1024x671.jpg 1024w, https:\/\/www.altercampagne.net\/wp-content\/uploads\/2022\/07\/DSCF1790-serigraphie2-300x197.jpg 300w, https:\/\/www.altercampagne.net\/wp-content\/uploads\/2022\/07\/DSCF1790-serigraphie2-768x503.jpg 768w, https:\/\/www.altercampagne.net\/wp-content\/uploads\/2022\/07\/DSCF1790-serigraphie2-1536x1006.jpg 1536w, https:\/\/www.altercampagne.net\/wp-content\/uploads\/2022\/07\/DSCF1790-serigraphie2-2048x1342.jpg 2048w, https:\/\/www.altercampagne.net\/wp-content\/uploads\/2022\/07\/DSCF1790-serigraphie2-610x400.jpg 610w, https:\/\/www.altercampagne.net\/wp-content\/uploads\/2022\/07\/DSCF1790-serigraphie2-100x66.jpg 100w, https:\/\/www.altercampagne.net\/wp-content\/uploads\/2022\/07\/DSCF1790-serigraphie2-862x565.jpg 862w, https:\/\/www.altercampagne.net\/wp-content\/uploads\/2022\/07\/DSCF1790-serigraphie2-1140x747.jpg 1140w\" sizes=\"auto, (max-width: 1024px) 100vw, 1024px\" \/><\/a><\/figure>\n\n\n\n<p>L&rsquo;apr\u00e8s midi, apr\u00e8s un bon repas \u00e0 base de taboul\u00e9 aux l\u00e9gumes frais de saison, de fromages locaux et de pitas maisons, nous avons parl\u00e9 habitats group\u00e9s. <strong>Un riche moment de partage <\/strong>! Le concert des rockeurs du groupe <a href=\"https:\/\/www.sansvoix.fr\/\" target=\"_blank\" rel=\"noreferrer noopener\">Les sans voix<\/a> fut suivi d&rsquo;un repas partag\u00e9 avec les habitants du hameau st Joseph.<\/p>\n\n\n\n<p>J&rsquo;y ai rencontr\u00e9 <strong>Lucien, le doyen du lieu avec ses 96 ans<\/strong>. Originaire de Normandie, il devait devenir ma\u00e7on comme son p\u00e8re mais a choisi les fleurs. Vivant \u00e0 la campagne, \u00e0 20 ans il avait d\u00e9j\u00e0 le bon sens paysan, celui qui permet de comprendre son environnement, de l&rsquo;apprivoiser et le pr\u00e9server, (sans devoir faire de longue \u00e9tudes&#8230;). De fleuriste, il devient ensuite p\u00e9pini\u00e9riste, et se rapproche du sud de la France. Sa bougeotte le m\u00e8ne \u00e0 faire plein de petits boulots qui le conduisent \u00e0 s&rsquo;installer enfin \u00e0 Draguignan. Il conna\u00eet bien les habitants du hameau avec qui il partage certaines activit\u00e9s. Ses probl\u00e8mes de sant\u00e9 auraient d\u00fb l&rsquo;envoyer en EHPAD, mais sa volont\u00e9 de terminer sa vie bien entour\u00e9 au hameau, aid\u00e9 de Marie-Do et Ludovic, lui permettent de rejoindre le tiers-lieu et de s&rsquo;y installer paisiblement.<\/p>\n\n\n\n<figure class=\"wp-block-image size-large\"><a href=\"https:\/\/www.altercampagne.net\/wp-content\/uploads\/2022\/07\/DSCF1893ecohameaudoyen-1-scaled.jpg\"><img loading=\"lazy\" decoding=\"async\" width=\"1024\" height=\"683\" src=\"https:\/\/www.altercampagne.net\/wp-content\/uploads\/2022\/07\/DSCF1893ecohameaudoyen-1-1024x683.jpg\" alt=\"\" class=\"wp-image-26101\"\/><\/a><\/figure>\n\n\n\n<p>La soir\u00e9e s&rsquo;annonce paisible, au son des cigales qui se remettent \u00e0 chanter d\u00e8s que la temp\u00e9rature repasse en dessous de 25\u00b0. Rangement, vaisselle, jeux de carte, papotes&#8230;On se pr\u00e9pare pour l&rsquo;\u00e9tape du lendemain, les 60 km \u00e0 parcourir pour rejoindre Barjols !<\/p>\n\n\n\n<p class=\"has-text-align-right\"><em>Margaux<\/em><\/p>\n","protected":false},"excerpt":{"rendered":"<p>Mireille a fait don de son terrain et sa grande maison \u00e0 l&rsquo;\u00e9v\u00each\u00e9 de Draguignan. Ce dernier l&rsquo;a confi\u00e9 \u00e0 3 associations (Fratelli UDV, le Secours Catholique et Habitat et humanisme) qui coordonnent un projet d&rsquo;habitats solidaires dans lequel les dimensions \u00e9cologique et spirituelle ont aussi leur place. Les altercyclistes &#8230; <\/p>\n<div><a href=\"https:\/\/www.altercampagne.net\/?p=26095\" class=\"more-link\">Read More<\/a><\/div>\n","protected":false},"author":316,"featured_media":26102,"comment_status":"closed","ping_status":"closed","sticky":false,"template":"","format":"standard","meta":{"footnotes":""},"categories":[4313,4357,3485,3488,3482],"tags":[4416],"class_list":["post-26095","post","type-post","status-publish","format-standard","has-post-thumbnail","hentry","category-altertour","category-edition-2022","category-habitat","category-social","category-provence-alpes-cote-dazur","tag-eco-hameau-saint-francois"],"yoast_head":"<!-- This site is optimized with the Yoast SEO plugin v27.3 - https:\/\/yoast.com\/product\/yoast-seo-wordpress\/ -->\n<title>L&#039;AlterTour d\u00e9couvre le hameau st Fran\u00e7ois - AlterTour<\/title>\n<meta name=\"robots\" content=\"index, follow, max-snippet:-1, max-image-preview:large, max-video-preview:-1\" \/>\n<link rel=\"canonical\" href=\"https:\/\/www.altercampagne.net\/?p=26095\" \/>\n<meta property=\"og:locale\" content=\"fr_FR\" \/>\n<meta property=\"og:type\" content=\"article\" \/>\n<meta property=\"og:title\" content=\"L&#039;AlterTour d\u00e9couvre le hameau st Fran\u00e7ois - AlterTour\" \/>\n<meta property=\"og:description\" content=\"Mireille a fait don de son terrain et sa grande maison \u00e0 l&rsquo;\u00e9v\u00each\u00e9 de Draguignan. Ce dernier l&rsquo;a confi\u00e9 \u00e0 3 associations (Fratelli UDV, le Secours Catholique et Habitat et humanisme) qui coordonnent un projet d&rsquo;habitats solidaires dans lequel les dimensions \u00e9cologique et spirituelle ont aussi leur place. Les altercyclistes ... Read More\" \/>\n<meta property=\"og:url\" content=\"https:\/\/www.altercampagne.net\/?p=26095\" \/>\n<meta property=\"og:site_name\" content=\"AlterTour\" \/>\n<meta property=\"article:published_time\" content=\"2022-07-26T16:24:58+00:00\" \/>\n<meta property=\"article:modified_time\" content=\"2022-07-27T14:27:23+00:00\" \/>\n<meta property=\"og:image\" content=\"https:\/\/www.altercampagne.net\/wp-content\/uploads\/2022\/07\/DSCF1883ecohameauconcert-1-scaled.jpg\" \/>\n\t<meta property=\"og:image:width\" content=\"2560\" \/>\n\t<meta property=\"og:image:height\" content=\"1707\" \/>\n\t<meta property=\"og:image:type\" content=\"image\/jpeg\" \/>\n<meta name=\"author\" content=\"Jonas\" \/>\n<meta name=\"twitter:card\" content=\"summary_large_image\" \/>\n<meta name=\"twitter:label1\" content=\"\u00c9crit par\" \/>\n\t<meta name=\"twitter:data1\" content=\"Jonas\" \/>\n\t<meta name=\"twitter:label2\" content=\"Dur\u00e9e de lecture estim\u00e9e\" \/>\n\t<meta name=\"twitter:data2\" content=\"3 minutes\" \/>\n<script type=\"application\/ld+json\" class=\"yoast-schema-graph\">{\"@context\":\"https:\\\/\\\/schema.org\",\"@graph\":[{\"@type\":\"Article\",\"@id\":\"https:\\\/\\\/www.altercampagne.net\\\/?p=26095#article\",\"isPartOf\":{\"@id\":\"https:\\\/\\\/www.altercampagne.net\\\/?p=26095\"},\"author\":{\"name\":\"Jonas\",\"@id\":\"https:\\\/\\\/www.altercampagne.net\\\/#\\\/schema\\\/person\\\/308dc295a67929d58321ff6b59820daa\"},\"headline\":\"L&rsquo;AlterTour d\u00e9couvre le hameau st Fran\u00e7ois\",\"datePublished\":\"2022-07-26T16:24:58+00:00\",\"dateModified\":\"2022-07-27T14:27:23+00:00\",\"mainEntityOfPage\":{\"@id\":\"https:\\\/\\\/www.altercampagne.net\\\/?p=26095\"},\"wordCount\":473,\"image\":{\"@id\":\"https:\\\/\\\/www.altercampagne.net\\\/?p=26095#primaryimage\"},\"thumbnailUrl\":\"https:\\\/\\\/www.altercampagne.net\\\/wp-content\\\/uploads\\\/2022\\\/07\\\/DSCF1883ecohameauconcert-1-scaled.jpg\",\"keywords\":[\"Eco hameau Saint Fran\u00e7ois\"],\"articleSection\":[\"AlterTour\",\"Edition 2022\",\"Habitat\",\"Social\",\"Provence-Alpes-C\u00f4te d'Azur\"],\"inLanguage\":\"fr-FR\"},{\"@type\":\"WebPage\",\"@id\":\"https:\\\/\\\/www.altercampagne.net\\\/?p=26095\",\"url\":\"https:\\\/\\\/www.altercampagne.net\\\/?p=26095\",\"name\":\"L'AlterTour d\u00e9couvre le hameau st Fran\u00e7ois - AlterTour\",\"isPartOf\":{\"@id\":\"https:\\\/\\\/www.altercampagne.net\\\/#website\"},\"primaryImageOfPage\":{\"@id\":\"https:\\\/\\\/www.altercampagne.net\\\/?p=26095#primaryimage\"},\"image\":{\"@id\":\"https:\\\/\\\/www.altercampagne.net\\\/?p=26095#primaryimage\"},\"thumbnailUrl\":\"https:\\\/\\\/www.altercampagne.net\\\/wp-content\\\/uploads\\\/2022\\\/07\\\/DSCF1883ecohameauconcert-1-scaled.jpg\",\"datePublished\":\"2022-07-26T16:24:58+00:00\",\"dateModified\":\"2022-07-27T14:27:23+00:00\",\"author\":{\"@id\":\"https:\\\/\\\/www.altercampagne.net\\\/#\\\/schema\\\/person\\\/308dc295a67929d58321ff6b59820daa\"},\"breadcrumb\":{\"@id\":\"https:\\\/\\\/www.altercampagne.net\\\/?p=26095#breadcrumb\"},\"inLanguage\":\"fr-FR\",\"potentialAction\":[{\"@type\":\"ReadAction\",\"target\":[\"https:\\\/\\\/www.altercampagne.net\\\/?p=26095\"]}]},{\"@type\":\"ImageObject\",\"inLanguage\":\"fr-FR\",\"@id\":\"https:\\\/\\\/www.altercampagne.net\\\/?p=26095#primaryimage\",\"url\":\"https:\\\/\\\/www.altercampagne.net\\\/wp-content\\\/uploads\\\/2022\\\/07\\\/DSCF1883ecohameauconcert-1-scaled.jpg\",\"contentUrl\":\"https:\\\/\\\/www.altercampagne.net\\\/wp-content\\\/uploads\\\/2022\\\/07\\\/DSCF1883ecohameauconcert-1-scaled.jpg\",\"width\":2560,\"height\":1707},{\"@type\":\"BreadcrumbList\",\"@id\":\"https:\\\/\\\/www.altercampagne.net\\\/?p=26095#breadcrumb\",\"itemListElement\":[{\"@type\":\"ListItem\",\"position\":1,\"name\":\"Accueil\",\"item\":\"https:\\\/\\\/www.altercampagne.net\\\/\"},{\"@type\":\"ListItem\",\"position\":2,\"name\":\"L&rsquo;AlterTour d\u00e9couvre le hameau st Fran\u00e7ois\"}]},{\"@type\":\"WebSite\",\"@id\":\"https:\\\/\\\/www.altercampagne.net\\\/#website\",\"url\":\"https:\\\/\\\/www.altercampagne.net\\\/\",\"name\":\"AlterTour\",\"description\":\"Reliez les Alternatives \u00e0 v\u00e9lo\",\"potentialAction\":[{\"@type\":\"SearchAction\",\"target\":{\"@type\":\"EntryPoint\",\"urlTemplate\":\"https:\\\/\\\/www.altercampagne.net\\\/?s={search_term_string}\"},\"query-input\":{\"@type\":\"PropertyValueSpecification\",\"valueRequired\":true,\"valueName\":\"search_term_string\"}}],\"inLanguage\":\"fr-FR\"},{\"@type\":\"Person\",\"@id\":\"https:\\\/\\\/www.altercampagne.net\\\/#\\\/schema\\\/person\\\/308dc295a67929d58321ff6b59820daa\",\"name\":\"Jonas\",\"image\":{\"@type\":\"ImageObject\",\"inLanguage\":\"fr-FR\",\"@id\":\"https:\\\/\\\/secure.gravatar.com\\\/avatar\\\/ade7b451791545d463915f445a8aee91b58c48cdcbc1ab2b8583fa2f30e159e4?s=96&d=mm&r=g\",\"url\":\"https:\\\/\\\/secure.gravatar.com\\\/avatar\\\/ade7b451791545d463915f445a8aee91b58c48cdcbc1ab2b8583fa2f30e159e4?s=96&d=mm&r=g\",\"contentUrl\":\"https:\\\/\\\/secure.gravatar.com\\\/avatar\\\/ade7b451791545d463915f445a8aee91b58c48cdcbc1ab2b8583fa2f30e159e4?s=96&d=mm&r=g\",\"caption\":\"Jonas\"},\"url\":\"https:\\\/\\\/www.altercampagne.net\\\/?author=316\"}]}<\/script>\n<!-- \/ Yoast SEO plugin. -->","yoast_head_json":{"title":"L'AlterTour d\u00e9couvre le hameau st Fran\u00e7ois - AlterTour","robots":{"index":"index","follow":"follow","max-snippet":"max-snippet:-1","max-image-preview":"max-image-preview:large","max-video-preview":"max-video-preview:-1"},"canonical":"https:\/\/www.altercampagne.net\/?p=26095","og_locale":"fr_FR","og_type":"article","og_title":"L'AlterTour d\u00e9couvre le hameau st Fran\u00e7ois - AlterTour","og_description":"Mireille a fait don de son terrain et sa grande maison \u00e0 l&rsquo;\u00e9v\u00each\u00e9 de Draguignan. Ce dernier l&rsquo;a confi\u00e9 \u00e0 3 associations (Fratelli UDV, le Secours Catholique et Habitat et humanisme) qui coordonnent un projet d&rsquo;habitats solidaires dans lequel les dimensions \u00e9cologique et spirituelle ont aussi leur place. Les altercyclistes ... Read More","og_url":"https:\/\/www.altercampagne.net\/?p=26095","og_site_name":"AlterTour","article_published_time":"2022-07-26T16:24:58+00:00","article_modified_time":"2022-07-27T14:27:23+00:00","og_image":[{"width":2560,"height":1707,"url":"https:\/\/www.altercampagne.net\/wp-content\/uploads\/2022\/07\/DSCF1883ecohameauconcert-1-scaled.jpg","type":"image\/jpeg"}],"author":"Jonas","twitter_card":"summary_large_image","twitter_misc":{"\u00c9crit par":"Jonas","Dur\u00e9e de lecture estim\u00e9e":"3 minutes"},"schema":{"@context":"https:\/\/schema.org","@graph":[{"@type":"Article","@id":"https:\/\/www.altercampagne.net\/?p=26095#article","isPartOf":{"@id":"https:\/\/www.altercampagne.net\/?p=26095"},"author":{"name":"Jonas","@id":"https:\/\/www.altercampagne.net\/#\/schema\/person\/308dc295a67929d58321ff6b59820daa"},"headline":"L&rsquo;AlterTour d\u00e9couvre le hameau st Fran\u00e7ois","datePublished":"2022-07-26T16:24:58+00:00","dateModified":"2022-07-27T14:27:23+00:00","mainEntityOfPage":{"@id":"https:\/\/www.altercampagne.net\/?p=26095"},"wordCount":473,"image":{"@id":"https:\/\/www.altercampagne.net\/?p=26095#primaryimage"},"thumbnailUrl":"https:\/\/www.altercampagne.net\/wp-content\/uploads\/2022\/07\/DSCF1883ecohameauconcert-1-scaled.jpg","keywords":["Eco hameau Saint Fran\u00e7ois"],"articleSection":["AlterTour","Edition 2022","Habitat","Social","Provence-Alpes-C\u00f4te d'Azur"],"inLanguage":"fr-FR"},{"@type":"WebPage","@id":"https:\/\/www.altercampagne.net\/?p=26095","url":"https:\/\/www.altercampagne.net\/?p=26095","name":"L'AlterTour d\u00e9couvre le hameau st Fran\u00e7ois - AlterTour","isPartOf":{"@id":"https:\/\/www.altercampagne.net\/#website"},"primaryImageOfPage":{"@id":"https:\/\/www.altercampagne.net\/?p=26095#primaryimage"},"image":{"@id":"https:\/\/www.altercampagne.net\/?p=26095#primaryimage"},"thumbnailUrl":"https:\/\/www.altercampagne.net\/wp-content\/uploads\/2022\/07\/DSCF1883ecohameauconcert-1-scaled.jpg","datePublished":"2022-07-26T16:24:58+00:00","dateModified":"2022-07-27T14:27:23+00:00","author":{"@id":"https:\/\/www.altercampagne.net\/#\/schema\/person\/308dc295a67929d58321ff6b59820daa"},"breadcrumb":{"@id":"https:\/\/www.altercampagne.net\/?p=26095#breadcrumb"},"inLanguage":"fr-FR","potentialAction":[{"@type":"ReadAction","target":["https:\/\/www.altercampagne.net\/?p=26095"]}]},{"@type":"ImageObject","inLanguage":"fr-FR","@id":"https:\/\/www.altercampagne.net\/?p=26095#primaryimage","url":"https:\/\/www.altercampagne.net\/wp-content\/uploads\/2022\/07\/DSCF1883ecohameauconcert-1-scaled.jpg","contentUrl":"https:\/\/www.altercampagne.net\/wp-content\/uploads\/2022\/07\/DSCF1883ecohameauconcert-1-scaled.jpg","width":2560,"height":1707},{"@type":"BreadcrumbList","@id":"https:\/\/www.altercampagne.net\/?p=26095#breadcrumb","itemListElement":[{"@type":"ListItem","position":1,"name":"Accueil","item":"https:\/\/www.altercampagne.net\/"},{"@type":"ListItem","position":2,"name":"L&rsquo;AlterTour d\u00e9couvre le hameau st Fran\u00e7ois"}]},{"@type":"WebSite","@id":"https:\/\/www.altercampagne.net\/#website","url":"https:\/\/www.altercampagne.net\/","name":"AlterTour","description":"Reliez les Alternatives \u00e0 v\u00e9lo","potentialAction":[{"@type":"SearchAction","target":{"@type":"EntryPoint","urlTemplate":"https:\/\/www.altercampagne.net\/?s={search_term_string}"},"query-input":{"@type":"PropertyValueSpecification","valueRequired":true,"valueName":"search_term_string"}}],"inLanguage":"fr-FR"},{"@type":"Person","@id":"https:\/\/www.altercampagne.net\/#\/schema\/person\/308dc295a67929d58321ff6b59820daa","name":"Jonas","image":{"@type":"ImageObject","inLanguage":"fr-FR","@id":"https:\/\/secure.gravatar.com\/avatar\/ade7b451791545d463915f445a8aee91b58c48cdcbc1ab2b8583fa2f30e159e4?s=96&d=mm&r=g","url":"https:\/\/secure.gravatar.com\/avatar\/ade7b451791545d463915f445a8aee91b58c48cdcbc1ab2b8583fa2f30e159e4?s=96&d=mm&r=g","contentUrl":"https:\/\/secure.gravatar.com\/avatar\/ade7b451791545d463915f445a8aee91b58c48cdcbc1ab2b8583fa2f30e159e4?s=96&d=mm&r=g","caption":"Jonas"},"url":"https:\/\/www.altercampagne.net\/?author=316"}]}},"_links":{"self":[{"href":"https:\/\/www.altercampagne.net\/index.php?rest_route=\/wp\/v2\/posts\/26095","targetHints":{"allow":["GET"]}}],"collection":[{"href":"https:\/\/www.altercampagne.net\/index.php?rest_route=\/wp\/v2\/posts"}],"about":[{"href":"https:\/\/www.altercampagne.net\/index.php?rest_route=\/wp\/v2\/types\/post"}],"author":[{"embeddable":true,"href":"https:\/\/www.altercampagne.net\/index.php?rest_route=\/wp\/v2\/users\/316"}],"replies":[{"embeddable":true,"href":"https:\/\/www.altercampagne.net\/index.php?rest_route=%2Fwp%2Fv2%2Fcomments&post=26095"}],"version-history":[{"count":2,"href":"https:\/\/www.altercampagne.net\/index.php?rest_route=\/wp\/v2\/posts\/26095\/revisions"}],"predecessor-version":[{"id":26118,"href":"https:\/\/www.altercampagne.net\/index.php?rest_route=\/wp\/v2\/posts\/26095\/revisions\/26118"}],"wp:featuredmedia":[{"embeddable":true,"href":"https:\/\/www.altercampagne.net\/index.php?rest_route=\/wp\/v2\/media\/26102"}],"wp:attachment":[{"href":"https:\/\/www.altercampagne.net\/index.php?rest_route=%2Fwp%2Fv2%2Fmedia&parent=26095"}],"wp:term":[{"taxonomy":"category","embeddable":true,"href":"https:\/\/www.altercampagne.net\/index.php?rest_route=%2Fwp%2Fv2%2Fcategories&post=26095"},{"taxonomy":"post_tag","embeddable":true,"href":"https:\/\/www.altercampagne.net\/index.php?rest_route=%2Fwp%2Fv2%2Ftags&post=26095"}],"curies":[{"name":"wp","href":"https:\/\/api.w.org\/{rel}","templated":true}]}}