{"id":26104,"date":"2022-07-26T18:45:00","date_gmt":"2022-07-26T16:45:00","guid":{"rendered":"https:\/\/www.altercampagne.net\/?p=26104"},"modified":"2022-07-26T18:45:01","modified_gmt":"2022-07-26T16:45:01","slug":"le-jardin-des-semences","status":"publish","type":"post","link":"https:\/\/www.altercampagne.net\/?p=26104","title":{"rendered":"Le jardin des semences"},"content":{"rendered":"\n<p>Nous nous \u00e9veillons au c\u0153ur du vert de la Provence, entre pins et oliviers, bottes de paille et soleil ardent. C&rsquo;est Am\u00e9lie qui nous accueille sur son terrain, dans les collines avoisinant Barjols. <strong>Am\u00e9lie est semenci\u00e8re. Elle cultive des plantes potag\u00e8res, aromatiques et m\u00e9dicinales afin d&rsquo;en extraire les graines.<\/strong> Ces derni\u00e8res sont reproductibles et libres de droit et se vendent sous l&rsquo;\u00e9tiquette <a href=\"https:\/\/www.lesjardinsdessemences.fr\/qui-sommes-nous\/\"><em>les jardins des semences<\/em>.<\/a> Ainsi, les graines ne font pas l&rsquo;objet d&rsquo;un quelconque brevet et peuvent \u00eatre reproduites d&rsquo;une ann\u00e9e sur l&rsquo;autre.<\/p>\n\n\n\n<figure class=\"wp-block-image size-large\"><a href=\"https:\/\/www.altercampagne.net\/wp-content\/uploads\/2022\/07\/DSCF2531jardindesemences2-scaled.jpg\"><img loading=\"lazy\" decoding=\"async\" width=\"1024\" height=\"683\" src=\"https:\/\/www.altercampagne.net\/wp-content\/uploads\/2022\/07\/DSCF2531jardindesemences2-1024x683.jpg\" alt=\"\" class=\"wp-image-26105\" srcset=\"https:\/\/www.altercampagne.net\/wp-content\/uploads\/2022\/07\/DSCF2531jardindesemences2-1024x683.jpg 1024w, https:\/\/www.altercampagne.net\/wp-content\/uploads\/2022\/07\/DSCF2531jardindesemences2-300x200.jpg 300w, https:\/\/www.altercampagne.net\/wp-content\/uploads\/2022\/07\/DSCF2531jardindesemences2-768x512.jpg 768w, https:\/\/www.altercampagne.net\/wp-content\/uploads\/2022\/07\/DSCF2531jardindesemences2-1536x1024.jpg 1536w, https:\/\/www.altercampagne.net\/wp-content\/uploads\/2022\/07\/DSCF2531jardindesemences2-2048x1365.jpg 2048w, https:\/\/www.altercampagne.net\/wp-content\/uploads\/2022\/07\/DSCF2531jardindesemences2-610x407.jpg 610w, https:\/\/www.altercampagne.net\/wp-content\/uploads\/2022\/07\/DSCF2531jardindesemences2-100x67.jpg 100w, https:\/\/www.altercampagne.net\/wp-content\/uploads\/2022\/07\/DSCF2531jardindesemences2-862x575.jpg 862w, https:\/\/www.altercampagne.net\/wp-content\/uploads\/2022\/07\/DSCF2531jardindesemences2-1140x760.jpg 1140w\" sizes=\"auto, (max-width: 1024px) 100vw, 1024px\" \/><\/a><\/figure>\n\n\n\n<p>Durant la matin\u00e9e, nous pr\u00eatons quelques paires de bras \u00e0 Am\u00e9lie et son p\u00e8re sur <strong>deux chantiers\u00a0: installation de voiles d&rsquo;ombrage &amp; peinture de piquet au bitume de pins (imputrescible)<\/strong>. Apr\u00e8s une visite du potager, Am\u00e9lie nous explique quelques bases de g\u00e9n\u00e9tique. Nous d\u00e9couvrons l&rsquo;apparence des fleurs et graines de divers l\u00e9gumes qu&rsquo;on trouve dans notre assiette puis nous finissons par une extraction de graines de tomates.<\/p>\n\n\n\n<figure class=\"wp-block-image size-large\"><a href=\"https:\/\/www.altercampagne.net\/wp-content\/uploads\/2022\/07\/DSCF2410jardinsemencesserre2-scaled.jpg\"><img loading=\"lazy\" decoding=\"async\" width=\"1024\" height=\"687\" src=\"https:\/\/www.altercampagne.net\/wp-content\/uploads\/2022\/07\/DSCF2410jardinsemencesserre2-1024x687.jpg\" alt=\"\" class=\"wp-image-26106\" srcset=\"https:\/\/www.altercampagne.net\/wp-content\/uploads\/2022\/07\/DSCF2410jardinsemencesserre2-1024x687.jpg 1024w, https:\/\/www.altercampagne.net\/wp-content\/uploads\/2022\/07\/DSCF2410jardinsemencesserre2-300x201.jpg 300w, https:\/\/www.altercampagne.net\/wp-content\/uploads\/2022\/07\/DSCF2410jardinsemencesserre2-768x515.jpg 768w, https:\/\/www.altercampagne.net\/wp-content\/uploads\/2022\/07\/DSCF2410jardinsemencesserre2-1536x1031.jpg 1536w, https:\/\/www.altercampagne.net\/wp-content\/uploads\/2022\/07\/DSCF2410jardinsemencesserre2-2048x1374.jpg 2048w, https:\/\/www.altercampagne.net\/wp-content\/uploads\/2022\/07\/DSCF2410jardinsemencesserre2-610x409.jpg 610w, https:\/\/www.altercampagne.net\/wp-content\/uploads\/2022\/07\/DSCF2410jardinsemencesserre2-100x67.jpg 100w, https:\/\/www.altercampagne.net\/wp-content\/uploads\/2022\/07\/DSCF2410jardinsemencesserre2-862x578.jpg 862w, https:\/\/www.altercampagne.net\/wp-content\/uploads\/2022\/07\/DSCF2410jardinsemencesserre2-1140x765.jpg 1140w\" sizes=\"auto, (max-width: 1024px) 100vw, 1024px\" \/><\/a><\/figure>\n\n\n\n<p>En parall\u00e8le, une \u00e9quipe vient donner la main aux voisins, Antonin et Pauline, aka <a href=\"https:\/\/www.facebook.com\/pepinieresdeslichous\/\">p\u00e9pini\u00e8re <em>les lichous<\/em><\/a><em>. <\/em>Install\u00e9s depuis une ann\u00e9e,<strong> ils cultivent des plantes vivaces et des arbres fruitiers<\/strong>. Les plantes vivaces vivent plusieurs ann\u00e9es, bien qu&rsquo;elles perdent parfois feuilles et fleurs en hiver. Ici il y a entre 75 et 100 esp\u00e8ces diff\u00e9rentes dont de nombreuses vivaces rares et m\u00e9connues. Parmi elles, les altercyclistes go\u00fbtent la \u00ab\u00a0plante fromage\u00a0\u00bbqui marque les esprits. L&rsquo;armature d&rsquo;une serre est mont\u00e9e pour rafraichir ou r\u00e9chauffer selon la saison (difficile \u00e0 croire alors que nous suons nos vies sous le soleil caniculaire que les nuits peuvent atteindre -8\u00b0 en hiver).<\/p>\n\n\n\n<figure class=\"wp-block-image size-large\"><a href=\"https:\/\/www.altercampagne.net\/wp-content\/uploads\/2022\/07\/DSCF2303jardindessemencesaggrozouk-1-scaled.jpg\"><img loading=\"lazy\" decoding=\"async\" width=\"1024\" height=\"683\" src=\"https:\/\/www.altercampagne.net\/wp-content\/uploads\/2022\/07\/DSCF2303jardindessemencesaggrozouk-1-1024x683.jpg\" alt=\"\" class=\"wp-image-26108\"\/><\/a><\/figure>\n\n\n\n<p>Cette matin\u00e9e est riche, et un troisi\u00e8me atelier nous donne \u00e0 d\u00e9couvrir l&rsquo;<a href=\"https:\/\/www.latelierpaysan.org\/Aggrozouk\">Aggrozouk<\/a>. Mais k\u00e9zako\u00a0? Tel un lego technique grandeur nature, il s&rsquo;agit d&rsquo;un<strong> tracteur \u00e0 p\u00e9dale et moteur \u00e9lectrique<\/strong>. Promu par <em>l&rsquo;atelier paysan et farming soul<\/em>, c&rsquo;est une machine agricole que l&rsquo;on peut auto-construire avec peu de moyens. Tous les supports p\u00e9dagogique sont trouvables sur internet et en libre d&rsquo;acc\u00e8s. Vive l&rsquo;autonomie\u00a0!<\/p>\n\n\n\n<p>Nous profitons de l&rsquo;apr\u00e8s-midi pour nous rafra\u00eechir \u00e0 la rivi\u00e8re, r\u00e9parer quelques v\u00e9los, faire une lessive salvatrice ou encore \u00e9plucher les butternuts pour le dhal du soir.<\/p>\n\n\n\n<p>Afin de cl\u00f4turer la journ\u00e9e en beaut\u00e9, nous \u00e9changeons avec les membres de <em><a href=\"https:\/\/potagers-compagnie.fr\/\">Potager et compagnie<\/a><\/em>. On reste dans le th\u00e8me de l&rsquo;agriculture biologique avec en plus la pr\u00e9sentation d&rsquo;un centre de formation et d&rsquo;un bureau d&rsquo;\u00e9tude.<strong> Potager et compagnie accompagne la cr\u00e9ation de potager d&rsquo;entreprise et de ferme communale destin\u00e9e \u00e0 alimenter les cantines scolaires locales<\/strong>. Joli projet qui met un sacr\u00e9 coup de pied dans la fourmili\u00e8re et soul\u00e8ve au sein des altercyclistes de nombreux questionnements politiques, \u00e9thiques, financiers. <a href=\"https:\/\/reporterre.net\/La-cantine-bio-de-Mouans-Sartoux-nourrit-bien-eleves-et-paysans\">Le mod\u00e8le de Mouans-Sartoux<\/a> est souvent cit\u00e9 en exemple \u00e0 propos des r\u00e9percussions d&rsquo;une cantine scolaire bio et locale, jetez-y un \u0153il.<\/p>\n\n\n\n<p class=\"has-text-align-right\"><em>Deborah<\/em><\/p>\n\n\n\n<figure class=\"wp-block-image size-large\"><a href=\"https:\/\/www.altercampagne.net\/wp-content\/uploads\/2022\/07\/DSCF2577groupeweb.jpg\"><img loading=\"lazy\" decoding=\"async\" width=\"1024\" height=\"494\" src=\"https:\/\/www.altercampagne.net\/wp-content\/uploads\/2022\/07\/DSCF2577groupeweb-1024x494.jpg\" alt=\"\" class=\"wp-image-26109\" srcset=\"https:\/\/www.altercampagne.net\/wp-content\/uploads\/2022\/07\/DSCF2577groupeweb-1024x494.jpg 1024w, https:\/\/www.altercampagne.net\/wp-content\/uploads\/2022\/07\/DSCF2577groupeweb-300x145.jpg 300w, https:\/\/www.altercampagne.net\/wp-content\/uploads\/2022\/07\/DSCF2577groupeweb-768x370.jpg 768w, https:\/\/www.altercampagne.net\/wp-content\/uploads\/2022\/07\/DSCF2577groupeweb-1536x741.jpg 1536w, https:\/\/www.altercampagne.net\/wp-content\/uploads\/2022\/07\/DSCF2577groupeweb-610x294.jpg 610w, https:\/\/www.altercampagne.net\/wp-content\/uploads\/2022\/07\/DSCF2577groupeweb-100x48.jpg 100w, https:\/\/www.altercampagne.net\/wp-content\/uploads\/2022\/07\/DSCF2577groupeweb-862x416.jpg 862w, https:\/\/www.altercampagne.net\/wp-content\/uploads\/2022\/07\/DSCF2577groupeweb-1140x550.jpg 1140w, https:\/\/www.altercampagne.net\/wp-content\/uploads\/2022\/07\/DSCF2577groupeweb.jpg 1920w\" sizes=\"auto, (max-width: 1024px) 100vw, 1024px\" \/><\/a><\/figure>\n","protected":false},"excerpt":{"rendered":"<p>Nous nous \u00e9veillons au c\u0153ur du vert de la Provence, entre pins et oliviers, bottes de paille et soleil ardent. C&rsquo;est Am\u00e9lie qui nous accueille sur son terrain, dans les collines avoisinant Barjols. Am\u00e9lie est semenci\u00e8re. Elle cultive des plantes potag\u00e8res, aromatiques et m\u00e9dicinales afin d&rsquo;en extraire les graines. Ces &#8230; <\/p>\n<div><a href=\"https:\/\/www.altercampagne.net\/?p=26104\" class=\"more-link\">Read More<\/a><\/div>\n","protected":false},"author":316,"featured_media":26111,"comment_status":"closed","ping_status":"closed","sticky":false,"template":"","format":"standard","meta":{"footnotes":""},"categories":[3483,4357,3482],"tags":[],"class_list":["post-26104","post","type-post","status-publish","format-standard","has-post-thumbnail","hentry","category-agriculture","category-edition-2022","category-provence-alpes-cote-dazur"],"yoast_head":"<!-- This site is optimized with the Yoast SEO plugin v27.3 - https:\/\/yoast.com\/product\/yoast-seo-wordpress\/ -->\n<title>Le jardin des semences - AlterTour<\/title>\n<meta name=\"robots\" content=\"index, follow, max-snippet:-1, max-image-preview:large, max-video-preview:-1\" \/>\n<link rel=\"canonical\" href=\"https:\/\/www.altercampagne.net\/?p=26104\" \/>\n<meta property=\"og:locale\" content=\"fr_FR\" \/>\n<meta property=\"og:type\" content=\"article\" \/>\n<meta property=\"og:title\" content=\"Le jardin des semences - AlterTour\" \/>\n<meta property=\"og:description\" content=\"Nous nous \u00e9veillons au c\u0153ur du vert de la Provence, entre pins et oliviers, bottes de paille et soleil ardent. C&rsquo;est Am\u00e9lie qui nous accueille sur son terrain, dans les collines avoisinant Barjols. Am\u00e9lie est semenci\u00e8re. Elle cultive des plantes potag\u00e8res, aromatiques et m\u00e9dicinales afin d&rsquo;en extraire les graines. Ces ... Read More\" \/>\n<meta property=\"og:url\" content=\"https:\/\/www.altercampagne.net\/?p=26104\" \/>\n<meta property=\"og:site_name\" content=\"AlterTour\" \/>\n<meta property=\"article:published_time\" content=\"2022-07-26T16:45:00+00:00\" \/>\n<meta property=\"article:modified_time\" content=\"2022-07-26T16:45:01+00:00\" \/>\n<meta property=\"og:image\" content=\"https:\/\/www.altercampagne.net\/wp-content\/uploads\/2022\/07\/DSCF2469jardin-des-semences2w.jpg\" \/>\n\t<meta property=\"og:image:width\" content=\"1920\" \/>\n\t<meta property=\"og:image:height\" content=\"1280\" \/>\n\t<meta property=\"og:image:type\" content=\"image\/jpeg\" \/>\n<meta name=\"author\" content=\"Jonas\" \/>\n<meta name=\"twitter:card\" content=\"summary_large_image\" \/>\n<meta name=\"twitter:label1\" content=\"\u00c9crit par\" \/>\n\t<meta name=\"twitter:data1\" content=\"Jonas\" \/>\n\t<meta name=\"twitter:label2\" content=\"Dur\u00e9e de lecture estim\u00e9e\" \/>\n\t<meta name=\"twitter:data2\" content=\"4 minutes\" \/>\n<script type=\"application\/ld+json\" class=\"yoast-schema-graph\">{\"@context\":\"https:\\\/\\\/schema.org\",\"@graph\":[{\"@type\":\"Article\",\"@id\":\"https:\\\/\\\/www.altercampagne.net\\\/?p=26104#article\",\"isPartOf\":{\"@id\":\"https:\\\/\\\/www.altercampagne.net\\\/?p=26104\"},\"author\":{\"name\":\"Jonas\",\"@id\":\"https:\\\/\\\/www.altercampagne.net\\\/#\\\/schema\\\/person\\\/308dc295a67929d58321ff6b59820daa\"},\"headline\":\"Le jardin des semences\",\"datePublished\":\"2022-07-26T16:45:00+00:00\",\"dateModified\":\"2022-07-26T16:45:01+00:00\",\"mainEntityOfPage\":{\"@id\":\"https:\\\/\\\/www.altercampagne.net\\\/?p=26104\"},\"wordCount\":527,\"image\":{\"@id\":\"https:\\\/\\\/www.altercampagne.net\\\/?p=26104#primaryimage\"},\"thumbnailUrl\":\"https:\\\/\\\/www.altercampagne.net\\\/wp-content\\\/uploads\\\/2022\\\/07\\\/DSCF2469jardin-des-semences2w.jpg\",\"articleSection\":[\"Agriculture\",\"Edition 2022\",\"Provence-Alpes-C\u00f4te d'Azur\"],\"inLanguage\":\"fr-FR\"},{\"@type\":\"WebPage\",\"@id\":\"https:\\\/\\\/www.altercampagne.net\\\/?p=26104\",\"url\":\"https:\\\/\\\/www.altercampagne.net\\\/?p=26104\",\"name\":\"Le jardin des semences - AlterTour\",\"isPartOf\":{\"@id\":\"https:\\\/\\\/www.altercampagne.net\\\/#website\"},\"primaryImageOfPage\":{\"@id\":\"https:\\\/\\\/www.altercampagne.net\\\/?p=26104#primaryimage\"},\"image\":{\"@id\":\"https:\\\/\\\/www.altercampagne.net\\\/?p=26104#primaryimage\"},\"thumbnailUrl\":\"https:\\\/\\\/www.altercampagne.net\\\/wp-content\\\/uploads\\\/2022\\\/07\\\/DSCF2469jardin-des-semences2w.jpg\",\"datePublished\":\"2022-07-26T16:45:00+00:00\",\"dateModified\":\"2022-07-26T16:45:01+00:00\",\"author\":{\"@id\":\"https:\\\/\\\/www.altercampagne.net\\\/#\\\/schema\\\/person\\\/308dc295a67929d58321ff6b59820daa\"},\"breadcrumb\":{\"@id\":\"https:\\\/\\\/www.altercampagne.net\\\/?p=26104#breadcrumb\"},\"inLanguage\":\"fr-FR\",\"potentialAction\":[{\"@type\":\"ReadAction\",\"target\":[\"https:\\\/\\\/www.altercampagne.net\\\/?p=26104\"]}]},{\"@type\":\"ImageObject\",\"inLanguage\":\"fr-FR\",\"@id\":\"https:\\\/\\\/www.altercampagne.net\\\/?p=26104#primaryimage\",\"url\":\"https:\\\/\\\/www.altercampagne.net\\\/wp-content\\\/uploads\\\/2022\\\/07\\\/DSCF2469jardin-des-semences2w.jpg\",\"contentUrl\":\"https:\\\/\\\/www.altercampagne.net\\\/wp-content\\\/uploads\\\/2022\\\/07\\\/DSCF2469jardin-des-semences2w.jpg\",\"width\":1920,\"height\":1280},{\"@type\":\"BreadcrumbList\",\"@id\":\"https:\\\/\\\/www.altercampagne.net\\\/?p=26104#breadcrumb\",\"itemListElement\":[{\"@type\":\"ListItem\",\"position\":1,\"name\":\"Accueil\",\"item\":\"https:\\\/\\\/www.altercampagne.net\\\/\"},{\"@type\":\"ListItem\",\"position\":2,\"name\":\"Le jardin des semences\"}]},{\"@type\":\"WebSite\",\"@id\":\"https:\\\/\\\/www.altercampagne.net\\\/#website\",\"url\":\"https:\\\/\\\/www.altercampagne.net\\\/\",\"name\":\"AlterTour\",\"description\":\"Reliez les Alternatives \u00e0 v\u00e9lo\",\"potentialAction\":[{\"@type\":\"SearchAction\",\"target\":{\"@type\":\"EntryPoint\",\"urlTemplate\":\"https:\\\/\\\/www.altercampagne.net\\\/?s={search_term_string}\"},\"query-input\":{\"@type\":\"PropertyValueSpecification\",\"valueRequired\":true,\"valueName\":\"search_term_string\"}}],\"inLanguage\":\"fr-FR\"},{\"@type\":\"Person\",\"@id\":\"https:\\\/\\\/www.altercampagne.net\\\/#\\\/schema\\\/person\\\/308dc295a67929d58321ff6b59820daa\",\"name\":\"Jonas\",\"image\":{\"@type\":\"ImageObject\",\"inLanguage\":\"fr-FR\",\"@id\":\"https:\\\/\\\/secure.gravatar.com\\\/avatar\\\/ade7b451791545d463915f445a8aee91b58c48cdcbc1ab2b8583fa2f30e159e4?s=96&d=mm&r=g\",\"url\":\"https:\\\/\\\/secure.gravatar.com\\\/avatar\\\/ade7b451791545d463915f445a8aee91b58c48cdcbc1ab2b8583fa2f30e159e4?s=96&d=mm&r=g\",\"contentUrl\":\"https:\\\/\\\/secure.gravatar.com\\\/avatar\\\/ade7b451791545d463915f445a8aee91b58c48cdcbc1ab2b8583fa2f30e159e4?s=96&d=mm&r=g\",\"caption\":\"Jonas\"},\"url\":\"https:\\\/\\\/www.altercampagne.net\\\/?author=316\"}]}<\/script>\n<!-- \/ Yoast SEO plugin. -->","yoast_head_json":{"title":"Le jardin des semences - AlterTour","robots":{"index":"index","follow":"follow","max-snippet":"max-snippet:-1","max-image-preview":"max-image-preview:large","max-video-preview":"max-video-preview:-1"},"canonical":"https:\/\/www.altercampagne.net\/?p=26104","og_locale":"fr_FR","og_type":"article","og_title":"Le jardin des semences - AlterTour","og_description":"Nous nous \u00e9veillons au c\u0153ur du vert de la Provence, entre pins et oliviers, bottes de paille et soleil ardent. C&rsquo;est Am\u00e9lie qui nous accueille sur son terrain, dans les collines avoisinant Barjols. Am\u00e9lie est semenci\u00e8re. Elle cultive des plantes potag\u00e8res, aromatiques et m\u00e9dicinales afin d&rsquo;en extraire les graines. Ces ... Read More","og_url":"https:\/\/www.altercampagne.net\/?p=26104","og_site_name":"AlterTour","article_published_time":"2022-07-26T16:45:00+00:00","article_modified_time":"2022-07-26T16:45:01+00:00","og_image":[{"width":1920,"height":1280,"url":"https:\/\/www.altercampagne.net\/wp-content\/uploads\/2022\/07\/DSCF2469jardin-des-semences2w.jpg","type":"image\/jpeg"}],"author":"Jonas","twitter_card":"summary_large_image","twitter_misc":{"\u00c9crit par":"Jonas","Dur\u00e9e de lecture estim\u00e9e":"4 minutes"},"schema":{"@context":"https:\/\/schema.org","@graph":[{"@type":"Article","@id":"https:\/\/www.altercampagne.net\/?p=26104#article","isPartOf":{"@id":"https:\/\/www.altercampagne.net\/?p=26104"},"author":{"name":"Jonas","@id":"https:\/\/www.altercampagne.net\/#\/schema\/person\/308dc295a67929d58321ff6b59820daa"},"headline":"Le jardin des semences","datePublished":"2022-07-26T16:45:00+00:00","dateModified":"2022-07-26T16:45:01+00:00","mainEntityOfPage":{"@id":"https:\/\/www.altercampagne.net\/?p=26104"},"wordCount":527,"image":{"@id":"https:\/\/www.altercampagne.net\/?p=26104#primaryimage"},"thumbnailUrl":"https:\/\/www.altercampagne.net\/wp-content\/uploads\/2022\/07\/DSCF2469jardin-des-semences2w.jpg","articleSection":["Agriculture","Edition 2022","Provence-Alpes-C\u00f4te d'Azur"],"inLanguage":"fr-FR"},{"@type":"WebPage","@id":"https:\/\/www.altercampagne.net\/?p=26104","url":"https:\/\/www.altercampagne.net\/?p=26104","name":"Le jardin des semences - AlterTour","isPartOf":{"@id":"https:\/\/www.altercampagne.net\/#website"},"primaryImageOfPage":{"@id":"https:\/\/www.altercampagne.net\/?p=26104#primaryimage"},"image":{"@id":"https:\/\/www.altercampagne.net\/?p=26104#primaryimage"},"thumbnailUrl":"https:\/\/www.altercampagne.net\/wp-content\/uploads\/2022\/07\/DSCF2469jardin-des-semences2w.jpg","datePublished":"2022-07-26T16:45:00+00:00","dateModified":"2022-07-26T16:45:01+00:00","author":{"@id":"https:\/\/www.altercampagne.net\/#\/schema\/person\/308dc295a67929d58321ff6b59820daa"},"breadcrumb":{"@id":"https:\/\/www.altercampagne.net\/?p=26104#breadcrumb"},"inLanguage":"fr-FR","potentialAction":[{"@type":"ReadAction","target":["https:\/\/www.altercampagne.net\/?p=26104"]}]},{"@type":"ImageObject","inLanguage":"fr-FR","@id":"https:\/\/www.altercampagne.net\/?p=26104#primaryimage","url":"https:\/\/www.altercampagne.net\/wp-content\/uploads\/2022\/07\/DSCF2469jardin-des-semences2w.jpg","contentUrl":"https:\/\/www.altercampagne.net\/wp-content\/uploads\/2022\/07\/DSCF2469jardin-des-semences2w.jpg","width":1920,"height":1280},{"@type":"BreadcrumbList","@id":"https:\/\/www.altercampagne.net\/?p=26104#breadcrumb","itemListElement":[{"@type":"ListItem","position":1,"name":"Accueil","item":"https:\/\/www.altercampagne.net\/"},{"@type":"ListItem","position":2,"name":"Le jardin des semences"}]},{"@type":"WebSite","@id":"https:\/\/www.altercampagne.net\/#website","url":"https:\/\/www.altercampagne.net\/","name":"AlterTour","description":"Reliez les Alternatives \u00e0 v\u00e9lo","potentialAction":[{"@type":"SearchAction","target":{"@type":"EntryPoint","urlTemplate":"https:\/\/www.altercampagne.net\/?s={search_term_string}"},"query-input":{"@type":"PropertyValueSpecification","valueRequired":true,"valueName":"search_term_string"}}],"inLanguage":"fr-FR"},{"@type":"Person","@id":"https:\/\/www.altercampagne.net\/#\/schema\/person\/308dc295a67929d58321ff6b59820daa","name":"Jonas","image":{"@type":"ImageObject","inLanguage":"fr-FR","@id":"https:\/\/secure.gravatar.com\/avatar\/ade7b451791545d463915f445a8aee91b58c48cdcbc1ab2b8583fa2f30e159e4?s=96&d=mm&r=g","url":"https:\/\/secure.gravatar.com\/avatar\/ade7b451791545d463915f445a8aee91b58c48cdcbc1ab2b8583fa2f30e159e4?s=96&d=mm&r=g","contentUrl":"https:\/\/secure.gravatar.com\/avatar\/ade7b451791545d463915f445a8aee91b58c48cdcbc1ab2b8583fa2f30e159e4?s=96&d=mm&r=g","caption":"Jonas"},"url":"https:\/\/www.altercampagne.net\/?author=316"}]}},"_links":{"self":[{"href":"https:\/\/www.altercampagne.net\/index.php?rest_route=\/wp\/v2\/posts\/26104","targetHints":{"allow":["GET"]}}],"collection":[{"href":"https:\/\/www.altercampagne.net\/index.php?rest_route=\/wp\/v2\/posts"}],"about":[{"href":"https:\/\/www.altercampagne.net\/index.php?rest_route=\/wp\/v2\/types\/post"}],"author":[{"embeddable":true,"href":"https:\/\/www.altercampagne.net\/index.php?rest_route=\/wp\/v2\/users\/316"}],"replies":[{"embeddable":true,"href":"https:\/\/www.altercampagne.net\/index.php?rest_route=%2Fwp%2Fv2%2Fcomments&post=26104"}],"version-history":[{"count":1,"href":"https:\/\/www.altercampagne.net\/index.php?rest_route=\/wp\/v2\/posts\/26104\/revisions"}],"predecessor-version":[{"id":26112,"href":"https:\/\/www.altercampagne.net\/index.php?rest_route=\/wp\/v2\/posts\/26104\/revisions\/26112"}],"wp:featuredmedia":[{"embeddable":true,"href":"https:\/\/www.altercampagne.net\/index.php?rest_route=\/wp\/v2\/media\/26111"}],"wp:attachment":[{"href":"https:\/\/www.altercampagne.net\/index.php?rest_route=%2Fwp%2Fv2%2Fmedia&parent=26104"}],"wp:term":[{"taxonomy":"category","embeddable":true,"href":"https:\/\/www.altercampagne.net\/index.php?rest_route=%2Fwp%2Fv2%2Fcategories&post=26104"},{"taxonomy":"post_tag","embeddable":true,"href":"https:\/\/www.altercampagne.net\/index.php?rest_route=%2Fwp%2Fv2%2Ftags&post=26104"}],"curies":[{"name":"wp","href":"https:\/\/api.w.org\/{rel}","templated":true}]}}