{"id":26122,"date":"2022-07-29T09:41:42","date_gmt":"2022-07-29T07:41:42","guid":{"rendered":"https:\/\/www.altercampagne.net\/?p=26122"},"modified":"2022-07-29T09:46:45","modified_gmt":"2022-07-29T07:46:45","slug":"que-du-bonheur","status":"publish","type":"post","link":"https:\/\/www.altercampagne.net\/?p=26122","title":{"rendered":"Que du bonheur !"},"content":{"rendered":"\n<p>R\u00e9veil en douceur avec les couleurs pastels des aurores et une interpr\u00e9tation d&rsquo;une chanson de Georges Moustaki. On descend le chemin rocailleux jusqu&rsquo;\u00e0 la ferme des Gaulois. Nous sommes encore ankylos\u00e9s et fatigu\u00e9s de la f\u00eate de la veille. Heureusement, le petit-d\u00e9jeuner nous attend avec les fameuses tartines <em>bigout <\/em>de l&rsquo;Alter Tour. Amandes blanches-confiture de fraises, peut-on esp\u00e9rer mieux pour un d\u00e9but de journ\u00e9e ? Mais on ne s&rsquo;attarde pas : on plie le camp en vitesse pour partir \u00e0 8h \u00ab\u00a0en punto\u00a0\u00bb comme disent les Espagnols, et surtout Eric, pr\u00e9parateur de cette \u00e9tape.<\/p>\n\n\n\n<p>Nous atteignons rapidement Mazaugues, dont les environs font l&rsquo;objet d&rsquo;<strong>un projet de carri\u00e8re de calcaire tr\u00e8s contest\u00e9<\/strong> : approvisionnement en eau des villages avoisinant menac\u00e9, impact sur la biodiversit\u00e9, destruction du parc naturel r\u00e9gional&#8230; <a href=\"https:\/\/www.facebook.com\/Cacm83136-Collectif-anti-Carri%C3%A8re-de-Mazaugues-2147599448854533\/\">Le collectif<\/a> qui milite contre ce projet organise une action militante consistant \u00e0 chanter une chanson \u00e9crite sp\u00e9cifiquement pour la cause et si possible d&rsquo;en faire un clip. Dans un premier temps, notre ch\u0153ur se place avant le village, devant la zone qui devrait devenir une carri\u00e8re. Dans un deuxi\u00e8me temps, le chant de lutte r\u00e9sonne pr\u00e8s de la mairie et du caf\u00e9, tenu par l&rsquo;adjoint au maire. <strong>Le maire vient contester notre action sous pr\u00e9texte que nous bloquons la voie publique<\/strong>. Il r\u00e9it\u00e8re son d\u00e9saccord avec la position du collectif. De l&rsquo;autre c\u00f4t\u00e9, un couple de villageois est sorti de chez lui pour nous encourager. <\/p>\n\n\n\n<figure class=\"wp-block-image size-large\"><a href=\"https:\/\/www.altercampagne.net\/wp-content\/uploads\/2022\/07\/DSCF3000voguelagalere-scaled.jpg\"><img loading=\"lazy\" decoding=\"async\" width=\"1024\" height=\"683\" src=\"https:\/\/www.altercampagne.net\/wp-content\/uploads\/2022\/07\/DSCF3000voguelagalere-1024x683.jpg\" alt=\"\" class=\"wp-image-26124\" srcset=\"https:\/\/www.altercampagne.net\/wp-content\/uploads\/2022\/07\/DSCF3000voguelagalere-1024x683.jpg 1024w, https:\/\/www.altercampagne.net\/wp-content\/uploads\/2022\/07\/DSCF3000voguelagalere-300x200.jpg 300w, https:\/\/www.altercampagne.net\/wp-content\/uploads\/2022\/07\/DSCF3000voguelagalere-768x512.jpg 768w, https:\/\/www.altercampagne.net\/wp-content\/uploads\/2022\/07\/DSCF3000voguelagalere-1536x1024.jpg 1536w\" sizes=\"auto, (max-width: 1024px) 100vw, 1024px\" \/><\/a><figcaption>Le groupe \u00e0 Vogue La Gal\u00e8re<\/figcaption><\/figure>\n\n\n\n<p>Une fois de plus on ne tarde pas et cette fois-ci, on s&rsquo;\u00e9lance dans une grande ascension. 600 m de d\u00e9nivel\u00e9 positif avec une \u00ab\u00a0pause cacahu\u00e8tes\u00a0\u00bb revigorante et un d\u00e9jeuner luxueusement servi sous le pr\u00e9au de la salle polyvalente du Plan d&rsquo;Aups. Nous y faisons aussi notre briefing du lendemain avec la description de la journ\u00e9e, la r\u00e9partition des taches, le flash info (chacun.e peut faire une annonce), les d\u00e9parts, mais pas les arriv\u00e9es car la seule nouvelle nous retrouvera plus tard. La mont\u00e9e se poursuit jusqu&rsquo;\u00e0 un col d&rsquo;o\u00f9 s&rsquo;ouvre une vue magnifique sur la mer, Marseille et sa r\u00e9gion. <strong>La chaleur \u00e9crasante est largement compens\u00e9e par l&rsquo;esprit de groupe, qui nous bien emm\u00e8ne au-del\u00e0 de la motivation individuelle<\/strong>. La descente sur Aubagne est spectaculaire! Un moment intense qui restera grav\u00e9 dans nos m\u00e9moires. On passe prendre un rafraichissement de fin d&rsquo;apr\u00e8s-midi chez l&rsquo;un des n\u00f4tres. Puis un dernier coup de p\u00e9dale nous am\u00e8ne chez nos h\u00f4tes, au centre d&rsquo;accueil de Vogue La Gal\u00e8re. <\/p>\n\n\n\n<p>Le lieu date de l&rsquo;appel de Coluche et des <a href=\"https:\/\/www.restosducoeur.org\/\">restos du c\u0153ur<\/a>. <strong>Les distributions de nourriture ont petit \u00e0 petit amen\u00e9 ici des personnes en difficult\u00e9 qui peuvent aujourd&rsquo;hui s\u00e9journer aussi longtemps qu&rsquo;elles le souhaitent<\/strong>. Elles vivent en autogestion, accompagn\u00e9es par l&rsquo;association. Un atelier sur le bois, un potager, des poules et cochons et d&rsquo;autres activit\u00e9s permettent de se concentrer, se recentrer et s&rsquo;\u00e9panouir. Et ce soir, \u00e7a n&rsquo;est pas seulement avec ces personnes que nous avons l&rsquo;honneur de partager notre repas : l&rsquo;association <a href=\"https:\/\/actionvelo.org\/\">Action V\u00e9lo<\/a> se joint \u00e9galement \u00e0 nous. <strong>Elle promeut le cyclisme \u00e0 Aubagne <\/strong>en proposant des ateliers participatifs de r\u00e9paration, des balades, des ventes d&rsquo;occasion, des animations pour \u00ab\u00a0savoir rouler\u00a0\u00bb et du militantisme pour plus de pistes cyclables. <\/p>\n\n\n\n<p>La journ\u00e9e a \u00e9t\u00e9 excellente. Je regarde les \u00e9toiles en m&rsquo;endormant.<br>Un.e Alter Cycliste joue un air \u00e0 la fl\u00fbte dans le lointain. <br>Il dispara\u00eet dans mon sommeil.<\/p>\n","protected":false},"excerpt":{"rendered":"<p>R\u00e9veil en douceur avec les couleurs pastels des aurores et une interpr\u00e9tation d&rsquo;une chanson de Georges Moustaki. On descend le chemin rocailleux jusqu&rsquo;\u00e0 la ferme des Gaulois. Nous sommes encore ankylos\u00e9s et fatigu\u00e9s de la f\u00eate de la veille. Heureusement, le petit-d\u00e9jeuner nous attend avec les fameuses tartines bigout de &#8230; <\/p>\n<div><a href=\"https:\/\/www.altercampagne.net\/?p=26122\" class=\"more-link\">Read More<\/a><\/div>\n","protected":false},"author":316,"featured_media":26123,"comment_status":"closed","ping_status":"closed","sticky":false,"template":"","format":"standard","meta":{"footnotes":""},"categories":[4357,3542,3482,3932],"tags":[3918,4417],"class_list":["post-26122","post","type-post","status-publish","format-standard","has-post-thumbnail","hentry","category-edition-2022","category-lutte","category-provence-alpes-cote-dazur","category-velo","tag-lutte","tag-carriere"],"yoast_head":"<!-- This site is optimized with the Yoast SEO plugin v27.3 - https:\/\/yoast.com\/product\/yoast-seo-wordpress\/ -->\n<title>Que du bonheur ! - AlterTour<\/title>\n<meta name=\"robots\" content=\"index, follow, max-snippet:-1, max-image-preview:large, max-video-preview:-1\" \/>\n<link rel=\"canonical\" href=\"https:\/\/www.altercampagne.net\/?p=26122\" \/>\n<meta property=\"og:locale\" content=\"fr_FR\" \/>\n<meta property=\"og:type\" content=\"article\" \/>\n<meta property=\"og:title\" content=\"Que du bonheur ! - AlterTour\" \/>\n<meta property=\"og:description\" content=\"R\u00e9veil en douceur avec les couleurs pastels des aurores et une interpr\u00e9tation d&rsquo;une chanson de Georges Moustaki. On descend le chemin rocailleux jusqu&rsquo;\u00e0 la ferme des Gaulois. Nous sommes encore ankylos\u00e9s et fatigu\u00e9s de la f\u00eate de la veille. Heureusement, le petit-d\u00e9jeuner nous attend avec les fameuses tartines bigout de ... Read More\" \/>\n<meta property=\"og:url\" content=\"https:\/\/www.altercampagne.net\/?p=26122\" \/>\n<meta property=\"og:site_name\" content=\"AlterTour\" \/>\n<meta property=\"article:published_time\" content=\"2022-07-29T07:41:42+00:00\" \/>\n<meta property=\"article:modified_time\" content=\"2022-07-29T07:46:45+00:00\" \/>\n<meta property=\"og:image\" content=\"https:\/\/www.altercampagne.net\/wp-content\/uploads\/2022\/07\/DSCF2916saintebaume2-scaled.jpg\" \/>\n\t<meta property=\"og:image:width\" content=\"2560\" \/>\n\t<meta property=\"og:image:height\" content=\"1707\" \/>\n\t<meta property=\"og:image:type\" content=\"image\/jpeg\" \/>\n<meta name=\"author\" content=\"Jonas\" \/>\n<meta name=\"twitter:card\" content=\"summary_large_image\" \/>\n<meta name=\"twitter:label1\" content=\"\u00c9crit par\" \/>\n\t<meta name=\"twitter:data1\" content=\"Jonas\" \/>\n\t<meta name=\"twitter:label2\" content=\"Dur\u00e9e de lecture estim\u00e9e\" \/>\n\t<meta name=\"twitter:data2\" content=\"4 minutes\" \/>\n<script type=\"application\/ld+json\" class=\"yoast-schema-graph\">{\"@context\":\"https:\\\/\\\/schema.org\",\"@graph\":[{\"@type\":\"Article\",\"@id\":\"https:\\\/\\\/www.altercampagne.net\\\/?p=26122#article\",\"isPartOf\":{\"@id\":\"https:\\\/\\\/www.altercampagne.net\\\/?p=26122\"},\"author\":{\"name\":\"Jonas\",\"@id\":\"https:\\\/\\\/www.altercampagne.net\\\/#\\\/schema\\\/person\\\/308dc295a67929d58321ff6b59820daa\"},\"headline\":\"Que du bonheur !\",\"datePublished\":\"2022-07-29T07:41:42+00:00\",\"dateModified\":\"2022-07-29T07:46:45+00:00\",\"mainEntityOfPage\":{\"@id\":\"https:\\\/\\\/www.altercampagne.net\\\/?p=26122\"},\"wordCount\":628,\"image\":{\"@id\":\"https:\\\/\\\/www.altercampagne.net\\\/?p=26122#primaryimage\"},\"thumbnailUrl\":\"https:\\\/\\\/www.altercampagne.net\\\/wp-content\\\/uploads\\\/2022\\\/07\\\/DSCF2916saintebaume2-scaled.jpg\",\"keywords\":[\"lutte\",\"carri\u00e8re\"],\"articleSection\":[\"Edition 2022\",\"Lutte\",\"Provence-Alpes-C\u00f4te d'Azur\",\"V\u00e9lo\"],\"inLanguage\":\"fr-FR\"},{\"@type\":\"WebPage\",\"@id\":\"https:\\\/\\\/www.altercampagne.net\\\/?p=26122\",\"url\":\"https:\\\/\\\/www.altercampagne.net\\\/?p=26122\",\"name\":\"Que du bonheur ! - AlterTour\",\"isPartOf\":{\"@id\":\"https:\\\/\\\/www.altercampagne.net\\\/#website\"},\"primaryImageOfPage\":{\"@id\":\"https:\\\/\\\/www.altercampagne.net\\\/?p=26122#primaryimage\"},\"image\":{\"@id\":\"https:\\\/\\\/www.altercampagne.net\\\/?p=26122#primaryimage\"},\"thumbnailUrl\":\"https:\\\/\\\/www.altercampagne.net\\\/wp-content\\\/uploads\\\/2022\\\/07\\\/DSCF2916saintebaume2-scaled.jpg\",\"datePublished\":\"2022-07-29T07:41:42+00:00\",\"dateModified\":\"2022-07-29T07:46:45+00:00\",\"author\":{\"@id\":\"https:\\\/\\\/www.altercampagne.net\\\/#\\\/schema\\\/person\\\/308dc295a67929d58321ff6b59820daa\"},\"breadcrumb\":{\"@id\":\"https:\\\/\\\/www.altercampagne.net\\\/?p=26122#breadcrumb\"},\"inLanguage\":\"fr-FR\",\"potentialAction\":[{\"@type\":\"ReadAction\",\"target\":[\"https:\\\/\\\/www.altercampagne.net\\\/?p=26122\"]}]},{\"@type\":\"ImageObject\",\"inLanguage\":\"fr-FR\",\"@id\":\"https:\\\/\\\/www.altercampagne.net\\\/?p=26122#primaryimage\",\"url\":\"https:\\\/\\\/www.altercampagne.net\\\/wp-content\\\/uploads\\\/2022\\\/07\\\/DSCF2916saintebaume2-scaled.jpg\",\"contentUrl\":\"https:\\\/\\\/www.altercampagne.net\\\/wp-content\\\/uploads\\\/2022\\\/07\\\/DSCF2916saintebaume2-scaled.jpg\",\"width\":2560,\"height\":1707},{\"@type\":\"BreadcrumbList\",\"@id\":\"https:\\\/\\\/www.altercampagne.net\\\/?p=26122#breadcrumb\",\"itemListElement\":[{\"@type\":\"ListItem\",\"position\":1,\"name\":\"Accueil\",\"item\":\"https:\\\/\\\/www.altercampagne.net\\\/\"},{\"@type\":\"ListItem\",\"position\":2,\"name\":\"Que du bonheur !\"}]},{\"@type\":\"WebSite\",\"@id\":\"https:\\\/\\\/www.altercampagne.net\\\/#website\",\"url\":\"https:\\\/\\\/www.altercampagne.net\\\/\",\"name\":\"AlterTour\",\"description\":\"Reliez les Alternatives \u00e0 v\u00e9lo\",\"potentialAction\":[{\"@type\":\"SearchAction\",\"target\":{\"@type\":\"EntryPoint\",\"urlTemplate\":\"https:\\\/\\\/www.altercampagne.net\\\/?s={search_term_string}\"},\"query-input\":{\"@type\":\"PropertyValueSpecification\",\"valueRequired\":true,\"valueName\":\"search_term_string\"}}],\"inLanguage\":\"fr-FR\"},{\"@type\":\"Person\",\"@id\":\"https:\\\/\\\/www.altercampagne.net\\\/#\\\/schema\\\/person\\\/308dc295a67929d58321ff6b59820daa\",\"name\":\"Jonas\",\"image\":{\"@type\":\"ImageObject\",\"inLanguage\":\"fr-FR\",\"@id\":\"https:\\\/\\\/secure.gravatar.com\\\/avatar\\\/ade7b451791545d463915f445a8aee91b58c48cdcbc1ab2b8583fa2f30e159e4?s=96&d=mm&r=g\",\"url\":\"https:\\\/\\\/secure.gravatar.com\\\/avatar\\\/ade7b451791545d463915f445a8aee91b58c48cdcbc1ab2b8583fa2f30e159e4?s=96&d=mm&r=g\",\"contentUrl\":\"https:\\\/\\\/secure.gravatar.com\\\/avatar\\\/ade7b451791545d463915f445a8aee91b58c48cdcbc1ab2b8583fa2f30e159e4?s=96&d=mm&r=g\",\"caption\":\"Jonas\"},\"url\":\"https:\\\/\\\/www.altercampagne.net\\\/?author=316\"}]}<\/script>\n<!-- \/ Yoast SEO plugin. -->","yoast_head_json":{"title":"Que du bonheur ! - AlterTour","robots":{"index":"index","follow":"follow","max-snippet":"max-snippet:-1","max-image-preview":"max-image-preview:large","max-video-preview":"max-video-preview:-1"},"canonical":"https:\/\/www.altercampagne.net\/?p=26122","og_locale":"fr_FR","og_type":"article","og_title":"Que du bonheur ! - AlterTour","og_description":"R\u00e9veil en douceur avec les couleurs pastels des aurores et une interpr\u00e9tation d&rsquo;une chanson de Georges Moustaki. On descend le chemin rocailleux jusqu&rsquo;\u00e0 la ferme des Gaulois. Nous sommes encore ankylos\u00e9s et fatigu\u00e9s de la f\u00eate de la veille. Heureusement, le petit-d\u00e9jeuner nous attend avec les fameuses tartines bigout de ... Read More","og_url":"https:\/\/www.altercampagne.net\/?p=26122","og_site_name":"AlterTour","article_published_time":"2022-07-29T07:41:42+00:00","article_modified_time":"2022-07-29T07:46:45+00:00","og_image":[{"width":2560,"height":1707,"url":"https:\/\/www.altercampagne.net\/wp-content\/uploads\/2022\/07\/DSCF2916saintebaume2-scaled.jpg","type":"image\/jpeg"}],"author":"Jonas","twitter_card":"summary_large_image","twitter_misc":{"\u00c9crit par":"Jonas","Dur\u00e9e de lecture estim\u00e9e":"4 minutes"},"schema":{"@context":"https:\/\/schema.org","@graph":[{"@type":"Article","@id":"https:\/\/www.altercampagne.net\/?p=26122#article","isPartOf":{"@id":"https:\/\/www.altercampagne.net\/?p=26122"},"author":{"name":"Jonas","@id":"https:\/\/www.altercampagne.net\/#\/schema\/person\/308dc295a67929d58321ff6b59820daa"},"headline":"Que du bonheur !","datePublished":"2022-07-29T07:41:42+00:00","dateModified":"2022-07-29T07:46:45+00:00","mainEntityOfPage":{"@id":"https:\/\/www.altercampagne.net\/?p=26122"},"wordCount":628,"image":{"@id":"https:\/\/www.altercampagne.net\/?p=26122#primaryimage"},"thumbnailUrl":"https:\/\/www.altercampagne.net\/wp-content\/uploads\/2022\/07\/DSCF2916saintebaume2-scaled.jpg","keywords":["lutte","carri\u00e8re"],"articleSection":["Edition 2022","Lutte","Provence-Alpes-C\u00f4te d'Azur","V\u00e9lo"],"inLanguage":"fr-FR"},{"@type":"WebPage","@id":"https:\/\/www.altercampagne.net\/?p=26122","url":"https:\/\/www.altercampagne.net\/?p=26122","name":"Que du bonheur ! - AlterTour","isPartOf":{"@id":"https:\/\/www.altercampagne.net\/#website"},"primaryImageOfPage":{"@id":"https:\/\/www.altercampagne.net\/?p=26122#primaryimage"},"image":{"@id":"https:\/\/www.altercampagne.net\/?p=26122#primaryimage"},"thumbnailUrl":"https:\/\/www.altercampagne.net\/wp-content\/uploads\/2022\/07\/DSCF2916saintebaume2-scaled.jpg","datePublished":"2022-07-29T07:41:42+00:00","dateModified":"2022-07-29T07:46:45+00:00","author":{"@id":"https:\/\/www.altercampagne.net\/#\/schema\/person\/308dc295a67929d58321ff6b59820daa"},"breadcrumb":{"@id":"https:\/\/www.altercampagne.net\/?p=26122#breadcrumb"},"inLanguage":"fr-FR","potentialAction":[{"@type":"ReadAction","target":["https:\/\/www.altercampagne.net\/?p=26122"]}]},{"@type":"ImageObject","inLanguage":"fr-FR","@id":"https:\/\/www.altercampagne.net\/?p=26122#primaryimage","url":"https:\/\/www.altercampagne.net\/wp-content\/uploads\/2022\/07\/DSCF2916saintebaume2-scaled.jpg","contentUrl":"https:\/\/www.altercampagne.net\/wp-content\/uploads\/2022\/07\/DSCF2916saintebaume2-scaled.jpg","width":2560,"height":1707},{"@type":"BreadcrumbList","@id":"https:\/\/www.altercampagne.net\/?p=26122#breadcrumb","itemListElement":[{"@type":"ListItem","position":1,"name":"Accueil","item":"https:\/\/www.altercampagne.net\/"},{"@type":"ListItem","position":2,"name":"Que du bonheur !"}]},{"@type":"WebSite","@id":"https:\/\/www.altercampagne.net\/#website","url":"https:\/\/www.altercampagne.net\/","name":"AlterTour","description":"Reliez les Alternatives \u00e0 v\u00e9lo","potentialAction":[{"@type":"SearchAction","target":{"@type":"EntryPoint","urlTemplate":"https:\/\/www.altercampagne.net\/?s={search_term_string}"},"query-input":{"@type":"PropertyValueSpecification","valueRequired":true,"valueName":"search_term_string"}}],"inLanguage":"fr-FR"},{"@type":"Person","@id":"https:\/\/www.altercampagne.net\/#\/schema\/person\/308dc295a67929d58321ff6b59820daa","name":"Jonas","image":{"@type":"ImageObject","inLanguage":"fr-FR","@id":"https:\/\/secure.gravatar.com\/avatar\/ade7b451791545d463915f445a8aee91b58c48cdcbc1ab2b8583fa2f30e159e4?s=96&d=mm&r=g","url":"https:\/\/secure.gravatar.com\/avatar\/ade7b451791545d463915f445a8aee91b58c48cdcbc1ab2b8583fa2f30e159e4?s=96&d=mm&r=g","contentUrl":"https:\/\/secure.gravatar.com\/avatar\/ade7b451791545d463915f445a8aee91b58c48cdcbc1ab2b8583fa2f30e159e4?s=96&d=mm&r=g","caption":"Jonas"},"url":"https:\/\/www.altercampagne.net\/?author=316"}]}},"_links":{"self":[{"href":"https:\/\/www.altercampagne.net\/index.php?rest_route=\/wp\/v2\/posts\/26122","targetHints":{"allow":["GET"]}}],"collection":[{"href":"https:\/\/www.altercampagne.net\/index.php?rest_route=\/wp\/v2\/posts"}],"about":[{"href":"https:\/\/www.altercampagne.net\/index.php?rest_route=\/wp\/v2\/types\/post"}],"author":[{"embeddable":true,"href":"https:\/\/www.altercampagne.net\/index.php?rest_route=\/wp\/v2\/users\/316"}],"replies":[{"embeddable":true,"href":"https:\/\/www.altercampagne.net\/index.php?rest_route=%2Fwp%2Fv2%2Fcomments&post=26122"}],"version-history":[{"count":2,"href":"https:\/\/www.altercampagne.net\/index.php?rest_route=\/wp\/v2\/posts\/26122\/revisions"}],"predecessor-version":[{"id":26128,"href":"https:\/\/www.altercampagne.net\/index.php?rest_route=\/wp\/v2\/posts\/26122\/revisions\/26128"}],"wp:featuredmedia":[{"embeddable":true,"href":"https:\/\/www.altercampagne.net\/index.php?rest_route=\/wp\/v2\/media\/26123"}],"wp:attachment":[{"href":"https:\/\/www.altercampagne.net\/index.php?rest_route=%2Fwp%2Fv2%2Fmedia&parent=26122"}],"wp:term":[{"taxonomy":"category","embeddable":true,"href":"https:\/\/www.altercampagne.net\/index.php?rest_route=%2Fwp%2Fv2%2Fcategories&post=26122"},{"taxonomy":"post_tag","embeddable":true,"href":"https:\/\/www.altercampagne.net\/index.php?rest_route=%2Fwp%2Fv2%2Ftags&post=26122"}],"curies":[{"name":"wp","href":"https:\/\/api.w.org\/{rel}","templated":true}]}}