{"id":26127,"date":"2022-07-29T09:54:52","date_gmt":"2022-07-29T07:54:52","guid":{"rendered":"https:\/\/www.altercampagne.net\/?p=26127"},"modified":"2022-07-29T09:54:54","modified_gmt":"2022-07-29T07:54:54","slug":"ferme-royale-avec-vue-sur-mer","status":"publish","type":"post","link":"https:\/\/www.altercampagne.net\/?p=26127","title":{"rendered":"Ferme royale avec vue sur mer"},"content":{"rendered":"\n<p>Apr\u00e8s un d\u00e9part matinal (mais pas trop..) depuis chez nos amis du centre d&rsquo;accueil Vogue La Gal\u00e8re sous un soleil d\u00e9j\u00e0 bien ardent, et 20 kms de p\u00e9dalade entre Aubagne et Marseille, la cinquantaine d&rsquo;altercyclistes sont arriv\u00e9s \u00e0 <a href=\"https:\/\/fermeduroydespagne.org\/\">La Ferme du Roy d&rsquo;Espagne<\/a>.<br>Flore, Gaby, Marie Victoire, Maxime, Rapha\u00eblle et Th\u00e9o nous ont gentiment accueilli dans ce lieu enchanteur et verdoyant de Marseille.<strong> La ferme du Roy d&rsquo;Espagne est un jardin municipal d&rsquo;environ 3 hectares de la ville de Marseille, avec mara\u00eechage et animaux.<\/strong><br>En plantant leur tente chez leur accueillant, les altercyclistes ont pu d\u00e9couvrir un magnifique potager, des grandes serres, un poulailler, des parcs pour les chevaux, \u00e2nes et les ch\u00e8vres, un camion buvette, des beaux b\u00e2timents \u00e9rig\u00e9s par des chantiers participatifs, une \u00e9trange chapelle qui date de 1880, et un coin jardin accessible PMR, avec vue sur mer..s&rsquo;il vous pla\u00eet !<\/p>\n\n\n\n<figure class=\"wp-block-image size-large\"><a href=\"https:\/\/www.altercampagne.net\/wp-content\/uploads\/2022\/07\/DSCF3068roydespagne-scaled.jpg\"><img loading=\"lazy\" decoding=\"async\" width=\"1024\" height=\"683\" src=\"https:\/\/www.altercampagne.net\/wp-content\/uploads\/2022\/07\/DSCF3068roydespagne-1024x683.jpg\" alt=\"\" class=\"wp-image-26129\" srcset=\"https:\/\/www.altercampagne.net\/wp-content\/uploads\/2022\/07\/DSCF3068roydespagne-1024x683.jpg 1024w, https:\/\/www.altercampagne.net\/wp-content\/uploads\/2022\/07\/DSCF3068roydespagne-300x200.jpg 300w, https:\/\/www.altercampagne.net\/wp-content\/uploads\/2022\/07\/DSCF3068roydespagne-768x512.jpg 768w, https:\/\/www.altercampagne.net\/wp-content\/uploads\/2022\/07\/DSCF3068roydespagne-1536x1024.jpg 1536w, https:\/\/www.altercampagne.net\/wp-content\/uploads\/2022\/07\/DSCF3068roydespagne-2048x1365.jpg 2048w, https:\/\/www.altercampagne.net\/wp-content\/uploads\/2022\/07\/DSCF3068roydespagne-610x407.jpg 610w, https:\/\/www.altercampagne.net\/wp-content\/uploads\/2022\/07\/DSCF3068roydespagne-100x67.jpg 100w, https:\/\/www.altercampagne.net\/wp-content\/uploads\/2022\/07\/DSCF3068roydespagne-862x575.jpg 862w, https:\/\/www.altercampagne.net\/wp-content\/uploads\/2022\/07\/DSCF3068roydespagne-1140x760.jpg 1140w\" sizes=\"auto, (max-width: 1024px) 100vw, 1024px\" \/><\/a><\/figure>\n\n\n\n<p><strong>La ferme du Roy d&rsquo;Espagne est une ferme p\u00e9dagogique dans un cadre associatif qui accueille souvent des \u00e9coles et des centres m\u00e9dico-sociaux toute l&rsquo;ann\u00e9e<\/strong>. Tous les samedis, la ferme est ouverte au public.<br>C&rsquo;est aussi un lieu qui se veut festif et militant. Notre accueillant a d&rsquo;ailleurs pr\u00e9par\u00e9 une soir\u00e9e sp\u00e9ciale pour l&rsquo;Altertour pour le samedi 23 juillet, avec table ronde d&rsquo;\u00e9change et concert de rap avec <a href=\"https:\/\/www.martialpanucci.africa\/\">Martial Pa&rsquo;nucci<\/a>, rappeur po\u00e8te et militant du Congo Brazzaville.<\/p>\n\n\n\n\n\n<p>Apr\u00e8s une visite guid\u00e9e des lieux, les altercyclistes sont repartis p\u00e9daler pour aller go\u00fbter au plaisir de la baignade sur les plages de Marseille. Baignade bien m\u00e9rit\u00e9e avec la chaleur qui n&rsquo;en finit pas !<br>Une baignade qui a aussi rafra\u00eechit les corps et les esprits, avant un <strong>d\u00e9part en fanfare pour une Velorution<\/strong> nocturne haute en couleur depuis la Plaine, jusqu&rsquo;a la plage du Prado, en passant par la Corniche.<br><em>\u00ab\u00a0On avance ! on avance ! on n&rsquo;a pas besoin d&rsquo;essence !\u00a0\u00bb<br>\u00ab\u00a0On rigole ! On rigole ! On n&rsquo;a pas besoin de p\u00e9trole !\u00a0\u00bb<br>\u00ab\u00a0On se poile ! On se poile ! On n&rsquo;a pas besoin de gasoil \u00ab\u00a0<\/em><br>Quelques slogans plus tard&#8230; Les altercyclistes ont donc rejoint leur camp de base \u00e0 la Ferme du Roy d&rsquo;Espagne pour se reposer et se pr\u00e9parer \u00e0 la journ\u00e9e festive du lendemain.<\/p>\n","protected":false},"excerpt":{"rendered":"<p>Apr\u00e8s un d\u00e9part matinal (mais pas trop..) depuis chez nos amis du centre d&rsquo;accueil Vogue La Gal\u00e8re sous un soleil d\u00e9j\u00e0 bien ardent, et 20 kms de p\u00e9dalade entre Aubagne et Marseille, la cinquantaine d&rsquo;altercyclistes sont arriv\u00e9s \u00e0 La Ferme du Roy d&rsquo;Espagne.Flore, Gaby, Marie Victoire, Maxime, Rapha\u00eblle et Th\u00e9o &#8230; <\/p>\n<div><a href=\"https:\/\/www.altercampagne.net\/?p=26127\" class=\"more-link\">Read More<\/a><\/div>\n","protected":false},"author":316,"featured_media":26131,"comment_status":"closed","ping_status":"closed","sticky":false,"template":"","format":"standard","meta":{"footnotes":""},"categories":[3483,4357,3490,3482,3540,3932],"tags":[],"class_list":["post-26127","post","type-post","status-publish","format-standard","has-post-thumbnail","hentry","category-agriculture","category-edition-2022","category-culture","category-provence-alpes-cote-dazur","category-transverse","category-velo"],"yoast_head":"<!-- This site is optimized with the Yoast SEO plugin v27.3 - https:\/\/yoast.com\/product\/yoast-seo-wordpress\/ -->\n<title>Ferme royale avec vue sur mer - AlterTour<\/title>\n<meta name=\"robots\" content=\"index, follow, max-snippet:-1, max-image-preview:large, max-video-preview:-1\" \/>\n<link rel=\"canonical\" href=\"https:\/\/www.altercampagne.net\/?p=26127\" \/>\n<meta property=\"og:locale\" content=\"fr_FR\" \/>\n<meta property=\"og:type\" content=\"article\" \/>\n<meta property=\"og:title\" content=\"Ferme royale avec vue sur mer - AlterTour\" \/>\n<meta property=\"og:description\" content=\"Apr\u00e8s un d\u00e9part matinal (mais pas trop..) depuis chez nos amis du centre d&rsquo;accueil Vogue La Gal\u00e8re sous un soleil d\u00e9j\u00e0 bien ardent, et 20 kms de p\u00e9dalade entre Aubagne et Marseille, la cinquantaine d&rsquo;altercyclistes sont arriv\u00e9s \u00e0 La Ferme du Roy d&rsquo;Espagne.Flore, Gaby, Marie Victoire, Maxime, Rapha\u00eblle et Th\u00e9o ... Read More\" \/>\n<meta property=\"og:url\" content=\"https:\/\/www.altercampagne.net\/?p=26127\" \/>\n<meta property=\"og:site_name\" content=\"AlterTour\" \/>\n<meta property=\"article:published_time\" content=\"2022-07-29T07:54:52+00:00\" \/>\n<meta property=\"article:modified_time\" content=\"2022-07-29T07:54:54+00:00\" \/>\n<meta property=\"og:image\" content=\"https:\/\/www.altercampagne.net\/wp-content\/uploads\/2022\/07\/DSCF3110velorution2-scaled.jpg\" \/>\n\t<meta property=\"og:image:width\" content=\"2560\" \/>\n\t<meta property=\"og:image:height\" content=\"1707\" \/>\n\t<meta property=\"og:image:type\" content=\"image\/jpeg\" \/>\n<meta name=\"author\" content=\"Jonas\" \/>\n<meta name=\"twitter:card\" content=\"summary_large_image\" \/>\n<meta name=\"twitter:label1\" content=\"\u00c9crit par\" \/>\n\t<meta name=\"twitter:data1\" content=\"Jonas\" \/>\n\t<meta name=\"twitter:label2\" content=\"Dur\u00e9e de lecture estim\u00e9e\" \/>\n\t<meta name=\"twitter:data2\" content=\"3 minutes\" \/>\n<script type=\"application\/ld+json\" class=\"yoast-schema-graph\">{\"@context\":\"https:\\\/\\\/schema.org\",\"@graph\":[{\"@type\":\"Article\",\"@id\":\"https:\\\/\\\/www.altercampagne.net\\\/?p=26127#article\",\"isPartOf\":{\"@id\":\"https:\\\/\\\/www.altercampagne.net\\\/?p=26127\"},\"author\":{\"name\":\"Jonas\",\"@id\":\"https:\\\/\\\/www.altercampagne.net\\\/#\\\/schema\\\/person\\\/308dc295a67929d58321ff6b59820daa\"},\"headline\":\"Ferme royale avec vue sur mer\",\"datePublished\":\"2022-07-29T07:54:52+00:00\",\"dateModified\":\"2022-07-29T07:54:54+00:00\",\"mainEntityOfPage\":{\"@id\":\"https:\\\/\\\/www.altercampagne.net\\\/?p=26127\"},\"wordCount\":403,\"image\":{\"@id\":\"https:\\\/\\\/www.altercampagne.net\\\/?p=26127#primaryimage\"},\"thumbnailUrl\":\"https:\\\/\\\/www.altercampagne.net\\\/wp-content\\\/uploads\\\/2022\\\/07\\\/DSCF3110velorution2-scaled.jpg\",\"articleSection\":[\"Agriculture\",\"Edition 2022\",\"Culture\",\"Provence-Alpes-C\u00f4te d'Azur\",\"Transverse\",\"V\u00e9lo\"],\"inLanguage\":\"fr-FR\"},{\"@type\":\"WebPage\",\"@id\":\"https:\\\/\\\/www.altercampagne.net\\\/?p=26127\",\"url\":\"https:\\\/\\\/www.altercampagne.net\\\/?p=26127\",\"name\":\"Ferme royale avec vue sur mer - AlterTour\",\"isPartOf\":{\"@id\":\"https:\\\/\\\/www.altercampagne.net\\\/#website\"},\"primaryImageOfPage\":{\"@id\":\"https:\\\/\\\/www.altercampagne.net\\\/?p=26127#primaryimage\"},\"image\":{\"@id\":\"https:\\\/\\\/www.altercampagne.net\\\/?p=26127#primaryimage\"},\"thumbnailUrl\":\"https:\\\/\\\/www.altercampagne.net\\\/wp-content\\\/uploads\\\/2022\\\/07\\\/DSCF3110velorution2-scaled.jpg\",\"datePublished\":\"2022-07-29T07:54:52+00:00\",\"dateModified\":\"2022-07-29T07:54:54+00:00\",\"author\":{\"@id\":\"https:\\\/\\\/www.altercampagne.net\\\/#\\\/schema\\\/person\\\/308dc295a67929d58321ff6b59820daa\"},\"breadcrumb\":{\"@id\":\"https:\\\/\\\/www.altercampagne.net\\\/?p=26127#breadcrumb\"},\"inLanguage\":\"fr-FR\",\"potentialAction\":[{\"@type\":\"ReadAction\",\"target\":[\"https:\\\/\\\/www.altercampagne.net\\\/?p=26127\"]}]},{\"@type\":\"ImageObject\",\"inLanguage\":\"fr-FR\",\"@id\":\"https:\\\/\\\/www.altercampagne.net\\\/?p=26127#primaryimage\",\"url\":\"https:\\\/\\\/www.altercampagne.net\\\/wp-content\\\/uploads\\\/2022\\\/07\\\/DSCF3110velorution2-scaled.jpg\",\"contentUrl\":\"https:\\\/\\\/www.altercampagne.net\\\/wp-content\\\/uploads\\\/2022\\\/07\\\/DSCF3110velorution2-scaled.jpg\",\"width\":2560,\"height\":1707},{\"@type\":\"BreadcrumbList\",\"@id\":\"https:\\\/\\\/www.altercampagne.net\\\/?p=26127#breadcrumb\",\"itemListElement\":[{\"@type\":\"ListItem\",\"position\":1,\"name\":\"Accueil\",\"item\":\"https:\\\/\\\/www.altercampagne.net\\\/\"},{\"@type\":\"ListItem\",\"position\":2,\"name\":\"Ferme royale avec vue sur mer\"}]},{\"@type\":\"WebSite\",\"@id\":\"https:\\\/\\\/www.altercampagne.net\\\/#website\",\"url\":\"https:\\\/\\\/www.altercampagne.net\\\/\",\"name\":\"AlterTour\",\"description\":\"Reliez les Alternatives \u00e0 v\u00e9lo\",\"potentialAction\":[{\"@type\":\"SearchAction\",\"target\":{\"@type\":\"EntryPoint\",\"urlTemplate\":\"https:\\\/\\\/www.altercampagne.net\\\/?s={search_term_string}\"},\"query-input\":{\"@type\":\"PropertyValueSpecification\",\"valueRequired\":true,\"valueName\":\"search_term_string\"}}],\"inLanguage\":\"fr-FR\"},{\"@type\":\"Person\",\"@id\":\"https:\\\/\\\/www.altercampagne.net\\\/#\\\/schema\\\/person\\\/308dc295a67929d58321ff6b59820daa\",\"name\":\"Jonas\",\"image\":{\"@type\":\"ImageObject\",\"inLanguage\":\"fr-FR\",\"@id\":\"https:\\\/\\\/secure.gravatar.com\\\/avatar\\\/ade7b451791545d463915f445a8aee91b58c48cdcbc1ab2b8583fa2f30e159e4?s=96&d=mm&r=g\",\"url\":\"https:\\\/\\\/secure.gravatar.com\\\/avatar\\\/ade7b451791545d463915f445a8aee91b58c48cdcbc1ab2b8583fa2f30e159e4?s=96&d=mm&r=g\",\"contentUrl\":\"https:\\\/\\\/secure.gravatar.com\\\/avatar\\\/ade7b451791545d463915f445a8aee91b58c48cdcbc1ab2b8583fa2f30e159e4?s=96&d=mm&r=g\",\"caption\":\"Jonas\"},\"url\":\"https:\\\/\\\/www.altercampagne.net\\\/?author=316\"}]}<\/script>\n<!-- \/ Yoast SEO plugin. -->","yoast_head_json":{"title":"Ferme royale avec vue sur mer - AlterTour","robots":{"index":"index","follow":"follow","max-snippet":"max-snippet:-1","max-image-preview":"max-image-preview:large","max-video-preview":"max-video-preview:-1"},"canonical":"https:\/\/www.altercampagne.net\/?p=26127","og_locale":"fr_FR","og_type":"article","og_title":"Ferme royale avec vue sur mer - AlterTour","og_description":"Apr\u00e8s un d\u00e9part matinal (mais pas trop..) depuis chez nos amis du centre d&rsquo;accueil Vogue La Gal\u00e8re sous un soleil d\u00e9j\u00e0 bien ardent, et 20 kms de p\u00e9dalade entre Aubagne et Marseille, la cinquantaine d&rsquo;altercyclistes sont arriv\u00e9s \u00e0 La Ferme du Roy d&rsquo;Espagne.Flore, Gaby, Marie Victoire, Maxime, Rapha\u00eblle et Th\u00e9o ... Read More","og_url":"https:\/\/www.altercampagne.net\/?p=26127","og_site_name":"AlterTour","article_published_time":"2022-07-29T07:54:52+00:00","article_modified_time":"2022-07-29T07:54:54+00:00","og_image":[{"width":2560,"height":1707,"url":"https:\/\/www.altercampagne.net\/wp-content\/uploads\/2022\/07\/DSCF3110velorution2-scaled.jpg","type":"image\/jpeg"}],"author":"Jonas","twitter_card":"summary_large_image","twitter_misc":{"\u00c9crit par":"Jonas","Dur\u00e9e de lecture estim\u00e9e":"3 minutes"},"schema":{"@context":"https:\/\/schema.org","@graph":[{"@type":"Article","@id":"https:\/\/www.altercampagne.net\/?p=26127#article","isPartOf":{"@id":"https:\/\/www.altercampagne.net\/?p=26127"},"author":{"name":"Jonas","@id":"https:\/\/www.altercampagne.net\/#\/schema\/person\/308dc295a67929d58321ff6b59820daa"},"headline":"Ferme royale avec vue sur mer","datePublished":"2022-07-29T07:54:52+00:00","dateModified":"2022-07-29T07:54:54+00:00","mainEntityOfPage":{"@id":"https:\/\/www.altercampagne.net\/?p=26127"},"wordCount":403,"image":{"@id":"https:\/\/www.altercampagne.net\/?p=26127#primaryimage"},"thumbnailUrl":"https:\/\/www.altercampagne.net\/wp-content\/uploads\/2022\/07\/DSCF3110velorution2-scaled.jpg","articleSection":["Agriculture","Edition 2022","Culture","Provence-Alpes-C\u00f4te d'Azur","Transverse","V\u00e9lo"],"inLanguage":"fr-FR"},{"@type":"WebPage","@id":"https:\/\/www.altercampagne.net\/?p=26127","url":"https:\/\/www.altercampagne.net\/?p=26127","name":"Ferme royale avec vue sur mer - AlterTour","isPartOf":{"@id":"https:\/\/www.altercampagne.net\/#website"},"primaryImageOfPage":{"@id":"https:\/\/www.altercampagne.net\/?p=26127#primaryimage"},"image":{"@id":"https:\/\/www.altercampagne.net\/?p=26127#primaryimage"},"thumbnailUrl":"https:\/\/www.altercampagne.net\/wp-content\/uploads\/2022\/07\/DSCF3110velorution2-scaled.jpg","datePublished":"2022-07-29T07:54:52+00:00","dateModified":"2022-07-29T07:54:54+00:00","author":{"@id":"https:\/\/www.altercampagne.net\/#\/schema\/person\/308dc295a67929d58321ff6b59820daa"},"breadcrumb":{"@id":"https:\/\/www.altercampagne.net\/?p=26127#breadcrumb"},"inLanguage":"fr-FR","potentialAction":[{"@type":"ReadAction","target":["https:\/\/www.altercampagne.net\/?p=26127"]}]},{"@type":"ImageObject","inLanguage":"fr-FR","@id":"https:\/\/www.altercampagne.net\/?p=26127#primaryimage","url":"https:\/\/www.altercampagne.net\/wp-content\/uploads\/2022\/07\/DSCF3110velorution2-scaled.jpg","contentUrl":"https:\/\/www.altercampagne.net\/wp-content\/uploads\/2022\/07\/DSCF3110velorution2-scaled.jpg","width":2560,"height":1707},{"@type":"BreadcrumbList","@id":"https:\/\/www.altercampagne.net\/?p=26127#breadcrumb","itemListElement":[{"@type":"ListItem","position":1,"name":"Accueil","item":"https:\/\/www.altercampagne.net\/"},{"@type":"ListItem","position":2,"name":"Ferme royale avec vue sur mer"}]},{"@type":"WebSite","@id":"https:\/\/www.altercampagne.net\/#website","url":"https:\/\/www.altercampagne.net\/","name":"AlterTour","description":"Reliez les Alternatives \u00e0 v\u00e9lo","potentialAction":[{"@type":"SearchAction","target":{"@type":"EntryPoint","urlTemplate":"https:\/\/www.altercampagne.net\/?s={search_term_string}"},"query-input":{"@type":"PropertyValueSpecification","valueRequired":true,"valueName":"search_term_string"}}],"inLanguage":"fr-FR"},{"@type":"Person","@id":"https:\/\/www.altercampagne.net\/#\/schema\/person\/308dc295a67929d58321ff6b59820daa","name":"Jonas","image":{"@type":"ImageObject","inLanguage":"fr-FR","@id":"https:\/\/secure.gravatar.com\/avatar\/ade7b451791545d463915f445a8aee91b58c48cdcbc1ab2b8583fa2f30e159e4?s=96&d=mm&r=g","url":"https:\/\/secure.gravatar.com\/avatar\/ade7b451791545d463915f445a8aee91b58c48cdcbc1ab2b8583fa2f30e159e4?s=96&d=mm&r=g","contentUrl":"https:\/\/secure.gravatar.com\/avatar\/ade7b451791545d463915f445a8aee91b58c48cdcbc1ab2b8583fa2f30e159e4?s=96&d=mm&r=g","caption":"Jonas"},"url":"https:\/\/www.altercampagne.net\/?author=316"}]}},"_links":{"self":[{"href":"https:\/\/www.altercampagne.net\/index.php?rest_route=\/wp\/v2\/posts\/26127","targetHints":{"allow":["GET"]}}],"collection":[{"href":"https:\/\/www.altercampagne.net\/index.php?rest_route=\/wp\/v2\/posts"}],"about":[{"href":"https:\/\/www.altercampagne.net\/index.php?rest_route=\/wp\/v2\/types\/post"}],"author":[{"embeddable":true,"href":"https:\/\/www.altercampagne.net\/index.php?rest_route=\/wp\/v2\/users\/316"}],"replies":[{"embeddable":true,"href":"https:\/\/www.altercampagne.net\/index.php?rest_route=%2Fwp%2Fv2%2Fcomments&post=26127"}],"version-history":[{"count":1,"href":"https:\/\/www.altercampagne.net\/index.php?rest_route=\/wp\/v2\/posts\/26127\/revisions"}],"predecessor-version":[{"id":26132,"href":"https:\/\/www.altercampagne.net\/index.php?rest_route=\/wp\/v2\/posts\/26127\/revisions\/26132"}],"wp:featuredmedia":[{"embeddable":true,"href":"https:\/\/www.altercampagne.net\/index.php?rest_route=\/wp\/v2\/media\/26131"}],"wp:attachment":[{"href":"https:\/\/www.altercampagne.net\/index.php?rest_route=%2Fwp%2Fv2%2Fmedia&parent=26127"}],"wp:term":[{"taxonomy":"category","embeddable":true,"href":"https:\/\/www.altercampagne.net\/index.php?rest_route=%2Fwp%2Fv2%2Fcategories&post=26127"},{"taxonomy":"post_tag","embeddable":true,"href":"https:\/\/www.altercampagne.net\/index.php?rest_route=%2Fwp%2Fv2%2Ftags&post=26127"}],"curies":[{"name":"wp","href":"https:\/\/api.w.org\/{rel}","templated":true}]}}