{"id":26133,"date":"2022-07-29T10:29:32","date_gmt":"2022-07-29T08:29:32","guid":{"rendered":"https:\/\/www.altercampagne.net\/?p=26133"},"modified":"2022-07-29T10:36:00","modified_gmt":"2022-07-29T08:36:00","slug":"une-journee-de-rencontres-a-marseille","status":"publish","type":"post","link":"https:\/\/www.altercampagne.net\/?p=26133","title":{"rendered":"Une journ\u00e9e de rencontres \u00e0 Marseille"},"content":{"rendered":"\n<p>Lever 8h, une grasse matin\u00e9e, quelle chance&nbsp;!<br>Lendemain de la V\u00e9lorution organis\u00e9e par Robert de <a href=\"https:\/\/www.velosapiens.fr\/\">Velo Sapiens<\/a> qui a men\u00e9 le groupe \u00e0 travers le centre ville puis la Corniche de Marseille, au bord de cette magnifique rade, sous les embruns sal\u00e9s et chauds de la rencontre entre la mer et la ville. Le groupe a pu se confronter \u00e0 la conduite urbaine sp\u00e9cifique \u00e0 cette ville qui a beaucoup de mal \u00e0 faire place au v\u00e9lo. Des peurs, des frayeurs, un petit soleil et des voitures poussives au cul du cort\u00e8ge. Rien de bien m\u00e9chant, de la bouche, comme d&rsquo;habitude ici. <strong>Mais un immense plaisir \u00e0 p\u00e9daler de nuit au milieu du Vieux Port et admir\u00e9.e.s par la population qui s&rsquo;est \u00e9tonn\u00e9e de nous voir, et, curieuse, de nous demander qui nous \u00e9tions et ce que nous faisions<\/strong>. Quelques recrutements aupr\u00e8s des automobilistes et scoot\u00e9ristes plus tard, nous nous arr\u00eations soit au monument aux morts d&rsquo;Afrique, soit \u00e0 la plage du Prado pour la traditionnelle pause festive de 23h. Des fatigu\u00e9.e.s, mais des courageu.ses.x pour aller se baigner, dont quelques un.e.s nu.e.s, ce qui a g\u00e9n\u00e9r\u00e9 r\u00e9flexions et vives altercations avec les locaux. La t\u00eate dans la r\u00e9alit\u00e9 sociale d&rsquo;une ville tentaculaire comme celle l\u00e0, nous continuions a suivre notre guide Robert qui nous a conduit jusqu&rsquo;\u00e0 bon port.<\/p>\n\n\n\n<p>Le lendemain matin,<strong> c&rsquo;est le march\u00e9 paysan de la Ferme<\/strong>, qui ouvre ses portes au public. On y croise des gens du quartier qui viennent faire leur courses et\/ou visiter la ferme en famille. L&rsquo;AlterTour y fait son stand, avec la revue SILENCE&nbsp;! dont la repr\u00e9sentante est arriv\u00e9e aujourd&rsquo;hui. <a href=\"https:\/\/boulangerie-cafe-pain-salvator.fr\/\">Une boulangerie du Boulevard Salvator<\/a> vend ses merveilleuses fougasses et ses pompes \u00e0 l&rsquo;huile d&rsquo;olive, sp\u00e9cialit\u00e9s du patrimoine alimentaire proven\u00e7al qui nous r\u00e9galerons pour l&rsquo;ap\u00e9ro du midi accompagn\u00e9 de Pastis d&rsquo;Aubagne et de sirop d&rsquo;orgeat qu&rsquo;on appellera mauresque.<\/p>\n\n\n\n<p>Un bel \u00e9tal, de ce que cultive la ferme, se situant dans une pi\u00e8ce ouverte sur l\u2019ext\u00e9rieur, accueille aussi une <strong>exposition sur l&rsquo;histoire de la campagne environnante<\/strong> (ou de ce qu&rsquo;il en reste). En effet, c&rsquo;est <a href=\"http:\/\/alargo-mazargues.over-blog.com\/\">Alargo Mazargues<\/a>, l&rsquo;association de d\u00e9fense du patrimoine du quartier qui orne les murs du lieu de vente. Des photos d&rsquo;une dizaine de \u00ab&nbsp;campagnes&nbsp;\u00bbportant le nom des propri\u00e9taires ou des exploitants (ou les deux), aux noms \u00e9vocateurs de l&rsquo;immigration qui a eu lieu \u00e0 Marseille depuis le d\u00e9but du 20eme, disent a quel point Marseille \u00e9tait un terroir agricole prolifique. Des cartes de la zone, disent la superficie des terres agricoles disparues au profit de l&rsquo;urbanisation intense qui a eu lieu depuis les ann\u00e9es 1950, r\u00e9pertoriant toutes les campagnes qui ont marqu\u00e9 l&rsquo;histoire du quartier.<br>Des altercyclistes me disent leur sentiment d&rsquo;\u00e9tonnement face \u00e0 la situation de cette ferme au c\u0153ur de la ville, ou iels se sentent entre ville et campagne, ce qui est la r\u00e9alit\u00e9, avec d&rsquo;un c\u00f4t\u00e9 la \u00ab&nbsp;Bonne M\u00e8re&nbsp;\u00bb et de l&rsquo;autre le massif de Marseilleveyre bordant la ville au sud, la plage non loin.<br>Le canal de Marseille, passant \u00e0 40 m de la ferme, parle aussi de ce terroir mais n&rsquo;est pas utilis\u00e9 car plus cher que l&rsquo;eau potable de la ville. En effet, l&rsquo;organisme gestionnaire de cet apport en eau majeur construit au 19eme pour les besoins de la ville et de sa campagne, n&rsquo;est autre que V\u00e9olia, une multinationale de la d\u00e9l\u00e9gation de service public, qui vend son eau (celle du Verdon, publique), une fortune.<\/p>\n\n\n\n<p><strong>A 18h, une table ronde a r\u00e9uni les actrices et acteurs du maraichage local<\/strong> afin de discuter de l&rsquo;avenir de l&rsquo;agri urbaine ici. Ange, maraicher sur le Roy d&rsquo;Espagne avant que la ville pr\u00e9empte, raconte l&rsquo;histoire de sa vie \u00e0 Mazargues : \u00ab\u00a0marche ou cr\u00e8ve!\u00a0\u00bb. Fils d&rsquo;immigr\u00e9s italiens, il s&rsquo;installe l\u00e0 sans avoir trop le choix. Ensuite,<a href=\"https:\/\/www.terredemars.fr\/\"> Terre de Mars<\/a>, ferme en maraichage sur Sainte Marthe pr\u00e9sente ses activit\u00e9s. Compos\u00e9e de plusieurs diplom\u00e9.es d&rsquo;\u00e9tudes sup\u00e9rieures en reconversions, iels cultivent 2,7 ha depuis 2014. Un \u00e9cart \u00e9norme avec la situation d&rsquo;Ange 50 ans plus t\u00f4t. Jo\u00eblle de <a href=\"https:\/\/ferme-pedagogique-collet-des-comtes.fr\/\">la Ferme p\u00e9dagogique du Collet des Comtes<\/a>, dans le 12eme arrondissement prend la parole. Transmission familiale depuis ses parents, elle g\u00e8re avec sa s\u0153ur la ferme et vient de renouveler sa DSP D\u00e9l\u00e9gation de service public pour 5 ans. Elle explique ne pas se tirer un SMIC encore et raconte la difficult\u00e9 de son activit\u00e9. Active depuis 6 ans, elle a fait le choix de la traction animale. Elle nous parle \u00e9galement du manque de maraicher.e.s!<br>Les membres d&rsquo;Alargo Mazargues, d&rsquo;age v\u00e9n\u00e9rable, parlent des d\u00e9buts de l&rsquo;exploitation du terroir :\u00a0\u00bb<em> Ici, c&rsquo;\u00e9tait la pin\u00e8de. Mon grand p\u00e8re a coup\u00e9 1000 pins \u00e0 la hache en arrivant. Ensuite, il a fallu enrichir les sols et peu \u00e0 peu on a pu cultiver. Avant on cultivait des c\u00e2pres et des pois chiches avant le Canal, apr\u00e8s c&rsquo;\u00e9tait les artichauts, les f\u00e8ves, les courgettes qui sont devenus r\u00e9put\u00e9s \u00e0 Mazargues.<br>Le march\u00e9 se faisait au Cours Julien en ventre ville, les mazarguaises ont d\u00fb se battre pendant \u00ab\u00a0la guerre des femmes\u00a0\u00bb pour pouvoir vendre leur production, car c&rsquo;\u00e9tait les matrones du cours qui tenaient le march\u00e9.<\/em>\u00ab\u00a0<\/p>\n\n\n\n<p>Un beau samedi d&rsquo;\u00e9t\u00e9 sous les cigales, a fait d\u00e9couvrir \u00e0 tout le monde le charme de la proven\u00e7alit\u00e9 marseillaise, dans toute sa splendeur (ou presque).<\/p>\n\n\n\n<p class=\"has-text-align-right\"><em>Guilhaume Tamisier<\/em><\/p>\n","protected":false},"excerpt":{"rendered":"<p>Lever 8h, une grasse matin\u00e9e, quelle chance&nbsp;!Lendemain de la V\u00e9lorution organis\u00e9e par Robert de Velo Sapiens qui a men\u00e9 le groupe \u00e0 travers le centre ville puis la Corniche de Marseille, au bord de cette magnifique rade, sous les embruns sal\u00e9s et chauds de la rencontre entre la mer et &#8230; <\/p>\n<div><a href=\"https:\/\/www.altercampagne.net\/?p=26133\" class=\"more-link\">Read More<\/a><\/div>\n","protected":false},"author":316,"featured_media":26134,"comment_status":"closed","ping_status":"closed","sticky":false,"template":"","format":"standard","meta":{"footnotes":""},"categories":[3483,4357,3482,3932],"tags":[],"class_list":["post-26133","post","type-post","status-publish","format-standard","has-post-thumbnail","hentry","category-agriculture","category-edition-2022","category-provence-alpes-cote-dazur","category-velo"],"yoast_head":"<!-- This site is optimized with the Yoast SEO plugin v27.3 - https:\/\/yoast.com\/product\/yoast-seo-wordpress\/ -->\n<title>Une journ\u00e9e de rencontres \u00e0 Marseille - AlterTour<\/title>\n<meta name=\"robots\" content=\"index, follow, max-snippet:-1, max-image-preview:large, max-video-preview:-1\" \/>\n<link rel=\"canonical\" href=\"https:\/\/www.altercampagne.net\/?p=26133\" \/>\n<meta property=\"og:locale\" content=\"fr_FR\" \/>\n<meta property=\"og:type\" content=\"article\" \/>\n<meta property=\"og:title\" content=\"Une journ\u00e9e de rencontres \u00e0 Marseille - AlterTour\" \/>\n<meta property=\"og:description\" content=\"Lever 8h, une grasse matin\u00e9e, quelle chance&nbsp;!Lendemain de la V\u00e9lorution organis\u00e9e par Robert de Velo Sapiens qui a men\u00e9 le groupe \u00e0 travers le centre ville puis la Corniche de Marseille, au bord de cette magnifique rade, sous les embruns sal\u00e9s et chauds de la rencontre entre la mer et ... Read More\" \/>\n<meta property=\"og:url\" content=\"https:\/\/www.altercampagne.net\/?p=26133\" \/>\n<meta property=\"og:site_name\" content=\"AlterTour\" \/>\n<meta property=\"article:published_time\" content=\"2022-07-29T08:29:32+00:00\" \/>\n<meta property=\"article:modified_time\" content=\"2022-07-29T08:36:00+00:00\" \/>\n<meta property=\"og:image\" content=\"https:\/\/www.altercampagne.net\/wp-content\/uploads\/2022\/07\/DSCF3304roydespagneange1.jpg\" \/>\n\t<meta property=\"og:image:width\" content=\"1920\" \/>\n\t<meta property=\"og:image:height\" content=\"1027\" \/>\n\t<meta property=\"og:image:type\" content=\"image\/jpeg\" \/>\n<meta name=\"author\" content=\"Jonas\" \/>\n<meta name=\"twitter:card\" content=\"summary_large_image\" \/>\n<meta name=\"twitter:label1\" content=\"\u00c9crit par\" \/>\n\t<meta name=\"twitter:data1\" content=\"Jonas\" \/>\n\t<meta name=\"twitter:label2\" content=\"Dur\u00e9e de lecture estim\u00e9e\" \/>\n\t<meta name=\"twitter:data2\" content=\"5 minutes\" \/>\n<script type=\"application\/ld+json\" class=\"yoast-schema-graph\">{\"@context\":\"https:\\\/\\\/schema.org\",\"@graph\":[{\"@type\":\"Article\",\"@id\":\"https:\\\/\\\/www.altercampagne.net\\\/?p=26133#article\",\"isPartOf\":{\"@id\":\"https:\\\/\\\/www.altercampagne.net\\\/?p=26133\"},\"author\":{\"name\":\"Jonas\",\"@id\":\"https:\\\/\\\/www.altercampagne.net\\\/#\\\/schema\\\/person\\\/308dc295a67929d58321ff6b59820daa\"},\"headline\":\"Une journ\u00e9e de rencontres \u00e0 Marseille\",\"datePublished\":\"2022-07-29T08:29:32+00:00\",\"dateModified\":\"2022-07-29T08:36:00+00:00\",\"mainEntityOfPage\":{\"@id\":\"https:\\\/\\\/www.altercampagne.net\\\/?p=26133\"},\"wordCount\":984,\"image\":{\"@id\":\"https:\\\/\\\/www.altercampagne.net\\\/?p=26133#primaryimage\"},\"thumbnailUrl\":\"https:\\\/\\\/www.altercampagne.net\\\/wp-content\\\/uploads\\\/2022\\\/07\\\/DSCF3304roydespagneange1.jpg\",\"articleSection\":[\"Agriculture\",\"Edition 2022\",\"Provence-Alpes-C\u00f4te d'Azur\",\"V\u00e9lo\"],\"inLanguage\":\"fr-FR\"},{\"@type\":\"WebPage\",\"@id\":\"https:\\\/\\\/www.altercampagne.net\\\/?p=26133\",\"url\":\"https:\\\/\\\/www.altercampagne.net\\\/?p=26133\",\"name\":\"Une journ\u00e9e de rencontres \u00e0 Marseille - AlterTour\",\"isPartOf\":{\"@id\":\"https:\\\/\\\/www.altercampagne.net\\\/#website\"},\"primaryImageOfPage\":{\"@id\":\"https:\\\/\\\/www.altercampagne.net\\\/?p=26133#primaryimage\"},\"image\":{\"@id\":\"https:\\\/\\\/www.altercampagne.net\\\/?p=26133#primaryimage\"},\"thumbnailUrl\":\"https:\\\/\\\/www.altercampagne.net\\\/wp-content\\\/uploads\\\/2022\\\/07\\\/DSCF3304roydespagneange1.jpg\",\"datePublished\":\"2022-07-29T08:29:32+00:00\",\"dateModified\":\"2022-07-29T08:36:00+00:00\",\"author\":{\"@id\":\"https:\\\/\\\/www.altercampagne.net\\\/#\\\/schema\\\/person\\\/308dc295a67929d58321ff6b59820daa\"},\"breadcrumb\":{\"@id\":\"https:\\\/\\\/www.altercampagne.net\\\/?p=26133#breadcrumb\"},\"inLanguage\":\"fr-FR\",\"potentialAction\":[{\"@type\":\"ReadAction\",\"target\":[\"https:\\\/\\\/www.altercampagne.net\\\/?p=26133\"]}]},{\"@type\":\"ImageObject\",\"inLanguage\":\"fr-FR\",\"@id\":\"https:\\\/\\\/www.altercampagne.net\\\/?p=26133#primaryimage\",\"url\":\"https:\\\/\\\/www.altercampagne.net\\\/wp-content\\\/uploads\\\/2022\\\/07\\\/DSCF3304roydespagneange1.jpg\",\"contentUrl\":\"https:\\\/\\\/www.altercampagne.net\\\/wp-content\\\/uploads\\\/2022\\\/07\\\/DSCF3304roydespagneange1.jpg\",\"width\":1920,\"height\":1027},{\"@type\":\"BreadcrumbList\",\"@id\":\"https:\\\/\\\/www.altercampagne.net\\\/?p=26133#breadcrumb\",\"itemListElement\":[{\"@type\":\"ListItem\",\"position\":1,\"name\":\"Accueil\",\"item\":\"https:\\\/\\\/www.altercampagne.net\\\/\"},{\"@type\":\"ListItem\",\"position\":2,\"name\":\"Une journ\u00e9e de rencontres \u00e0 Marseille\"}]},{\"@type\":\"WebSite\",\"@id\":\"https:\\\/\\\/www.altercampagne.net\\\/#website\",\"url\":\"https:\\\/\\\/www.altercampagne.net\\\/\",\"name\":\"AlterTour\",\"description\":\"Reliez les Alternatives \u00e0 v\u00e9lo\",\"potentialAction\":[{\"@type\":\"SearchAction\",\"target\":{\"@type\":\"EntryPoint\",\"urlTemplate\":\"https:\\\/\\\/www.altercampagne.net\\\/?s={search_term_string}\"},\"query-input\":{\"@type\":\"PropertyValueSpecification\",\"valueRequired\":true,\"valueName\":\"search_term_string\"}}],\"inLanguage\":\"fr-FR\"},{\"@type\":\"Person\",\"@id\":\"https:\\\/\\\/www.altercampagne.net\\\/#\\\/schema\\\/person\\\/308dc295a67929d58321ff6b59820daa\",\"name\":\"Jonas\",\"image\":{\"@type\":\"ImageObject\",\"inLanguage\":\"fr-FR\",\"@id\":\"https:\\\/\\\/secure.gravatar.com\\\/avatar\\\/ade7b451791545d463915f445a8aee91b58c48cdcbc1ab2b8583fa2f30e159e4?s=96&d=mm&r=g\",\"url\":\"https:\\\/\\\/secure.gravatar.com\\\/avatar\\\/ade7b451791545d463915f445a8aee91b58c48cdcbc1ab2b8583fa2f30e159e4?s=96&d=mm&r=g\",\"contentUrl\":\"https:\\\/\\\/secure.gravatar.com\\\/avatar\\\/ade7b451791545d463915f445a8aee91b58c48cdcbc1ab2b8583fa2f30e159e4?s=96&d=mm&r=g\",\"caption\":\"Jonas\"},\"url\":\"https:\\\/\\\/www.altercampagne.net\\\/?author=316\"}]}<\/script>\n<!-- \/ Yoast SEO plugin. -->","yoast_head_json":{"title":"Une journ\u00e9e de rencontres \u00e0 Marseille - AlterTour","robots":{"index":"index","follow":"follow","max-snippet":"max-snippet:-1","max-image-preview":"max-image-preview:large","max-video-preview":"max-video-preview:-1"},"canonical":"https:\/\/www.altercampagne.net\/?p=26133","og_locale":"fr_FR","og_type":"article","og_title":"Une journ\u00e9e de rencontres \u00e0 Marseille - AlterTour","og_description":"Lever 8h, une grasse matin\u00e9e, quelle chance&nbsp;!Lendemain de la V\u00e9lorution organis\u00e9e par Robert de Velo Sapiens qui a men\u00e9 le groupe \u00e0 travers le centre ville puis la Corniche de Marseille, au bord de cette magnifique rade, sous les embruns sal\u00e9s et chauds de la rencontre entre la mer et ... Read More","og_url":"https:\/\/www.altercampagne.net\/?p=26133","og_site_name":"AlterTour","article_published_time":"2022-07-29T08:29:32+00:00","article_modified_time":"2022-07-29T08:36:00+00:00","og_image":[{"width":1920,"height":1027,"url":"https:\/\/www.altercampagne.net\/wp-content\/uploads\/2022\/07\/DSCF3304roydespagneange1.jpg","type":"image\/jpeg"}],"author":"Jonas","twitter_card":"summary_large_image","twitter_misc":{"\u00c9crit par":"Jonas","Dur\u00e9e de lecture estim\u00e9e":"5 minutes"},"schema":{"@context":"https:\/\/schema.org","@graph":[{"@type":"Article","@id":"https:\/\/www.altercampagne.net\/?p=26133#article","isPartOf":{"@id":"https:\/\/www.altercampagne.net\/?p=26133"},"author":{"name":"Jonas","@id":"https:\/\/www.altercampagne.net\/#\/schema\/person\/308dc295a67929d58321ff6b59820daa"},"headline":"Une journ\u00e9e de rencontres \u00e0 Marseille","datePublished":"2022-07-29T08:29:32+00:00","dateModified":"2022-07-29T08:36:00+00:00","mainEntityOfPage":{"@id":"https:\/\/www.altercampagne.net\/?p=26133"},"wordCount":984,"image":{"@id":"https:\/\/www.altercampagne.net\/?p=26133#primaryimage"},"thumbnailUrl":"https:\/\/www.altercampagne.net\/wp-content\/uploads\/2022\/07\/DSCF3304roydespagneange1.jpg","articleSection":["Agriculture","Edition 2022","Provence-Alpes-C\u00f4te d'Azur","V\u00e9lo"],"inLanguage":"fr-FR"},{"@type":"WebPage","@id":"https:\/\/www.altercampagne.net\/?p=26133","url":"https:\/\/www.altercampagne.net\/?p=26133","name":"Une journ\u00e9e de rencontres \u00e0 Marseille - AlterTour","isPartOf":{"@id":"https:\/\/www.altercampagne.net\/#website"},"primaryImageOfPage":{"@id":"https:\/\/www.altercampagne.net\/?p=26133#primaryimage"},"image":{"@id":"https:\/\/www.altercampagne.net\/?p=26133#primaryimage"},"thumbnailUrl":"https:\/\/www.altercampagne.net\/wp-content\/uploads\/2022\/07\/DSCF3304roydespagneange1.jpg","datePublished":"2022-07-29T08:29:32+00:00","dateModified":"2022-07-29T08:36:00+00:00","author":{"@id":"https:\/\/www.altercampagne.net\/#\/schema\/person\/308dc295a67929d58321ff6b59820daa"},"breadcrumb":{"@id":"https:\/\/www.altercampagne.net\/?p=26133#breadcrumb"},"inLanguage":"fr-FR","potentialAction":[{"@type":"ReadAction","target":["https:\/\/www.altercampagne.net\/?p=26133"]}]},{"@type":"ImageObject","inLanguage":"fr-FR","@id":"https:\/\/www.altercampagne.net\/?p=26133#primaryimage","url":"https:\/\/www.altercampagne.net\/wp-content\/uploads\/2022\/07\/DSCF3304roydespagneange1.jpg","contentUrl":"https:\/\/www.altercampagne.net\/wp-content\/uploads\/2022\/07\/DSCF3304roydespagneange1.jpg","width":1920,"height":1027},{"@type":"BreadcrumbList","@id":"https:\/\/www.altercampagne.net\/?p=26133#breadcrumb","itemListElement":[{"@type":"ListItem","position":1,"name":"Accueil","item":"https:\/\/www.altercampagne.net\/"},{"@type":"ListItem","position":2,"name":"Une journ\u00e9e de rencontres \u00e0 Marseille"}]},{"@type":"WebSite","@id":"https:\/\/www.altercampagne.net\/#website","url":"https:\/\/www.altercampagne.net\/","name":"AlterTour","description":"Reliez les Alternatives \u00e0 v\u00e9lo","potentialAction":[{"@type":"SearchAction","target":{"@type":"EntryPoint","urlTemplate":"https:\/\/www.altercampagne.net\/?s={search_term_string}"},"query-input":{"@type":"PropertyValueSpecification","valueRequired":true,"valueName":"search_term_string"}}],"inLanguage":"fr-FR"},{"@type":"Person","@id":"https:\/\/www.altercampagne.net\/#\/schema\/person\/308dc295a67929d58321ff6b59820daa","name":"Jonas","image":{"@type":"ImageObject","inLanguage":"fr-FR","@id":"https:\/\/secure.gravatar.com\/avatar\/ade7b451791545d463915f445a8aee91b58c48cdcbc1ab2b8583fa2f30e159e4?s=96&d=mm&r=g","url":"https:\/\/secure.gravatar.com\/avatar\/ade7b451791545d463915f445a8aee91b58c48cdcbc1ab2b8583fa2f30e159e4?s=96&d=mm&r=g","contentUrl":"https:\/\/secure.gravatar.com\/avatar\/ade7b451791545d463915f445a8aee91b58c48cdcbc1ab2b8583fa2f30e159e4?s=96&d=mm&r=g","caption":"Jonas"},"url":"https:\/\/www.altercampagne.net\/?author=316"}]}},"_links":{"self":[{"href":"https:\/\/www.altercampagne.net\/index.php?rest_route=\/wp\/v2\/posts\/26133","targetHints":{"allow":["GET"]}}],"collection":[{"href":"https:\/\/www.altercampagne.net\/index.php?rest_route=\/wp\/v2\/posts"}],"about":[{"href":"https:\/\/www.altercampagne.net\/index.php?rest_route=\/wp\/v2\/types\/post"}],"author":[{"embeddable":true,"href":"https:\/\/www.altercampagne.net\/index.php?rest_route=\/wp\/v2\/users\/316"}],"replies":[{"embeddable":true,"href":"https:\/\/www.altercampagne.net\/index.php?rest_route=%2Fwp%2Fv2%2Fcomments&post=26133"}],"version-history":[{"count":3,"href":"https:\/\/www.altercampagne.net\/index.php?rest_route=\/wp\/v2\/posts\/26133\/revisions"}],"predecessor-version":[{"id":26138,"href":"https:\/\/www.altercampagne.net\/index.php?rest_route=\/wp\/v2\/posts\/26133\/revisions\/26138"}],"wp:featuredmedia":[{"embeddable":true,"href":"https:\/\/www.altercampagne.net\/index.php?rest_route=\/wp\/v2\/media\/26134"}],"wp:attachment":[{"href":"https:\/\/www.altercampagne.net\/index.php?rest_route=%2Fwp%2Fv2%2Fmedia&parent=26133"}],"wp:term":[{"taxonomy":"category","embeddable":true,"href":"https:\/\/www.altercampagne.net\/index.php?rest_route=%2Fwp%2Fv2%2Fcategories&post=26133"},{"taxonomy":"post_tag","embeddable":true,"href":"https:\/\/www.altercampagne.net\/index.php?rest_route=%2Fwp%2Fv2%2Ftags&post=26133"}],"curies":[{"name":"wp","href":"https:\/\/api.w.org\/{rel}","templated":true}]}}