{"id":26151,"date":"2022-07-21T15:51:00","date_gmt":"2022-07-21T13:51:00","guid":{"rendered":"https:\/\/www.altercampagne.net\/?p=26151"},"modified":"2022-08-09T09:44:49","modified_gmt":"2022-08-09T07:44:49","slug":"saint-pierreville-la-vie-dans-le-lokal","status":"publish","type":"post","link":"https:\/\/www.altercampagne.net\/?p=26151","title":{"rendered":"Saint-Pierreville : La vie dans le Lokal"},"content":{"rendered":"\n<p><strong>Un jeudi matin au coeur des Monts de l\u2019Ard\u00e8che \u00e0 Saint-Pierreville, nous sommes accueilli.es sur la place du village (d\u2019environ 500 habitants) par B\u00e9atrice, Bernard et Pierre. Tous les trois sont membres actifs de l\u2019association <a href=\"https:\/\/lelokal.fr\"><em>le Lokal<\/em><\/a> qu\u2019ils d\u00e9crivent comme \u201c<em>un tiers lieu ouvert sur l\u2019espace public, un lieu pour se rencontrer et cr\u00e9er du lien<\/em>\u201d. Ouvert seulement depuis le 31 ao\u00fbt 2020, l\u2019association a d\u00e9j\u00e0 organis\u00e9 de multiples \u00e9v\u00e9nements et compte d\u2019ores et d\u00e9j\u00e0 une centaine d\u2019adh\u00e9rent.e.s.&nbsp;<\/strong><\/p>\n\n\n\n<h4 class=\"wp-block-heading\">Une association autog\u00e9r\u00e9e<\/h4>\n\n\n\n<p>Les dix b\u00e9n\u00e9voles, vraie force motrice et dynamique, oeuvrent en <strong>groupes d\u2019action auto-g\u00e9r\u00e9s<\/strong>, sur diff\u00e9rentes th\u00e9matiques notamment : l\u2019<strong>action artistique<\/strong> &#8211; dont nous avons admir\u00e9 les multiples oeuvres &#8211; mais aussi les probl\u00e9matiques li\u00e9es \u00e0 <strong>la mobilit\u00e9<\/strong> &#8211; r\u00e9flexion sur des moyens facilitateurs pour limiter l\u2019usage de la voiture : enqu\u00eate des usagers permettant d\u2019interpeller les collectivit\u00e9s, r\u00e9habilitation de l\u2019autostop, mise en place de syst\u00e8mes d\u2019auto-partage et covoiturage, location de v\u00e9los \u00e9lectriques, etc &#8211; <strong>et le jardin<\/strong> : r\u00e9appropriation du jardin de ville qui \u00e9tait \u00e0 l\u2019abandon et constitution d\u2019une grainoth\u00e8que en lien avec celui-ci, la grainoth\u00e8que ayant pour objectif de valoriser et populariser des vari\u00e9t\u00e9s anciennes et rares de plantes, gr\u00e2ce \u00e0 une distribution sous forme de troc.<\/p>\n\n\n\n<figure class=\"wp-block-image size-large is-resized\"><a href=\"https:\/\/www.altercampagne.net\/wp-content\/uploads\/2022\/07\/ADT22_220721_Le_Lokal_02-scaled-e1659102288965.jpeg\"><img loading=\"lazy\" decoding=\"async\" src=\"https:\/\/www.altercampagne.net\/wp-content\/uploads\/2022\/07\/ADT22_220721_Le_Lokal_02-1024x768.jpeg\" alt=\"\" class=\"wp-image-26156\" width=\"580\" height=\"435\"\/><\/a><\/figure>\n\n\n\n<p>Parall\u00e8lement,<strong> l\u2019association constitue \u00e9galement un pr\u00e9cieux interlocuteur avec les structures institutionnelles et\/ou priv\u00e9es<\/strong>, et permet ainsi d\u2019avancer de fa\u00e7on concr\u00e8te et coop\u00e9rative sur les besoins identifi\u00e9s par les habitant.e.s.&nbsp;<\/p>\n\n\n\n<p>Pour finir, le Lokal est un lieu mis \u00e0 disposition de ses adh\u00e9rent.e.s qui peuvent <strong>librement proposer des activit\u00e9s<\/strong>, des projets autog\u00e9r\u00e9s, correspondant aux valeurs et \u00e0 la raison d\u2019\u00eatre de l\u2019association. Ce mode de fonctionnement permet donc une appropriation des lieux et incite ainsi \u00e0 <strong>l\u2019\u00e9mergence de nouveaux groupes d\u2019actions<\/strong> comme par exemple la constitution r\u00e9cente d\u2019un groupe de Yoga.&nbsp;<\/p>\n\n\n\n<h4 class=\"wp-block-heading\">Visite chez les voisin.es : Le Bateleur<\/h4>\n\n\n\n<p>Non loin du Lokal, Marion et Herv\u00e9 de l\u2019association Le Bateleur nous ont par la suite accueilli dans leurs ateliers.&nbsp;<\/p>\n\n\n\n<p><em>&#8212; Dans le Tarot Marseillais, l\u2019arcane \u201cLe bateleur\u201d symbolise le fait de commencer quelque chose. C\u2019est un projet, une id\u00e9e nouvelle, les d\u00e9buts d\u2019une activit\u00e9. C\u2019est une nouveaut\u00e9 ouvrant des perspectives d\u2019avenir. Le Bateleur repr\u00e9sente la jeunesse, l\u2019\u00e9nergie active, la sant\u00e9 et la force vitale. <\/em>&#8212;<\/p>\n\n\n\n<figure class=\"wp-block-image size-large\"><a href=\"https:\/\/www.altercampagne.net\/wp-content\/uploads\/2022\/07\/ADT22_220721_Le_Bateleur_01-scaled-e1659101922748.jpeg\"><img loading=\"lazy\" decoding=\"async\" width=\"1024\" height=\"768\" src=\"https:\/\/www.altercampagne.net\/wp-content\/uploads\/2022\/07\/ADT22_220721_Le_Bateleur_01-1024x768.jpeg\" alt=\"\" class=\"wp-image-26153\"\/><\/a><\/figure>\n\n\n\n<p>Apr\u00e8s un apr\u00e8s-midi pass\u00e9 avec les membres de l\u2019association \u00e0 <strong>cuisiner des cookies et \u00e9tiqueter des bocaux<\/strong>, nous avons pu ressentir cette force active dans l\u2019int\u00e9r\u00eat de <strong>valoriser des produits locaux<\/strong>, sains, et de saison ( velout\u00e9 de ch\u00e2taigne, confitures, houmous, etc). En effet, <strong>la conserverie<\/strong> est n\u00e9e d\u2019un projet d\u2019une bande d\u2019ami.e.s qui, au fure et \u00e0 mesure, ont donn\u00e9 vie \u00e0 cette association.<\/p>\n\n\n\n<p>Marion \u00e9tait au d\u00e9marrage du projet ; elle nous explique que le Bateleur a \u00e9t\u00e9 propuls\u00e9 par <a href=\"https:\/\/www.ardelaine.fr\"><strong><em>Ardelaine<\/em><\/strong><\/a> et <a href=\"https:\/\/bergerades.fr\"><strong><em>Bergerade<\/em><\/strong><\/a> (SCOP et association de d\u00e9veloppement local) en 2010 avec l\u2019ambition d\u2019\u00e9toffer l\u2019activit\u00e9 touristique d\u2019Ardelaine et de r\u00e9galer les papilles. L\u2019association compte aujourd\u2019hui 6 \u00e0 7 salari\u00e9.e.s. <strong>Au d\u00e9part autodidactes<\/strong>, ils se sont progressivement former pour se professionnaliser : l\u2019activit\u00e9 de conserverie n\u00e9cessitant \u00e9norm\u00e9ment de comp\u00e9tences et m\u00e9tiers diff\u00e9rents (graphisme, cuisine, commercialisation, hygi\u00e8ne, etc). &nbsp;<\/p>\n\n\n\n<p>Au del\u00e0 de son activit\u00e9 de conserverie, l\u2019association attache une grande importance \u00e0 \u00eatre dans <strong>le partage et la convivialit\u00e9<\/strong> via son activit\u00e9 de traiteur et ses fameuses journ\u00e9es collectives de confection de coulis de tomates pour ses adh\u00e9rent.e.s.&nbsp;<\/p>\n\n\n\n<figure class=\"wp-block-image size-large\"><a href=\"https:\/\/www.altercampagne.net\/wp-content\/uploads\/2022\/07\/ADT22_220721_Le_Bateleur_02-scaled-e1659101938132.jpeg\"><img loading=\"lazy\" decoding=\"async\" width=\"1024\" height=\"689\" src=\"https:\/\/www.altercampagne.net\/wp-content\/uploads\/2022\/07\/ADT22_220721_Le_Bateleur_02-1024x689.jpeg\" alt=\"\" class=\"wp-image-26154\"\/><\/a><\/figure>\n\n\n\n<p>Le chantier collectif a \u00e9t\u00e9 tr\u00e8s appr\u00e9ci\u00e9 par l\u2019ensemble de notre groupe : certains ont aim\u00e9 l\u2019aspect&nbsp; m\u00e9ditatif de l\u2019\u00e9tiquetage, et les gourmand.e.s s\u2019en sont donn\u00e9.e.s <strong>\u00e0 coeur joie avec la p\u00e2te \u00e0 cookie<\/strong> ! Habill\u00e9.e.s de tabliers, de charlottes et de bottes en caoutchouc, l\u2019espace d\u2019un apr\u00e8s-midi, nous nous sommes gliss\u00e9.e.s dans la peau d\u2019Herv\u00e9 et Marion et avons pu <strong>partager leur activit\u00e9 avec eux.elles<\/strong> et les remercier de leur accueil.&nbsp;<\/p>\n\n\n\n<h4 class=\"wp-block-heading\">Pour finir cette journ\u00e9e intense et riche<\/h4>\n\n\n\n<figure class=\"wp-block-image size-large\"><a href=\"https:\/\/www.altercampagne.net\/wp-content\/uploads\/2022\/07\/ADT22_220721_Ardelaine_01-scaled-e1659101906748.jpeg\"><img loading=\"lazy\" decoding=\"async\" width=\"1024\" height=\"768\" src=\"https:\/\/www.altercampagne.net\/wp-content\/uploads\/2022\/07\/ADT22_220721_Ardelaine_01-1024x768.jpeg\" alt=\"\" class=\"wp-image-26152\"\/><\/a><\/figure>\n\n\n\n<p>B\u00e9atrice membre de l\u2019association le Lokal et \u00e9galement membre fondatrice de la SCOP Ardelaine (Soci\u00e9t\u00e9 Coop\u00e9rative et Participative) est revenue avec G\u00e9rard nous faire visiter Ardelaine et son mus\u00e9e. Il et elle nous ont emmen\u00e9.e.s dans les coulisses de la <strong>confection autour de la laine, fili\u00e8re d\u00e9laiss\u00e9e suite aux ph\u00e9nom\u00e8ne de d\u00e9localisation et mondialisation.<\/strong> Ce projet coop\u00e9ratif et \u00e9cologique a permis de re-dynamiser l\u2019\u00e9conomie locale et de valoriser des m\u00e9tiers et savoir-faire en voie de disparition. Le mus\u00e9e, la librairie, le caf\u00e9, le restaurant, la boutique permettent \u00e0 Ardelaine de se diversifier,&nbsp; <strong>de cr\u00e9er des lieux culturels<\/strong>, et ainsi d\u2019enrichir le territoire Ard\u00e9chois. <br>Aujourd\u2019hui, <strong>Ardelaine est un exemple phare de projets de d\u00e9veloppement local<\/strong>. Il am\u00e8ne \u00e0 r\u00e9fl\u00e9chir et insuffle l\u2019\u00e9nergie et l\u2019inspiration pour porter des projets similaires.&nbsp;<\/p>\n","protected":false},"excerpt":{"rendered":"<p>Un jeudi matin au coeur des Monts de l\u2019Ard\u00e8che \u00e0 Saint-Pierreville, nous sommes accueilli.es sur la place du village (d\u2019environ 500 habitants) par B\u00e9atrice, Bernard et Pierre. Tous les trois sont membres actifs de l\u2019association le Lokal qu\u2019ils d\u00e9crivent comme \u201cun tiers lieu ouvert sur l\u2019espace public, un lieu pour &#8230; <\/p>\n<div><a href=\"https:\/\/www.altercampagne.net\/?p=26151\" class=\"more-link\">Read More<\/a><\/div>\n","protected":false},"author":215,"featured_media":26155,"comment_status":"closed","ping_status":"closed","sticky":false,"template":"","format":"standard","meta":{"footnotes":""},"categories":[3471,3489,4311,4357,3490,3488],"tags":[],"class_list":["post-26151","post","type-post","status-publish","format-standard","has-post-thumbnail","hentry","category-auvergne-rhone-alpes","category-alimentation","category-alter-d-tour","category-edition-2022","category-culture","category-social"],"yoast_head":"<!-- This site is optimized with the Yoast SEO plugin v27.3 - https:\/\/yoast.com\/product\/yoast-seo-wordpress\/ -->\n<title>Saint-Pierreville : La vie dans le Lokal - AlterTour<\/title>\n<meta name=\"robots\" content=\"index, follow, max-snippet:-1, max-image-preview:large, max-video-preview:-1\" \/>\n<link rel=\"canonical\" href=\"https:\/\/www.altercampagne.net\/?p=26151\" \/>\n<meta property=\"og:locale\" content=\"fr_FR\" \/>\n<meta property=\"og:type\" content=\"article\" \/>\n<meta property=\"og:title\" content=\"Saint-Pierreville : La vie dans le Lokal - AlterTour\" \/>\n<meta property=\"og:description\" content=\"Un jeudi matin au coeur des Monts de l\u2019Ard\u00e8che \u00e0 Saint-Pierreville, nous sommes accueilli.es sur la place du village (d\u2019environ 500 habitants) par B\u00e9atrice, Bernard et Pierre. Tous les trois sont membres actifs de l\u2019association le Lokal qu\u2019ils d\u00e9crivent comme \u201cun tiers lieu ouvert sur l\u2019espace public, un lieu pour ... Read More\" \/>\n<meta property=\"og:url\" content=\"https:\/\/www.altercampagne.net\/?p=26151\" \/>\n<meta property=\"og:site_name\" content=\"AlterTour\" \/>\n<meta property=\"article:published_time\" content=\"2022-07-21T13:51:00+00:00\" \/>\n<meta property=\"article:modified_time\" content=\"2022-08-09T07:44:49+00:00\" \/>\n<meta property=\"og:image\" content=\"https:\/\/www.altercampagne.net\/wp-content\/uploads\/2022\/07\/ADT22_220721_Le_Lokal_01-scaled-e1659101953326.jpeg\" \/>\n\t<meta property=\"og:image:width\" content=\"1000\" \/>\n\t<meta property=\"og:image:height\" content=\"750\" \/>\n\t<meta property=\"og:image:type\" content=\"image\/jpeg\" \/>\n<meta name=\"author\" content=\"AlterTour\" \/>\n<meta name=\"twitter:card\" content=\"summary_large_image\" \/>\n<meta name=\"twitter:label1\" content=\"\u00c9crit par\" \/>\n\t<meta name=\"twitter:data1\" content=\"AlterTour\" \/>\n\t<meta name=\"twitter:label2\" content=\"Dur\u00e9e de lecture estim\u00e9e\" \/>\n\t<meta name=\"twitter:data2\" content=\"5 minutes\" \/>\n<script type=\"application\/ld+json\" class=\"yoast-schema-graph\">{\"@context\":\"https:\\\/\\\/schema.org\",\"@graph\":[{\"@type\":\"Article\",\"@id\":\"https:\\\/\\\/www.altercampagne.net\\\/?p=26151#article\",\"isPartOf\":{\"@id\":\"https:\\\/\\\/www.altercampagne.net\\\/?p=26151\"},\"author\":{\"name\":\"AlterTour\",\"@id\":\"https:\\\/\\\/www.altercampagne.net\\\/#\\\/schema\\\/person\\\/e5b68c803196f649c2152249d262d94a\"},\"headline\":\"Saint-Pierreville : La vie dans le Lokal\",\"datePublished\":\"2022-07-21T13:51:00+00:00\",\"dateModified\":\"2022-08-09T07:44:49+00:00\",\"mainEntityOfPage\":{\"@id\":\"https:\\\/\\\/www.altercampagne.net\\\/?p=26151\"},\"wordCount\":904,\"image\":{\"@id\":\"https:\\\/\\\/www.altercampagne.net\\\/?p=26151#primaryimage\"},\"thumbnailUrl\":\"https:\\\/\\\/www.altercampagne.net\\\/wp-content\\\/uploads\\\/2022\\\/07\\\/ADT22_220721_Le_Lokal_01-scaled-e1659101953326.jpeg\",\"articleSection\":[\"Auvergne-Rh\u00f4ne-Alpes\",\"Alimentation\",\"Alter-D-tour\",\"Edition 2022\",\"Culture\",\"Social\"],\"inLanguage\":\"fr-FR\"},{\"@type\":\"WebPage\",\"@id\":\"https:\\\/\\\/www.altercampagne.net\\\/?p=26151\",\"url\":\"https:\\\/\\\/www.altercampagne.net\\\/?p=26151\",\"name\":\"Saint-Pierreville : La vie dans le Lokal - AlterTour\",\"isPartOf\":{\"@id\":\"https:\\\/\\\/www.altercampagne.net\\\/#website\"},\"primaryImageOfPage\":{\"@id\":\"https:\\\/\\\/www.altercampagne.net\\\/?p=26151#primaryimage\"},\"image\":{\"@id\":\"https:\\\/\\\/www.altercampagne.net\\\/?p=26151#primaryimage\"},\"thumbnailUrl\":\"https:\\\/\\\/www.altercampagne.net\\\/wp-content\\\/uploads\\\/2022\\\/07\\\/ADT22_220721_Le_Lokal_01-scaled-e1659101953326.jpeg\",\"datePublished\":\"2022-07-21T13:51:00+00:00\",\"dateModified\":\"2022-08-09T07:44:49+00:00\",\"author\":{\"@id\":\"https:\\\/\\\/www.altercampagne.net\\\/#\\\/schema\\\/person\\\/e5b68c803196f649c2152249d262d94a\"},\"breadcrumb\":{\"@id\":\"https:\\\/\\\/www.altercampagne.net\\\/?p=26151#breadcrumb\"},\"inLanguage\":\"fr-FR\",\"potentialAction\":[{\"@type\":\"ReadAction\",\"target\":[\"https:\\\/\\\/www.altercampagne.net\\\/?p=26151\"]}]},{\"@type\":\"ImageObject\",\"inLanguage\":\"fr-FR\",\"@id\":\"https:\\\/\\\/www.altercampagne.net\\\/?p=26151#primaryimage\",\"url\":\"https:\\\/\\\/www.altercampagne.net\\\/wp-content\\\/uploads\\\/2022\\\/07\\\/ADT22_220721_Le_Lokal_01-scaled-e1659101953326.jpeg\",\"contentUrl\":\"https:\\\/\\\/www.altercampagne.net\\\/wp-content\\\/uploads\\\/2022\\\/07\\\/ADT22_220721_Le_Lokal_01-scaled-e1659101953326.jpeg\",\"width\":1000,\"height\":750},{\"@type\":\"BreadcrumbList\",\"@id\":\"https:\\\/\\\/www.altercampagne.net\\\/?p=26151#breadcrumb\",\"itemListElement\":[{\"@type\":\"ListItem\",\"position\":1,\"name\":\"Accueil\",\"item\":\"https:\\\/\\\/www.altercampagne.net\\\/\"},{\"@type\":\"ListItem\",\"position\":2,\"name\":\"Saint-Pierreville : La vie dans le Lokal\"}]},{\"@type\":\"WebSite\",\"@id\":\"https:\\\/\\\/www.altercampagne.net\\\/#website\",\"url\":\"https:\\\/\\\/www.altercampagne.net\\\/\",\"name\":\"AlterTour\",\"description\":\"Reliez les Alternatives \u00e0 v\u00e9lo\",\"potentialAction\":[{\"@type\":\"SearchAction\",\"target\":{\"@type\":\"EntryPoint\",\"urlTemplate\":\"https:\\\/\\\/www.altercampagne.net\\\/?s={search_term_string}\"},\"query-input\":{\"@type\":\"PropertyValueSpecification\",\"valueRequired\":true,\"valueName\":\"search_term_string\"}}],\"inLanguage\":\"fr-FR\"},{\"@type\":\"Person\",\"@id\":\"https:\\\/\\\/www.altercampagne.net\\\/#\\\/schema\\\/person\\\/e5b68c803196f649c2152249d262d94a\",\"name\":\"AlterTour\",\"image\":{\"@type\":\"ImageObject\",\"inLanguage\":\"fr-FR\",\"@id\":\"https:\\\/\\\/secure.gravatar.com\\\/avatar\\\/3f2ed77f8506b8ea264ad5938bb0114bfa10f35b64086a66dfbb6e9f58ad9693?s=96&d=mm&r=g\",\"url\":\"https:\\\/\\\/secure.gravatar.com\\\/avatar\\\/3f2ed77f8506b8ea264ad5938bb0114bfa10f35b64086a66dfbb6e9f58ad9693?s=96&d=mm&r=g\",\"contentUrl\":\"https:\\\/\\\/secure.gravatar.com\\\/avatar\\\/3f2ed77f8506b8ea264ad5938bb0114bfa10f35b64086a66dfbb6e9f58ad9693?s=96&d=mm&r=g\",\"caption\":\"AlterTour\"},\"url\":\"https:\\\/\\\/www.altercampagne.net\\\/?author=215\"}]}<\/script>\n<!-- \/ Yoast SEO plugin. -->","yoast_head_json":{"title":"Saint-Pierreville : La vie dans le Lokal - AlterTour","robots":{"index":"index","follow":"follow","max-snippet":"max-snippet:-1","max-image-preview":"max-image-preview:large","max-video-preview":"max-video-preview:-1"},"canonical":"https:\/\/www.altercampagne.net\/?p=26151","og_locale":"fr_FR","og_type":"article","og_title":"Saint-Pierreville : La vie dans le Lokal - AlterTour","og_description":"Un jeudi matin au coeur des Monts de l\u2019Ard\u00e8che \u00e0 Saint-Pierreville, nous sommes accueilli.es sur la place du village (d\u2019environ 500 habitants) par B\u00e9atrice, Bernard et Pierre. Tous les trois sont membres actifs de l\u2019association le Lokal qu\u2019ils d\u00e9crivent comme \u201cun tiers lieu ouvert sur l\u2019espace public, un lieu pour ... Read More","og_url":"https:\/\/www.altercampagne.net\/?p=26151","og_site_name":"AlterTour","article_published_time":"2022-07-21T13:51:00+00:00","article_modified_time":"2022-08-09T07:44:49+00:00","og_image":[{"width":1000,"height":750,"url":"https:\/\/www.altercampagne.net\/wp-content\/uploads\/2022\/07\/ADT22_220721_Le_Lokal_01-scaled-e1659101953326.jpeg","type":"image\/jpeg"}],"author":"AlterTour","twitter_card":"summary_large_image","twitter_misc":{"\u00c9crit par":"AlterTour","Dur\u00e9e de lecture estim\u00e9e":"5 minutes"},"schema":{"@context":"https:\/\/schema.org","@graph":[{"@type":"Article","@id":"https:\/\/www.altercampagne.net\/?p=26151#article","isPartOf":{"@id":"https:\/\/www.altercampagne.net\/?p=26151"},"author":{"name":"AlterTour","@id":"https:\/\/www.altercampagne.net\/#\/schema\/person\/e5b68c803196f649c2152249d262d94a"},"headline":"Saint-Pierreville : La vie dans le Lokal","datePublished":"2022-07-21T13:51:00+00:00","dateModified":"2022-08-09T07:44:49+00:00","mainEntityOfPage":{"@id":"https:\/\/www.altercampagne.net\/?p=26151"},"wordCount":904,"image":{"@id":"https:\/\/www.altercampagne.net\/?p=26151#primaryimage"},"thumbnailUrl":"https:\/\/www.altercampagne.net\/wp-content\/uploads\/2022\/07\/ADT22_220721_Le_Lokal_01-scaled-e1659101953326.jpeg","articleSection":["Auvergne-Rh\u00f4ne-Alpes","Alimentation","Alter-D-tour","Edition 2022","Culture","Social"],"inLanguage":"fr-FR"},{"@type":"WebPage","@id":"https:\/\/www.altercampagne.net\/?p=26151","url":"https:\/\/www.altercampagne.net\/?p=26151","name":"Saint-Pierreville : La vie dans le Lokal - AlterTour","isPartOf":{"@id":"https:\/\/www.altercampagne.net\/#website"},"primaryImageOfPage":{"@id":"https:\/\/www.altercampagne.net\/?p=26151#primaryimage"},"image":{"@id":"https:\/\/www.altercampagne.net\/?p=26151#primaryimage"},"thumbnailUrl":"https:\/\/www.altercampagne.net\/wp-content\/uploads\/2022\/07\/ADT22_220721_Le_Lokal_01-scaled-e1659101953326.jpeg","datePublished":"2022-07-21T13:51:00+00:00","dateModified":"2022-08-09T07:44:49+00:00","author":{"@id":"https:\/\/www.altercampagne.net\/#\/schema\/person\/e5b68c803196f649c2152249d262d94a"},"breadcrumb":{"@id":"https:\/\/www.altercampagne.net\/?p=26151#breadcrumb"},"inLanguage":"fr-FR","potentialAction":[{"@type":"ReadAction","target":["https:\/\/www.altercampagne.net\/?p=26151"]}]},{"@type":"ImageObject","inLanguage":"fr-FR","@id":"https:\/\/www.altercampagne.net\/?p=26151#primaryimage","url":"https:\/\/www.altercampagne.net\/wp-content\/uploads\/2022\/07\/ADT22_220721_Le_Lokal_01-scaled-e1659101953326.jpeg","contentUrl":"https:\/\/www.altercampagne.net\/wp-content\/uploads\/2022\/07\/ADT22_220721_Le_Lokal_01-scaled-e1659101953326.jpeg","width":1000,"height":750},{"@type":"BreadcrumbList","@id":"https:\/\/www.altercampagne.net\/?p=26151#breadcrumb","itemListElement":[{"@type":"ListItem","position":1,"name":"Accueil","item":"https:\/\/www.altercampagne.net\/"},{"@type":"ListItem","position":2,"name":"Saint-Pierreville : La vie dans le Lokal"}]},{"@type":"WebSite","@id":"https:\/\/www.altercampagne.net\/#website","url":"https:\/\/www.altercampagne.net\/","name":"AlterTour","description":"Reliez les Alternatives \u00e0 v\u00e9lo","potentialAction":[{"@type":"SearchAction","target":{"@type":"EntryPoint","urlTemplate":"https:\/\/www.altercampagne.net\/?s={search_term_string}"},"query-input":{"@type":"PropertyValueSpecification","valueRequired":true,"valueName":"search_term_string"}}],"inLanguage":"fr-FR"},{"@type":"Person","@id":"https:\/\/www.altercampagne.net\/#\/schema\/person\/e5b68c803196f649c2152249d262d94a","name":"AlterTour","image":{"@type":"ImageObject","inLanguage":"fr-FR","@id":"https:\/\/secure.gravatar.com\/avatar\/3f2ed77f8506b8ea264ad5938bb0114bfa10f35b64086a66dfbb6e9f58ad9693?s=96&d=mm&r=g","url":"https:\/\/secure.gravatar.com\/avatar\/3f2ed77f8506b8ea264ad5938bb0114bfa10f35b64086a66dfbb6e9f58ad9693?s=96&d=mm&r=g","contentUrl":"https:\/\/secure.gravatar.com\/avatar\/3f2ed77f8506b8ea264ad5938bb0114bfa10f35b64086a66dfbb6e9f58ad9693?s=96&d=mm&r=g","caption":"AlterTour"},"url":"https:\/\/www.altercampagne.net\/?author=215"}]}},"_links":{"self":[{"href":"https:\/\/www.altercampagne.net\/index.php?rest_route=\/wp\/v2\/posts\/26151","targetHints":{"allow":["GET"]}}],"collection":[{"href":"https:\/\/www.altercampagne.net\/index.php?rest_route=\/wp\/v2\/posts"}],"about":[{"href":"https:\/\/www.altercampagne.net\/index.php?rest_route=\/wp\/v2\/types\/post"}],"author":[{"embeddable":true,"href":"https:\/\/www.altercampagne.net\/index.php?rest_route=\/wp\/v2\/users\/215"}],"replies":[{"embeddable":true,"href":"https:\/\/www.altercampagne.net\/index.php?rest_route=%2Fwp%2Fv2%2Fcomments&post=26151"}],"version-history":[{"count":2,"href":"https:\/\/www.altercampagne.net\/index.php?rest_route=\/wp\/v2\/posts\/26151\/revisions"}],"predecessor-version":[{"id":26158,"href":"https:\/\/www.altercampagne.net\/index.php?rest_route=\/wp\/v2\/posts\/26151\/revisions\/26158"}],"wp:featuredmedia":[{"embeddable":true,"href":"https:\/\/www.altercampagne.net\/index.php?rest_route=\/wp\/v2\/media\/26155"}],"wp:attachment":[{"href":"https:\/\/www.altercampagne.net\/index.php?rest_route=%2Fwp%2Fv2%2Fmedia&parent=26151"}],"wp:term":[{"taxonomy":"category","embeddable":true,"href":"https:\/\/www.altercampagne.net\/index.php?rest_route=%2Fwp%2Fv2%2Fcategories&post=26151"},{"taxonomy":"post_tag","embeddable":true,"href":"https:\/\/www.altercampagne.net\/index.php?rest_route=%2Fwp%2Fv2%2Ftags&post=26151"}],"curies":[{"name":"wp","href":"https:\/\/api.w.org\/{rel}","templated":true}]}}