{"id":26159,"date":"2022-07-20T16:18:00","date_gmt":"2022-07-20T14:18:00","guid":{"rendered":"https:\/\/www.altercampagne.net\/?p=26159"},"modified":"2022-08-09T09:44:29","modified_gmt":"2022-08-09T07:44:29","slug":"alter-d-tour-ca-pedale-entre-saint-pierreville-et-boffres","status":"publish","type":"post","link":"https:\/\/www.altercampagne.net\/?p=26159","title":{"rendered":"Alter-D-Tour : \u00e7a p\u00e9dale entre Saint-Pierreville et Boffres"},"content":{"rendered":"\n<p><em><strong>Vendredi 22 juillet, au camping municipal de Saint-Pierreville 8h30. C\u2019est le d\u00e9part, lever du camp.&nbsp;<\/strong><\/em><\/p>\n\n\n\n<p>Franz et Hanke, deux touristes hollandais s\u2019interrogent : <\/p>\n\n\n\n<p>&#8211; \u201c<em>Quelle est cette tribu d\u2019extraterrestres qui s\u2019activent pour plier les tentes? (\u2026) Franz ? Tu crois que quand ils.elles l\u00e8vent tous.tes les bras c\u2019est pour v\u00e9rifier leur niveau de propret\u00e9 ?\u201d<\/em>.&nbsp;<br>&#8211; \u201c<em>Sans doute r\u00e9pond Franz, les voil\u00e0 maintenant en train d\u2019hurler comme des loups\u2026 Tu les entends aussi ? Je crois que j\u2019ai trop bu hier\u2026<\/em>\u201d.&nbsp;<\/p>\n\n\n\n<p><strong>9h15<\/strong> : Saint-Pierreville, devant l\u2019entrep\u00f4t du Bateleur : l\u2019heure des au-revoir a sonn\u00e9 avec Ninon, Zo\u00e9, Mama, C\u00e9dric et Marjorie. C\u00e2lin collectif, feu d\u2019artifice sans artifice et moment \u00e9motions avant d\u2019enfourcher nos fid\u00e8les destriers \u00e0 deux roues.&nbsp;<\/p>\n\n\n\n<p><strong>10h<\/strong> : quelque part entre Saint-Pierreville et Saint-Sauveur : une all\u00e9e de chataigniers forment un ombrage parfait pour accompagner les altercyclistes dans leurs \u00e9preuves du jour. Les dix kilom\u00e8tres ombrag\u00e9s de descente ravient les cyclistes. Les roues de v\u00e9lo sifflent sur le bitume Ard\u00e9chois tandis que les arbres les pr\u00e9viennent : \u201c<em>Profitez de cette belle descente pour vous donner du courage et de la fraicheur du matin avant d\u2019affronter H\u00e9lios le Dieu du Soleil ! Belle route \u00e0 vous !<\/em>\u201d. &nbsp;<\/p>\n\n\n\n<figure class=\"wp-block-image size-large\"><a href=\"https:\/\/www.altercampagne.net\/wp-content\/uploads\/2022\/07\/ADT22_220722_St-Pierreville_Boffres_02-scaled-e1659103818223.jpeg\"><img loading=\"lazy\" decoding=\"async\" width=\"1024\" height=\"952\" src=\"https:\/\/www.altercampagne.net\/wp-content\/uploads\/2022\/07\/ADT22_220722_St-Pierreville_Boffres_02-scaled-e1659103803678-1024x952.jpeg\" alt=\"\" class=\"wp-image-26161\"\/><\/a><\/figure>\n\n\n\n<p><strong>11h<\/strong> : sur la Dolce Via : apr\u00e8s ce joli d\u00e9but de trajet, une premi\u00e8re pause s\u2019impose ! Lors de leur ballade matinale, un gros toutou et sa maitresse passent \u00e0 c\u00f4t\u00e9 du groupe. Le chien noir et blanc aboie : \u201c<em>Oh des copains ! Oh des cacahu\u00e8tes ! Moi aussi je peux faire un gros c\u00e2lin \u00e0 Pascale pour son d\u00e9part ? Oh il est dr\u00f4le ce jeu ! Ils sont quand m\u00eame bizarres ces humains, en plus ils marchent sur deux pattes\u2026<\/em>\u201d.&nbsp;<\/p>\n\n\n\n<p><strong>Midi tapante<\/strong> autour du 20\u00e8me kilom\u00e8tre : le col de Monreynaud du haut de ses 760m se frotte les mains avec malice : \u201c<em>Oh ! Encore des cyclistes qui pensent pouvoir grimper \u00e0 mon sommet\u2026 Cela te dit H\u00e9lios qu\u2019on leur mette quelques b\u00e2tons dans les roues ?<\/em>\u201d.&nbsp;<br>H\u00e9lios lui r\u00e9pond : \u00ab\u00a0<em>Pas de soucis Monreynaud, j\u2019allume le four, thermostat 8 : regarde leurs t\u00eates rouges comme des tomates ! H\u00e9lios\/ Montreynaud : 1 &#8211; VS altercyclistes : 0 muahaha<\/em>\u00ab\u00a0.&nbsp;<\/p>\n\n\n\n<figure class=\"wp-block-image size-large\"><a href=\"https:\/\/www.altercampagne.net\/wp-content\/uploads\/2022\/07\/ADT22_220722_St-Pierreville_Boffres_01-scaled-e1659103739573.jpeg\"><img loading=\"lazy\" decoding=\"async\" width=\"1024\" height=\"768\" src=\"https:\/\/www.altercampagne.net\/wp-content\/uploads\/2022\/07\/ADT22_220722_St-Pierreville_Boffres_01-1024x768.jpeg\" alt=\"\" class=\"wp-image-26160\"\/><\/a><\/figure>\n\n\n\n<p>Deux litres de sueur plus tard, victoire pour le groupe qui arrive tout sourire et qui a bien m\u00e9rit\u00e9 sa pause pique-nique. Aiselinn et Maxime ont une fois de plus d\u00e9got\u00e9 un magnifique endroit pour se ravitailler et faire la sieste. Le houmous et le fromage sortent des sacoches et respirent enfin : \u201c<em>Ouf, on a eu chaud ! Regarde moi cette clairi\u00e8re idyllique !<\/em>\u201d. <br>Les victuailles passent de mains en mains et profitent de leurs derni\u00e8res minutes avant de se transformer en carburant naturel. Un r\u00e9veil musical sonne la fin de la pause en douceur. Et roulez jeunesse, c\u2019est l\u2019Alter-D-Tour qui red\u00e9marre.&nbsp;<\/p>\n\n\n\n<p><strong>15h<\/strong> : une pause rafra\u00eechissante bien m\u00e9rit\u00e9e et la derni\u00e8re douche du week-end pour la bande des joyeux.ses altercyclistes. Jamais le lac de Vernon en Vivarais n\u2019avait vu d\u2019aussi belles pyramides humaines, pirouettes et compagnies.&nbsp;<\/p>\n\n\n\n<figure class=\"wp-block-image size-large\"><a href=\"https:\/\/www.altercampagne.net\/wp-content\/uploads\/2022\/07\/ADT22_220722_St-Pierreville_Boffres_03-scaled-e1659103836838.jpeg\"><img loading=\"lazy\" decoding=\"async\" width=\"1024\" height=\"768\" src=\"https:\/\/www.altercampagne.net\/wp-content\/uploads\/2022\/07\/ADT22_220722_St-Pierreville_Boffres_03-1024x768.jpeg\" alt=\"\" class=\"wp-image-26162\"\/><\/a><\/figure>\n\n\n\n<p><strong>17h30<\/strong> : arriv\u00e9e \u00e0 Boffres au bout de 37km fatigu\u00e9.e.s mais heureux.ses. S\u2019en suite la p\u00e9pite de cette belle journ\u00e9e. Accueilli.e.s par l\u2019auberge de Boffres : un vrai festin contente tout le groupe et encore plus les amateur.trices de saucisson \u00e0 la di\u00e8te de viande depuis plusieurs jours. <\/p>\n\n\n\n<p>Apr\u00e8s le d\u00eener, Munca Mas entre en sc\u00e8ne et offre un spectacle vivant qui nous fait voyager en chansons avec son accord\u00e9on, sa po\u00e9sie, son humour et son charisme. Eeeeet Cumbia !&nbsp;<\/p>\n","protected":false},"excerpt":{"rendered":"<p>Vendredi 22 juillet, au camping municipal de Saint-Pierreville 8h30. C\u2019est le d\u00e9part, lever du camp.&nbsp; Franz et Hanke, deux touristes hollandais s\u2019interrogent : &#8211; \u201cQuelle est cette tribu d\u2019extraterrestres qui s\u2019activent pour plier les tentes? (\u2026) Franz ? Tu crois que quand ils.elles l\u00e8vent tous.tes les bras c\u2019est pour v\u00e9rifier &#8230; <\/p>\n<div><a href=\"https:\/\/www.altercampagne.net\/?p=26159\" class=\"more-link\">Read More<\/a><\/div>\n","protected":false},"author":215,"featured_media":26163,"comment_status":"closed","ping_status":"closed","sticky":false,"template":"","format":"standard","meta":{"footnotes":""},"categories":[3471,4311,4357,3932],"tags":[],"class_list":["post-26159","post","type-post","status-publish","format-standard","has-post-thumbnail","hentry","category-auvergne-rhone-alpes","category-alter-d-tour","category-edition-2022","category-velo"],"yoast_head":"<!-- This site is optimized with the Yoast SEO plugin v27.3 - https:\/\/yoast.com\/product\/yoast-seo-wordpress\/ -->\n<title>Alter-D-Tour : \u00e7a p\u00e9dale entre Saint-Pierreville et Boffres - AlterTour<\/title>\n<meta name=\"robots\" content=\"index, follow, max-snippet:-1, max-image-preview:large, max-video-preview:-1\" \/>\n<link rel=\"canonical\" href=\"https:\/\/www.altercampagne.net\/?p=26159\" \/>\n<meta property=\"og:locale\" content=\"fr_FR\" \/>\n<meta property=\"og:type\" content=\"article\" \/>\n<meta property=\"og:title\" content=\"Alter-D-Tour : \u00e7a p\u00e9dale entre Saint-Pierreville et Boffres - AlterTour\" \/>\n<meta property=\"og:description\" content=\"Vendredi 22 juillet, au camping municipal de Saint-Pierreville 8h30. C\u2019est le d\u00e9part, lever du camp.&nbsp; Franz et Hanke, deux touristes hollandais s\u2019interrogent : &#8211; \u201cQuelle est cette tribu d\u2019extraterrestres qui s\u2019activent pour plier les tentes? (\u2026) Franz ? Tu crois que quand ils.elles l\u00e8vent tous.tes les bras c\u2019est pour v\u00e9rifier ... Read More\" \/>\n<meta property=\"og:url\" content=\"https:\/\/www.altercampagne.net\/?p=26159\" \/>\n<meta property=\"og:site_name\" content=\"AlterTour\" \/>\n<meta property=\"article:published_time\" content=\"2022-07-20T14:18:00+00:00\" \/>\n<meta property=\"article:modified_time\" content=\"2022-08-09T07:44:29+00:00\" \/>\n<meta property=\"og:image\" content=\"https:\/\/www.altercampagne.net\/wp-content\/uploads\/2022\/07\/ADT22_220722_St-Pierreville_Boffres_04-scaled-e1659104300612.jpeg\" \/>\n\t<meta property=\"og:image:width\" content=\"1000\" \/>\n\t<meta property=\"og:image:height\" content=\"622\" \/>\n\t<meta property=\"og:image:type\" content=\"image\/jpeg\" \/>\n<meta name=\"author\" content=\"AlterTour\" \/>\n<meta name=\"twitter:card\" content=\"summary_large_image\" \/>\n<meta name=\"twitter:label1\" content=\"\u00c9crit par\" \/>\n\t<meta name=\"twitter:data1\" content=\"AlterTour\" \/>\n\t<meta name=\"twitter:label2\" content=\"Dur\u00e9e de lecture estim\u00e9e\" \/>\n\t<meta name=\"twitter:data2\" content=\"4 minutes\" \/>\n<script type=\"application\/ld+json\" class=\"yoast-schema-graph\">{\"@context\":\"https:\\\/\\\/schema.org\",\"@graph\":[{\"@type\":\"Article\",\"@id\":\"https:\\\/\\\/www.altercampagne.net\\\/?p=26159#article\",\"isPartOf\":{\"@id\":\"https:\\\/\\\/www.altercampagne.net\\\/?p=26159\"},\"author\":{\"name\":\"AlterTour\",\"@id\":\"https:\\\/\\\/www.altercampagne.net\\\/#\\\/schema\\\/person\\\/e5b68c803196f649c2152249d262d94a\"},\"headline\":\"Alter-D-Tour : \u00e7a p\u00e9dale entre Saint-Pierreville et Boffres\",\"datePublished\":\"2022-07-20T14:18:00+00:00\",\"dateModified\":\"2022-08-09T07:44:29+00:00\",\"mainEntityOfPage\":{\"@id\":\"https:\\\/\\\/www.altercampagne.net\\\/?p=26159\"},\"wordCount\":632,\"image\":{\"@id\":\"https:\\\/\\\/www.altercampagne.net\\\/?p=26159#primaryimage\"},\"thumbnailUrl\":\"https:\\\/\\\/www.altercampagne.net\\\/wp-content\\\/uploads\\\/2022\\\/07\\\/ADT22_220722_St-Pierreville_Boffres_04-scaled-e1659104300612.jpeg\",\"articleSection\":[\"Auvergne-Rh\u00f4ne-Alpes\",\"Alter-D-tour\",\"Edition 2022\",\"V\u00e9lo\"],\"inLanguage\":\"fr-FR\"},{\"@type\":\"WebPage\",\"@id\":\"https:\\\/\\\/www.altercampagne.net\\\/?p=26159\",\"url\":\"https:\\\/\\\/www.altercampagne.net\\\/?p=26159\",\"name\":\"Alter-D-Tour : \u00e7a p\u00e9dale entre Saint-Pierreville et Boffres - AlterTour\",\"isPartOf\":{\"@id\":\"https:\\\/\\\/www.altercampagne.net\\\/#website\"},\"primaryImageOfPage\":{\"@id\":\"https:\\\/\\\/www.altercampagne.net\\\/?p=26159#primaryimage\"},\"image\":{\"@id\":\"https:\\\/\\\/www.altercampagne.net\\\/?p=26159#primaryimage\"},\"thumbnailUrl\":\"https:\\\/\\\/www.altercampagne.net\\\/wp-content\\\/uploads\\\/2022\\\/07\\\/ADT22_220722_St-Pierreville_Boffres_04-scaled-e1659104300612.jpeg\",\"datePublished\":\"2022-07-20T14:18:00+00:00\",\"dateModified\":\"2022-08-09T07:44:29+00:00\",\"author\":{\"@id\":\"https:\\\/\\\/www.altercampagne.net\\\/#\\\/schema\\\/person\\\/e5b68c803196f649c2152249d262d94a\"},\"breadcrumb\":{\"@id\":\"https:\\\/\\\/www.altercampagne.net\\\/?p=26159#breadcrumb\"},\"inLanguage\":\"fr-FR\",\"potentialAction\":[{\"@type\":\"ReadAction\",\"target\":[\"https:\\\/\\\/www.altercampagne.net\\\/?p=26159\"]}]},{\"@type\":\"ImageObject\",\"inLanguage\":\"fr-FR\",\"@id\":\"https:\\\/\\\/www.altercampagne.net\\\/?p=26159#primaryimage\",\"url\":\"https:\\\/\\\/www.altercampagne.net\\\/wp-content\\\/uploads\\\/2022\\\/07\\\/ADT22_220722_St-Pierreville_Boffres_04-scaled-e1659104300612.jpeg\",\"contentUrl\":\"https:\\\/\\\/www.altercampagne.net\\\/wp-content\\\/uploads\\\/2022\\\/07\\\/ADT22_220722_St-Pierreville_Boffres_04-scaled-e1659104300612.jpeg\",\"width\":1000,\"height\":622},{\"@type\":\"BreadcrumbList\",\"@id\":\"https:\\\/\\\/www.altercampagne.net\\\/?p=26159#breadcrumb\",\"itemListElement\":[{\"@type\":\"ListItem\",\"position\":1,\"name\":\"Accueil\",\"item\":\"https:\\\/\\\/www.altercampagne.net\\\/\"},{\"@type\":\"ListItem\",\"position\":2,\"name\":\"Alter-D-Tour : \u00e7a p\u00e9dale entre Saint-Pierreville et Boffres\"}]},{\"@type\":\"WebSite\",\"@id\":\"https:\\\/\\\/www.altercampagne.net\\\/#website\",\"url\":\"https:\\\/\\\/www.altercampagne.net\\\/\",\"name\":\"AlterTour\",\"description\":\"Reliez les Alternatives \u00e0 v\u00e9lo\",\"potentialAction\":[{\"@type\":\"SearchAction\",\"target\":{\"@type\":\"EntryPoint\",\"urlTemplate\":\"https:\\\/\\\/www.altercampagne.net\\\/?s={search_term_string}\"},\"query-input\":{\"@type\":\"PropertyValueSpecification\",\"valueRequired\":true,\"valueName\":\"search_term_string\"}}],\"inLanguage\":\"fr-FR\"},{\"@type\":\"Person\",\"@id\":\"https:\\\/\\\/www.altercampagne.net\\\/#\\\/schema\\\/person\\\/e5b68c803196f649c2152249d262d94a\",\"name\":\"AlterTour\",\"image\":{\"@type\":\"ImageObject\",\"inLanguage\":\"fr-FR\",\"@id\":\"https:\\\/\\\/secure.gravatar.com\\\/avatar\\\/3f2ed77f8506b8ea264ad5938bb0114bfa10f35b64086a66dfbb6e9f58ad9693?s=96&d=mm&r=g\",\"url\":\"https:\\\/\\\/secure.gravatar.com\\\/avatar\\\/3f2ed77f8506b8ea264ad5938bb0114bfa10f35b64086a66dfbb6e9f58ad9693?s=96&d=mm&r=g\",\"contentUrl\":\"https:\\\/\\\/secure.gravatar.com\\\/avatar\\\/3f2ed77f8506b8ea264ad5938bb0114bfa10f35b64086a66dfbb6e9f58ad9693?s=96&d=mm&r=g\",\"caption\":\"AlterTour\"},\"url\":\"https:\\\/\\\/www.altercampagne.net\\\/?author=215\"}]}<\/script>\n<!-- \/ Yoast SEO plugin. -->","yoast_head_json":{"title":"Alter-D-Tour : \u00e7a p\u00e9dale entre Saint-Pierreville et Boffres - AlterTour","robots":{"index":"index","follow":"follow","max-snippet":"max-snippet:-1","max-image-preview":"max-image-preview:large","max-video-preview":"max-video-preview:-1"},"canonical":"https:\/\/www.altercampagne.net\/?p=26159","og_locale":"fr_FR","og_type":"article","og_title":"Alter-D-Tour : \u00e7a p\u00e9dale entre Saint-Pierreville et Boffres - AlterTour","og_description":"Vendredi 22 juillet, au camping municipal de Saint-Pierreville 8h30. C\u2019est le d\u00e9part, lever du camp.&nbsp; Franz et Hanke, deux touristes hollandais s\u2019interrogent : &#8211; \u201cQuelle est cette tribu d\u2019extraterrestres qui s\u2019activent pour plier les tentes? (\u2026) Franz ? Tu crois que quand ils.elles l\u00e8vent tous.tes les bras c\u2019est pour v\u00e9rifier ... Read More","og_url":"https:\/\/www.altercampagne.net\/?p=26159","og_site_name":"AlterTour","article_published_time":"2022-07-20T14:18:00+00:00","article_modified_time":"2022-08-09T07:44:29+00:00","og_image":[{"width":1000,"height":622,"url":"https:\/\/www.altercampagne.net\/wp-content\/uploads\/2022\/07\/ADT22_220722_St-Pierreville_Boffres_04-scaled-e1659104300612.jpeg","type":"image\/jpeg"}],"author":"AlterTour","twitter_card":"summary_large_image","twitter_misc":{"\u00c9crit par":"AlterTour","Dur\u00e9e de lecture estim\u00e9e":"4 minutes"},"schema":{"@context":"https:\/\/schema.org","@graph":[{"@type":"Article","@id":"https:\/\/www.altercampagne.net\/?p=26159#article","isPartOf":{"@id":"https:\/\/www.altercampagne.net\/?p=26159"},"author":{"name":"AlterTour","@id":"https:\/\/www.altercampagne.net\/#\/schema\/person\/e5b68c803196f649c2152249d262d94a"},"headline":"Alter-D-Tour : \u00e7a p\u00e9dale entre Saint-Pierreville et Boffres","datePublished":"2022-07-20T14:18:00+00:00","dateModified":"2022-08-09T07:44:29+00:00","mainEntityOfPage":{"@id":"https:\/\/www.altercampagne.net\/?p=26159"},"wordCount":632,"image":{"@id":"https:\/\/www.altercampagne.net\/?p=26159#primaryimage"},"thumbnailUrl":"https:\/\/www.altercampagne.net\/wp-content\/uploads\/2022\/07\/ADT22_220722_St-Pierreville_Boffres_04-scaled-e1659104300612.jpeg","articleSection":["Auvergne-Rh\u00f4ne-Alpes","Alter-D-tour","Edition 2022","V\u00e9lo"],"inLanguage":"fr-FR"},{"@type":"WebPage","@id":"https:\/\/www.altercampagne.net\/?p=26159","url":"https:\/\/www.altercampagne.net\/?p=26159","name":"Alter-D-Tour : \u00e7a p\u00e9dale entre Saint-Pierreville et Boffres - AlterTour","isPartOf":{"@id":"https:\/\/www.altercampagne.net\/#website"},"primaryImageOfPage":{"@id":"https:\/\/www.altercampagne.net\/?p=26159#primaryimage"},"image":{"@id":"https:\/\/www.altercampagne.net\/?p=26159#primaryimage"},"thumbnailUrl":"https:\/\/www.altercampagne.net\/wp-content\/uploads\/2022\/07\/ADT22_220722_St-Pierreville_Boffres_04-scaled-e1659104300612.jpeg","datePublished":"2022-07-20T14:18:00+00:00","dateModified":"2022-08-09T07:44:29+00:00","author":{"@id":"https:\/\/www.altercampagne.net\/#\/schema\/person\/e5b68c803196f649c2152249d262d94a"},"breadcrumb":{"@id":"https:\/\/www.altercampagne.net\/?p=26159#breadcrumb"},"inLanguage":"fr-FR","potentialAction":[{"@type":"ReadAction","target":["https:\/\/www.altercampagne.net\/?p=26159"]}]},{"@type":"ImageObject","inLanguage":"fr-FR","@id":"https:\/\/www.altercampagne.net\/?p=26159#primaryimage","url":"https:\/\/www.altercampagne.net\/wp-content\/uploads\/2022\/07\/ADT22_220722_St-Pierreville_Boffres_04-scaled-e1659104300612.jpeg","contentUrl":"https:\/\/www.altercampagne.net\/wp-content\/uploads\/2022\/07\/ADT22_220722_St-Pierreville_Boffres_04-scaled-e1659104300612.jpeg","width":1000,"height":622},{"@type":"BreadcrumbList","@id":"https:\/\/www.altercampagne.net\/?p=26159#breadcrumb","itemListElement":[{"@type":"ListItem","position":1,"name":"Accueil","item":"https:\/\/www.altercampagne.net\/"},{"@type":"ListItem","position":2,"name":"Alter-D-Tour : \u00e7a p\u00e9dale entre Saint-Pierreville et Boffres"}]},{"@type":"WebSite","@id":"https:\/\/www.altercampagne.net\/#website","url":"https:\/\/www.altercampagne.net\/","name":"AlterTour","description":"Reliez les Alternatives \u00e0 v\u00e9lo","potentialAction":[{"@type":"SearchAction","target":{"@type":"EntryPoint","urlTemplate":"https:\/\/www.altercampagne.net\/?s={search_term_string}"},"query-input":{"@type":"PropertyValueSpecification","valueRequired":true,"valueName":"search_term_string"}}],"inLanguage":"fr-FR"},{"@type":"Person","@id":"https:\/\/www.altercampagne.net\/#\/schema\/person\/e5b68c803196f649c2152249d262d94a","name":"AlterTour","image":{"@type":"ImageObject","inLanguage":"fr-FR","@id":"https:\/\/secure.gravatar.com\/avatar\/3f2ed77f8506b8ea264ad5938bb0114bfa10f35b64086a66dfbb6e9f58ad9693?s=96&d=mm&r=g","url":"https:\/\/secure.gravatar.com\/avatar\/3f2ed77f8506b8ea264ad5938bb0114bfa10f35b64086a66dfbb6e9f58ad9693?s=96&d=mm&r=g","contentUrl":"https:\/\/secure.gravatar.com\/avatar\/3f2ed77f8506b8ea264ad5938bb0114bfa10f35b64086a66dfbb6e9f58ad9693?s=96&d=mm&r=g","caption":"AlterTour"},"url":"https:\/\/www.altercampagne.net\/?author=215"}]}},"_links":{"self":[{"href":"https:\/\/www.altercampagne.net\/index.php?rest_route=\/wp\/v2\/posts\/26159","targetHints":{"allow":["GET"]}}],"collection":[{"href":"https:\/\/www.altercampagne.net\/index.php?rest_route=\/wp\/v2\/posts"}],"about":[{"href":"https:\/\/www.altercampagne.net\/index.php?rest_route=\/wp\/v2\/types\/post"}],"author":[{"embeddable":true,"href":"https:\/\/www.altercampagne.net\/index.php?rest_route=\/wp\/v2\/users\/215"}],"replies":[{"embeddable":true,"href":"https:\/\/www.altercampagne.net\/index.php?rest_route=%2Fwp%2Fv2%2Fcomments&post=26159"}],"version-history":[{"count":2,"href":"https:\/\/www.altercampagne.net\/index.php?rest_route=\/wp\/v2\/posts\/26159\/revisions"}],"predecessor-version":[{"id":26216,"href":"https:\/\/www.altercampagne.net\/index.php?rest_route=\/wp\/v2\/posts\/26159\/revisions\/26216"}],"wp:featuredmedia":[{"embeddable":true,"href":"https:\/\/www.altercampagne.net\/index.php?rest_route=\/wp\/v2\/media\/26163"}],"wp:attachment":[{"href":"https:\/\/www.altercampagne.net\/index.php?rest_route=%2Fwp%2Fv2%2Fmedia&parent=26159"}],"wp:term":[{"taxonomy":"category","embeddable":true,"href":"https:\/\/www.altercampagne.net\/index.php?rest_route=%2Fwp%2Fv2%2Fcategories&post=26159"},{"taxonomy":"post_tag","embeddable":true,"href":"https:\/\/www.altercampagne.net\/index.php?rest_route=%2Fwp%2Fv2%2Ftags&post=26159"}],"curies":[{"name":"wp","href":"https:\/\/api.w.org\/{rel}","templated":true}]}}