{"id":26168,"date":"2022-07-30T19:52:02","date_gmt":"2022-07-30T17:52:02","guid":{"rendered":"https:\/\/www.altercampagne.net\/?p=26168"},"modified":"2022-07-30T19:52:04","modified_gmt":"2022-07-30T17:52:04","slug":"alter-tourves-a-la-ferme-solidaire-des-gaulois","status":"publish","type":"post","link":"https:\/\/www.altercampagne.net\/?p=26168","title":{"rendered":"Alter Tourves \u00e0 la Ferme solidaire des Gaulois"},"content":{"rendered":"\n<p>R\u00e9veil \u00e0 8h00, c&rsquo;est grasse mat&rsquo; ce matin\u00a0!<br>Au milieu du magnifique terrain de <a href=\"https:\/\/www.facebook.com\/Nature-Peinture-Tourves-485120838609187\/\">Nature Peinture<\/a>, chez <a href=\"https:\/\/www.facebook.com\/lafermesolidairedesgaulois\/\">les Gaulois<\/a>, on d\u00e9guste de belles tartines, un bon caf\u00e9 et on p\u00e9dale vers le village de Tourves pour <strong>un village des alternatives locales<\/strong>. On rejoint en \u00e9quipe diff\u00e9rents stands dont le <a href=\"https:\/\/m.facebook.com\/pg\/Au-Fil-de-Lorgues-101656718918384\/posts\/\">collectif Au fil de Lorgues<\/a>.<br>En collaboration avec le <a href=\"https:\/\/www.facebook.com\/Cacm83136-Collectif-anti-Carri%C3%A8re-de-Mazaugues-2147599448854533\/\">Collectif anti Carri\u00e8re de Mazaugues CACM<\/a>, on apprend <strong>un beau chant d&rsquo;hommage et de protection \u00e0 la vie et \u00e0 la terre<\/strong>, mise en p\u00e9ril par ce projet de carri\u00e8re incoh\u00e9rent. Cette musique, \u00ab\u00a0Gardien de la vie\u00a0\u00bb sera reprise le lendemain matin en soutien au collectif pour une manifestation jusqu&rsquo;\u00e0 la mairie de Mazaugues\u00a0.<\/p>\n\n\n\n<figure class=\"wp-block-image size-large\"><a href=\"https:\/\/www.altercampagne.net\/wp-content\/uploads\/2022\/07\/DSCF2700gaulois3-scaled.jpg\"><img loading=\"lazy\" decoding=\"async\" width=\"1024\" height=\"683\" src=\"https:\/\/www.altercampagne.net\/wp-content\/uploads\/2022\/07\/DSCF2700gaulois3-1024x683.jpg\" alt=\"\" class=\"wp-image-26169\" srcset=\"https:\/\/www.altercampagne.net\/wp-content\/uploads\/2022\/07\/DSCF2700gaulois3-1024x683.jpg 1024w, https:\/\/www.altercampagne.net\/wp-content\/uploads\/2022\/07\/DSCF2700gaulois3-300x200.jpg 300w, https:\/\/www.altercampagne.net\/wp-content\/uploads\/2022\/07\/DSCF2700gaulois3-768x512.jpg 768w, https:\/\/www.altercampagne.net\/wp-content\/uploads\/2022\/07\/DSCF2700gaulois3-1536x1024.jpg 1536w, https:\/\/www.altercampagne.net\/wp-content\/uploads\/2022\/07\/DSCF2700gaulois3-2048x1365.jpg 2048w, https:\/\/www.altercampagne.net\/wp-content\/uploads\/2022\/07\/DSCF2700gaulois3-610x407.jpg 610w, https:\/\/www.altercampagne.net\/wp-content\/uploads\/2022\/07\/DSCF2700gaulois3-100x67.jpg 100w, https:\/\/www.altercampagne.net\/wp-content\/uploads\/2022\/07\/DSCF2700gaulois3-862x575.jpg 862w, https:\/\/www.altercampagne.net\/wp-content\/uploads\/2022\/07\/DSCF2700gaulois3-1140x760.jpg 1140w\" sizes=\"auto, (max-width: 1024px) 100vw, 1024px\" \/><\/a><\/figure>\n\n\n\n<p><strong>L&rsquo;atelier r\u00e9paration de v\u00e9lo a tourn\u00e9 \u00e0 plein r\u00e9gime<\/strong>, la team com&rsquo; Altertour a pr\u00e9sent\u00e9 le concept aux passants et l&rsquo;\u00e9quipe de chant s&rsquo;est entra\u00een\u00e9e avant de se repr\u00e9senter sur la place centrale du village.<\/p>\n\n\n\n<p>Sur cette petite placette, une team bi\u00e8re se met ensuite en place jusqu&rsquo;\u00e0 l&rsquo;heure du repas. A 13h, le cri du loup retentit pour le repas partag\u00e9 avec les habitants de Tourves et autres animateurs de stands.<br>Apr\u00e8s ce doux et convivial repas, c&rsquo;est l&rsquo;heure du repli pour aller se ressourcer aux gorges du Caramy. Endroit sauvage, calme, aux petits bassins d&rsquo;eau frais et reposants.<\/p>\n\n\n\n<p>Ces m\u00eames bassins qui manquent par contre terriblement d&rsquo;eau, ce qui nous rappelle <strong>la fragilit\u00e9 de notre \u00e9cosyst\u00e8me<\/strong> et le besoin de le conserver si nous souhaitons continuer \u00e0 vivre durablement.<br>Le long des gorges, on s&rsquo;\u00e9vade, seuls ou \u00e0 plusieurs, pour un moment calme hors du temps ou pour rigoler avec les compagnons.<\/p>\n\n\n\n<figure class=\"wp-block-image size-large\"><a href=\"https:\/\/www.altercampagne.net\/wp-content\/uploads\/2022\/07\/DSCF2782gaulois5-scaled.jpg\"><img loading=\"lazy\" decoding=\"async\" width=\"1024\" height=\"683\" src=\"https:\/\/www.altercampagne.net\/wp-content\/uploads\/2022\/07\/DSCF2782gaulois5-1024x683.jpg\" alt=\"\" class=\"wp-image-26171\" srcset=\"https:\/\/www.altercampagne.net\/wp-content\/uploads\/2022\/07\/DSCF2782gaulois5-1024x683.jpg 1024w, https:\/\/www.altercampagne.net\/wp-content\/uploads\/2022\/07\/DSCF2782gaulois5-300x200.jpg 300w, https:\/\/www.altercampagne.net\/wp-content\/uploads\/2022\/07\/DSCF2782gaulois5-768x512.jpg 768w, https:\/\/www.altercampagne.net\/wp-content\/uploads\/2022\/07\/DSCF2782gaulois5-1536x1024.jpg 1536w\" sizes=\"auto, (max-width: 1024px) 100vw, 1024px\" \/><\/a><\/figure>\n\n\n\n<p>De retour au camp, une \u00e9quipe se met en place pour aider \u00e0 la cueillette des haricots avant le lancement de la soir\u00e9e, des premiers verres puis du repas partag\u00e9.<\/p>\n\n\n\n<figure class=\"wp-block-image size-large\"><a href=\"https:\/\/www.altercampagne.net\/wp-content\/uploads\/2022\/07\/DSCF2824gaulois6-scaled.jpg\"><img loading=\"lazy\" decoding=\"async\" width=\"1024\" height=\"683\" src=\"https:\/\/www.altercampagne.net\/wp-content\/uploads\/2022\/07\/DSCF2824gaulois6-1024x683.jpg\" alt=\"\" class=\"wp-image-26172\" srcset=\"https:\/\/www.altercampagne.net\/wp-content\/uploads\/2022\/07\/DSCF2824gaulois6-1024x683.jpg 1024w, https:\/\/www.altercampagne.net\/wp-content\/uploads\/2022\/07\/DSCF2824gaulois6-300x200.jpg 300w, https:\/\/www.altercampagne.net\/wp-content\/uploads\/2022\/07\/DSCF2824gaulois6-768x512.jpg 768w, https:\/\/www.altercampagne.net\/wp-content\/uploads\/2022\/07\/DSCF2824gaulois6-1536x1024.jpg 1536w\" sizes=\"auto, (max-width: 1024px) 100vw, 1024px\" \/><\/a><\/figure>\n\n\n\n<p><strong>Le lieu est beau, les \u00e9changes remplis de vie, le concert est anim\u00e9 et la soir\u00e9e se prolonge jusqu&rsquo;au bout de la nuit pour les plus vaillants<\/strong>. Les autres, plus pr\u00e9cautionneux, choisissent de se coucher avant 1h du matin pour le r\u00e9veil de 6h du lendemain et le d\u00e9part \u00e0 \u00ab\u00a0<em>8 heures EN PUNTO<\/em>\u00a0\u00bb <\/p>\n\n\n\n<p>Merci \u00e0 l&rsquo;Altertour, merci aux organisateurs, merci aux altertouristes pour tous ces beaux moments&nbsp;!<\/p>\n\n\n\n<p class=\"has-text-align-right\"><em>Christelle C.<\/em><\/p>\n","protected":false},"excerpt":{"rendered":"<p>R\u00e9veil \u00e0 8h00, c&rsquo;est grasse mat&rsquo; ce matin\u00a0!Au milieu du magnifique terrain de Nature Peinture, chez les Gaulois, on d\u00e9guste de belles tartines, un bon caf\u00e9 et on p\u00e9dale vers le village de Tourves pour un village des alternatives locales. On rejoint en \u00e9quipe diff\u00e9rents stands dont le collectif Au &#8230; <\/p>\n<div><a href=\"https:\/\/www.altercampagne.net\/?p=26168\" class=\"more-link\">Read More<\/a><\/div>\n","protected":false},"author":316,"featured_media":26170,"comment_status":"closed","ping_status":"closed","sticky":false,"template":"","format":"standard","meta":{"footnotes":""},"categories":[3483,4357,3490,3482],"tags":[],"class_list":["post-26168","post","type-post","status-publish","format-standard","has-post-thumbnail","hentry","category-agriculture","category-edition-2022","category-culture","category-provence-alpes-cote-dazur"],"yoast_head":"<!-- This site is optimized with the Yoast SEO plugin v27.3 - https:\/\/yoast.com\/product\/yoast-seo-wordpress\/ -->\n<title>Alter Tourves \u00e0 la Ferme solidaire des Gaulois - AlterTour<\/title>\n<meta name=\"robots\" content=\"index, follow, max-snippet:-1, max-image-preview:large, max-video-preview:-1\" \/>\n<link rel=\"canonical\" href=\"https:\/\/www.altercampagne.net\/?p=26168\" \/>\n<meta property=\"og:locale\" content=\"fr_FR\" \/>\n<meta property=\"og:type\" content=\"article\" \/>\n<meta property=\"og:title\" content=\"Alter Tourves \u00e0 la Ferme solidaire des Gaulois - AlterTour\" \/>\n<meta property=\"og:description\" content=\"R\u00e9veil \u00e0 8h00, c&rsquo;est grasse mat&rsquo; ce matin\u00a0!Au milieu du magnifique terrain de Nature Peinture, chez les Gaulois, on d\u00e9guste de belles tartines, un bon caf\u00e9 et on p\u00e9dale vers le village de Tourves pour un village des alternatives locales. On rejoint en \u00e9quipe diff\u00e9rents stands dont le collectif Au ... Read More\" \/>\n<meta property=\"og:url\" content=\"https:\/\/www.altercampagne.net\/?p=26168\" \/>\n<meta property=\"og:site_name\" content=\"AlterTour\" \/>\n<meta property=\"article:published_time\" content=\"2022-07-30T17:52:02+00:00\" \/>\n<meta property=\"article:modified_time\" content=\"2022-07-30T17:52:04+00:00\" \/>\n<meta property=\"og:image\" content=\"https:\/\/www.altercampagne.net\/wp-content\/uploads\/2022\/07\/DSCF2695gaulois2-scaled.jpg\" \/>\n\t<meta property=\"og:image:width\" content=\"2560\" \/>\n\t<meta property=\"og:image:height\" content=\"1582\" \/>\n\t<meta property=\"og:image:type\" content=\"image\/jpeg\" \/>\n<meta name=\"author\" content=\"Jonas\" \/>\n<meta name=\"twitter:card\" content=\"summary_large_image\" \/>\n<meta name=\"twitter:label1\" content=\"\u00c9crit par\" \/>\n\t<meta name=\"twitter:data1\" content=\"Jonas\" \/>\n\t<meta name=\"twitter:label2\" content=\"Dur\u00e9e de lecture estim\u00e9e\" \/>\n\t<meta name=\"twitter:data2\" content=\"3 minutes\" \/>\n<script type=\"application\/ld+json\" class=\"yoast-schema-graph\">{\"@context\":\"https:\\\/\\\/schema.org\",\"@graph\":[{\"@type\":\"Article\",\"@id\":\"https:\\\/\\\/www.altercampagne.net\\\/?p=26168#article\",\"isPartOf\":{\"@id\":\"https:\\\/\\\/www.altercampagne.net\\\/?p=26168\"},\"author\":{\"name\":\"Jonas\",\"@id\":\"https:\\\/\\\/www.altercampagne.net\\\/#\\\/schema\\\/person\\\/308dc295a67929d58321ff6b59820daa\"},\"headline\":\"Alter Tourves \u00e0 la Ferme solidaire des Gaulois\",\"datePublished\":\"2022-07-30T17:52:02+00:00\",\"dateModified\":\"2022-07-30T17:52:04+00:00\",\"mainEntityOfPage\":{\"@id\":\"https:\\\/\\\/www.altercampagne.net\\\/?p=26168\"},\"wordCount\":401,\"image\":{\"@id\":\"https:\\\/\\\/www.altercampagne.net\\\/?p=26168#primaryimage\"},\"thumbnailUrl\":\"https:\\\/\\\/www.altercampagne.net\\\/wp-content\\\/uploads\\\/2022\\\/07\\\/DSCF2695gaulois2-scaled.jpg\",\"articleSection\":[\"Agriculture\",\"Edition 2022\",\"Culture\",\"Provence-Alpes-C\u00f4te d'Azur\"],\"inLanguage\":\"fr-FR\"},{\"@type\":\"WebPage\",\"@id\":\"https:\\\/\\\/www.altercampagne.net\\\/?p=26168\",\"url\":\"https:\\\/\\\/www.altercampagne.net\\\/?p=26168\",\"name\":\"Alter Tourves \u00e0 la Ferme solidaire des Gaulois - AlterTour\",\"isPartOf\":{\"@id\":\"https:\\\/\\\/www.altercampagne.net\\\/#website\"},\"primaryImageOfPage\":{\"@id\":\"https:\\\/\\\/www.altercampagne.net\\\/?p=26168#primaryimage\"},\"image\":{\"@id\":\"https:\\\/\\\/www.altercampagne.net\\\/?p=26168#primaryimage\"},\"thumbnailUrl\":\"https:\\\/\\\/www.altercampagne.net\\\/wp-content\\\/uploads\\\/2022\\\/07\\\/DSCF2695gaulois2-scaled.jpg\",\"datePublished\":\"2022-07-30T17:52:02+00:00\",\"dateModified\":\"2022-07-30T17:52:04+00:00\",\"author\":{\"@id\":\"https:\\\/\\\/www.altercampagne.net\\\/#\\\/schema\\\/person\\\/308dc295a67929d58321ff6b59820daa\"},\"breadcrumb\":{\"@id\":\"https:\\\/\\\/www.altercampagne.net\\\/?p=26168#breadcrumb\"},\"inLanguage\":\"fr-FR\",\"potentialAction\":[{\"@type\":\"ReadAction\",\"target\":[\"https:\\\/\\\/www.altercampagne.net\\\/?p=26168\"]}]},{\"@type\":\"ImageObject\",\"inLanguage\":\"fr-FR\",\"@id\":\"https:\\\/\\\/www.altercampagne.net\\\/?p=26168#primaryimage\",\"url\":\"https:\\\/\\\/www.altercampagne.net\\\/wp-content\\\/uploads\\\/2022\\\/07\\\/DSCF2695gaulois2-scaled.jpg\",\"contentUrl\":\"https:\\\/\\\/www.altercampagne.net\\\/wp-content\\\/uploads\\\/2022\\\/07\\\/DSCF2695gaulois2-scaled.jpg\",\"width\":2560,\"height\":1582},{\"@type\":\"BreadcrumbList\",\"@id\":\"https:\\\/\\\/www.altercampagne.net\\\/?p=26168#breadcrumb\",\"itemListElement\":[{\"@type\":\"ListItem\",\"position\":1,\"name\":\"Accueil\",\"item\":\"https:\\\/\\\/www.altercampagne.net\\\/\"},{\"@type\":\"ListItem\",\"position\":2,\"name\":\"Alter Tourves \u00e0 la Ferme solidaire des Gaulois\"}]},{\"@type\":\"WebSite\",\"@id\":\"https:\\\/\\\/www.altercampagne.net\\\/#website\",\"url\":\"https:\\\/\\\/www.altercampagne.net\\\/\",\"name\":\"AlterTour\",\"description\":\"Reliez les Alternatives \u00e0 v\u00e9lo\",\"potentialAction\":[{\"@type\":\"SearchAction\",\"target\":{\"@type\":\"EntryPoint\",\"urlTemplate\":\"https:\\\/\\\/www.altercampagne.net\\\/?s={search_term_string}\"},\"query-input\":{\"@type\":\"PropertyValueSpecification\",\"valueRequired\":true,\"valueName\":\"search_term_string\"}}],\"inLanguage\":\"fr-FR\"},{\"@type\":\"Person\",\"@id\":\"https:\\\/\\\/www.altercampagne.net\\\/#\\\/schema\\\/person\\\/308dc295a67929d58321ff6b59820daa\",\"name\":\"Jonas\",\"image\":{\"@type\":\"ImageObject\",\"inLanguage\":\"fr-FR\",\"@id\":\"https:\\\/\\\/secure.gravatar.com\\\/avatar\\\/ade7b451791545d463915f445a8aee91b58c48cdcbc1ab2b8583fa2f30e159e4?s=96&d=mm&r=g\",\"url\":\"https:\\\/\\\/secure.gravatar.com\\\/avatar\\\/ade7b451791545d463915f445a8aee91b58c48cdcbc1ab2b8583fa2f30e159e4?s=96&d=mm&r=g\",\"contentUrl\":\"https:\\\/\\\/secure.gravatar.com\\\/avatar\\\/ade7b451791545d463915f445a8aee91b58c48cdcbc1ab2b8583fa2f30e159e4?s=96&d=mm&r=g\",\"caption\":\"Jonas\"},\"url\":\"https:\\\/\\\/www.altercampagne.net\\\/?author=316\"}]}<\/script>\n<!-- \/ Yoast SEO plugin. -->","yoast_head_json":{"title":"Alter Tourves \u00e0 la Ferme solidaire des Gaulois - AlterTour","robots":{"index":"index","follow":"follow","max-snippet":"max-snippet:-1","max-image-preview":"max-image-preview:large","max-video-preview":"max-video-preview:-1"},"canonical":"https:\/\/www.altercampagne.net\/?p=26168","og_locale":"fr_FR","og_type":"article","og_title":"Alter Tourves \u00e0 la Ferme solidaire des Gaulois - AlterTour","og_description":"R\u00e9veil \u00e0 8h00, c&rsquo;est grasse mat&rsquo; ce matin\u00a0!Au milieu du magnifique terrain de Nature Peinture, chez les Gaulois, on d\u00e9guste de belles tartines, un bon caf\u00e9 et on p\u00e9dale vers le village de Tourves pour un village des alternatives locales. On rejoint en \u00e9quipe diff\u00e9rents stands dont le collectif Au ... Read More","og_url":"https:\/\/www.altercampagne.net\/?p=26168","og_site_name":"AlterTour","article_published_time":"2022-07-30T17:52:02+00:00","article_modified_time":"2022-07-30T17:52:04+00:00","og_image":[{"width":2560,"height":1582,"url":"https:\/\/www.altercampagne.net\/wp-content\/uploads\/2022\/07\/DSCF2695gaulois2-scaled.jpg","type":"image\/jpeg"}],"author":"Jonas","twitter_card":"summary_large_image","twitter_misc":{"\u00c9crit par":"Jonas","Dur\u00e9e de lecture estim\u00e9e":"3 minutes"},"schema":{"@context":"https:\/\/schema.org","@graph":[{"@type":"Article","@id":"https:\/\/www.altercampagne.net\/?p=26168#article","isPartOf":{"@id":"https:\/\/www.altercampagne.net\/?p=26168"},"author":{"name":"Jonas","@id":"https:\/\/www.altercampagne.net\/#\/schema\/person\/308dc295a67929d58321ff6b59820daa"},"headline":"Alter Tourves \u00e0 la Ferme solidaire des Gaulois","datePublished":"2022-07-30T17:52:02+00:00","dateModified":"2022-07-30T17:52:04+00:00","mainEntityOfPage":{"@id":"https:\/\/www.altercampagne.net\/?p=26168"},"wordCount":401,"image":{"@id":"https:\/\/www.altercampagne.net\/?p=26168#primaryimage"},"thumbnailUrl":"https:\/\/www.altercampagne.net\/wp-content\/uploads\/2022\/07\/DSCF2695gaulois2-scaled.jpg","articleSection":["Agriculture","Edition 2022","Culture","Provence-Alpes-C\u00f4te d'Azur"],"inLanguage":"fr-FR"},{"@type":"WebPage","@id":"https:\/\/www.altercampagne.net\/?p=26168","url":"https:\/\/www.altercampagne.net\/?p=26168","name":"Alter Tourves \u00e0 la Ferme solidaire des Gaulois - AlterTour","isPartOf":{"@id":"https:\/\/www.altercampagne.net\/#website"},"primaryImageOfPage":{"@id":"https:\/\/www.altercampagne.net\/?p=26168#primaryimage"},"image":{"@id":"https:\/\/www.altercampagne.net\/?p=26168#primaryimage"},"thumbnailUrl":"https:\/\/www.altercampagne.net\/wp-content\/uploads\/2022\/07\/DSCF2695gaulois2-scaled.jpg","datePublished":"2022-07-30T17:52:02+00:00","dateModified":"2022-07-30T17:52:04+00:00","author":{"@id":"https:\/\/www.altercampagne.net\/#\/schema\/person\/308dc295a67929d58321ff6b59820daa"},"breadcrumb":{"@id":"https:\/\/www.altercampagne.net\/?p=26168#breadcrumb"},"inLanguage":"fr-FR","potentialAction":[{"@type":"ReadAction","target":["https:\/\/www.altercampagne.net\/?p=26168"]}]},{"@type":"ImageObject","inLanguage":"fr-FR","@id":"https:\/\/www.altercampagne.net\/?p=26168#primaryimage","url":"https:\/\/www.altercampagne.net\/wp-content\/uploads\/2022\/07\/DSCF2695gaulois2-scaled.jpg","contentUrl":"https:\/\/www.altercampagne.net\/wp-content\/uploads\/2022\/07\/DSCF2695gaulois2-scaled.jpg","width":2560,"height":1582},{"@type":"BreadcrumbList","@id":"https:\/\/www.altercampagne.net\/?p=26168#breadcrumb","itemListElement":[{"@type":"ListItem","position":1,"name":"Accueil","item":"https:\/\/www.altercampagne.net\/"},{"@type":"ListItem","position":2,"name":"Alter Tourves \u00e0 la Ferme solidaire des Gaulois"}]},{"@type":"WebSite","@id":"https:\/\/www.altercampagne.net\/#website","url":"https:\/\/www.altercampagne.net\/","name":"AlterTour","description":"Reliez les Alternatives \u00e0 v\u00e9lo","potentialAction":[{"@type":"SearchAction","target":{"@type":"EntryPoint","urlTemplate":"https:\/\/www.altercampagne.net\/?s={search_term_string}"},"query-input":{"@type":"PropertyValueSpecification","valueRequired":true,"valueName":"search_term_string"}}],"inLanguage":"fr-FR"},{"@type":"Person","@id":"https:\/\/www.altercampagne.net\/#\/schema\/person\/308dc295a67929d58321ff6b59820daa","name":"Jonas","image":{"@type":"ImageObject","inLanguage":"fr-FR","@id":"https:\/\/secure.gravatar.com\/avatar\/ade7b451791545d463915f445a8aee91b58c48cdcbc1ab2b8583fa2f30e159e4?s=96&d=mm&r=g","url":"https:\/\/secure.gravatar.com\/avatar\/ade7b451791545d463915f445a8aee91b58c48cdcbc1ab2b8583fa2f30e159e4?s=96&d=mm&r=g","contentUrl":"https:\/\/secure.gravatar.com\/avatar\/ade7b451791545d463915f445a8aee91b58c48cdcbc1ab2b8583fa2f30e159e4?s=96&d=mm&r=g","caption":"Jonas"},"url":"https:\/\/www.altercampagne.net\/?author=316"}]}},"_links":{"self":[{"href":"https:\/\/www.altercampagne.net\/index.php?rest_route=\/wp\/v2\/posts\/26168","targetHints":{"allow":["GET"]}}],"collection":[{"href":"https:\/\/www.altercampagne.net\/index.php?rest_route=\/wp\/v2\/posts"}],"about":[{"href":"https:\/\/www.altercampagne.net\/index.php?rest_route=\/wp\/v2\/types\/post"}],"author":[{"embeddable":true,"href":"https:\/\/www.altercampagne.net\/index.php?rest_route=\/wp\/v2\/users\/316"}],"replies":[{"embeddable":true,"href":"https:\/\/www.altercampagne.net\/index.php?rest_route=%2Fwp%2Fv2%2Fcomments&post=26168"}],"version-history":[{"count":1,"href":"https:\/\/www.altercampagne.net\/index.php?rest_route=\/wp\/v2\/posts\/26168\/revisions"}],"predecessor-version":[{"id":26173,"href":"https:\/\/www.altercampagne.net\/index.php?rest_route=\/wp\/v2\/posts\/26168\/revisions\/26173"}],"wp:featuredmedia":[{"embeddable":true,"href":"https:\/\/www.altercampagne.net\/index.php?rest_route=\/wp\/v2\/media\/26170"}],"wp:attachment":[{"href":"https:\/\/www.altercampagne.net\/index.php?rest_route=%2Fwp%2Fv2%2Fmedia&parent=26168"}],"wp:term":[{"taxonomy":"category","embeddable":true,"href":"https:\/\/www.altercampagne.net\/index.php?rest_route=%2Fwp%2Fv2%2Fcategories&post=26168"},{"taxonomy":"post_tag","embeddable":true,"href":"https:\/\/www.altercampagne.net\/index.php?rest_route=%2Fwp%2Fv2%2Ftags&post=26168"}],"curies":[{"name":"wp","href":"https:\/\/api.w.org\/{rel}","templated":true}]}}