{"id":26175,"date":"2022-07-30T20:07:43","date_gmt":"2022-07-30T18:07:43","guid":{"rendered":"https:\/\/www.altercampagne.net\/?p=26175"},"modified":"2022-08-09T14:28:53","modified_gmt":"2022-08-09T12:28:53","slug":"le-19-juillet-velo-et-pieds-dans-leau-a-la-ferme-des-gaulois","status":"publish","type":"post","link":"https:\/\/www.altercampagne.net\/?p=26175","title":{"rendered":"Le 19 juillet, v\u00e9lo et pieds dans l&rsquo;eau \u00e0 la Ferme des Gaulois"},"content":{"rendered":"\n<p>R\u00e9veil matin, chagr&rsquo;hein ?<br>Je croise Esther, 12 ans, qui me livre son ressentit sur son \u00e9tat d&rsquo;esprit matinal : \u00ab&nbsp;<em>fatigu\u00e9e, parce qu&rsquo;on s&rsquo;est lev\u00e9 trop t\u00f4t. Six heures. Pas du tout excit\u00e9e \u00e0 l&rsquo;id\u00e9e de cette journ\u00e9e<\/em>.&nbsp;\u00bb<br>Un souhait ? \u00ab&nbsp;<em>Qu&rsquo;il n&rsquo;y ait pas de mont\u00e9e.<\/em>&nbsp;\u00bb<\/p>\n\n\n\n<div class=\"wp-block-image\"><figure class=\"aligncenter size-large is-resized\"><a href=\"https:\/\/www.altercampagne.net\/wp-content\/uploads\/2022\/07\/DSCF2643esther-scaled.jpg\"><img loading=\"lazy\" decoding=\"async\" src=\"https:\/\/www.altercampagne.net\/wp-content\/uploads\/2022\/07\/DSCF2643esther-646x1024.jpg\" alt=\"\" class=\"wp-image-26176\" width=\"300\" height=\"475\" srcset=\"https:\/\/www.altercampagne.net\/wp-content\/uploads\/2022\/07\/DSCF2643esther-646x1024.jpg 646w, https:\/\/www.altercampagne.net\/wp-content\/uploads\/2022\/07\/DSCF2643esther-189x300.jpg 189w, https:\/\/www.altercampagne.net\/wp-content\/uploads\/2022\/07\/DSCF2643esther-768x1217.jpg 768w, https:\/\/www.altercampagne.net\/wp-content\/uploads\/2022\/07\/DSCF2643esther-969x1536.jpg 969w, https:\/\/www.altercampagne.net\/wp-content\/uploads\/2022\/07\/DSCF2643esther-1292x2048.jpg 1292w, https:\/\/www.altercampagne.net\/wp-content\/uploads\/2022\/07\/DSCF2643esther-610x967.jpg 610w, https:\/\/www.altercampagne.net\/wp-content\/uploads\/2022\/07\/DSCF2643esther-100x159.jpg 100w, https:\/\/www.altercampagne.net\/wp-content\/uploads\/2022\/07\/DSCF2643esther-862x1366.jpg 862w, https:\/\/www.altercampagne.net\/wp-content\/uploads\/2022\/07\/DSCF2643esther-1140x1807.jpg 1140w, https:\/\/www.altercampagne.net\/wp-content\/uploads\/2022\/07\/DSCF2643esther-scaled.jpg 1615w\" sizes=\"auto, (max-width: 300px) 100vw, 300px\" \/><\/a><figcaption>Touch\u00e9e par la gr\u00e2ce&nbsp;?<\/figcaption><\/figure><\/div>\n\n\n\n<p>Juste avant le d\u00e9part de notre groupe de cyclistes, je croise Pauline, rencontr\u00e9e la veille, fraichement install\u00e9e avec Antonin sur un terrain voisin au\u00a0<a href=\"https:\/\/www.lesjardinsdessemences.fr\/qui-sommes-nous\/\" target=\"_blank\" rel=\"noreferrer noopener\">jardins des semences<\/a>\u00a0d&rsquo;Am\u00e9lie o\u00f9 nous nous sommes r\u00e9veill\u00e9s.<br>Iels d\u00e9veloppent ensemble\u00a0<a href=\"https:\/\/www.facebook.com\/pepinieresdeslichous\/\" target=\"_blank\" rel=\"noreferrer noopener\">la p\u00e9pini\u00e8re des Lichous<\/a>\u00a0\u00e0 Barjols.<br>Venue pour agiter les bras \u00e0 notre d\u00e9part, elle nous livre sa r\u00e9jouissance et son enthousiasme d&rsquo;\u00eatre tomb\u00e9e sur un groupe avec une telle \u00e9nergie, capable d&rsquo;apporter un v\u00e9ritable coup de pouce au projet (assemblage d&rsquo;une serre) malgr\u00e9 les 60kms effectu\u00e9s la veille !\u00a0\u00a0<\/p>\n\n\n\n<div class=\"wp-block-image\"><figure class=\"aligncenter size-large is-resized\"><a href=\"https:\/\/www.altercampagne.net\/wp-content\/uploads\/2022\/07\/DSCF2552pauline-scaled.jpg\"><img loading=\"lazy\" decoding=\"async\" src=\"https:\/\/www.altercampagne.net\/wp-content\/uploads\/2022\/07\/DSCF2552pauline-edited-scaled.jpg\" alt=\"\" class=\"wp-image-26178\" width=\"314\" height=\"314\" srcset=\"https:\/\/www.altercampagne.net\/wp-content\/uploads\/2022\/07\/DSCF2552pauline-edited-scaled.jpg 2560w, https:\/\/www.altercampagne.net\/wp-content\/uploads\/2022\/07\/DSCF2552pauline-edited-300x300.jpg 300w, https:\/\/www.altercampagne.net\/wp-content\/uploads\/2022\/07\/DSCF2552pauline-edited-1024x1024.jpg 1024w, https:\/\/www.altercampagne.net\/wp-content\/uploads\/2022\/07\/DSCF2552pauline-edited-150x150.jpg 150w, https:\/\/www.altercampagne.net\/wp-content\/uploads\/2022\/07\/DSCF2552pauline-edited-768x768.jpg 768w, https:\/\/www.altercampagne.net\/wp-content\/uploads\/2022\/07\/DSCF2552pauline-edited-1536x1536.jpg 1536w, https:\/\/www.altercampagne.net\/wp-content\/uploads\/2022\/07\/DSCF2552pauline-edited-2048x2048.jpg 2048w, https:\/\/www.altercampagne.net\/wp-content\/uploads\/2022\/07\/DSCF2552pauline-edited-610x610.jpg 610w, https:\/\/www.altercampagne.net\/wp-content\/uploads\/2022\/07\/DSCF2552pauline-edited-100x100.jpg 100w, https:\/\/www.altercampagne.net\/wp-content\/uploads\/2022\/07\/DSCF2552pauline-edited-862x862.jpg 862w, https:\/\/www.altercampagne.net\/wp-content\/uploads\/2022\/07\/DSCF2552pauline-edited-1140x1140.jpg 1140w\" sizes=\"auto, (max-width: 314px) 100vw, 314px\" \/><\/a><figcaption>\u00ab&nbsp;<em>\u00c9changer sur des sujets comme l&rsquo;\u00e9cologie et l&rsquo;environnement, partager des constats, \u00eatre en remise en question perp\u00e9tuelle, \u00e7a permet d&rsquo;avancer<\/em>.&nbsp;\u00ab\u00a0<\/figcaption><\/figure><\/div>\n\n\n\n<p>Il est d&rsquo;ailleurs temps de p\u00e9daler. Pour cette journ\u00e9e, assez cl\u00e9mente en terme de kilom\u00e8tres &#8211; 38 &#8211;&nbsp;et de d\u00e9nivel\u00e9 &#8211; 300 m\u00e8tres &#8211; le gros focus porte sur l\u2019eau. Comment faire pour bien et suffisamment s&rsquo;hydrater? Comme dans tous les lieux que nous traversons depuis notre d\u00e9part,<strong> la question de l\u2019approvisionnement ainsi que le niveau historiquement bas des r\u00e9serves est source de stress<\/strong>. Dans certaines communes, cette ressource essentielle \u00e0 la vie commence \u00e0 manquer. Certains villages travers\u00e9s sont aujourd&rsquo;hui ravitaill\u00e9s par camion citerne.<\/p>\n\n\n\n<p>Petit message affich\u00e9e par l&rsquo;\u00e9cole de boules Tourvaines &#8211; lieu de ravitaillement en eau sur la route &#8211; que je choisis de relayer : <br>\u00ab&nbsp;<em>Quand tu es brillant, tu dois \u00e9clairer tes partenaires mais pas les \u00e9blouir&nbsp;<\/em>\u00bb.<\/p>\n\n\n\n<h4 class=\"wp-block-heading\">Bienvenue chez les Gaulois<\/h4>\n\n\n\n<p>Nous arrivons tranquillement \u00e0 la&nbsp;<a href=\"https:\/\/www.facebook.com\/Nature-Peinture-Tourves-485120838609187\/\" target=\"_blank\" rel=\"noreferrer noopener\">ferme \u00e9co-solidaire Nature Peinture<\/a>&nbsp;qui regroupe les associations&nbsp;<em>Nous Gaulois<\/em>&nbsp;et&nbsp;<em>les Colombes de la paix<\/em>&nbsp;proposant des activit\u00e9s culturelles, ainsi qu\u2019un parking solidaire afin de limiter le stationnement sauvage et la pollution en bordure de la rivi\u00e8re Caramy, dans laquelle nous trouvons enfin la fra\u00eecheur.<\/p>\n\n\n\n<p>Avant la baignade, accoud\u00e9 au bar de la guinguette, un caf\u00e9 fumant pos\u00e9 devant moi, je rencontre une personne qui m\u2019annonce <strong>la venue prochaine de l\u2019artiste HK en concert<\/strong>.<br>Pour lui, cet artiste dont le morceau&nbsp;<a href=\"https:\/\/www.youtube.com\/watch?v=SyBEMRyt6Qg\" target=\"_blank\" rel=\"noreferrer noopener\"><em>danser encore<\/em><\/a>&nbsp;est devenu c\u00e9l\u00e8bre durant la p\u00e9riode de confinement instaur\u00e9 par le gouvernement fran\u00e7ais, porte un chant r\u00e9volutionnaire, qu\u2019il traduit en acte. En effet, HK aurait refus\u00e9&nbsp;de se produire dans les lieux n\u00e9cessitant un pass sanitaire valide pour \u00eatre fr\u00e9quent\u00e9s.&nbsp;<\/p>\n\n\n\n<p>Cet homme, lui m\u00eame musicien, consid\u00e8re que<strong> le spectacle peut \u00eatre un outil de revendication<\/strong>, permettant de faire passer des id\u00e9es, des paroles de gaulois. Il m\u2019explique que le lieu sur lequel nous sommes est un endroit pour vivre, danser et chanter en convivialit\u00e9, malheureusement peu appr\u00e9ci\u00e9 par les personnes de la municipalit\u00e9 de Tourves.<\/p>\n\n\n\n<h4 class=\"wp-block-heading\">La carri\u00e8re de Mazauges \u2013 Pr\u00e9sentation&nbsp;<\/h4>\n\n\n\n<p>Pour la soir\u00e9e, apr\u00e8s un briefing les pieds dans l\u2019eau et une soupe au pistou \u00e0 la mode Marseillaise, nous nous retrouvons expos\u00e9s au cas d\u2019un \u00ab&nbsp;<strong>grand projet inutile<\/strong>&nbsp;\u00bb pr\u00e9sent\u00e9 par des membres du&nbsp;<a href=\"https:\/\/stopcarrieremazaug.wixsite.com\/my-site-2\/a-propos\" target=\"_blank\" rel=\"noreferrer noopener\">Collectif Anti&nbsp;Carri\u00e8re&nbsp;de Mazaugues<\/a>.&nbsp;&nbsp;<\/p>\n\n\n\n<p>En effet, au-del\u00e0 de l\u2019aspect \u00ab&nbsp;inutile&nbsp;\u00bb du projet, <strong>il s\u2019agit de la plus grande r\u00e9serve d\u2019eau naturelle du Var qui se trouve menac\u00e9 par le projet <\/strong>du carri\u00e9riste Provence Granulat. 7 milliards de litre d\u2019eau, un \u00e9cosyst\u00e8me rare, des esp\u00e8ces prot\u00e9g\u00e9s au sein d\u2019une zone Natura 2000 dans le Parc Naturel R\u00e9gional de la Sainte Baume, se trouvent en danger. Afin d\u2019extraire du calcaire pur \u00e0 100% pour construire des villas sur la c\u00f4te m\u00e9diterran\u00e9enne. Nous apprenons qu\u2019une lutte juridique est en cours depuis 2012, au sein de laquelle s\u2019oppose les rapports des bureaux d\u2019\u00e9tudes d\u2019un parti et de l\u2019autre. Sur fond de m\u00e9sentente au niveau de la commune et de d\u00e9mocratie bafou\u00e9e.&nbsp;<\/p>\n\n\n\n<p>Aujourd\u2019hui 40 hectares de for\u00eat restent \u00e0 sauver. Contribuons en <a href=\"https:\/\/agir.greenvoice.fr\/petitions\/non-au-projet-de-carriere-a-mazaugues-non-a-la-pollution-de-la-plus-grande-reserve-d-eau-du-var\">signant la p\u00e9tition <\/a>ou en&nbsp;<a href=\"https:\/\/www.helloasso.com\/associations\/comite-d-interet-local-de-mazaugues\/collectes\/non-a-une-carriere-a-mazaugues-re-suite\">participant \u00e0 la cagnotte en ligne<\/a> qui finance les avocats employ\u00e9s \u00e0 la lutte juridique.&nbsp;<\/p>\n\n\n\n<p class=\"has-text-align-right\"><em>Luca, alter journaliste du jour.&nbsp;<\/em><\/p>\n","protected":false},"excerpt":{"rendered":"<p>R\u00e9veil matin, chagr&rsquo;hein ?Je croise Esther, 12 ans, qui me livre son ressentit sur son \u00e9tat d&rsquo;esprit matinal : \u00ab&nbsp;fatigu\u00e9e, parce qu&rsquo;on s&rsquo;est lev\u00e9 trop t\u00f4t. Six heures. Pas du tout excit\u00e9e \u00e0 l&rsquo;id\u00e9e de cette journ\u00e9e.&nbsp;\u00bbUn souhait ? \u00ab&nbsp;Qu&rsquo;il n&rsquo;y ait pas de mont\u00e9e.&nbsp;\u00bb Juste avant le d\u00e9part de &#8230; <\/p>\n<div><a href=\"https:\/\/www.altercampagne.net\/?p=26175\" class=\"more-link\">Read More<\/a><\/div>\n","protected":false},"author":316,"featured_media":26179,"comment_status":"closed","ping_status":"closed","sticky":false,"template":"","format":"standard","meta":{"footnotes":""},"categories":[4357,3490,3542,3482,3540],"tags":[],"class_list":["post-26175","post","type-post","status-publish","format-standard","has-post-thumbnail","hentry","category-edition-2022","category-culture","category-lutte","category-provence-alpes-cote-dazur","category-transverse"],"yoast_head":"<!-- This site is optimized with the Yoast SEO plugin v27.3 - https:\/\/yoast.com\/product\/yoast-seo-wordpress\/ -->\n<title>Le 19 juillet, v\u00e9lo et pieds dans l&#039;eau \u00e0 la Ferme des Gaulois - AlterTour<\/title>\n<meta name=\"robots\" content=\"index, follow, max-snippet:-1, max-image-preview:large, max-video-preview:-1\" \/>\n<link rel=\"canonical\" href=\"https:\/\/www.altercampagne.net\/?p=26175\" \/>\n<meta property=\"og:locale\" content=\"fr_FR\" \/>\n<meta property=\"og:type\" content=\"article\" \/>\n<meta property=\"og:title\" content=\"Le 19 juillet, v\u00e9lo et pieds dans l&#039;eau \u00e0 la Ferme des Gaulois - AlterTour\" \/>\n<meta property=\"og:description\" content=\"R\u00e9veil matin, chagr&rsquo;hein ?Je croise Esther, 12 ans, qui me livre son ressentit sur son \u00e9tat d&rsquo;esprit matinal : \u00ab&nbsp;fatigu\u00e9e, parce qu&rsquo;on s&rsquo;est lev\u00e9 trop t\u00f4t. Six heures. Pas du tout excit\u00e9e \u00e0 l&rsquo;id\u00e9e de cette journ\u00e9e.&nbsp;\u00bbUn souhait ? \u00ab&nbsp;Qu&rsquo;il n&rsquo;y ait pas de mont\u00e9e.&nbsp;\u00bb Juste avant le d\u00e9part de ... Read More\" \/>\n<meta property=\"og:url\" content=\"https:\/\/www.altercampagne.net\/?p=26175\" \/>\n<meta property=\"og:site_name\" content=\"AlterTour\" \/>\n<meta property=\"article:published_time\" content=\"2022-07-30T18:07:43+00:00\" \/>\n<meta property=\"article:modified_time\" content=\"2022-08-09T12:28:53+00:00\" \/>\n<meta property=\"og:image\" content=\"https:\/\/www.altercampagne.net\/wp-content\/uploads\/2022\/07\/DSCF2661briefinglespiedsdansleau-scaled.jpg\" \/>\n\t<meta property=\"og:image:width\" content=\"2560\" \/>\n\t<meta property=\"og:image:height\" content=\"1707\" \/>\n\t<meta property=\"og:image:type\" content=\"image\/jpeg\" \/>\n<meta name=\"author\" content=\"Jonas\" \/>\n<meta name=\"twitter:card\" content=\"summary_large_image\" \/>\n<meta name=\"twitter:label1\" content=\"\u00c9crit par\" \/>\n\t<meta name=\"twitter:data1\" content=\"Jonas\" \/>\n\t<meta name=\"twitter:label2\" content=\"Dur\u00e9e de lecture estim\u00e9e\" \/>\n\t<meta name=\"twitter:data2\" content=\"4 minutes\" \/>\n<script type=\"application\/ld+json\" class=\"yoast-schema-graph\">{\"@context\":\"https:\\\/\\\/schema.org\",\"@graph\":[{\"@type\":\"Article\",\"@id\":\"https:\\\/\\\/www.altercampagne.net\\\/?p=26175#article\",\"isPartOf\":{\"@id\":\"https:\\\/\\\/www.altercampagne.net\\\/?p=26175\"},\"author\":{\"name\":\"Jonas\",\"@id\":\"https:\\\/\\\/www.altercampagne.net\\\/#\\\/schema\\\/person\\\/308dc295a67929d58321ff6b59820daa\"},\"headline\":\"Le 19 juillet, v\u00e9lo et pieds dans l&rsquo;eau \u00e0 la Ferme des Gaulois\",\"datePublished\":\"2022-07-30T18:07:43+00:00\",\"dateModified\":\"2022-08-09T12:28:53+00:00\",\"mainEntityOfPage\":{\"@id\":\"https:\\\/\\\/www.altercampagne.net\\\/?p=26175\"},\"wordCount\":795,\"image\":{\"@id\":\"https:\\\/\\\/www.altercampagne.net\\\/?p=26175#primaryimage\"},\"thumbnailUrl\":\"https:\\\/\\\/www.altercampagne.net\\\/wp-content\\\/uploads\\\/2022\\\/07\\\/DSCF2661briefinglespiedsdansleau-scaled.jpg\",\"articleSection\":[\"Edition 2022\",\"Culture\",\"Lutte\",\"Provence-Alpes-C\u00f4te d'Azur\",\"Transverse\"],\"inLanguage\":\"fr-FR\"},{\"@type\":\"WebPage\",\"@id\":\"https:\\\/\\\/www.altercampagne.net\\\/?p=26175\",\"url\":\"https:\\\/\\\/www.altercampagne.net\\\/?p=26175\",\"name\":\"Le 19 juillet, v\u00e9lo et pieds dans l'eau \u00e0 la Ferme des Gaulois - AlterTour\",\"isPartOf\":{\"@id\":\"https:\\\/\\\/www.altercampagne.net\\\/#website\"},\"primaryImageOfPage\":{\"@id\":\"https:\\\/\\\/www.altercampagne.net\\\/?p=26175#primaryimage\"},\"image\":{\"@id\":\"https:\\\/\\\/www.altercampagne.net\\\/?p=26175#primaryimage\"},\"thumbnailUrl\":\"https:\\\/\\\/www.altercampagne.net\\\/wp-content\\\/uploads\\\/2022\\\/07\\\/DSCF2661briefinglespiedsdansleau-scaled.jpg\",\"datePublished\":\"2022-07-30T18:07:43+00:00\",\"dateModified\":\"2022-08-09T12:28:53+00:00\",\"author\":{\"@id\":\"https:\\\/\\\/www.altercampagne.net\\\/#\\\/schema\\\/person\\\/308dc295a67929d58321ff6b59820daa\"},\"breadcrumb\":{\"@id\":\"https:\\\/\\\/www.altercampagne.net\\\/?p=26175#breadcrumb\"},\"inLanguage\":\"fr-FR\",\"potentialAction\":[{\"@type\":\"ReadAction\",\"target\":[\"https:\\\/\\\/www.altercampagne.net\\\/?p=26175\"]}]},{\"@type\":\"ImageObject\",\"inLanguage\":\"fr-FR\",\"@id\":\"https:\\\/\\\/www.altercampagne.net\\\/?p=26175#primaryimage\",\"url\":\"https:\\\/\\\/www.altercampagne.net\\\/wp-content\\\/uploads\\\/2022\\\/07\\\/DSCF2661briefinglespiedsdansleau-scaled.jpg\",\"contentUrl\":\"https:\\\/\\\/www.altercampagne.net\\\/wp-content\\\/uploads\\\/2022\\\/07\\\/DSCF2661briefinglespiedsdansleau-scaled.jpg\",\"width\":2560,\"height\":1707},{\"@type\":\"BreadcrumbList\",\"@id\":\"https:\\\/\\\/www.altercampagne.net\\\/?p=26175#breadcrumb\",\"itemListElement\":[{\"@type\":\"ListItem\",\"position\":1,\"name\":\"Accueil\",\"item\":\"https:\\\/\\\/www.altercampagne.net\\\/\"},{\"@type\":\"ListItem\",\"position\":2,\"name\":\"Le 19 juillet, v\u00e9lo et pieds dans l&rsquo;eau \u00e0 la Ferme des Gaulois\"}]},{\"@type\":\"WebSite\",\"@id\":\"https:\\\/\\\/www.altercampagne.net\\\/#website\",\"url\":\"https:\\\/\\\/www.altercampagne.net\\\/\",\"name\":\"AlterTour\",\"description\":\"Reliez les Alternatives \u00e0 v\u00e9lo\",\"potentialAction\":[{\"@type\":\"SearchAction\",\"target\":{\"@type\":\"EntryPoint\",\"urlTemplate\":\"https:\\\/\\\/www.altercampagne.net\\\/?s={search_term_string}\"},\"query-input\":{\"@type\":\"PropertyValueSpecification\",\"valueRequired\":true,\"valueName\":\"search_term_string\"}}],\"inLanguage\":\"fr-FR\"},{\"@type\":\"Person\",\"@id\":\"https:\\\/\\\/www.altercampagne.net\\\/#\\\/schema\\\/person\\\/308dc295a67929d58321ff6b59820daa\",\"name\":\"Jonas\",\"image\":{\"@type\":\"ImageObject\",\"inLanguage\":\"fr-FR\",\"@id\":\"https:\\\/\\\/secure.gravatar.com\\\/avatar\\\/ade7b451791545d463915f445a8aee91b58c48cdcbc1ab2b8583fa2f30e159e4?s=96&d=mm&r=g\",\"url\":\"https:\\\/\\\/secure.gravatar.com\\\/avatar\\\/ade7b451791545d463915f445a8aee91b58c48cdcbc1ab2b8583fa2f30e159e4?s=96&d=mm&r=g\",\"contentUrl\":\"https:\\\/\\\/secure.gravatar.com\\\/avatar\\\/ade7b451791545d463915f445a8aee91b58c48cdcbc1ab2b8583fa2f30e159e4?s=96&d=mm&r=g\",\"caption\":\"Jonas\"},\"url\":\"https:\\\/\\\/www.altercampagne.net\\\/?author=316\"}]}<\/script>\n<!-- \/ Yoast SEO plugin. -->","yoast_head_json":{"title":"Le 19 juillet, v\u00e9lo et pieds dans l'eau \u00e0 la Ferme des Gaulois - AlterTour","robots":{"index":"index","follow":"follow","max-snippet":"max-snippet:-1","max-image-preview":"max-image-preview:large","max-video-preview":"max-video-preview:-1"},"canonical":"https:\/\/www.altercampagne.net\/?p=26175","og_locale":"fr_FR","og_type":"article","og_title":"Le 19 juillet, v\u00e9lo et pieds dans l'eau \u00e0 la Ferme des Gaulois - AlterTour","og_description":"R\u00e9veil matin, chagr&rsquo;hein ?Je croise Esther, 12 ans, qui me livre son ressentit sur son \u00e9tat d&rsquo;esprit matinal : \u00ab&nbsp;fatigu\u00e9e, parce qu&rsquo;on s&rsquo;est lev\u00e9 trop t\u00f4t. Six heures. Pas du tout excit\u00e9e \u00e0 l&rsquo;id\u00e9e de cette journ\u00e9e.&nbsp;\u00bbUn souhait ? \u00ab&nbsp;Qu&rsquo;il n&rsquo;y ait pas de mont\u00e9e.&nbsp;\u00bb Juste avant le d\u00e9part de ... Read More","og_url":"https:\/\/www.altercampagne.net\/?p=26175","og_site_name":"AlterTour","article_published_time":"2022-07-30T18:07:43+00:00","article_modified_time":"2022-08-09T12:28:53+00:00","og_image":[{"width":2560,"height":1707,"url":"https:\/\/www.altercampagne.net\/wp-content\/uploads\/2022\/07\/DSCF2661briefinglespiedsdansleau-scaled.jpg","type":"image\/jpeg"}],"author":"Jonas","twitter_card":"summary_large_image","twitter_misc":{"\u00c9crit par":"Jonas","Dur\u00e9e de lecture estim\u00e9e":"4 minutes"},"schema":{"@context":"https:\/\/schema.org","@graph":[{"@type":"Article","@id":"https:\/\/www.altercampagne.net\/?p=26175#article","isPartOf":{"@id":"https:\/\/www.altercampagne.net\/?p=26175"},"author":{"name":"Jonas","@id":"https:\/\/www.altercampagne.net\/#\/schema\/person\/308dc295a67929d58321ff6b59820daa"},"headline":"Le 19 juillet, v\u00e9lo et pieds dans l&rsquo;eau \u00e0 la Ferme des Gaulois","datePublished":"2022-07-30T18:07:43+00:00","dateModified":"2022-08-09T12:28:53+00:00","mainEntityOfPage":{"@id":"https:\/\/www.altercampagne.net\/?p=26175"},"wordCount":795,"image":{"@id":"https:\/\/www.altercampagne.net\/?p=26175#primaryimage"},"thumbnailUrl":"https:\/\/www.altercampagne.net\/wp-content\/uploads\/2022\/07\/DSCF2661briefinglespiedsdansleau-scaled.jpg","articleSection":["Edition 2022","Culture","Lutte","Provence-Alpes-C\u00f4te d'Azur","Transverse"],"inLanguage":"fr-FR"},{"@type":"WebPage","@id":"https:\/\/www.altercampagne.net\/?p=26175","url":"https:\/\/www.altercampagne.net\/?p=26175","name":"Le 19 juillet, v\u00e9lo et pieds dans l'eau \u00e0 la Ferme des Gaulois - AlterTour","isPartOf":{"@id":"https:\/\/www.altercampagne.net\/#website"},"primaryImageOfPage":{"@id":"https:\/\/www.altercampagne.net\/?p=26175#primaryimage"},"image":{"@id":"https:\/\/www.altercampagne.net\/?p=26175#primaryimage"},"thumbnailUrl":"https:\/\/www.altercampagne.net\/wp-content\/uploads\/2022\/07\/DSCF2661briefinglespiedsdansleau-scaled.jpg","datePublished":"2022-07-30T18:07:43+00:00","dateModified":"2022-08-09T12:28:53+00:00","author":{"@id":"https:\/\/www.altercampagne.net\/#\/schema\/person\/308dc295a67929d58321ff6b59820daa"},"breadcrumb":{"@id":"https:\/\/www.altercampagne.net\/?p=26175#breadcrumb"},"inLanguage":"fr-FR","potentialAction":[{"@type":"ReadAction","target":["https:\/\/www.altercampagne.net\/?p=26175"]}]},{"@type":"ImageObject","inLanguage":"fr-FR","@id":"https:\/\/www.altercampagne.net\/?p=26175#primaryimage","url":"https:\/\/www.altercampagne.net\/wp-content\/uploads\/2022\/07\/DSCF2661briefinglespiedsdansleau-scaled.jpg","contentUrl":"https:\/\/www.altercampagne.net\/wp-content\/uploads\/2022\/07\/DSCF2661briefinglespiedsdansleau-scaled.jpg","width":2560,"height":1707},{"@type":"BreadcrumbList","@id":"https:\/\/www.altercampagne.net\/?p=26175#breadcrumb","itemListElement":[{"@type":"ListItem","position":1,"name":"Accueil","item":"https:\/\/www.altercampagne.net\/"},{"@type":"ListItem","position":2,"name":"Le 19 juillet, v\u00e9lo et pieds dans l&rsquo;eau \u00e0 la Ferme des Gaulois"}]},{"@type":"WebSite","@id":"https:\/\/www.altercampagne.net\/#website","url":"https:\/\/www.altercampagne.net\/","name":"AlterTour","description":"Reliez les Alternatives \u00e0 v\u00e9lo","potentialAction":[{"@type":"SearchAction","target":{"@type":"EntryPoint","urlTemplate":"https:\/\/www.altercampagne.net\/?s={search_term_string}"},"query-input":{"@type":"PropertyValueSpecification","valueRequired":true,"valueName":"search_term_string"}}],"inLanguage":"fr-FR"},{"@type":"Person","@id":"https:\/\/www.altercampagne.net\/#\/schema\/person\/308dc295a67929d58321ff6b59820daa","name":"Jonas","image":{"@type":"ImageObject","inLanguage":"fr-FR","@id":"https:\/\/secure.gravatar.com\/avatar\/ade7b451791545d463915f445a8aee91b58c48cdcbc1ab2b8583fa2f30e159e4?s=96&d=mm&r=g","url":"https:\/\/secure.gravatar.com\/avatar\/ade7b451791545d463915f445a8aee91b58c48cdcbc1ab2b8583fa2f30e159e4?s=96&d=mm&r=g","contentUrl":"https:\/\/secure.gravatar.com\/avatar\/ade7b451791545d463915f445a8aee91b58c48cdcbc1ab2b8583fa2f30e159e4?s=96&d=mm&r=g","caption":"Jonas"},"url":"https:\/\/www.altercampagne.net\/?author=316"}]}},"_links":{"self":[{"href":"https:\/\/www.altercampagne.net\/index.php?rest_route=\/wp\/v2\/posts\/26175","targetHints":{"allow":["GET"]}}],"collection":[{"href":"https:\/\/www.altercampagne.net\/index.php?rest_route=\/wp\/v2\/posts"}],"about":[{"href":"https:\/\/www.altercampagne.net\/index.php?rest_route=\/wp\/v2\/types\/post"}],"author":[{"embeddable":true,"href":"https:\/\/www.altercampagne.net\/index.php?rest_route=\/wp\/v2\/users\/316"}],"replies":[{"embeddable":true,"href":"https:\/\/www.altercampagne.net\/index.php?rest_route=%2Fwp%2Fv2%2Fcomments&post=26175"}],"version-history":[{"count":4,"href":"https:\/\/www.altercampagne.net\/index.php?rest_route=\/wp\/v2\/posts\/26175\/revisions"}],"predecessor-version":[{"id":26249,"href":"https:\/\/www.altercampagne.net\/index.php?rest_route=\/wp\/v2\/posts\/26175\/revisions\/26249"}],"wp:featuredmedia":[{"embeddable":true,"href":"https:\/\/www.altercampagne.net\/index.php?rest_route=\/wp\/v2\/media\/26179"}],"wp:attachment":[{"href":"https:\/\/www.altercampagne.net\/index.php?rest_route=%2Fwp%2Fv2%2Fmedia&parent=26175"}],"wp:term":[{"taxonomy":"category","embeddable":true,"href":"https:\/\/www.altercampagne.net\/index.php?rest_route=%2Fwp%2Fv2%2Fcategories&post=26175"},{"taxonomy":"post_tag","embeddable":true,"href":"https:\/\/www.altercampagne.net\/index.php?rest_route=%2Fwp%2Fv2%2Ftags&post=26175"}],"curies":[{"name":"wp","href":"https:\/\/api.w.org\/{rel}","templated":true}]}}