{"id":26190,"date":"2022-08-09T10:08:10","date_gmt":"2022-08-09T08:08:10","guid":{"rendered":"https:\/\/www.altercampagne.net\/?p=26190"},"modified":"2022-08-09T10:21:45","modified_gmt":"2022-08-09T08:21:45","slug":"le-dimanche-24-juillet-laltertour-arrive-trop-tard-pour-commander-un-bigmac","status":"publish","type":"post","link":"https:\/\/www.altercampagne.net\/?p=26190","title":{"rendered":"Le dimanche 24 juillet, l&rsquo;AlterTour arrive trop tard pour commander un BigMac"},"content":{"rendered":"\n<p><br>Ce matin le cort\u00e8ge des altercyclistes s&rsquo;\u00e9branle aux alentours de 8h. Nous quittons la Ferme du Roy d&rsquo;Espagne, au sud de Marseille pour nous frayer un chemin dans la circulation d\u00e9j\u00e0 dense du centre-ville. Direction les<br>quartiers les plus chauds de Marseille, aux heures les plus fra\u00eeches de la journ\u00e9e.<\/p>\n\n\n\n<p><br>Nous p\u00e9dalons sans pause jusqu&rsquo;\u00e0 notre premi\u00e8re destination de la journ\u00e9e : <strong>L&rsquo;Apr\u00e8s-M, un restaurant social et solidaire situ\u00e9 dans le quartier Saint-Marthe<\/strong>, arrach\u00e9 des mains du g\u00e9ant MacDonald&rsquo;s il y a bient\u00f4t trois ans.<br>Vu de l&rsquo;ext\u00e9rieur, on pourrait se croire sur le point de commander un Big-Mac et une grande frite. <strong>M\u00eame dedans, tout y est : cuiseurs, friteuses, tables et banquettes, il ne manque rien.<\/strong> Nous sommes accueilli.e.s par l&rsquo;\u00e9quipe de l&rsquo;Apr\u00e8s-M qui apr\u00e8s nous avoir offert un caf\u00e9 nous pr\u00e9sente Kamel Guemari, figure de proue de la lutte men\u00e9e \u00e0 l&rsquo;Apr\u00e8s-M. <strong>Ancien salari\u00e9 du restaurant et syndicaliste de longue date, il est \u00e0 l&rsquo;origine du mouvement contestataire<\/strong> n\u00e9 \u00e0 l&rsquo;annonce de la fermeture du restaurant McDo. C&rsquo;\u00e9tait en d\u00e9cembre 2019 que Kamel a d\u00e9cid\u00e9 de refuser son licenciement pour liquidation judiciaire, et a commenc\u00e9 \u00e0 occuper les lieux. D&rsquo;anciens employ\u00e9.e.s, des associations et des habitant.e.s de de la ville ont rejoint \u00e0 la lutte, et rapidement <strong>l&rsquo;Apr\u00e8s-M est devenu un symbole du combat contre la pr\u00e9carit\u00e9 alimentaire et sociale<\/strong>.<\/p>\n\n\n\n<p><br>En plus de la victoire juridique qui a permis aux ancien.ne.s employ\u00e9.e.s de partir avec une indemnisation de licenciement cons\u00e9quente, l&rsquo;objectif pour Kamel \u00e9tait de continuer \u00e0 proposer des emplois pour les jeunes des quartiers extr\u00eamement d\u00e9favoris\u00e9s des environs. Pour elleux en effet, le travail dans la restauration \u00e9tait un moyen de s&rsquo;\u00e9lever socialement, d&rsquo;apprendre la coop\u00e9ration par le travail et d&rsquo;\u00e9viter de se r\u00e9soudre \u00e0 la d\u00e9linquance, tr\u00e8s pr\u00e9sente dans le nord de Marseille. <strong>En \u00ab hackant \u00bb le restaurant pour le mettre au service d\u2019un projet non plus climaticide et capitaliste, mais social, solidaire et \u00e9cologique<\/strong>, Kamel et son \u00e9quipe ont donc r\u00e9ussi un grand d\u00e9tournement digne du film de Michel Hazanavicius.<br><\/p>\n\n\n\n<p>C\u2019est pendant le 1er confinement national que l\u2019\u00e9quipe de l\u2019Apr\u00e8s-M a eu le plus de pain (\u00e0 burger) sur la planche. Pour aider les populations sensibles des quartiers pauvres en cette p\u00e9riode difficile, iels ont mis en place des distribution de colis alimentaires. Gr\u00e2ce \u00e0 elleux, <strong>plus de quatre mille personnes ont pu avoir acc\u00e8s \u00e0 de la nourriture gratuite ou \u00e0 prix libre pendant cette p\u00e9riode<\/strong>. Et cela, sans subvention publique ni l\u2019aide de la banque alimentaire, qui leur reprochait notamment de ne pas demander de<br>justificatif de ressources aux b\u00e9n\u00e9ficiaires. Aujourd\u2019hui encore, c\u2019est environ sept cent colis alimentaires qui sont distribu\u00e9s chaque semaine. <strong>La nourriture est r\u00e9colt\u00e9e lors de prospection d\u2019invendus aupr\u00e8s des<br>entreprises locales, de dons de particuliers et d\u2019une cagnotte en ligne.<\/strong><br><\/p>\n\n\n\n<figure class=\"wp-block-image size-large\"><a href=\"https:\/\/www.altercampagne.net\/wp-content\/uploads\/2022\/08\/DSCF34771.jpg\"><img loading=\"lazy\" decoding=\"async\" width=\"800\" height=\"533\" src=\"https:\/\/www.altercampagne.net\/wp-content\/uploads\/2022\/08\/DSCF34771.jpg\" alt=\"\" class=\"wp-image-26212\" srcset=\"https:\/\/www.altercampagne.net\/wp-content\/uploads\/2022\/08\/DSCF34771.jpg 800w, https:\/\/www.altercampagne.net\/wp-content\/uploads\/2022\/08\/DSCF34771-300x200.jpg 300w, https:\/\/www.altercampagne.net\/wp-content\/uploads\/2022\/08\/DSCF34771-768x512.jpg 768w, https:\/\/www.altercampagne.net\/wp-content\/uploads\/2022\/08\/DSCF34771-610x406.jpg 610w, https:\/\/www.altercampagne.net\/wp-content\/uploads\/2022\/08\/DSCF34771-100x67.jpg 100w\" sizes=\"auto, (max-width: 800px) 100vw, 800px\" \/><\/a><figcaption>Les altercyclistes profitent d&rsquo;un go\u00fbter avec les p\u00e2tisseries invendues qui ont \u00e9t\u00e9 r\u00e9cup\u00e9r\u00e9es<\/figcaption><\/figure>\n\n\n\n<p>R\u00e9cemment, l\u2019association a rachet\u00e9 le lieu et l\u2019occupe d\u00e9sormais de fa\u00e7on l\u00e9gale. <strong>Les cuisines pourront tr\u00e8s prochainement red\u00e9marrer, et serviront \u00e0 pr\u00e9parer les repas des maraudes solidaires<\/strong>. On y ouvrira \u00e9galement un \u00ab Fast Social Food \u00bb qui servira des hamburgers bio ou vegan, avec des ingr\u00e9dients de saison et ultra-locaux.<strong> L\u2019association pr\u00e9voit aussi la cr\u00e9ation d\u2019une conserverie <\/strong>pour transformer les produits, faire s\u00e9cher les l\u00e9gumes et pr\u00e9parer des jus et des soupes \u00e0 partir d\u2019ingr\u00e9dients locaux et de saison. Enfin, <strong>un projet de bio-m\u00e9thanisation est dans les tuyaux<\/strong>, et devrait permettre \u00e0 l\u2019installation de r\u00e9duire sa d\u00e9pendance \u00e9nerg\u00e9tique aux grandes filiales fran\u00e7aises en valorisant directement sur place les d\u00e9chets alimentaires.<\/p>\n\n\n\n<p><br>Apr\u00e8s cette visite sinc\u00e8rement inspirante, c\u2019est avec une motivation renouvel\u00e9e que nous nous sommes remis.e.s en route. En fin d\u2019apr\u00e8s-midi, nous avons pu monter le camps \u00e0 Rognac juste \u00e0 temps pour rencontrer les repr\u00e9sentant.e.s de l\u2019association Nost\u00e0 Mar, qui nous ont pr\u00e9sent\u00e9 les projets de valorisation du patrimoine historique et naturel qu\u2019iels m\u00e8nent dans la r\u00e9gion. La journ\u00e9e s\u2019est termin\u00e9e par une baignade dans l\u2019\u00e9tang de Berre pour les plus motiv\u00e9.e.s !<\/p>\n\n\n\n<p class=\"has-text-align-right\">&#8211; <em>Thibault \u00e0 la plume, Orianne derri\u00e8re la cam\u00e9ra<\/em><\/p>\n","protected":false},"excerpt":{"rendered":"<p>Ce matin le cort\u00e8ge des altercyclistes s&rsquo;\u00e9branle aux alentours de 8h. Nous quittons la Ferme du Roy d&rsquo;Espagne, au sud de Marseille pour nous frayer un chemin dans la circulation d\u00e9j\u00e0 dense du centre-ville. Direction lesquartiers les plus chauds de Marseille, aux heures les plus fra\u00eeches de la journ\u00e9e. Nous &#8230; <\/p>\n<div><a href=\"https:\/\/www.altercampagne.net\/?p=26190\" class=\"more-link\">Read More<\/a><\/div>\n","protected":false},"author":361,"featured_media":26211,"comment_status":"closed","ping_status":"closed","sticky":false,"template":"","format":"standard","meta":{"footnotes":""},"categories":[4313,3489,4357,3542,3488,3482],"tags":[1001,4390],"class_list":["post-26190","post","type-post","status-publish","format-standard","has-post-thumbnail","hentry","category-altertour","category-alimentation","category-edition-2022","category-lutte","category-social","category-provence-alpes-cote-dazur","tag-marseille","tag-lapres-m"],"yoast_head":"<!-- This site is optimized with the Yoast SEO plugin v27.3 - https:\/\/yoast.com\/product\/yoast-seo-wordpress\/ -->\n<title>Le dimanche 24 juillet, l&#039;AlterTour arrive trop tard pour commander un BigMac - AlterTour<\/title>\n<meta name=\"robots\" content=\"index, follow, max-snippet:-1, max-image-preview:large, max-video-preview:-1\" \/>\n<link rel=\"canonical\" href=\"https:\/\/www.altercampagne.net\/?p=26190\" \/>\n<meta property=\"og:locale\" content=\"fr_FR\" \/>\n<meta property=\"og:type\" content=\"article\" \/>\n<meta property=\"og:title\" content=\"Le dimanche 24 juillet, l&#039;AlterTour arrive trop tard pour commander un BigMac - AlterTour\" \/>\n<meta property=\"og:description\" content=\"Ce matin le cort\u00e8ge des altercyclistes s&rsquo;\u00e9branle aux alentours de 8h. Nous quittons la Ferme du Roy d&rsquo;Espagne, au sud de Marseille pour nous frayer un chemin dans la circulation d\u00e9j\u00e0 dense du centre-ville. Direction lesquartiers les plus chauds de Marseille, aux heures les plus fra\u00eeches de la journ\u00e9e. Nous ... Read More\" \/>\n<meta property=\"og:url\" content=\"https:\/\/www.altercampagne.net\/?p=26190\" \/>\n<meta property=\"og:site_name\" content=\"AlterTour\" \/>\n<meta property=\"article:published_time\" content=\"2022-08-09T08:08:10+00:00\" \/>\n<meta property=\"article:modified_time\" content=\"2022-08-09T08:21:45+00:00\" \/>\n<meta property=\"og:image\" content=\"https:\/\/www.altercampagne.net\/wp-content\/uploads\/2022\/08\/DSCF34931.jpg\" \/>\n\t<meta property=\"og:image:width\" content=\"800\" \/>\n\t<meta property=\"og:image:height\" content=\"533\" \/>\n\t<meta property=\"og:image:type\" content=\"image\/jpeg\" \/>\n<meta name=\"author\" content=\"Pauline\" \/>\n<meta name=\"twitter:card\" content=\"summary_large_image\" \/>\n<meta name=\"twitter:label1\" content=\"\u00c9crit par\" \/>\n\t<meta name=\"twitter:data1\" content=\"Pauline\" \/>\n\t<meta name=\"twitter:label2\" content=\"Dur\u00e9e de lecture estim\u00e9e\" \/>\n\t<meta name=\"twitter:data2\" content=\"4 minutes\" \/>\n<script type=\"application\/ld+json\" class=\"yoast-schema-graph\">{\"@context\":\"https:\\\/\\\/schema.org\",\"@graph\":[{\"@type\":\"Article\",\"@id\":\"https:\\\/\\\/www.altercampagne.net\\\/?p=26190#article\",\"isPartOf\":{\"@id\":\"https:\\\/\\\/www.altercampagne.net\\\/?p=26190\"},\"author\":{\"name\":\"Pauline\",\"@id\":\"https:\\\/\\\/www.altercampagne.net\\\/#\\\/schema\\\/person\\\/caf30ed73e072285b8f761300370ddb5\"},\"headline\":\"Le dimanche 24 juillet, l&rsquo;AlterTour arrive trop tard pour commander un BigMac\",\"datePublished\":\"2022-08-09T08:08:10+00:00\",\"dateModified\":\"2022-08-09T08:21:45+00:00\",\"mainEntityOfPage\":{\"@id\":\"https:\\\/\\\/www.altercampagne.net\\\/?p=26190\"},\"wordCount\":788,\"image\":{\"@id\":\"https:\\\/\\\/www.altercampagne.net\\\/?p=26190#primaryimage\"},\"thumbnailUrl\":\"https:\\\/\\\/www.altercampagne.net\\\/wp-content\\\/uploads\\\/2022\\\/08\\\/DSCF34931.jpg\",\"keywords\":[\"Marseille\",\"l&#039;apr\u00e8s m\"],\"articleSection\":[\"AlterTour\",\"Alimentation\",\"Edition 2022\",\"Lutte\",\"Social\",\"Provence-Alpes-C\u00f4te d'Azur\"],\"inLanguage\":\"fr-FR\"},{\"@type\":\"WebPage\",\"@id\":\"https:\\\/\\\/www.altercampagne.net\\\/?p=26190\",\"url\":\"https:\\\/\\\/www.altercampagne.net\\\/?p=26190\",\"name\":\"Le dimanche 24 juillet, l'AlterTour arrive trop tard pour commander un BigMac - AlterTour\",\"isPartOf\":{\"@id\":\"https:\\\/\\\/www.altercampagne.net\\\/#website\"},\"primaryImageOfPage\":{\"@id\":\"https:\\\/\\\/www.altercampagne.net\\\/?p=26190#primaryimage\"},\"image\":{\"@id\":\"https:\\\/\\\/www.altercampagne.net\\\/?p=26190#primaryimage\"},\"thumbnailUrl\":\"https:\\\/\\\/www.altercampagne.net\\\/wp-content\\\/uploads\\\/2022\\\/08\\\/DSCF34931.jpg\",\"datePublished\":\"2022-08-09T08:08:10+00:00\",\"dateModified\":\"2022-08-09T08:21:45+00:00\",\"author\":{\"@id\":\"https:\\\/\\\/www.altercampagne.net\\\/#\\\/schema\\\/person\\\/caf30ed73e072285b8f761300370ddb5\"},\"breadcrumb\":{\"@id\":\"https:\\\/\\\/www.altercampagne.net\\\/?p=26190#breadcrumb\"},\"inLanguage\":\"fr-FR\",\"potentialAction\":[{\"@type\":\"ReadAction\",\"target\":[\"https:\\\/\\\/www.altercampagne.net\\\/?p=26190\"]}]},{\"@type\":\"ImageObject\",\"inLanguage\":\"fr-FR\",\"@id\":\"https:\\\/\\\/www.altercampagne.net\\\/?p=26190#primaryimage\",\"url\":\"https:\\\/\\\/www.altercampagne.net\\\/wp-content\\\/uploads\\\/2022\\\/08\\\/DSCF34931.jpg\",\"contentUrl\":\"https:\\\/\\\/www.altercampagne.net\\\/wp-content\\\/uploads\\\/2022\\\/08\\\/DSCF34931.jpg\",\"width\":800,\"height\":533,\"caption\":\"apr\u00e8sm groupe\"},{\"@type\":\"BreadcrumbList\",\"@id\":\"https:\\\/\\\/www.altercampagne.net\\\/?p=26190#breadcrumb\",\"itemListElement\":[{\"@type\":\"ListItem\",\"position\":1,\"name\":\"Accueil\",\"item\":\"https:\\\/\\\/www.altercampagne.net\\\/\"},{\"@type\":\"ListItem\",\"position\":2,\"name\":\"Le dimanche 24 juillet, l&rsquo;AlterTour arrive trop tard pour commander un BigMac\"}]},{\"@type\":\"WebSite\",\"@id\":\"https:\\\/\\\/www.altercampagne.net\\\/#website\",\"url\":\"https:\\\/\\\/www.altercampagne.net\\\/\",\"name\":\"AlterTour\",\"description\":\"Reliez les Alternatives \u00e0 v\u00e9lo\",\"potentialAction\":[{\"@type\":\"SearchAction\",\"target\":{\"@type\":\"EntryPoint\",\"urlTemplate\":\"https:\\\/\\\/www.altercampagne.net\\\/?s={search_term_string}\"},\"query-input\":{\"@type\":\"PropertyValueSpecification\",\"valueRequired\":true,\"valueName\":\"search_term_string\"}}],\"inLanguage\":\"fr-FR\"},{\"@type\":\"Person\",\"@id\":\"https:\\\/\\\/www.altercampagne.net\\\/#\\\/schema\\\/person\\\/caf30ed73e072285b8f761300370ddb5\",\"name\":\"Pauline\",\"image\":{\"@type\":\"ImageObject\",\"inLanguage\":\"fr-FR\",\"@id\":\"https:\\\/\\\/secure.gravatar.com\\\/avatar\\\/f84b78638c34b3d6ac7339a8ef00413d11da3b09ee578a762504104ff060cde7?s=96&d=mm&r=g\",\"url\":\"https:\\\/\\\/secure.gravatar.com\\\/avatar\\\/f84b78638c34b3d6ac7339a8ef00413d11da3b09ee578a762504104ff060cde7?s=96&d=mm&r=g\",\"contentUrl\":\"https:\\\/\\\/secure.gravatar.com\\\/avatar\\\/f84b78638c34b3d6ac7339a8ef00413d11da3b09ee578a762504104ff060cde7?s=96&d=mm&r=g\",\"caption\":\"Pauline\"},\"url\":\"https:\\\/\\\/www.altercampagne.net\\\/?author=361\"}]}<\/script>\n<!-- \/ Yoast SEO plugin. -->","yoast_head_json":{"title":"Le dimanche 24 juillet, l'AlterTour arrive trop tard pour commander un BigMac - AlterTour","robots":{"index":"index","follow":"follow","max-snippet":"max-snippet:-1","max-image-preview":"max-image-preview:large","max-video-preview":"max-video-preview:-1"},"canonical":"https:\/\/www.altercampagne.net\/?p=26190","og_locale":"fr_FR","og_type":"article","og_title":"Le dimanche 24 juillet, l'AlterTour arrive trop tard pour commander un BigMac - AlterTour","og_description":"Ce matin le cort\u00e8ge des altercyclistes s&rsquo;\u00e9branle aux alentours de 8h. Nous quittons la Ferme du Roy d&rsquo;Espagne, au sud de Marseille pour nous frayer un chemin dans la circulation d\u00e9j\u00e0 dense du centre-ville. Direction lesquartiers les plus chauds de Marseille, aux heures les plus fra\u00eeches de la journ\u00e9e. Nous ... Read More","og_url":"https:\/\/www.altercampagne.net\/?p=26190","og_site_name":"AlterTour","article_published_time":"2022-08-09T08:08:10+00:00","article_modified_time":"2022-08-09T08:21:45+00:00","og_image":[{"width":800,"height":533,"url":"https:\/\/www.altercampagne.net\/wp-content\/uploads\/2022\/08\/DSCF34931.jpg","type":"image\/jpeg"}],"author":"Pauline","twitter_card":"summary_large_image","twitter_misc":{"\u00c9crit par":"Pauline","Dur\u00e9e de lecture estim\u00e9e":"4 minutes"},"schema":{"@context":"https:\/\/schema.org","@graph":[{"@type":"Article","@id":"https:\/\/www.altercampagne.net\/?p=26190#article","isPartOf":{"@id":"https:\/\/www.altercampagne.net\/?p=26190"},"author":{"name":"Pauline","@id":"https:\/\/www.altercampagne.net\/#\/schema\/person\/caf30ed73e072285b8f761300370ddb5"},"headline":"Le dimanche 24 juillet, l&rsquo;AlterTour arrive trop tard pour commander un BigMac","datePublished":"2022-08-09T08:08:10+00:00","dateModified":"2022-08-09T08:21:45+00:00","mainEntityOfPage":{"@id":"https:\/\/www.altercampagne.net\/?p=26190"},"wordCount":788,"image":{"@id":"https:\/\/www.altercampagne.net\/?p=26190#primaryimage"},"thumbnailUrl":"https:\/\/www.altercampagne.net\/wp-content\/uploads\/2022\/08\/DSCF34931.jpg","keywords":["Marseille","l&#039;apr\u00e8s m"],"articleSection":["AlterTour","Alimentation","Edition 2022","Lutte","Social","Provence-Alpes-C\u00f4te d'Azur"],"inLanguage":"fr-FR"},{"@type":"WebPage","@id":"https:\/\/www.altercampagne.net\/?p=26190","url":"https:\/\/www.altercampagne.net\/?p=26190","name":"Le dimanche 24 juillet, l'AlterTour arrive trop tard pour commander un BigMac - AlterTour","isPartOf":{"@id":"https:\/\/www.altercampagne.net\/#website"},"primaryImageOfPage":{"@id":"https:\/\/www.altercampagne.net\/?p=26190#primaryimage"},"image":{"@id":"https:\/\/www.altercampagne.net\/?p=26190#primaryimage"},"thumbnailUrl":"https:\/\/www.altercampagne.net\/wp-content\/uploads\/2022\/08\/DSCF34931.jpg","datePublished":"2022-08-09T08:08:10+00:00","dateModified":"2022-08-09T08:21:45+00:00","author":{"@id":"https:\/\/www.altercampagne.net\/#\/schema\/person\/caf30ed73e072285b8f761300370ddb5"},"breadcrumb":{"@id":"https:\/\/www.altercampagne.net\/?p=26190#breadcrumb"},"inLanguage":"fr-FR","potentialAction":[{"@type":"ReadAction","target":["https:\/\/www.altercampagne.net\/?p=26190"]}]},{"@type":"ImageObject","inLanguage":"fr-FR","@id":"https:\/\/www.altercampagne.net\/?p=26190#primaryimage","url":"https:\/\/www.altercampagne.net\/wp-content\/uploads\/2022\/08\/DSCF34931.jpg","contentUrl":"https:\/\/www.altercampagne.net\/wp-content\/uploads\/2022\/08\/DSCF34931.jpg","width":800,"height":533,"caption":"apr\u00e8sm groupe"},{"@type":"BreadcrumbList","@id":"https:\/\/www.altercampagne.net\/?p=26190#breadcrumb","itemListElement":[{"@type":"ListItem","position":1,"name":"Accueil","item":"https:\/\/www.altercampagne.net\/"},{"@type":"ListItem","position":2,"name":"Le dimanche 24 juillet, l&rsquo;AlterTour arrive trop tard pour commander un BigMac"}]},{"@type":"WebSite","@id":"https:\/\/www.altercampagne.net\/#website","url":"https:\/\/www.altercampagne.net\/","name":"AlterTour","description":"Reliez les Alternatives \u00e0 v\u00e9lo","potentialAction":[{"@type":"SearchAction","target":{"@type":"EntryPoint","urlTemplate":"https:\/\/www.altercampagne.net\/?s={search_term_string}"},"query-input":{"@type":"PropertyValueSpecification","valueRequired":true,"valueName":"search_term_string"}}],"inLanguage":"fr-FR"},{"@type":"Person","@id":"https:\/\/www.altercampagne.net\/#\/schema\/person\/caf30ed73e072285b8f761300370ddb5","name":"Pauline","image":{"@type":"ImageObject","inLanguage":"fr-FR","@id":"https:\/\/secure.gravatar.com\/avatar\/f84b78638c34b3d6ac7339a8ef00413d11da3b09ee578a762504104ff060cde7?s=96&d=mm&r=g","url":"https:\/\/secure.gravatar.com\/avatar\/f84b78638c34b3d6ac7339a8ef00413d11da3b09ee578a762504104ff060cde7?s=96&d=mm&r=g","contentUrl":"https:\/\/secure.gravatar.com\/avatar\/f84b78638c34b3d6ac7339a8ef00413d11da3b09ee578a762504104ff060cde7?s=96&d=mm&r=g","caption":"Pauline"},"url":"https:\/\/www.altercampagne.net\/?author=361"}]}},"_links":{"self":[{"href":"https:\/\/www.altercampagne.net\/index.php?rest_route=\/wp\/v2\/posts\/26190","targetHints":{"allow":["GET"]}}],"collection":[{"href":"https:\/\/www.altercampagne.net\/index.php?rest_route=\/wp\/v2\/posts"}],"about":[{"href":"https:\/\/www.altercampagne.net\/index.php?rest_route=\/wp\/v2\/types\/post"}],"author":[{"embeddable":true,"href":"https:\/\/www.altercampagne.net\/index.php?rest_route=\/wp\/v2\/users\/361"}],"replies":[{"embeddable":true,"href":"https:\/\/www.altercampagne.net\/index.php?rest_route=%2Fwp%2Fv2%2Fcomments&post=26190"}],"version-history":[{"count":5,"href":"https:\/\/www.altercampagne.net\/index.php?rest_route=\/wp\/v2\/posts\/26190\/revisions"}],"predecessor-version":[{"id":26222,"href":"https:\/\/www.altercampagne.net\/index.php?rest_route=\/wp\/v2\/posts\/26190\/revisions\/26222"}],"wp:featuredmedia":[{"embeddable":true,"href":"https:\/\/www.altercampagne.net\/index.php?rest_route=\/wp\/v2\/media\/26211"}],"wp:attachment":[{"href":"https:\/\/www.altercampagne.net\/index.php?rest_route=%2Fwp%2Fv2%2Fmedia&parent=26190"}],"wp:term":[{"taxonomy":"category","embeddable":true,"href":"https:\/\/www.altercampagne.net\/index.php?rest_route=%2Fwp%2Fv2%2Fcategories&post=26190"},{"taxonomy":"post_tag","embeddable":true,"href":"https:\/\/www.altercampagne.net\/index.php?rest_route=%2Fwp%2Fv2%2Ftags&post=26190"}],"curies":[{"name":"wp","href":"https:\/\/api.w.org\/{rel}","templated":true}]}}