{"id":26192,"date":"2022-08-04T10:54:56","date_gmt":"2022-08-04T08:54:56","guid":{"rendered":"https:\/\/www.altercampagne.net\/?p=26192"},"modified":"2022-08-04T10:54:59","modified_gmt":"2022-08-04T08:54:59","slug":"decouverte-de-la-boulangerie-paysanne-culture-moulin-et-fournil","status":"publish","type":"post","link":"https:\/\/www.altercampagne.net\/?p=26192","title":{"rendered":"D\u00e9couverte de la boulangerie paysanne : culture, moulin et fournil"},"content":{"rendered":"\n<p>Un r\u00e9veil matinal, mais aux airs de grasse matin\u00e9e sur l\u2019Alter tour : petit d\u00e9jeuner avec les fameuses tartines bi-go\u00fbt \u00e0 8 heures, puis d\u00e9part \u00e0 9 heures p\u00e9tantes. <\/p>\n\n\n\n<p>La journ\u00e9e est construite autour de <strong>la d\u00e9couverte de l\u2019activit\u00e9 de boulangerie paysanne de Caroline et Bruno<\/strong>, r\u00e9partie sur trois sites diff\u00e9rents : <strong>leurs cultures de c\u00e9r\u00e9ales <\/strong>en bio \u00e0 Puy Saint-Rep\u00e9rade, le stockage et <strong>le moulin<\/strong> \u00e0 Meyrargues, et <strong>le fournil partag<\/strong>\u00e9 \u00e0 Cucuron.<br>La boucle pr\u00e9vue est d\u2019une quarantaine de kilom\u00e8tres, une partie des alter-cyclistes ayant d\u00e9j\u00e0 visit\u00e9 le fournil la veille, les \u00e9tapes sont uniquement sur les cultures et le lieu de stockage. <\/p>\n\n\n\n<p>Bruno et Caroline sont install\u00e9.es depuis 2 ans, apr\u00e8s une reconversion professionnelle. Leur projet agricole a pris forme lors d\u2019un voyage \u00e0 v\u00e9lo \u00e0 la rencontre des gens et des m\u00e9tiers qui les font vivre. De retour de voyage, leur chemin est tout trouv\u00e9 :<strong> Bruno souhaite de se former \u00e0 la boulangerie paysanne, et Caroline \u00e0 l\u2019\u00e9levage caprin<\/strong> dans les Alpes.<br>Gr\u00e2ce \u00e0 l\u2019accompagnement de <a href=\"https:\/\/terredeliens.org\/\" target=\"_blank\" rel=\"noreferrer noopener\">Terres de Liens<\/a>, Bruno a trouv\u00e9 des terrains pour monter son activit\u00e9 de boulangerie paysanne. Caroline travaille au quotidien avec lui en tant que salari\u00e9e, avant qu\u2019il et elle s\u2019installent en GAEC une fois que leurs deux activit\u00e9s seront sur pied (boulangerie et \u00e9levage caprin). <\/p>\n\n\n\n<p>En effet, pour Caroline le chemin s\u2019av\u00e8re plus sinueux que pr\u00e9vu. Comme il est tr\u00e8s compliqu\u00e9 d\u2019obtenir une autorisation de construction sur des terres agricoles, et tr\u00e8s on\u00e9reux d\u2019acheter une ferme dans le Luberon, elle commence son activit\u00e9 en travaillant sur la ferme d\u2019autres paysan.nes et en travaillant avec Bruno sur l\u2019activit\u00e9 de boulangerie paysanne, avant de monter son propre \u00e9levage.<br><\/p>\n\n\n\n<figure class=\"wp-block-image size-large\"><a href=\"https:\/\/www.altercampagne.net\/wp-content\/uploads\/2022\/08\/VAH_01271.jpg\"><img loading=\"lazy\" decoding=\"async\" width=\"800\" height=\"533\" src=\"https:\/\/www.altercampagne.net\/wp-content\/uploads\/2022\/08\/VAH_01271.jpg\" alt=\"\" class=\"wp-image-26196\" srcset=\"https:\/\/www.altercampagne.net\/wp-content\/uploads\/2022\/08\/VAH_01271.jpg 800w, https:\/\/www.altercampagne.net\/wp-content\/uploads\/2022\/08\/VAH_01271-300x200.jpg 300w, https:\/\/www.altercampagne.net\/wp-content\/uploads\/2022\/08\/VAH_01271-768x512.jpg 768w, https:\/\/www.altercampagne.net\/wp-content\/uploads\/2022\/08\/VAH_01271-610x406.jpg 610w, https:\/\/www.altercampagne.net\/wp-content\/uploads\/2022\/08\/VAH_01271-100x67.jpg 100w\" sizes=\"auto, (max-width: 800px) 100vw, 800px\" \/><\/a><figcaption>Bruno et Caroline devant leur champ<\/figcaption><\/figure>\n\n\n\n<p>A la premi\u00e8re pause de la journ\u00e9e, il et elle nous racontent le fonctionnement de leur exploitation \u00e0 l\u2019ombre d\u2019un ch\u00eane. Il.elle ont cinq cultures principales : <strong>le petit \u00e9peautre, le pois chiche, le ma\u00efs, le sarrasin et le sorgho. Et oui, pas de bl\u00e9<\/strong>, Bruno est devenu allergique lors de son BPREA* ! Les terres sont cultiv\u00e9es avec un syst\u00e8me de rotation, qui dure sept ans pour un cycle complet.<br>Il.elle pratiquent l\u2019irrigation gravitaire, gr\u00e2ce aux canaux typiques du Luberon, et d\u00e9vient l\u2019eau dans le village \u00e0 l\u2019aide d\u2019une marteli\u00e8re. Ce type d\u2019arrosage permet de remplir les nappes phr\u00e9atiques et ainsi de fournir pr\u00e8s de 80 % de l\u2019eau potable du territoire. Mais le d\u00e9r\u00e8glement climatique se manifeste clairement ici : <strong>Bruno se souvient de la date des trois et uniques pluies de l\u2019ann\u00e9e<\/strong>.<\/p>\n\n\n\n<p><br>Apr\u00e8s cette pause cacahu\u00e8te, on reprend les v\u00e9los et on se dirige vers Meyrargues pour visiter le lieu de stockage et le moulin. Apr\u00e8s le d\u00e9jeuner, o\u00f9 l\u2019on d\u00e9guste <strong>la sp\u00e9cialit\u00e9 locale des panisses <\/strong>cuisin\u00e9s avec amour par les alter-cyclistes, Bruno et Caroline nous expliquent comment il.elle trient leur grains \u00e0 l\u2019aide de deux trieurs diff\u00e9rent : \u00e9tape cruciale pour \u00e9viter que la culture pourrisse.<br>Leur moulin fonctionne selon une technique mise au point il y a une quarantaine d\u2019ann\u00e9es.<strong> Deux meules, l\u2019une dormante et l\u2019autre tournante, moulent le grain<\/strong>, qui passe ensuite dans le tamis pour faire la farine. Une troisi\u00e8me \u00e9tape a lieu pour le ma\u00efs avec un tamis plus gros, afin de faire la polenta.<\/p>\n\n\n\n<figure class=\"wp-block-image size-large\"><a href=\"https:\/\/www.altercampagne.net\/wp-content\/uploads\/2022\/08\/VAH_01581.jpg\"><img loading=\"lazy\" decoding=\"async\" width=\"800\" height=\"533\" src=\"https:\/\/www.altercampagne.net\/wp-content\/uploads\/2022\/08\/VAH_01581.jpg\" alt=\"\" class=\"wp-image-26197\" srcset=\"https:\/\/www.altercampagne.net\/wp-content\/uploads\/2022\/08\/VAH_01581.jpg 800w, https:\/\/www.altercampagne.net\/wp-content\/uploads\/2022\/08\/VAH_01581-300x200.jpg 300w, https:\/\/www.altercampagne.net\/wp-content\/uploads\/2022\/08\/VAH_01581-768x512.jpg 768w, https:\/\/www.altercampagne.net\/wp-content\/uploads\/2022\/08\/VAH_01581-610x406.jpg 610w, https:\/\/www.altercampagne.net\/wp-content\/uploads\/2022\/08\/VAH_01581-100x67.jpg 100w\" sizes=\"auto, (max-width: 800px) 100vw, 800px\" \/><\/a><figcaption>Les altercyclistes devant le moulin<\/figcaption><\/figure>\n\n\n\n<p><br>Apr\u00e8s ces \u00e9changes inspirants, nous concluons la journ\u00e9e de v\u00e9lo par une magnifique baignade dans la Durance ! De retour \u00e0 la ferme de l\u2019Escapade \u00e0 Lauris, <a href=\"https:\/\/capitaineremi.com\/\" target=\"_blank\" rel=\"noreferrer noopener\">R\u00e9mi <\/a>nous joue son one man show, une ode au voyage et \u00e0 affronter ses peurs.<\/p>\n\n\n\n<p>*BPREA : Brevet Professionnel Responsable d&rsquo;Exploitation Agricole<\/p>\n\n\n\n<p class=\"has-text-align-right\"><br>&#8211; <em>Article de Juliette, illustr\u00e9 par Guillaume<\/em><\/p>\n","protected":false},"excerpt":{"rendered":"<p>Un r\u00e9veil matinal, mais aux airs de grasse matin\u00e9e sur l\u2019Alter tour : petit d\u00e9jeuner avec les fameuses tartines bi-go\u00fbt \u00e0 8 heures, puis d\u00e9part \u00e0 9 heures p\u00e9tantes. La journ\u00e9e est construite autour de la d\u00e9couverte de l\u2019activit\u00e9 de boulangerie paysanne de Caroline et Bruno, r\u00e9partie sur trois sites &#8230; <\/p>\n<div><a href=\"https:\/\/www.altercampagne.net\/?p=26192\" class=\"more-link\">Read More<\/a><\/div>\n","protected":false},"author":361,"featured_media":26195,"comment_status":"closed","ping_status":"closed","sticky":false,"template":"","format":"standard","meta":{"footnotes":""},"categories":[3483,4313,3489,4357,3482],"tags":[4418,4419,4420,4421],"class_list":["post-26192","post","type-post","status-publish","format-standard","has-post-thumbnail","hentry","category-agriculture","category-altertour","category-alimentation","category-edition-2022","category-provence-alpes-cote-dazur","tag-fournil-des-touselles","tag-boulangerie-paysanne","tag-cucuron","tag-fournil-partage"],"yoast_head":"<!-- This site is optimized with the Yoast SEO plugin v27.3 - https:\/\/yoast.com\/product\/yoast-seo-wordpress\/ -->\n<title>D\u00e9couverte de la boulangerie paysanne : culture, moulin et fournil - AlterTour<\/title>\n<meta name=\"robots\" content=\"index, follow, max-snippet:-1, max-image-preview:large, max-video-preview:-1\" \/>\n<link rel=\"canonical\" href=\"https:\/\/www.altercampagne.net\/?p=26192\" \/>\n<meta property=\"og:locale\" content=\"fr_FR\" \/>\n<meta property=\"og:type\" content=\"article\" \/>\n<meta property=\"og:title\" content=\"D\u00e9couverte de la boulangerie paysanne : culture, moulin et fournil - AlterTour\" \/>\n<meta property=\"og:description\" content=\"Un r\u00e9veil matinal, mais aux airs de grasse matin\u00e9e sur l\u2019Alter tour : petit d\u00e9jeuner avec les fameuses tartines bi-go\u00fbt \u00e0 8 heures, puis d\u00e9part \u00e0 9 heures p\u00e9tantes. La journ\u00e9e est construite autour de la d\u00e9couverte de l\u2019activit\u00e9 de boulangerie paysanne de Caroline et Bruno, r\u00e9partie sur trois sites ... Read More\" \/>\n<meta property=\"og:url\" content=\"https:\/\/www.altercampagne.net\/?p=26192\" \/>\n<meta property=\"og:site_name\" content=\"AlterTour\" \/>\n<meta property=\"article:published_time\" content=\"2022-08-04T08:54:56+00:00\" \/>\n<meta property=\"article:modified_time\" content=\"2022-08-04T08:54:59+00:00\" \/>\n<meta property=\"og:image\" content=\"https:\/\/www.altercampagne.net\/wp-content\/uploads\/2022\/08\/VAH_01142.jpg\" \/>\n\t<meta property=\"og:image:width\" content=\"800\" \/>\n\t<meta property=\"og:image:height\" content=\"533\" \/>\n\t<meta property=\"og:image:type\" content=\"image\/jpeg\" \/>\n<meta name=\"author\" content=\"Pauline\" \/>\n<meta name=\"twitter:card\" content=\"summary_large_image\" \/>\n<meta name=\"twitter:label1\" content=\"\u00c9crit par\" \/>\n\t<meta name=\"twitter:data1\" content=\"Pauline\" \/>\n\t<meta name=\"twitter:label2\" content=\"Dur\u00e9e de lecture estim\u00e9e\" \/>\n\t<meta name=\"twitter:data2\" content=\"4 minutes\" \/>\n<script type=\"application\/ld+json\" class=\"yoast-schema-graph\">{\"@context\":\"https:\\\/\\\/schema.org\",\"@graph\":[{\"@type\":\"Article\",\"@id\":\"https:\\\/\\\/www.altercampagne.net\\\/?p=26192#article\",\"isPartOf\":{\"@id\":\"https:\\\/\\\/www.altercampagne.net\\\/?p=26192\"},\"author\":{\"name\":\"Pauline\",\"@id\":\"https:\\\/\\\/www.altercampagne.net\\\/#\\\/schema\\\/person\\\/caf30ed73e072285b8f761300370ddb5\"},\"headline\":\"D\u00e9couverte de la boulangerie paysanne : culture, moulin et fournil\",\"datePublished\":\"2022-08-04T08:54:56+00:00\",\"dateModified\":\"2022-08-04T08:54:59+00:00\",\"mainEntityOfPage\":{\"@id\":\"https:\\\/\\\/www.altercampagne.net\\\/?p=26192\"},\"wordCount\":669,\"image\":{\"@id\":\"https:\\\/\\\/www.altercampagne.net\\\/?p=26192#primaryimage\"},\"thumbnailUrl\":\"https:\\\/\\\/www.altercampagne.net\\\/wp-content\\\/uploads\\\/2022\\\/08\\\/VAH_01142.jpg\",\"keywords\":[\"Fournil des Touselles\",\"boulangerie paysanne\",\"Cucuron\",\"fournil partag\u00e9\"],\"articleSection\":[\"Agriculture\",\"AlterTour\",\"Alimentation\",\"Edition 2022\",\"Provence-Alpes-C\u00f4te d'Azur\"],\"inLanguage\":\"fr-FR\"},{\"@type\":\"WebPage\",\"@id\":\"https:\\\/\\\/www.altercampagne.net\\\/?p=26192\",\"url\":\"https:\\\/\\\/www.altercampagne.net\\\/?p=26192\",\"name\":\"D\u00e9couverte de la boulangerie paysanne : culture, moulin et fournil - AlterTour\",\"isPartOf\":{\"@id\":\"https:\\\/\\\/www.altercampagne.net\\\/#website\"},\"primaryImageOfPage\":{\"@id\":\"https:\\\/\\\/www.altercampagne.net\\\/?p=26192#primaryimage\"},\"image\":{\"@id\":\"https:\\\/\\\/www.altercampagne.net\\\/?p=26192#primaryimage\"},\"thumbnailUrl\":\"https:\\\/\\\/www.altercampagne.net\\\/wp-content\\\/uploads\\\/2022\\\/08\\\/VAH_01142.jpg\",\"datePublished\":\"2022-08-04T08:54:56+00:00\",\"dateModified\":\"2022-08-04T08:54:59+00:00\",\"author\":{\"@id\":\"https:\\\/\\\/www.altercampagne.net\\\/#\\\/schema\\\/person\\\/caf30ed73e072285b8f761300370ddb5\"},\"breadcrumb\":{\"@id\":\"https:\\\/\\\/www.altercampagne.net\\\/?p=26192#breadcrumb\"},\"inLanguage\":\"fr-FR\",\"potentialAction\":[{\"@type\":\"ReadAction\",\"target\":[\"https:\\\/\\\/www.altercampagne.net\\\/?p=26192\"]}]},{\"@type\":\"ImageObject\",\"inLanguage\":\"fr-FR\",\"@id\":\"https:\\\/\\\/www.altercampagne.net\\\/?p=26192#primaryimage\",\"url\":\"https:\\\/\\\/www.altercampagne.net\\\/wp-content\\\/uploads\\\/2022\\\/08\\\/VAH_01142.jpg\",\"contentUrl\":\"https:\\\/\\\/www.altercampagne.net\\\/wp-content\\\/uploads\\\/2022\\\/08\\\/VAH_01142.jpg\",\"width\":800,\"height\":533},{\"@type\":\"BreadcrumbList\",\"@id\":\"https:\\\/\\\/www.altercampagne.net\\\/?p=26192#breadcrumb\",\"itemListElement\":[{\"@type\":\"ListItem\",\"position\":1,\"name\":\"Accueil\",\"item\":\"https:\\\/\\\/www.altercampagne.net\\\/\"},{\"@type\":\"ListItem\",\"position\":2,\"name\":\"D\u00e9couverte de la boulangerie paysanne : culture, moulin et fournil\"}]},{\"@type\":\"WebSite\",\"@id\":\"https:\\\/\\\/www.altercampagne.net\\\/#website\",\"url\":\"https:\\\/\\\/www.altercampagne.net\\\/\",\"name\":\"AlterTour\",\"description\":\"Reliez les Alternatives \u00e0 v\u00e9lo\",\"potentialAction\":[{\"@type\":\"SearchAction\",\"target\":{\"@type\":\"EntryPoint\",\"urlTemplate\":\"https:\\\/\\\/www.altercampagne.net\\\/?s={search_term_string}\"},\"query-input\":{\"@type\":\"PropertyValueSpecification\",\"valueRequired\":true,\"valueName\":\"search_term_string\"}}],\"inLanguage\":\"fr-FR\"},{\"@type\":\"Person\",\"@id\":\"https:\\\/\\\/www.altercampagne.net\\\/#\\\/schema\\\/person\\\/caf30ed73e072285b8f761300370ddb5\",\"name\":\"Pauline\",\"image\":{\"@type\":\"ImageObject\",\"inLanguage\":\"fr-FR\",\"@id\":\"https:\\\/\\\/secure.gravatar.com\\\/avatar\\\/f84b78638c34b3d6ac7339a8ef00413d11da3b09ee578a762504104ff060cde7?s=96&d=mm&r=g\",\"url\":\"https:\\\/\\\/secure.gravatar.com\\\/avatar\\\/f84b78638c34b3d6ac7339a8ef00413d11da3b09ee578a762504104ff060cde7?s=96&d=mm&r=g\",\"contentUrl\":\"https:\\\/\\\/secure.gravatar.com\\\/avatar\\\/f84b78638c34b3d6ac7339a8ef00413d11da3b09ee578a762504104ff060cde7?s=96&d=mm&r=g\",\"caption\":\"Pauline\"},\"url\":\"https:\\\/\\\/www.altercampagne.net\\\/?author=361\"}]}<\/script>\n<!-- \/ Yoast SEO plugin. -->","yoast_head_json":{"title":"D\u00e9couverte de la boulangerie paysanne : culture, moulin et fournil - AlterTour","robots":{"index":"index","follow":"follow","max-snippet":"max-snippet:-1","max-image-preview":"max-image-preview:large","max-video-preview":"max-video-preview:-1"},"canonical":"https:\/\/www.altercampagne.net\/?p=26192","og_locale":"fr_FR","og_type":"article","og_title":"D\u00e9couverte de la boulangerie paysanne : culture, moulin et fournil - AlterTour","og_description":"Un r\u00e9veil matinal, mais aux airs de grasse matin\u00e9e sur l\u2019Alter tour : petit d\u00e9jeuner avec les fameuses tartines bi-go\u00fbt \u00e0 8 heures, puis d\u00e9part \u00e0 9 heures p\u00e9tantes. La journ\u00e9e est construite autour de la d\u00e9couverte de l\u2019activit\u00e9 de boulangerie paysanne de Caroline et Bruno, r\u00e9partie sur trois sites ... Read More","og_url":"https:\/\/www.altercampagne.net\/?p=26192","og_site_name":"AlterTour","article_published_time":"2022-08-04T08:54:56+00:00","article_modified_time":"2022-08-04T08:54:59+00:00","og_image":[{"width":800,"height":533,"url":"https:\/\/www.altercampagne.net\/wp-content\/uploads\/2022\/08\/VAH_01142.jpg","type":"image\/jpeg"}],"author":"Pauline","twitter_card":"summary_large_image","twitter_misc":{"\u00c9crit par":"Pauline","Dur\u00e9e de lecture estim\u00e9e":"4 minutes"},"schema":{"@context":"https:\/\/schema.org","@graph":[{"@type":"Article","@id":"https:\/\/www.altercampagne.net\/?p=26192#article","isPartOf":{"@id":"https:\/\/www.altercampagne.net\/?p=26192"},"author":{"name":"Pauline","@id":"https:\/\/www.altercampagne.net\/#\/schema\/person\/caf30ed73e072285b8f761300370ddb5"},"headline":"D\u00e9couverte de la boulangerie paysanne : culture, moulin et fournil","datePublished":"2022-08-04T08:54:56+00:00","dateModified":"2022-08-04T08:54:59+00:00","mainEntityOfPage":{"@id":"https:\/\/www.altercampagne.net\/?p=26192"},"wordCount":669,"image":{"@id":"https:\/\/www.altercampagne.net\/?p=26192#primaryimage"},"thumbnailUrl":"https:\/\/www.altercampagne.net\/wp-content\/uploads\/2022\/08\/VAH_01142.jpg","keywords":["Fournil des Touselles","boulangerie paysanne","Cucuron","fournil partag\u00e9"],"articleSection":["Agriculture","AlterTour","Alimentation","Edition 2022","Provence-Alpes-C\u00f4te d'Azur"],"inLanguage":"fr-FR"},{"@type":"WebPage","@id":"https:\/\/www.altercampagne.net\/?p=26192","url":"https:\/\/www.altercampagne.net\/?p=26192","name":"D\u00e9couverte de la boulangerie paysanne : culture, moulin et fournil - AlterTour","isPartOf":{"@id":"https:\/\/www.altercampagne.net\/#website"},"primaryImageOfPage":{"@id":"https:\/\/www.altercampagne.net\/?p=26192#primaryimage"},"image":{"@id":"https:\/\/www.altercampagne.net\/?p=26192#primaryimage"},"thumbnailUrl":"https:\/\/www.altercampagne.net\/wp-content\/uploads\/2022\/08\/VAH_01142.jpg","datePublished":"2022-08-04T08:54:56+00:00","dateModified":"2022-08-04T08:54:59+00:00","author":{"@id":"https:\/\/www.altercampagne.net\/#\/schema\/person\/caf30ed73e072285b8f761300370ddb5"},"breadcrumb":{"@id":"https:\/\/www.altercampagne.net\/?p=26192#breadcrumb"},"inLanguage":"fr-FR","potentialAction":[{"@type":"ReadAction","target":["https:\/\/www.altercampagne.net\/?p=26192"]}]},{"@type":"ImageObject","inLanguage":"fr-FR","@id":"https:\/\/www.altercampagne.net\/?p=26192#primaryimage","url":"https:\/\/www.altercampagne.net\/wp-content\/uploads\/2022\/08\/VAH_01142.jpg","contentUrl":"https:\/\/www.altercampagne.net\/wp-content\/uploads\/2022\/08\/VAH_01142.jpg","width":800,"height":533},{"@type":"BreadcrumbList","@id":"https:\/\/www.altercampagne.net\/?p=26192#breadcrumb","itemListElement":[{"@type":"ListItem","position":1,"name":"Accueil","item":"https:\/\/www.altercampagne.net\/"},{"@type":"ListItem","position":2,"name":"D\u00e9couverte de la boulangerie paysanne : culture, moulin et fournil"}]},{"@type":"WebSite","@id":"https:\/\/www.altercampagne.net\/#website","url":"https:\/\/www.altercampagne.net\/","name":"AlterTour","description":"Reliez les Alternatives \u00e0 v\u00e9lo","potentialAction":[{"@type":"SearchAction","target":{"@type":"EntryPoint","urlTemplate":"https:\/\/www.altercampagne.net\/?s={search_term_string}"},"query-input":{"@type":"PropertyValueSpecification","valueRequired":true,"valueName":"search_term_string"}}],"inLanguage":"fr-FR"},{"@type":"Person","@id":"https:\/\/www.altercampagne.net\/#\/schema\/person\/caf30ed73e072285b8f761300370ddb5","name":"Pauline","image":{"@type":"ImageObject","inLanguage":"fr-FR","@id":"https:\/\/secure.gravatar.com\/avatar\/f84b78638c34b3d6ac7339a8ef00413d11da3b09ee578a762504104ff060cde7?s=96&d=mm&r=g","url":"https:\/\/secure.gravatar.com\/avatar\/f84b78638c34b3d6ac7339a8ef00413d11da3b09ee578a762504104ff060cde7?s=96&d=mm&r=g","contentUrl":"https:\/\/secure.gravatar.com\/avatar\/f84b78638c34b3d6ac7339a8ef00413d11da3b09ee578a762504104ff060cde7?s=96&d=mm&r=g","caption":"Pauline"},"url":"https:\/\/www.altercampagne.net\/?author=361"}]}},"_links":{"self":[{"href":"https:\/\/www.altercampagne.net\/index.php?rest_route=\/wp\/v2\/posts\/26192","targetHints":{"allow":["GET"]}}],"collection":[{"href":"https:\/\/www.altercampagne.net\/index.php?rest_route=\/wp\/v2\/posts"}],"about":[{"href":"https:\/\/www.altercampagne.net\/index.php?rest_route=\/wp\/v2\/types\/post"}],"author":[{"embeddable":true,"href":"https:\/\/www.altercampagne.net\/index.php?rest_route=\/wp\/v2\/users\/361"}],"replies":[{"embeddable":true,"href":"https:\/\/www.altercampagne.net\/index.php?rest_route=%2Fwp%2Fv2%2Fcomments&post=26192"}],"version-history":[{"count":1,"href":"https:\/\/www.altercampagne.net\/index.php?rest_route=\/wp\/v2\/posts\/26192\/revisions"}],"predecessor-version":[{"id":26198,"href":"https:\/\/www.altercampagne.net\/index.php?rest_route=\/wp\/v2\/posts\/26192\/revisions\/26198"}],"wp:featuredmedia":[{"embeddable":true,"href":"https:\/\/www.altercampagne.net\/index.php?rest_route=\/wp\/v2\/media\/26195"}],"wp:attachment":[{"href":"https:\/\/www.altercampagne.net\/index.php?rest_route=%2Fwp%2Fv2%2Fmedia&parent=26192"}],"wp:term":[{"taxonomy":"category","embeddable":true,"href":"https:\/\/www.altercampagne.net\/index.php?rest_route=%2Fwp%2Fv2%2Fcategories&post=26192"},{"taxonomy":"post_tag","embeddable":true,"href":"https:\/\/www.altercampagne.net\/index.php?rest_route=%2Fwp%2Fv2%2Ftags&post=26192"}],"curies":[{"name":"wp","href":"https:\/\/api.w.org\/{rel}","templated":true}]}}