{"id":26217,"date":"2022-07-16T09:45:00","date_gmt":"2022-07-16T07:45:00","guid":{"rendered":"https:\/\/www.altercampagne.net\/?p=26217"},"modified":"2022-08-09T10:36:12","modified_gmt":"2022-08-09T08:36:12","slug":"aventures-au-hameau-des-buis","status":"publish","type":"post","link":"https:\/\/www.altercampagne.net\/?p=26217","title":{"rendered":"Aventures au Hameau des buis"},"content":{"rendered":"\n<p><em><strong>Pour cet article, nous avons d\u00e9cid\u00e9 de r\u00e9colter des anecdotes de nos ami-es altercyclistes pour avoir un aper\u00e7u de leur s\u00e9jour au Hameau des Buis. <\/strong><\/em><br>Contrairement \u00e0 ce que pensaient nos ami-es scouts que nous avons retrouv\u00e9 sur place, pour leur plus grandes surprise et joie, <strong>les altercyclistes ne sont pas des soixantenaires \u00e0 v\u00e9lo<\/strong> <strong>!<\/strong> Nous certifions donc que ces anecdotes sont issues d\u2019un panel d\u2019individu-es vari\u00e9-es, \u00e2g\u00e9-es de 12 \u00e0 51 ans et tous-tes ont \u00e9t\u00e9 consentant-es pour parler.<\/p>\n\n\n\n<figure class=\"wp-block-image size-large\"><a href=\"https:\/\/www.altercampagne.net\/wp-content\/uploads\/2022\/08\/ADT22_0716_Hameau-des-buis_02.jpg\"><img loading=\"lazy\" decoding=\"async\" width=\"1000\" height=\"665\" src=\"https:\/\/www.altercampagne.net\/wp-content\/uploads\/2022\/08\/ADT22_0716_Hameau-des-buis_02.jpg\" alt=\"\" class=\"wp-image-26233\" srcset=\"https:\/\/www.altercampagne.net\/wp-content\/uploads\/2022\/08\/ADT22_0716_Hameau-des-buis_02.jpg 1000w, https:\/\/www.altercampagne.net\/wp-content\/uploads\/2022\/08\/ADT22_0716_Hameau-des-buis_02-300x200.jpg 300w, https:\/\/www.altercampagne.net\/wp-content\/uploads\/2022\/08\/ADT22_0716_Hameau-des-buis_02-768x511.jpg 768w, https:\/\/www.altercampagne.net\/wp-content\/uploads\/2022\/08\/ADT22_0716_Hameau-des-buis_02-610x406.jpg 610w, https:\/\/www.altercampagne.net\/wp-content\/uploads\/2022\/08\/ADT22_0716_Hameau-des-buis_02-100x67.jpg 100w, https:\/\/www.altercampagne.net\/wp-content\/uploads\/2022\/08\/ADT22_0716_Hameau-des-buis_02-862x573.jpg 862w\" sizes=\"auto, (max-width: 1000px) 100vw, 1000px\" \/><\/a><\/figure>\n\n\n\n<h4 class=\"wp-block-heading\"><em>Le trajet jusqu\u2019au Hameau des buis<\/em><\/h4>\n\n\n\n<p>Le recueil de t\u00e9moignages commence sur la route dans la petite ville des Vans, premi\u00e8re pause de notre voyage. Chacun-e n\u2019a pas v\u00e9cu ce temps de repos de la m\u00eame mani\u00e8re. Certain-es ont profit\u00e9 du retour \u00e0 la ville pour faire les boutiques. <strong>Un amas d\u2019altercyclistes s\u2019est ainsi cr\u00e9e dans LA boutique de salopette de la ville<\/strong>. Justine s\u2019est alors retrouv\u00e9e au milieu du magasin en sous-v\u00eatements \u00e0 essayer les salopettes les unes apr\u00e8s les autres sous le regard d\u00e9nu\u00e9 de surprise de ses camarades. D\u2019autre ont profit\u00e9 de <strong>l\u2019orgue en libre service dans l\u2019\u00e9glise pour improviser un petit concert<\/strong> propos\u00e9 par Ivan, Fleur et Ninon. Ma\u00e9 qui attendait \u00e0 l\u2019ext\u00e9rieur de l\u2019\u00e9glise pendant ce temps-l\u00e0, a trouv\u00e9 le temps long et aurait pr\u00e9f\u00e9r\u00e9 partir plus t\u00f4t pour \u00e9viter la chaleur.<\/p>\n\n\n\n<figure class=\"wp-block-image size-large\"><a href=\"https:\/\/www.altercampagne.net\/wp-content\/uploads\/2022\/08\/ADT22_0716_Hameau-des-buis_03-scaled.jpg\"><img loading=\"lazy\" decoding=\"async\" width=\"1024\" height=\"682\" src=\"https:\/\/www.altercampagne.net\/wp-content\/uploads\/2022\/08\/ADT22_0716_Hameau-des-buis_03-1024x682.jpg\" alt=\"\" class=\"wp-image-26234\" srcset=\"https:\/\/www.altercampagne.net\/wp-content\/uploads\/2022\/08\/ADT22_0716_Hameau-des-buis_03-1024x682.jpg 1024w, https:\/\/www.altercampagne.net\/wp-content\/uploads\/2022\/08\/ADT22_0716_Hameau-des-buis_03-300x200.jpg 300w, https:\/\/www.altercampagne.net\/wp-content\/uploads\/2022\/08\/ADT22_0716_Hameau-des-buis_03-768x511.jpg 768w, https:\/\/www.altercampagne.net\/wp-content\/uploads\/2022\/08\/ADT22_0716_Hameau-des-buis_03-1536x1023.jpg 1536w, https:\/\/www.altercampagne.net\/wp-content\/uploads\/2022\/08\/ADT22_0716_Hameau-des-buis_03-2048x1364.jpg 2048w, https:\/\/www.altercampagne.net\/wp-content\/uploads\/2022\/08\/ADT22_0716_Hameau-des-buis_03-610x406.jpg 610w, https:\/\/www.altercampagne.net\/wp-content\/uploads\/2022\/08\/ADT22_0716_Hameau-des-buis_03-100x67.jpg 100w, https:\/\/www.altercampagne.net\/wp-content\/uploads\/2022\/08\/ADT22_0716_Hameau-des-buis_03-862x574.jpg 862w, https:\/\/www.altercampagne.net\/wp-content\/uploads\/2022\/08\/ADT22_0716_Hameau-des-buis_03-1140x759.jpg 1140w\" sizes=\"auto, (max-width: 1024px) 100vw, 1024px\" \/><\/a><\/figure>\n\n\n\n<p>Apr\u00e8s la pause, <strong>un dernier obstacle majeur<\/strong> nous attendait avant notre destination finale\u00a0: un chemin de cailloux (sur plusieurs kilom\u00e8tres). Nous avons ainsi s\u00fbrement fr\u00f4l\u00e9 un des records de l\u2019Altertour, <strong>\u00e0 savoir 6 crevaisons en 5 km<\/strong>. Boris nous a livr\u00e9 un t\u00e9moignage poignant sur la question. Malgr\u00e9 la grande qualit\u00e9 de ses roues, il n\u2019a crev\u00e9 pas moins de deux fois pour deux raisons diff\u00e9rentes\u00a0: \u00ab\u00a0j\u2019ai fait l\u2019con sur les cailloux\u00a0\u00bb et une vis. A l\u2019heure actuelle, son v\u00e9lo a crev\u00e9 une nouvelle fois apr\u00e8s son arriv\u00e9e au Hameau des buis. Ce chemin difficile a cependant donn\u00e9 naissance \u00e0 de beaux moments. <br>Ivan nous a parl\u00e9 d\u2019un \u00e9lan de solidarit\u00e9, r\u00e9v\u00e9lateur des valeurs de l\u2019Altertour, qui l\u2019a beaucoup touch\u00e9. <strong>Certain-es cyclistes n\u2019ont pas h\u00e9sit\u00e9 \u00e0 descendre de leur v\u00e9lo pour porter \u00e0 pieds la charrette<\/strong> sur les mont\u00e9es caillouteuses avant de rebrousser chemin pour r\u00e9cup\u00e9rer leur v\u00e9lo laiss\u00e9s en arri\u00e8re.\u00a0<\/p>\n\n\n\n<h4 class=\"wp-block-heading\"><em>La vie au Hameau des buis<\/em><\/h4>\n\n\n\n<p>Toutes ces p\u00e9rip\u00e9ties nous ont amen\u00e9-es vivant-es au <a href=\"https:\/\/hameaudesbuis.org\"><strong>Hameau des buis<\/strong><\/a> o\u00f9 les altercyclistes ont pos\u00e9 leurs tentes et leurs nouvelles habitudes. <br>St\u00e9phanie a retrouv\u00e9 la chaleur du sud, les cuisinie.\u00e8.r.e.s se sont surpass\u00e9-es \u00e0 coups de houmous et de g\u00e2teaux vari\u00e9s et <strong>un r\u00e9pertoire musical commence \u00e0 se former avec quelques chansons phares<\/strong>. <br>Aur\u00e9 nous a mentionn\u00e9 un apr\u00e8s-midi libre compos\u00e9s d\u2019activit\u00e9s ch\u00e8res aux altercyclistes\u00a0(chant et massages tha\u00ef) qui lui a bien plu.<\/p>\n\n\n\n<figure class=\"wp-block-image size-large\"><a href=\"https:\/\/www.altercampagne.net\/wp-content\/uploads\/2022\/08\/ADT22_0716_Hameau-des-buis_04.jpg\"><img loading=\"lazy\" decoding=\"async\" width=\"1000\" height=\"665\" src=\"https:\/\/www.altercampagne.net\/wp-content\/uploads\/2022\/08\/ADT22_0716_Hameau-des-buis_04.jpg\" alt=\"\" class=\"wp-image-26235\" srcset=\"https:\/\/www.altercampagne.net\/wp-content\/uploads\/2022\/08\/ADT22_0716_Hameau-des-buis_04.jpg 1000w, https:\/\/www.altercampagne.net\/wp-content\/uploads\/2022\/08\/ADT22_0716_Hameau-des-buis_04-300x200.jpg 300w, https:\/\/www.altercampagne.net\/wp-content\/uploads\/2022\/08\/ADT22_0716_Hameau-des-buis_04-768x511.jpg 768w, https:\/\/www.altercampagne.net\/wp-content\/uploads\/2022\/08\/ADT22_0716_Hameau-des-buis_04-610x406.jpg 610w, https:\/\/www.altercampagne.net\/wp-content\/uploads\/2022\/08\/ADT22_0716_Hameau-des-buis_04-100x67.jpg 100w, https:\/\/www.altercampagne.net\/wp-content\/uploads\/2022\/08\/ADT22_0716_Hameau-des-buis_04-862x573.jpg 862w\" sizes=\"auto, (max-width: 1000px) 100vw, 1000px\" \/><\/a><\/figure>\n\n\n\n<p>Bien \u00e9videmment, <strong>comme tout \u00e9co-lieu qui se respecte<\/strong>, le pipi et le caca ont \u00e9t\u00e9 au coeur des conversations. Nina nous a avou\u00e9 ne pas appr\u00e9cier le \u00ab\u00a0<strong><em>tipipi<\/em><\/strong>\u00a0\u00bb (un seau plac\u00e9 sous un tipi destin\u00e9 \u00e0 nos pr\u00e9cieuses urines qui sont ensuite d\u00e9licatement vers\u00e9es sur une botte de paille, proc\u00e9d\u00e9 appel\u00e9 pipiponique dans le milieu). L\u2019inconv\u00e9nient que lui trouvait Nina \u00e9tait l\u2019absence de porte du tipi qui ne garantissait pas une intimit\u00e9 maximale. <br>Fleur, quant \u00e0 elle, a \u00e9t\u00e9 ravie de <strong>montrer le fonctionnement des toilettes \u00e0 lombricomposteur<\/strong> \u00e0 un de ses camarades &#8211; dont elle pr\u00e9f\u00e8re pr\u00e9server l\u2019anonymat &#8211; qui lui en avait fait la demande. Cette d\u00e9monstration consistait \u00e0 \u00e9vacuer le caca de Fleur \u00e0 l\u2019aide d\u2019un p\u00e9dalier.<\/p>\n\n\n\n<figure class=\"wp-block-image size-large\"><a href=\"https:\/\/www.altercampagne.net\/wp-content\/uploads\/2022\/08\/ADT22_0716_Hameau-des-buis_05.jpg\"><img loading=\"lazy\" decoding=\"async\" width=\"1000\" height=\"666\" src=\"https:\/\/www.altercampagne.net\/wp-content\/uploads\/2022\/08\/ADT22_0716_Hameau-des-buis_05.jpg\" alt=\"\" class=\"wp-image-26236\" srcset=\"https:\/\/www.altercampagne.net\/wp-content\/uploads\/2022\/08\/ADT22_0716_Hameau-des-buis_05.jpg 1000w, https:\/\/www.altercampagne.net\/wp-content\/uploads\/2022\/08\/ADT22_0716_Hameau-des-buis_05-300x200.jpg 300w, https:\/\/www.altercampagne.net\/wp-content\/uploads\/2022\/08\/ADT22_0716_Hameau-des-buis_05-768x511.jpg 768w, https:\/\/www.altercampagne.net\/wp-content\/uploads\/2022\/08\/ADT22_0716_Hameau-des-buis_05-610x406.jpg 610w, https:\/\/www.altercampagne.net\/wp-content\/uploads\/2022\/08\/ADT22_0716_Hameau-des-buis_05-100x67.jpg 100w, https:\/\/www.altercampagne.net\/wp-content\/uploads\/2022\/08\/ADT22_0716_Hameau-des-buis_05-862x574.jpg 862w\" sizes=\"auto, (max-width: 1000px) 100vw, 1000px\" \/><\/a><\/figure>\n\n\n\n<p>Il y eut, comme toujours, <strong>des instants de communion avec la nature<\/strong>. <br>Fluvine a eu l\u2019honneur de rencontrer le premier capricorne de sa vie, elle a pr\u00e9cis\u00e9 avec une \u00e9motion perceptible dans sa voix que c\u2019\u00e9tait son signe astrologique. Justine a \u00e9t\u00e9 charm\u00e9e par une ch\u00e8vre esseul\u00e9e avec un bandage.<\/p>\n\n\n\n<h4 class=\"wp-block-heading\"><em>Suspens et folies au Hameau des buis<\/em><\/h4>\n\n\n\n<p><strong>Le Hameau des buis, c\u2019est aussi de l\u2019aventure\u00a0!<\/strong> <br>Nous n\u2019aurons pas d\u00e9masqu\u00e9 l\u2019identit\u00e9 du voleur de la brique de jus d\u2019orange des scouts. Nous avons cependant surpris au cours d\u2019un repas, une conversation qui accusait de ce larcin un groupe incantatoire aper\u00e7u un soir au bord de la rivi\u00e8re.\u00a0<\/p>\n\n\n\n<figure class=\"wp-block-image size-large\"><a href=\"https:\/\/www.altercampagne.net\/wp-content\/uploads\/2022\/08\/ADT22_0716_Hameau-des-buis_08.jpg\"><img loading=\"lazy\" decoding=\"async\" width=\"1000\" height=\"665\" src=\"https:\/\/www.altercampagne.net\/wp-content\/uploads\/2022\/08\/ADT22_0716_Hameau-des-buis_08.jpg\" alt=\"\" class=\"wp-image-26239\" srcset=\"https:\/\/www.altercampagne.net\/wp-content\/uploads\/2022\/08\/ADT22_0716_Hameau-des-buis_08.jpg 1000w, https:\/\/www.altercampagne.net\/wp-content\/uploads\/2022\/08\/ADT22_0716_Hameau-des-buis_08-300x200.jpg 300w, https:\/\/www.altercampagne.net\/wp-content\/uploads\/2022\/08\/ADT22_0716_Hameau-des-buis_08-768x511.jpg 768w, https:\/\/www.altercampagne.net\/wp-content\/uploads\/2022\/08\/ADT22_0716_Hameau-des-buis_08-610x406.jpg 610w, https:\/\/www.altercampagne.net\/wp-content\/uploads\/2022\/08\/ADT22_0716_Hameau-des-buis_08-100x67.jpg 100w, https:\/\/www.altercampagne.net\/wp-content\/uploads\/2022\/08\/ADT22_0716_Hameau-des-buis_08-862x573.jpg 862w\" sizes=\"auto, (max-width: 1000px) 100vw, 1000px\" \/><\/a><\/figure>\n\n\n\n<p><strong>Les \u00e9motions fortes furent \u00e9galement au rendez-vous<\/strong>.<br>Lors du concert du Hameau, nous avons monopolis\u00e9 la sc\u00e8ne pendant l\u2019entracte <strong>en proposant nos plus beaux chants devant un public surpris<\/strong>. L\u2019ambiance du lieu a ouvert certains chakras et des exp\u00e9riences nouvelles ont \u00e9t\u00e9 os\u00e9es. <\/p>\n\n\n\n<p>Fleur a d\u00e9cid\u00e9 de r\u00e9aliser un de ses r\u00eaves et a <strong>embrigad\u00e9 ses camarades dans la \u00ab\u00a0<em>V\u00e9lonution<\/em>\u00a0\u00bb<\/strong>, un concept assez simple\u00a0: faire du v\u00e9lo tout nu pour aller \u00e0 la rivi\u00e8re. C\u2019est donc vers 23h que nos audacieux cyclistes ont enfourch\u00e9 leurs montures plus ou moins v\u00eatus. <br>Ninon a r\u00e9alis\u00e9 un autre grand r\u00eave en s\u2019offrant un rasage de cr\u00e2ne effectu\u00e9 collectivement. <br>Pierre de son c\u00f4t\u00e9 a os\u00e9 partir \u00e0 6h du matin pour un jogging qui lui aura permis de savourer encore plus son petit-d\u00e9jeuner.\u00a0<\/p>\n\n\n\n<figure class=\"wp-block-image size-large\"><a href=\"https:\/\/www.altercampagne.net\/wp-content\/uploads\/2022\/08\/ADT22_0716_Hameau-des-buis_01.jpg\"><img loading=\"lazy\" decoding=\"async\" width=\"1000\" height=\"665\" src=\"https:\/\/www.altercampagne.net\/wp-content\/uploads\/2022\/08\/ADT22_0716_Hameau-des-buis_01.jpg\" alt=\"\" class=\"wp-image-26232\" srcset=\"https:\/\/www.altercampagne.net\/wp-content\/uploads\/2022\/08\/ADT22_0716_Hameau-des-buis_01.jpg 1000w, https:\/\/www.altercampagne.net\/wp-content\/uploads\/2022\/08\/ADT22_0716_Hameau-des-buis_01-300x200.jpg 300w, https:\/\/www.altercampagne.net\/wp-content\/uploads\/2022\/08\/ADT22_0716_Hameau-des-buis_01-768x511.jpg 768w, https:\/\/www.altercampagne.net\/wp-content\/uploads\/2022\/08\/ADT22_0716_Hameau-des-buis_01-610x406.jpg 610w, https:\/\/www.altercampagne.net\/wp-content\/uploads\/2022\/08\/ADT22_0716_Hameau-des-buis_01-100x67.jpg 100w, https:\/\/www.altercampagne.net\/wp-content\/uploads\/2022\/08\/ADT22_0716_Hameau-des-buis_01-862x573.jpg 862w\" sizes=\"auto, (max-width: 1000px) 100vw, 1000px\" \/><\/a><\/figure>\n\n\n\n<h4 class=\"wp-block-heading\"><em>Conclusion en citations<\/em><\/h4>\n\n\n\n<p>\u00ab\u00a0<em>Oh pur\u00e9e, il fait chaud\u00a0!<\/em>\u00a0\u00bb Steph\u00a0<\/p>\n\n\n\n<p>\u00ab\u00a0<em>Moi, j\u2019ai pas pris de tente \u00e0 l\u2019Altertour parce que je pensais qu\u2019elle \u00e9tait fournie. Et\u00a0j\u2019ai pas pris de t-shirt non plus parce que je pensais qu\u2019il \u00e9tait fourni, et \u00e7a c\u2019est vrai<\/em> \u00bb Fleur<\/p>\n\n\n\n<p>\u00ab\u00a0<em>Il y a un dessert\u00a0??? Wahou il y a un dessert\u00a0!!!! et il y a un carreau de chocolat\u00a0!<\/em>\u00a0\u00bb Alison<\/p>\n\n\n\n<p>Justine, H\u00e9lo\u00efse et Ninon<\/p>\n","protected":false},"excerpt":{"rendered":"<p>Pour cet article, nous avons d\u00e9cid\u00e9 de r\u00e9colter des anecdotes de nos ami-es altercyclistes pour avoir un aper\u00e7u de leur s\u00e9jour au Hameau des Buis. Contrairement \u00e0 ce que pensaient nos ami-es scouts que nous avons retrouv\u00e9 sur place, pour leur plus grandes surprise et joie, les altercyclistes ne sont &#8230; <\/p>\n<div><a href=\"https:\/\/www.altercampagne.net\/?p=26217\" class=\"more-link\">Read More<\/a><\/div>\n","protected":false},"author":215,"featured_media":26238,"comment_status":"closed","ping_status":"closed","sticky":false,"template":"","format":"standard","meta":{"footnotes":""},"categories":[3471,4311,4357,3486,3485],"tags":[],"class_list":["post-26217","post","type-post","status-publish","format-standard","has-post-thumbnail","hentry","category-auvergne-rhone-alpes","category-alter-d-tour","category-edition-2022","category-environnement","category-habitat"],"yoast_head":"<!-- This site is optimized with the Yoast SEO plugin v27.3 - https:\/\/yoast.com\/product\/yoast-seo-wordpress\/ -->\n<title>Aventures au Hameau des buis - AlterTour<\/title>\n<meta name=\"robots\" content=\"index, follow, max-snippet:-1, max-image-preview:large, max-video-preview:-1\" \/>\n<link rel=\"canonical\" href=\"https:\/\/www.altercampagne.net\/?p=26217\" \/>\n<meta property=\"og:locale\" content=\"fr_FR\" \/>\n<meta property=\"og:type\" content=\"article\" \/>\n<meta property=\"og:title\" content=\"Aventures au Hameau des buis - AlterTour\" \/>\n<meta property=\"og:description\" content=\"Pour cet article, nous avons d\u00e9cid\u00e9 de r\u00e9colter des anecdotes de nos ami-es altercyclistes pour avoir un aper\u00e7u de leur s\u00e9jour au Hameau des Buis. Contrairement \u00e0 ce que pensaient nos ami-es scouts que nous avons retrouv\u00e9 sur place, pour leur plus grandes surprise et joie, les altercyclistes ne sont ... Read More\" \/>\n<meta property=\"og:url\" content=\"https:\/\/www.altercampagne.net\/?p=26217\" \/>\n<meta property=\"og:site_name\" content=\"AlterTour\" \/>\n<meta property=\"article:published_time\" content=\"2022-07-16T07:45:00+00:00\" \/>\n<meta property=\"article:modified_time\" content=\"2022-08-09T08:36:12+00:00\" \/>\n<meta property=\"og:image\" content=\"https:\/\/www.altercampagne.net\/wp-content\/uploads\/2022\/08\/ADT22_0716_Hameau-des-buis_07.jpg\" \/>\n\t<meta property=\"og:image:width\" content=\"1000\" \/>\n\t<meta property=\"og:image:height\" content=\"665\" \/>\n\t<meta property=\"og:image:type\" content=\"image\/jpeg\" \/>\n<meta name=\"author\" content=\"AlterTour\" \/>\n<meta name=\"twitter:card\" content=\"summary_large_image\" \/>\n<meta name=\"twitter:label1\" content=\"\u00c9crit par\" \/>\n\t<meta name=\"twitter:data1\" content=\"AlterTour\" \/>\n\t<meta name=\"twitter:label2\" content=\"Dur\u00e9e de lecture estim\u00e9e\" \/>\n\t<meta name=\"twitter:data2\" content=\"6 minutes\" \/>\n<script type=\"application\/ld+json\" class=\"yoast-schema-graph\">{\"@context\":\"https:\\\/\\\/schema.org\",\"@graph\":[{\"@type\":\"Article\",\"@id\":\"https:\\\/\\\/www.altercampagne.net\\\/?p=26217#article\",\"isPartOf\":{\"@id\":\"https:\\\/\\\/www.altercampagne.net\\\/?p=26217\"},\"author\":{\"name\":\"AlterTour\",\"@id\":\"https:\\\/\\\/www.altercampagne.net\\\/#\\\/schema\\\/person\\\/e5b68c803196f649c2152249d262d94a\"},\"headline\":\"Aventures au Hameau des buis\",\"datePublished\":\"2022-07-16T07:45:00+00:00\",\"dateModified\":\"2022-08-09T08:36:12+00:00\",\"mainEntityOfPage\":{\"@id\":\"https:\\\/\\\/www.altercampagne.net\\\/?p=26217\"},\"wordCount\":988,\"image\":{\"@id\":\"https:\\\/\\\/www.altercampagne.net\\\/?p=26217#primaryimage\"},\"thumbnailUrl\":\"https:\\\/\\\/www.altercampagne.net\\\/wp-content\\\/uploads\\\/2022\\\/08\\\/ADT22_0716_Hameau-des-buis_07.jpg\",\"articleSection\":[\"Auvergne-Rh\u00f4ne-Alpes\",\"Alter-D-tour\",\"Edition 2022\",\"Environnement\",\"Habitat\"],\"inLanguage\":\"fr-FR\"},{\"@type\":\"WebPage\",\"@id\":\"https:\\\/\\\/www.altercampagne.net\\\/?p=26217\",\"url\":\"https:\\\/\\\/www.altercampagne.net\\\/?p=26217\",\"name\":\"Aventures au Hameau des buis - AlterTour\",\"isPartOf\":{\"@id\":\"https:\\\/\\\/www.altercampagne.net\\\/#website\"},\"primaryImageOfPage\":{\"@id\":\"https:\\\/\\\/www.altercampagne.net\\\/?p=26217#primaryimage\"},\"image\":{\"@id\":\"https:\\\/\\\/www.altercampagne.net\\\/?p=26217#primaryimage\"},\"thumbnailUrl\":\"https:\\\/\\\/www.altercampagne.net\\\/wp-content\\\/uploads\\\/2022\\\/08\\\/ADT22_0716_Hameau-des-buis_07.jpg\",\"datePublished\":\"2022-07-16T07:45:00+00:00\",\"dateModified\":\"2022-08-09T08:36:12+00:00\",\"author\":{\"@id\":\"https:\\\/\\\/www.altercampagne.net\\\/#\\\/schema\\\/person\\\/e5b68c803196f649c2152249d262d94a\"},\"breadcrumb\":{\"@id\":\"https:\\\/\\\/www.altercampagne.net\\\/?p=26217#breadcrumb\"},\"inLanguage\":\"fr-FR\",\"potentialAction\":[{\"@type\":\"ReadAction\",\"target\":[\"https:\\\/\\\/www.altercampagne.net\\\/?p=26217\"]}]},{\"@type\":\"ImageObject\",\"inLanguage\":\"fr-FR\",\"@id\":\"https:\\\/\\\/www.altercampagne.net\\\/?p=26217#primaryimage\",\"url\":\"https:\\\/\\\/www.altercampagne.net\\\/wp-content\\\/uploads\\\/2022\\\/08\\\/ADT22_0716_Hameau-des-buis_07.jpg\",\"contentUrl\":\"https:\\\/\\\/www.altercampagne.net\\\/wp-content\\\/uploads\\\/2022\\\/08\\\/ADT22_0716_Hameau-des-buis_07.jpg\",\"width\":1000,\"height\":665},{\"@type\":\"BreadcrumbList\",\"@id\":\"https:\\\/\\\/www.altercampagne.net\\\/?p=26217#breadcrumb\",\"itemListElement\":[{\"@type\":\"ListItem\",\"position\":1,\"name\":\"Accueil\",\"item\":\"https:\\\/\\\/www.altercampagne.net\\\/\"},{\"@type\":\"ListItem\",\"position\":2,\"name\":\"Aventures au Hameau des buis\"}]},{\"@type\":\"WebSite\",\"@id\":\"https:\\\/\\\/www.altercampagne.net\\\/#website\",\"url\":\"https:\\\/\\\/www.altercampagne.net\\\/\",\"name\":\"AlterTour\",\"description\":\"Reliez les Alternatives \u00e0 v\u00e9lo\",\"potentialAction\":[{\"@type\":\"SearchAction\",\"target\":{\"@type\":\"EntryPoint\",\"urlTemplate\":\"https:\\\/\\\/www.altercampagne.net\\\/?s={search_term_string}\"},\"query-input\":{\"@type\":\"PropertyValueSpecification\",\"valueRequired\":true,\"valueName\":\"search_term_string\"}}],\"inLanguage\":\"fr-FR\"},{\"@type\":\"Person\",\"@id\":\"https:\\\/\\\/www.altercampagne.net\\\/#\\\/schema\\\/person\\\/e5b68c803196f649c2152249d262d94a\",\"name\":\"AlterTour\",\"image\":{\"@type\":\"ImageObject\",\"inLanguage\":\"fr-FR\",\"@id\":\"https:\\\/\\\/secure.gravatar.com\\\/avatar\\\/3f2ed77f8506b8ea264ad5938bb0114bfa10f35b64086a66dfbb6e9f58ad9693?s=96&d=mm&r=g\",\"url\":\"https:\\\/\\\/secure.gravatar.com\\\/avatar\\\/3f2ed77f8506b8ea264ad5938bb0114bfa10f35b64086a66dfbb6e9f58ad9693?s=96&d=mm&r=g\",\"contentUrl\":\"https:\\\/\\\/secure.gravatar.com\\\/avatar\\\/3f2ed77f8506b8ea264ad5938bb0114bfa10f35b64086a66dfbb6e9f58ad9693?s=96&d=mm&r=g\",\"caption\":\"AlterTour\"},\"url\":\"https:\\\/\\\/www.altercampagne.net\\\/?author=215\"}]}<\/script>\n<!-- \/ Yoast SEO plugin. -->","yoast_head_json":{"title":"Aventures au Hameau des buis - AlterTour","robots":{"index":"index","follow":"follow","max-snippet":"max-snippet:-1","max-image-preview":"max-image-preview:large","max-video-preview":"max-video-preview:-1"},"canonical":"https:\/\/www.altercampagne.net\/?p=26217","og_locale":"fr_FR","og_type":"article","og_title":"Aventures au Hameau des buis - AlterTour","og_description":"Pour cet article, nous avons d\u00e9cid\u00e9 de r\u00e9colter des anecdotes de nos ami-es altercyclistes pour avoir un aper\u00e7u de leur s\u00e9jour au Hameau des Buis. Contrairement \u00e0 ce que pensaient nos ami-es scouts que nous avons retrouv\u00e9 sur place, pour leur plus grandes surprise et joie, les altercyclistes ne sont ... Read More","og_url":"https:\/\/www.altercampagne.net\/?p=26217","og_site_name":"AlterTour","article_published_time":"2022-07-16T07:45:00+00:00","article_modified_time":"2022-08-09T08:36:12+00:00","og_image":[{"width":1000,"height":665,"url":"https:\/\/www.altercampagne.net\/wp-content\/uploads\/2022\/08\/ADT22_0716_Hameau-des-buis_07.jpg","type":"image\/jpeg"}],"author":"AlterTour","twitter_card":"summary_large_image","twitter_misc":{"\u00c9crit par":"AlterTour","Dur\u00e9e de lecture estim\u00e9e":"6 minutes"},"schema":{"@context":"https:\/\/schema.org","@graph":[{"@type":"Article","@id":"https:\/\/www.altercampagne.net\/?p=26217#article","isPartOf":{"@id":"https:\/\/www.altercampagne.net\/?p=26217"},"author":{"name":"AlterTour","@id":"https:\/\/www.altercampagne.net\/#\/schema\/person\/e5b68c803196f649c2152249d262d94a"},"headline":"Aventures au Hameau des buis","datePublished":"2022-07-16T07:45:00+00:00","dateModified":"2022-08-09T08:36:12+00:00","mainEntityOfPage":{"@id":"https:\/\/www.altercampagne.net\/?p=26217"},"wordCount":988,"image":{"@id":"https:\/\/www.altercampagne.net\/?p=26217#primaryimage"},"thumbnailUrl":"https:\/\/www.altercampagne.net\/wp-content\/uploads\/2022\/08\/ADT22_0716_Hameau-des-buis_07.jpg","articleSection":["Auvergne-Rh\u00f4ne-Alpes","Alter-D-tour","Edition 2022","Environnement","Habitat"],"inLanguage":"fr-FR"},{"@type":"WebPage","@id":"https:\/\/www.altercampagne.net\/?p=26217","url":"https:\/\/www.altercampagne.net\/?p=26217","name":"Aventures au Hameau des buis - AlterTour","isPartOf":{"@id":"https:\/\/www.altercampagne.net\/#website"},"primaryImageOfPage":{"@id":"https:\/\/www.altercampagne.net\/?p=26217#primaryimage"},"image":{"@id":"https:\/\/www.altercampagne.net\/?p=26217#primaryimage"},"thumbnailUrl":"https:\/\/www.altercampagne.net\/wp-content\/uploads\/2022\/08\/ADT22_0716_Hameau-des-buis_07.jpg","datePublished":"2022-07-16T07:45:00+00:00","dateModified":"2022-08-09T08:36:12+00:00","author":{"@id":"https:\/\/www.altercampagne.net\/#\/schema\/person\/e5b68c803196f649c2152249d262d94a"},"breadcrumb":{"@id":"https:\/\/www.altercampagne.net\/?p=26217#breadcrumb"},"inLanguage":"fr-FR","potentialAction":[{"@type":"ReadAction","target":["https:\/\/www.altercampagne.net\/?p=26217"]}]},{"@type":"ImageObject","inLanguage":"fr-FR","@id":"https:\/\/www.altercampagne.net\/?p=26217#primaryimage","url":"https:\/\/www.altercampagne.net\/wp-content\/uploads\/2022\/08\/ADT22_0716_Hameau-des-buis_07.jpg","contentUrl":"https:\/\/www.altercampagne.net\/wp-content\/uploads\/2022\/08\/ADT22_0716_Hameau-des-buis_07.jpg","width":1000,"height":665},{"@type":"BreadcrumbList","@id":"https:\/\/www.altercampagne.net\/?p=26217#breadcrumb","itemListElement":[{"@type":"ListItem","position":1,"name":"Accueil","item":"https:\/\/www.altercampagne.net\/"},{"@type":"ListItem","position":2,"name":"Aventures au Hameau des buis"}]},{"@type":"WebSite","@id":"https:\/\/www.altercampagne.net\/#website","url":"https:\/\/www.altercampagne.net\/","name":"AlterTour","description":"Reliez les Alternatives \u00e0 v\u00e9lo","potentialAction":[{"@type":"SearchAction","target":{"@type":"EntryPoint","urlTemplate":"https:\/\/www.altercampagne.net\/?s={search_term_string}"},"query-input":{"@type":"PropertyValueSpecification","valueRequired":true,"valueName":"search_term_string"}}],"inLanguage":"fr-FR"},{"@type":"Person","@id":"https:\/\/www.altercampagne.net\/#\/schema\/person\/e5b68c803196f649c2152249d262d94a","name":"AlterTour","image":{"@type":"ImageObject","inLanguage":"fr-FR","@id":"https:\/\/secure.gravatar.com\/avatar\/3f2ed77f8506b8ea264ad5938bb0114bfa10f35b64086a66dfbb6e9f58ad9693?s=96&d=mm&r=g","url":"https:\/\/secure.gravatar.com\/avatar\/3f2ed77f8506b8ea264ad5938bb0114bfa10f35b64086a66dfbb6e9f58ad9693?s=96&d=mm&r=g","contentUrl":"https:\/\/secure.gravatar.com\/avatar\/3f2ed77f8506b8ea264ad5938bb0114bfa10f35b64086a66dfbb6e9f58ad9693?s=96&d=mm&r=g","caption":"AlterTour"},"url":"https:\/\/www.altercampagne.net\/?author=215"}]}},"_links":{"self":[{"href":"https:\/\/www.altercampagne.net\/index.php?rest_route=\/wp\/v2\/posts\/26217","targetHints":{"allow":["GET"]}}],"collection":[{"href":"https:\/\/www.altercampagne.net\/index.php?rest_route=\/wp\/v2\/posts"}],"about":[{"href":"https:\/\/www.altercampagne.net\/index.php?rest_route=\/wp\/v2\/types\/post"}],"author":[{"embeddable":true,"href":"https:\/\/www.altercampagne.net\/index.php?rest_route=\/wp\/v2\/users\/215"}],"replies":[{"embeddable":true,"href":"https:\/\/www.altercampagne.net\/index.php?rest_route=%2Fwp%2Fv2%2Fcomments&post=26217"}],"version-history":[{"count":1,"href":"https:\/\/www.altercampagne.net\/index.php?rest_route=\/wp\/v2\/posts\/26217\/revisions"}],"predecessor-version":[{"id":26241,"href":"https:\/\/www.altercampagne.net\/index.php?rest_route=\/wp\/v2\/posts\/26217\/revisions\/26241"}],"wp:featuredmedia":[{"embeddable":true,"href":"https:\/\/www.altercampagne.net\/index.php?rest_route=\/wp\/v2\/media\/26238"}],"wp:attachment":[{"href":"https:\/\/www.altercampagne.net\/index.php?rest_route=%2Fwp%2Fv2%2Fmedia&parent=26217"}],"wp:term":[{"taxonomy":"category","embeddable":true,"href":"https:\/\/www.altercampagne.net\/index.php?rest_route=%2Fwp%2Fv2%2Fcategories&post=26217"},{"taxonomy":"post_tag","embeddable":true,"href":"https:\/\/www.altercampagne.net\/index.php?rest_route=%2Fwp%2Fv2%2Ftags&post=26217"}],"curies":[{"name":"wp","href":"https:\/\/api.w.org\/{rel}","templated":true}]}}