{"id":26250,"date":"2022-08-09T14:43:54","date_gmt":"2022-08-09T12:43:54","guid":{"rendered":"https:\/\/www.altercampagne.net\/?p=26250"},"modified":"2022-08-09T14:47:44","modified_gmt":"2022-08-09T12:47:44","slug":"le-cafe-villageois-de-lauris","status":"publish","type":"post","link":"https:\/\/www.altercampagne.net\/?p=26250","title":{"rendered":"Le Caf\u00e9 Villageois de Lauris"},"content":{"rendered":"\n<p>On commence \u00e0 la sentir. <br>La descente se fait de plus en plus forte, et tout \u00e0 coup, elle est l\u00e0. Tranquille, lente, avec ses bras sinueux. <br><strong>La Durance.<\/strong><br>On passe dans le Vaucluse. On approche de ce pays si cher \u00e0 Rainer Maria Rilke et Ren\u00e9 Char, voisins il y a cent ans de ces contr\u00e9es, du c\u00f4t\u00e9 de la Sorgues tellement bien d\u00e9crites dans les \u00ab&nbsp;lettres \u00e0 un jeune po\u00e8te&nbsp;\u00bb.<br>Puis on per\u00e7oit <strong>l&rsquo;eau qui gargouille dans les rigoles, les canaux.<\/strong> La v\u00e9g\u00e9tation se fait plus luxuriante. <strong>Mais ne nous leurrons pas, le stress hydrique est bien l\u00e0.<\/strong> Les changements climatiques, \u0153uvres de l&rsquo;homme, transforment les pratiques&#8230;<\/p>\n\n\n\n<p>Les fruits sont beaux, nombreux sur les arbres, au pied des plants, presque m\u00fbrs, les l\u00e9gumes poussent sous les serres a\u00e9r\u00e9es. Tout semble prolif\u00e9rer \u00e0 profusion dans cette vall\u00e9e, ample et g\u00e9n\u00e9reuse. Axelle et Palina me disent que c&rsquo;est bon de r\u00e9colter les oignons, de toucher la terre, de travailler ensemble, que les odeurs sont belles et le sol chaud, mais que c&rsquo;est vraiment dur, trop chaud.<br>Oui, <strong>la vie ici reste une question de labeur, d&rsquo;effort, et surtout de recherche de d\u00e9mocratie, de lutte contre la mar\u00e9e noire et brune.<\/strong><\/p>\n\n\n\n<p>L&rsquo;AlterTour n&rsquo;en est pas \u00e0 son premier passage chez les amis Eric, Caro et les autres du <a href=\"https:\/\/www.aumaquis.org\/cafe-villageois\/\">Caf\u00e9 Citoyen<\/a> qui m\u00e9rite bien ses 2 majuscules tant il est important dans le tissage des liens sociaux des lieux o\u00f9 il prend vie.<br>10 ans d\u00e9j\u00e0 depuis M\u00e9rindol, le four solaire qui peinant \u00e0 cuire les repas des AlterCyclistes.<\/p>\n\n\n\n<p>A Lauris, perch\u00e9 sur les hauteurs d&rsquo;un escarpement, l\u00e0 o\u00f9 les quelques bars et caf\u00e9s ferment \u00e0 21 heures, la vie du Caf\u00e9 Citoyen ne s&rsquo;arr\u00eate pas, connect\u00e9e aux terres de mara\u00eechage.<\/p>\n\n\n\n<figure class=\"wp-block-image size-large\"><a href=\"https:\/\/www.altercampagne.net\/wp-content\/uploads\/2022\/08\/ALT02188-scaled.jpg\"><img loading=\"lazy\" decoding=\"async\" width=\"1024\" height=\"683\" src=\"https:\/\/www.altercampagne.net\/wp-content\/uploads\/2022\/08\/ALT02188-1024x683.jpg\" alt=\"\" class=\"wp-image-26252\" srcset=\"https:\/\/www.altercampagne.net\/wp-content\/uploads\/2022\/08\/ALT02188-1024x683.jpg 1024w, https:\/\/www.altercampagne.net\/wp-content\/uploads\/2022\/08\/ALT02188-300x200.jpg 300w, https:\/\/www.altercampagne.net\/wp-content\/uploads\/2022\/08\/ALT02188-768x512.jpg 768w, https:\/\/www.altercampagne.net\/wp-content\/uploads\/2022\/08\/ALT02188-1536x1024.jpg 1536w, https:\/\/www.altercampagne.net\/wp-content\/uploads\/2022\/08\/ALT02188-2048x1365.jpg 2048w, https:\/\/www.altercampagne.net\/wp-content\/uploads\/2022\/08\/ALT02188-610x407.jpg 610w, https:\/\/www.altercampagne.net\/wp-content\/uploads\/2022\/08\/ALT02188-100x67.jpg 100w, https:\/\/www.altercampagne.net\/wp-content\/uploads\/2022\/08\/ALT02188-862x575.jpg 862w, https:\/\/www.altercampagne.net\/wp-content\/uploads\/2022\/08\/ALT02188-1140x760.jpg 1140w\" sizes=\"auto, (max-width: 1024px) 100vw, 1024px\" \/><\/a><\/figure>\n\n\n\n<p>Dans la torpeur de cet apr\u00e8s-midi caniculaire, les 60 altercyclistes s\u2019abreuvent des projets de nos h\u00f4tes occupant la premi\u00e8re centrale hydraulique de France,<strong> un lieu ampli d\u2019histoires et de luttes pour le lien social et la d\u00e9croissance<\/strong>.<\/p>\n\n\n\n<p>D\u00e9m\u00e9nagements, soutien parcimonieux des \u00e9diles municipales, contacts permanents et entretenus avec les habitants ont permis \u00e0 cet espace vivant de tenir bon, de vivre au-del\u00e0 du seul acc\u00e8s \u00e0 un terrain. L&rsquo;acc\u00e8s aux terres productives restent n\u00e9anmoins un fondamental&nbsp;!<\/p>\n\n\n\n<p>Vie lui fut donn\u00e9e, alors qu&rsquo;ils ont toujours cultiv\u00e9, mara\u00eech\u00e9 des milliers de m\u00e8tres carr\u00e9s, des hectares de terres plus ou moins fertiles, mais toujours dans le respect de celle-ci.<\/p>\n\n\n\n<p><strong>Ateliers associatifs, march\u00e9 paysan, soir\u00e9es conviviales, culturelles, ludiques<\/strong> ont fait de cet endroit un espace de rencontres qui plante ses racines bien au-del\u00e0 du local, bien au-del\u00e0 de la r\u00e9gion, accueillant des porteurs et porteuses de projets d&rsquo;Apt, de Cavaillon et au-del\u00e0 des fronti\u00e8res gr\u00e2ce aux migrants.<\/p>\n\n\n\n<p>Le b\u00e2timent va \u00e9voluer, le toit va \u00eatre refait, plus de 300 m\u00e8tres carr\u00e9s sont en espoir de r\u00e9novation. Mais l&rsquo;investissement des villageois, la r\u00e9union de nombreuses et nombreux porteuses et porteurs de projets, la concr\u00e9tisation de projets culturels, associatifs, \u00e9ducatifs importe bien plus que les vicissitudes des al\u00e9as administratifs municipaux.<\/p>\n\n\n\n<figure class=\"wp-block-image size-large\"><a href=\"https:\/\/www.altercampagne.net\/wp-content\/uploads\/2022\/08\/ALT02202-scaled.jpg\"><img loading=\"lazy\" decoding=\"async\" width=\"1024\" height=\"683\" src=\"https:\/\/www.altercampagne.net\/wp-content\/uploads\/2022\/08\/ALT02202-1024x683.jpg\" alt=\"\" class=\"wp-image-26253\" srcset=\"https:\/\/www.altercampagne.net\/wp-content\/uploads\/2022\/08\/ALT02202-1024x683.jpg 1024w, https:\/\/www.altercampagne.net\/wp-content\/uploads\/2022\/08\/ALT02202-300x200.jpg 300w, https:\/\/www.altercampagne.net\/wp-content\/uploads\/2022\/08\/ALT02202-768x512.jpg 768w, https:\/\/www.altercampagne.net\/wp-content\/uploads\/2022\/08\/ALT02202-1536x1024.jpg 1536w, https:\/\/www.altercampagne.net\/wp-content\/uploads\/2022\/08\/ALT02202-2048x1365.jpg 2048w, https:\/\/www.altercampagne.net\/wp-content\/uploads\/2022\/08\/ALT02202-610x407.jpg 610w, https:\/\/www.altercampagne.net\/wp-content\/uploads\/2022\/08\/ALT02202-100x67.jpg 100w, https:\/\/www.altercampagne.net\/wp-content\/uploads\/2022\/08\/ALT02202-862x575.jpg 862w, https:\/\/www.altercampagne.net\/wp-content\/uploads\/2022\/08\/ALT02202-1140x760.jpg 1140w\" sizes=\"auto, (max-width: 1024px) 100vw, 1024px\" \/><\/a><\/figure>\n\n\n\n<p><strong>Le caf\u00e9 porte des espoirs politiques<\/strong>. Comme en &rsquo;46, \u00e0 l&rsquo;instar des pr\u00e9misses de la s\u00e9curit\u00e9 sociale port\u00e9e par la force ouvri\u00e8re de tous secteurs, poind le jour d&rsquo;une S\u00e9curit\u00e9 Sociale Alimentaire (aussi avec 3 majuscules!) test\u00e9e, exp\u00e9riment\u00e9e sur une population volontaire et volontairement limit\u00e9e. Les \u00e9lu.e.s \u00e0 l&rsquo;Assembl\u00e9e nationale \u00e0 ce stade peuvent apprendre. Le conventionnement des producteurs est \u00e0 l&rsquo;ordre du jour pour une alimentation saine et durable pour tou.te.s&nbsp;! Un vrai d\u00e9fi pour cette association d&rsquo;Education populaire (on dit Education permanente en Belgique) ax\u00e9e sur les aspects alimentaires, vivre et faire ensemble, culture, entraide et solidarit\u00e9..<\/p>\n\n\n\n<p>Un projet que l&rsquo;AlterTour ne manquera pas de colporter, et d&rsquo;y revenir! Lorsque la Caisse Sociale Alimentaire sera g\u00e9n\u00e9ralis\u00e9e? On esp\u00e8re avant dix ans!<\/p>\n\n\n\n<p class=\"has-text-align-right\"><em>Eric \u00e0 la r\u00e9daction et Capitaine Remi \u00e0 la photographie<\/em><\/p>\n","protected":false},"excerpt":{"rendered":"<p>On commence \u00e0 la sentir. La descente se fait de plus en plus forte, et tout \u00e0 coup, elle est l\u00e0. Tranquille, lente, avec ses bras sinueux. La Durance.On passe dans le Vaucluse. On approche de ce pays si cher \u00e0 Rainer Maria Rilke et Ren\u00e9 Char, voisins il y &#8230; <\/p>\n<div><a href=\"https:\/\/www.altercampagne.net\/?p=26250\" class=\"more-link\">Read More<\/a><\/div>\n","protected":false},"author":316,"featured_media":26255,"comment_status":"closed","ping_status":"closed","sticky":false,"template":"","format":"standard","meta":{"footnotes":""},"categories":[3483,3489,4357,3490,3938,3486,3482,3540],"tags":[],"class_list":["post-26250","post","type-post","status-publish","format-standard","has-post-thumbnail","hentry","category-agriculture","category-alimentation","category-edition-2022","category-culture","category-education","category-environnement","category-provence-alpes-cote-dazur","category-transverse"],"yoast_head":"<!-- This site is optimized with the Yoast SEO plugin v27.3 - https:\/\/yoast.com\/product\/yoast-seo-wordpress\/ -->\n<title>Le Caf\u00e9 Villageois de Lauris - AlterTour<\/title>\n<meta name=\"robots\" content=\"index, follow, max-snippet:-1, max-image-preview:large, max-video-preview:-1\" \/>\n<link rel=\"canonical\" href=\"https:\/\/www.altercampagne.net\/?p=26250\" \/>\n<meta property=\"og:locale\" content=\"fr_FR\" \/>\n<meta property=\"og:type\" content=\"article\" \/>\n<meta property=\"og:title\" content=\"Le Caf\u00e9 Villageois de Lauris - AlterTour\" \/>\n<meta property=\"og:description\" content=\"On commence \u00e0 la sentir. La descente se fait de plus en plus forte, et tout \u00e0 coup, elle est l\u00e0. Tranquille, lente, avec ses bras sinueux. La Durance.On passe dans le Vaucluse. On approche de ce pays si cher \u00e0 Rainer Maria Rilke et Ren\u00e9 Char, voisins il y ... Read More\" \/>\n<meta property=\"og:url\" content=\"https:\/\/www.altercampagne.net\/?p=26250\" \/>\n<meta property=\"og:site_name\" content=\"AlterTour\" \/>\n<meta property=\"article:published_time\" content=\"2022-08-09T12:43:54+00:00\" \/>\n<meta property=\"article:modified_time\" content=\"2022-08-09T12:47:44+00:00\" \/>\n<meta property=\"og:image\" content=\"https:\/\/www.altercampagne.net\/wp-content\/uploads\/2022\/08\/ALT02191-scaled.jpg\" \/>\n\t<meta property=\"og:image:width\" content=\"2560\" \/>\n\t<meta property=\"og:image:height\" content=\"1707\" \/>\n\t<meta property=\"og:image:type\" content=\"image\/jpeg\" \/>\n<meta name=\"author\" content=\"Jonas\" \/>\n<meta name=\"twitter:card\" content=\"summary_large_image\" \/>\n<meta name=\"twitter:label1\" content=\"\u00c9crit par\" \/>\n\t<meta name=\"twitter:data1\" content=\"Jonas\" \/>\n\t<meta name=\"twitter:label2\" content=\"Dur\u00e9e de lecture estim\u00e9e\" \/>\n\t<meta name=\"twitter:data2\" content=\"4 minutes\" \/>\n<script type=\"application\/ld+json\" class=\"yoast-schema-graph\">{\"@context\":\"https:\\\/\\\/schema.org\",\"@graph\":[{\"@type\":\"Article\",\"@id\":\"https:\\\/\\\/www.altercampagne.net\\\/?p=26250#article\",\"isPartOf\":{\"@id\":\"https:\\\/\\\/www.altercampagne.net\\\/?p=26250\"},\"author\":{\"name\":\"Jonas\",\"@id\":\"https:\\\/\\\/www.altercampagne.net\\\/#\\\/schema\\\/person\\\/308dc295a67929d58321ff6b59820daa\"},\"headline\":\"Le Caf\u00e9 Villageois de Lauris\",\"datePublished\":\"2022-08-09T12:43:54+00:00\",\"dateModified\":\"2022-08-09T12:47:44+00:00\",\"mainEntityOfPage\":{\"@id\":\"https:\\\/\\\/www.altercampagne.net\\\/?p=26250\"},\"wordCount\":704,\"image\":{\"@id\":\"https:\\\/\\\/www.altercampagne.net\\\/?p=26250#primaryimage\"},\"thumbnailUrl\":\"https:\\\/\\\/www.altercampagne.net\\\/wp-content\\\/uploads\\\/2022\\\/08\\\/ALT02191-scaled.jpg\",\"articleSection\":[\"Agriculture\",\"Alimentation\",\"Edition 2022\",\"Culture\",\"Education\",\"Environnement\",\"Provence-Alpes-C\u00f4te d'Azur\",\"Transverse\"],\"inLanguage\":\"fr-FR\"},{\"@type\":\"WebPage\",\"@id\":\"https:\\\/\\\/www.altercampagne.net\\\/?p=26250\",\"url\":\"https:\\\/\\\/www.altercampagne.net\\\/?p=26250\",\"name\":\"Le Caf\u00e9 Villageois de Lauris - AlterTour\",\"isPartOf\":{\"@id\":\"https:\\\/\\\/www.altercampagne.net\\\/#website\"},\"primaryImageOfPage\":{\"@id\":\"https:\\\/\\\/www.altercampagne.net\\\/?p=26250#primaryimage\"},\"image\":{\"@id\":\"https:\\\/\\\/www.altercampagne.net\\\/?p=26250#primaryimage\"},\"thumbnailUrl\":\"https:\\\/\\\/www.altercampagne.net\\\/wp-content\\\/uploads\\\/2022\\\/08\\\/ALT02191-scaled.jpg\",\"datePublished\":\"2022-08-09T12:43:54+00:00\",\"dateModified\":\"2022-08-09T12:47:44+00:00\",\"author\":{\"@id\":\"https:\\\/\\\/www.altercampagne.net\\\/#\\\/schema\\\/person\\\/308dc295a67929d58321ff6b59820daa\"},\"breadcrumb\":{\"@id\":\"https:\\\/\\\/www.altercampagne.net\\\/?p=26250#breadcrumb\"},\"inLanguage\":\"fr-FR\",\"potentialAction\":[{\"@type\":\"ReadAction\",\"target\":[\"https:\\\/\\\/www.altercampagne.net\\\/?p=26250\"]}]},{\"@type\":\"ImageObject\",\"inLanguage\":\"fr-FR\",\"@id\":\"https:\\\/\\\/www.altercampagne.net\\\/?p=26250#primaryimage\",\"url\":\"https:\\\/\\\/www.altercampagne.net\\\/wp-content\\\/uploads\\\/2022\\\/08\\\/ALT02191-scaled.jpg\",\"contentUrl\":\"https:\\\/\\\/www.altercampagne.net\\\/wp-content\\\/uploads\\\/2022\\\/08\\\/ALT02191-scaled.jpg\",\"width\":2560,\"height\":1707},{\"@type\":\"BreadcrumbList\",\"@id\":\"https:\\\/\\\/www.altercampagne.net\\\/?p=26250#breadcrumb\",\"itemListElement\":[{\"@type\":\"ListItem\",\"position\":1,\"name\":\"Accueil\",\"item\":\"https:\\\/\\\/www.altercampagne.net\\\/\"},{\"@type\":\"ListItem\",\"position\":2,\"name\":\"Le Caf\u00e9 Villageois de Lauris\"}]},{\"@type\":\"WebSite\",\"@id\":\"https:\\\/\\\/www.altercampagne.net\\\/#website\",\"url\":\"https:\\\/\\\/www.altercampagne.net\\\/\",\"name\":\"AlterTour\",\"description\":\"Reliez les Alternatives \u00e0 v\u00e9lo\",\"potentialAction\":[{\"@type\":\"SearchAction\",\"target\":{\"@type\":\"EntryPoint\",\"urlTemplate\":\"https:\\\/\\\/www.altercampagne.net\\\/?s={search_term_string}\"},\"query-input\":{\"@type\":\"PropertyValueSpecification\",\"valueRequired\":true,\"valueName\":\"search_term_string\"}}],\"inLanguage\":\"fr-FR\"},{\"@type\":\"Person\",\"@id\":\"https:\\\/\\\/www.altercampagne.net\\\/#\\\/schema\\\/person\\\/308dc295a67929d58321ff6b59820daa\",\"name\":\"Jonas\",\"image\":{\"@type\":\"ImageObject\",\"inLanguage\":\"fr-FR\",\"@id\":\"https:\\\/\\\/secure.gravatar.com\\\/avatar\\\/ade7b451791545d463915f445a8aee91b58c48cdcbc1ab2b8583fa2f30e159e4?s=96&d=mm&r=g\",\"url\":\"https:\\\/\\\/secure.gravatar.com\\\/avatar\\\/ade7b451791545d463915f445a8aee91b58c48cdcbc1ab2b8583fa2f30e159e4?s=96&d=mm&r=g\",\"contentUrl\":\"https:\\\/\\\/secure.gravatar.com\\\/avatar\\\/ade7b451791545d463915f445a8aee91b58c48cdcbc1ab2b8583fa2f30e159e4?s=96&d=mm&r=g\",\"caption\":\"Jonas\"},\"url\":\"https:\\\/\\\/www.altercampagne.net\\\/?author=316\"}]}<\/script>\n<!-- \/ Yoast SEO plugin. -->","yoast_head_json":{"title":"Le Caf\u00e9 Villageois de Lauris - AlterTour","robots":{"index":"index","follow":"follow","max-snippet":"max-snippet:-1","max-image-preview":"max-image-preview:large","max-video-preview":"max-video-preview:-1"},"canonical":"https:\/\/www.altercampagne.net\/?p=26250","og_locale":"fr_FR","og_type":"article","og_title":"Le Caf\u00e9 Villageois de Lauris - AlterTour","og_description":"On commence \u00e0 la sentir. La descente se fait de plus en plus forte, et tout \u00e0 coup, elle est l\u00e0. Tranquille, lente, avec ses bras sinueux. La Durance.On passe dans le Vaucluse. On approche de ce pays si cher \u00e0 Rainer Maria Rilke et Ren\u00e9 Char, voisins il y ... Read More","og_url":"https:\/\/www.altercampagne.net\/?p=26250","og_site_name":"AlterTour","article_published_time":"2022-08-09T12:43:54+00:00","article_modified_time":"2022-08-09T12:47:44+00:00","og_image":[{"width":2560,"height":1707,"url":"https:\/\/www.altercampagne.net\/wp-content\/uploads\/2022\/08\/ALT02191-scaled.jpg","type":"image\/jpeg"}],"author":"Jonas","twitter_card":"summary_large_image","twitter_misc":{"\u00c9crit par":"Jonas","Dur\u00e9e de lecture estim\u00e9e":"4 minutes"},"schema":{"@context":"https:\/\/schema.org","@graph":[{"@type":"Article","@id":"https:\/\/www.altercampagne.net\/?p=26250#article","isPartOf":{"@id":"https:\/\/www.altercampagne.net\/?p=26250"},"author":{"name":"Jonas","@id":"https:\/\/www.altercampagne.net\/#\/schema\/person\/308dc295a67929d58321ff6b59820daa"},"headline":"Le Caf\u00e9 Villageois de Lauris","datePublished":"2022-08-09T12:43:54+00:00","dateModified":"2022-08-09T12:47:44+00:00","mainEntityOfPage":{"@id":"https:\/\/www.altercampagne.net\/?p=26250"},"wordCount":704,"image":{"@id":"https:\/\/www.altercampagne.net\/?p=26250#primaryimage"},"thumbnailUrl":"https:\/\/www.altercampagne.net\/wp-content\/uploads\/2022\/08\/ALT02191-scaled.jpg","articleSection":["Agriculture","Alimentation","Edition 2022","Culture","Education","Environnement","Provence-Alpes-C\u00f4te d'Azur","Transverse"],"inLanguage":"fr-FR"},{"@type":"WebPage","@id":"https:\/\/www.altercampagne.net\/?p=26250","url":"https:\/\/www.altercampagne.net\/?p=26250","name":"Le Caf\u00e9 Villageois de Lauris - AlterTour","isPartOf":{"@id":"https:\/\/www.altercampagne.net\/#website"},"primaryImageOfPage":{"@id":"https:\/\/www.altercampagne.net\/?p=26250#primaryimage"},"image":{"@id":"https:\/\/www.altercampagne.net\/?p=26250#primaryimage"},"thumbnailUrl":"https:\/\/www.altercampagne.net\/wp-content\/uploads\/2022\/08\/ALT02191-scaled.jpg","datePublished":"2022-08-09T12:43:54+00:00","dateModified":"2022-08-09T12:47:44+00:00","author":{"@id":"https:\/\/www.altercampagne.net\/#\/schema\/person\/308dc295a67929d58321ff6b59820daa"},"breadcrumb":{"@id":"https:\/\/www.altercampagne.net\/?p=26250#breadcrumb"},"inLanguage":"fr-FR","potentialAction":[{"@type":"ReadAction","target":["https:\/\/www.altercampagne.net\/?p=26250"]}]},{"@type":"ImageObject","inLanguage":"fr-FR","@id":"https:\/\/www.altercampagne.net\/?p=26250#primaryimage","url":"https:\/\/www.altercampagne.net\/wp-content\/uploads\/2022\/08\/ALT02191-scaled.jpg","contentUrl":"https:\/\/www.altercampagne.net\/wp-content\/uploads\/2022\/08\/ALT02191-scaled.jpg","width":2560,"height":1707},{"@type":"BreadcrumbList","@id":"https:\/\/www.altercampagne.net\/?p=26250#breadcrumb","itemListElement":[{"@type":"ListItem","position":1,"name":"Accueil","item":"https:\/\/www.altercampagne.net\/"},{"@type":"ListItem","position":2,"name":"Le Caf\u00e9 Villageois de Lauris"}]},{"@type":"WebSite","@id":"https:\/\/www.altercampagne.net\/#website","url":"https:\/\/www.altercampagne.net\/","name":"AlterTour","description":"Reliez les Alternatives \u00e0 v\u00e9lo","potentialAction":[{"@type":"SearchAction","target":{"@type":"EntryPoint","urlTemplate":"https:\/\/www.altercampagne.net\/?s={search_term_string}"},"query-input":{"@type":"PropertyValueSpecification","valueRequired":true,"valueName":"search_term_string"}}],"inLanguage":"fr-FR"},{"@type":"Person","@id":"https:\/\/www.altercampagne.net\/#\/schema\/person\/308dc295a67929d58321ff6b59820daa","name":"Jonas","image":{"@type":"ImageObject","inLanguage":"fr-FR","@id":"https:\/\/secure.gravatar.com\/avatar\/ade7b451791545d463915f445a8aee91b58c48cdcbc1ab2b8583fa2f30e159e4?s=96&d=mm&r=g","url":"https:\/\/secure.gravatar.com\/avatar\/ade7b451791545d463915f445a8aee91b58c48cdcbc1ab2b8583fa2f30e159e4?s=96&d=mm&r=g","contentUrl":"https:\/\/secure.gravatar.com\/avatar\/ade7b451791545d463915f445a8aee91b58c48cdcbc1ab2b8583fa2f30e159e4?s=96&d=mm&r=g","caption":"Jonas"},"url":"https:\/\/www.altercampagne.net\/?author=316"}]}},"_links":{"self":[{"href":"https:\/\/www.altercampagne.net\/index.php?rest_route=\/wp\/v2\/posts\/26250","targetHints":{"allow":["GET"]}}],"collection":[{"href":"https:\/\/www.altercampagne.net\/index.php?rest_route=\/wp\/v2\/posts"}],"about":[{"href":"https:\/\/www.altercampagne.net\/index.php?rest_route=\/wp\/v2\/types\/post"}],"author":[{"embeddable":true,"href":"https:\/\/www.altercampagne.net\/index.php?rest_route=\/wp\/v2\/users\/316"}],"replies":[{"embeddable":true,"href":"https:\/\/www.altercampagne.net\/index.php?rest_route=%2Fwp%2Fv2%2Fcomments&post=26250"}],"version-history":[{"count":2,"href":"https:\/\/www.altercampagne.net\/index.php?rest_route=\/wp\/v2\/posts\/26250\/revisions"}],"predecessor-version":[{"id":26257,"href":"https:\/\/www.altercampagne.net\/index.php?rest_route=\/wp\/v2\/posts\/26250\/revisions\/26257"}],"wp:featuredmedia":[{"embeddable":true,"href":"https:\/\/www.altercampagne.net\/index.php?rest_route=\/wp\/v2\/media\/26255"}],"wp:attachment":[{"href":"https:\/\/www.altercampagne.net\/index.php?rest_route=%2Fwp%2Fv2%2Fmedia&parent=26250"}],"wp:term":[{"taxonomy":"category","embeddable":true,"href":"https:\/\/www.altercampagne.net\/index.php?rest_route=%2Fwp%2Fv2%2Fcategories&post=26250"},{"taxonomy":"post_tag","embeddable":true,"href":"https:\/\/www.altercampagne.net\/index.php?rest_route=%2Fwp%2Fv2%2Ftags&post=26250"}],"curies":[{"name":"wp","href":"https:\/\/api.w.org\/{rel}","templated":true}]}}