{"id":26254,"date":"2022-08-09T15:48:31","date_gmt":"2022-08-09T13:48:31","guid":{"rendered":"https:\/\/www.altercampagne.net\/?p=26254"},"modified":"2022-08-09T15:48:34","modified_gmt":"2022-08-09T13:48:34","slug":"table-ronde-des-alternatives-a-avignon","status":"publish","type":"post","link":"https:\/\/www.altercampagne.net\/?p=26254","title":{"rendered":"Table ronde des alternatives \u00e0 Avignon"},"content":{"rendered":"\n<p>Apr\u00e8s trois jours \u00e0 Lauris, le groupe replie les tentes et l\u00e8ve les voiles aussi t\u00f4t que possible. <br>C&rsquo;est que la route s&rsquo;annonce longue : pr\u00e8s de 60 kilom\u00e8tres au menu pour rejoindre Avignon. A 7h30 tapante (hmm hmm, \u00ab\u00a0si seulement\u00a0\u00bb doivent se dire les orga d&rsquo;\u00e9tapes), les cyclistes sont sur leur selle et le peloton part serpenter de part et d&rsquo;autre de la Durance.<\/p>\n\n\n\n<figure class=\"wp-block-image size-large\"><a href=\"https:\/\/www.altercampagne.net\/wp-content\/uploads\/2022\/08\/ALT02840-scaled.jpg\"><img loading=\"lazy\" decoding=\"async\" width=\"1024\" height=\"683\" src=\"https:\/\/www.altercampagne.net\/wp-content\/uploads\/2022\/08\/ALT02840-1024x683.jpg\" alt=\"\" class=\"wp-image-26268\" srcset=\"https:\/\/www.altercampagne.net\/wp-content\/uploads\/2022\/08\/ALT02840-1024x683.jpg 1024w, https:\/\/www.altercampagne.net\/wp-content\/uploads\/2022\/08\/ALT02840-300x200.jpg 300w, https:\/\/www.altercampagne.net\/wp-content\/uploads\/2022\/08\/ALT02840-768x512.jpg 768w, https:\/\/www.altercampagne.net\/wp-content\/uploads\/2022\/08\/ALT02840-1536x1024.jpg 1536w, https:\/\/www.altercampagne.net\/wp-content\/uploads\/2022\/08\/ALT02840-2048x1365.jpg 2048w, https:\/\/www.altercampagne.net\/wp-content\/uploads\/2022\/08\/ALT02840-610x407.jpg 610w, https:\/\/www.altercampagne.net\/wp-content\/uploads\/2022\/08\/ALT02840-100x67.jpg 100w, https:\/\/www.altercampagne.net\/wp-content\/uploads\/2022\/08\/ALT02840-862x575.jpg 862w, https:\/\/www.altercampagne.net\/wp-content\/uploads\/2022\/08\/ALT02840-1140x760.jpg 1140w\" sizes=\"auto, (max-width: 1024px) 100vw, 1024px\" \/><\/a><\/figure>\n\n\n\n<p>On se fait un break \u00e0 Cavaillon, lorgnant les melons et les hordes de saisonniers sur le pont d\u00e8s l&rsquo;aube. La route se prolonge sous le cagnard mais le groupe tient bon et nous arrivons sans p\u00e9pin dans notre campement avignonnais o\u00f9 un g\u00e9n\u00e9reux d\u00e9jeuner nous attend.<br>On prend le temps de s&rsquo;installer et de se reposer de l&rsquo;effort avant de se retrouver en fin d&rsquo;apr\u00e8s-midi pour un temps d&rsquo;\u00e9change avec les collectifs locaux.<\/p>\n\n\n\n<h4 class=\"wp-block-heading\"><strong>Tout le long d&rsquo;Avignon, on d\u00e9pense on d\u00e9pense, tout le long d&rsquo;Avignon, on d\u00e9pense tout b\u00eatement<\/strong><\/h4>\n\n\n\n<p>Depuis d\u00e9j\u00e0 30 ans, la ville envisage un contournement routier au sud d&rsquo;Avignon avec l&rsquo;objectif de d\u00e9sengorger le centre-ville. <strong>Cette \u00ab\u00a0LEO\u00a0\u00bb (Liaison Est-Ouest) est pourtant hautement controvers\u00e9e car son trac\u00e9 passe en plein dans la ceinture verte de la ville, un des derniers espaces naturels de la r\u00e9gion.<\/strong><a href=\"https:\/\/antileopuma.wordpress.com\/presentation-de-la-liaison-est-ouest-d-avignon-en-vaucluse\/\" target=\"_blank\" rel=\"noreferrer noopener\"> Le collectif PUMA<\/a> (<a href=\"https:\/\/www.facebook.com\/groups\/358918315775558\/\" target=\"_blank\" rel=\"noreferrer noopener\">Pour Un autre Mobilit\u00e9 \u00e0 Avignon<\/a>) se mobilise pour emp\u00eacher cette destruction massive mais aussi une d\u00e9pense astronomique qui devrait co\u00fbter plus de 500 millions pour un impact minime en termes de diminution de bruit et de la circulation. Le projet avait \u00e9t\u00e9 mis en veilleuse depuis le gouvernement Hollande mais revient au premier plan suite aux aides de relance post-Covid. <strong>Heureusement, les citoyens se mobilisent et organisent des actions de sensibilisation mais aussi des manifestations et des blocages<\/strong>. Cette table ronde est l&rsquo;occasion pour les cyclistes de partager aussi d&rsquo;autres luttes locales car de partout ces aberrations urbanistiques veulent imposer leurs nouvelles routes. Mais, comme le dit une membre du collectif PUMA \u00ab\u00a0le vrai probl\u00e8me de fond, c&rsquo;est le nombre de camions \u00e0 diminuer\u00a0\u00bb. Apr\u00e8s l&rsquo;\u00e9change, le groupe prendra la route pour se rendre sur le potentiel trac\u00e9 de la LEO et d\u00e9couvrira ces espaces \u00e0 prot\u00e9ger.<\/p>\n\n\n\n<figure class=\"wp-block-image size-large\"><a href=\"https:\/\/www.altercampagne.net\/wp-content\/uploads\/2022\/08\/ALT02407-scaled.jpg\"><img loading=\"lazy\" decoding=\"async\" width=\"1024\" height=\"683\" src=\"https:\/\/www.altercampagne.net\/wp-content\/uploads\/2022\/08\/ALT02407-1024x683.jpg\" alt=\"\" class=\"wp-image-26267\" srcset=\"https:\/\/www.altercampagne.net\/wp-content\/uploads\/2022\/08\/ALT02407-1024x683.jpg 1024w, https:\/\/www.altercampagne.net\/wp-content\/uploads\/2022\/08\/ALT02407-300x200.jpg 300w, https:\/\/www.altercampagne.net\/wp-content\/uploads\/2022\/08\/ALT02407-768x512.jpg 768w, https:\/\/www.altercampagne.net\/wp-content\/uploads\/2022\/08\/ALT02407-1536x1024.jpg 1536w, https:\/\/www.altercampagne.net\/wp-content\/uploads\/2022\/08\/ALT02407-2048x1365.jpg 2048w, https:\/\/www.altercampagne.net\/wp-content\/uploads\/2022\/08\/ALT02407-610x407.jpg 610w, https:\/\/www.altercampagne.net\/wp-content\/uploads\/2022\/08\/ALT02407-100x67.jpg 100w, https:\/\/www.altercampagne.net\/wp-content\/uploads\/2022\/08\/ALT02407-862x575.jpg 862w, https:\/\/www.altercampagne.net\/wp-content\/uploads\/2022\/08\/ALT02407-1140x760.jpg 1140w\" sizes=\"auto, (max-width: 1024px) 100vw, 1024px\" \/><\/a><\/figure>\n\n\n\n<h4 class=\"wp-block-heading\"><strong>Enercipa, l&rsquo;\u00e9nergie citoyenne du Pays d&rsquo;Avignon<\/strong><\/h4>\n\n\n\n<p>Aaaah la question de l&rsquo;\u00e9nergie, <strong>une probl\u00e9matique complexe d&rsquo;un secteur opaque et cloisonn\u00e9<\/strong>. Cr\u00e9\u00e9e en avril 2019,&nbsp;L\u2019association \u00ab&nbsp;\u00c9nergie citoyenne du Pays d\u2019Avignon \u2013 ENERCIPA&nbsp;\u00bb a pour&nbsp;raison d\u2019\u00eatre de donner aux citoyens l\u2019opportunit\u00e9 de&nbsp;s\u2019approprier la ma\u00eetrise de l\u2019\u00e9nergie. Transform\u00e9e en Soci\u00e9t\u00e9 Coop\u00e9rative d\u2019Int\u00e9r\u00eat Collectif (SCIC) en mai 2021, le collectif a&nbsp;pour missions de :produire une \u00e9nergie propre et renouvelable, dans le cadre d\u2019un d\u00e9veloppement durable et local,<br><strong>&#8211; Promouvoir la transition \u00e9nerg\u00e9tique aupr\u00e8s d\u2019un large public, par la <br>&#8211; Sensibilisation et la p\u00e9dagogie, et par des actions de ma\u00eetrise de la demande en \u00e9nergie.<\/strong><\/p>\n\n\n\n<p>A l&rsquo;heure actuelle, Enercipa collabore avec la ville pour poser des panneaux solaires sur quatre grands b\u00e2timents&nbsp;publiques.&nbsp;Via la coop\u00e9rative, les citoyens peuvent prendre des parts et <strong>reprendre un peu la main sur la production et la distribution de leur \u00e9nergie<\/strong>.<br>Dans cet \u00e9change complexe et dense, les cyclistes n&rsquo;\u00e9taient pas avares en questions et en r\u00e9flexions. Pour ma part, je ne m&rsquo;aventurerai pas en d\u00e9tails sur cette discussion et je vous invite \u00e0 d\u00e9couvrir le site d&rsquo;Enercipa&nbsp;mais aussi ces deux ressources num\u00e9riques riches en savoirs et informations :&nbsp;<a href=\"https:\/\/energie-partagee.org\" target=\"_blank\" rel=\"noreferrer noopener\">https:\/\/energie-partagee.org<\/a> &amp; <a href=\"https:\/\/www.cea.fr\/comprendre\/Pages\/energies\/essentiel-sur-energies.aspx#:~:text=Aujourd'hui%2C%20l'%C3%A9nergie,l'%C3%A9tat%20de%20la%20mati%C3%A8re.\" target=\"_blank\" rel=\"noreferrer noopener\">pour comprendre l&rsquo;\u00e9nergie<\/a><\/p>\n\n\n\n<figure class=\"wp-block-image size-large\"><a href=\"https:\/\/www.altercampagne.net\/wp-content\/uploads\/2022\/08\/ALT02419-scaled.jpg\"><img loading=\"lazy\" decoding=\"async\" width=\"1024\" height=\"683\" src=\"https:\/\/www.altercampagne.net\/wp-content\/uploads\/2022\/08\/ALT02419-1024x683.jpg\" alt=\"\" class=\"wp-image-26269\" srcset=\"https:\/\/www.altercampagne.net\/wp-content\/uploads\/2022\/08\/ALT02419-1024x683.jpg 1024w, https:\/\/www.altercampagne.net\/wp-content\/uploads\/2022\/08\/ALT02419-300x200.jpg 300w, https:\/\/www.altercampagne.net\/wp-content\/uploads\/2022\/08\/ALT02419-768x512.jpg 768w, https:\/\/www.altercampagne.net\/wp-content\/uploads\/2022\/08\/ALT02419-1536x1024.jpg 1536w, https:\/\/www.altercampagne.net\/wp-content\/uploads\/2022\/08\/ALT02419-2048x1365.jpg 2048w, https:\/\/www.altercampagne.net\/wp-content\/uploads\/2022\/08\/ALT02419-610x407.jpg 610w, https:\/\/www.altercampagne.net\/wp-content\/uploads\/2022\/08\/ALT02419-100x67.jpg 100w, https:\/\/www.altercampagne.net\/wp-content\/uploads\/2022\/08\/ALT02419-862x575.jpg 862w, https:\/\/www.altercampagne.net\/wp-content\/uploads\/2022\/08\/ALT02419-1140x760.jpg 1140w\" sizes=\"auto, (max-width: 1024px) 100vw, 1024px\" \/><\/a><\/figure>\n\n\n\n<h4 class=\"wp-block-heading\"><strong>La Roue, faire tourner la monnaie locale<\/strong><\/h4>\n\n\n\n<p><a href=\"https:\/\/laroue.org\/\">La Roue <\/a>est une monnaie locale compl\u00e9mentaire et citoyenne qui existe depuis 10 ans dans la r\u00e9gion. Elle est d&rsquo;usage dans 4 d\u00e9partements (Vaucluse, Bouche-du-Rh\u00f4ne,&nbsp;Alpes-de-Haute-Provence et&nbsp;Hautes-Alpes) et est supervis\u00e9e par 7 associations locales qui animent le r\u00e9seau. <strong>L&rsquo;objectif d&rsquo;une monnaie locale est de soutenir l&rsquo;\u00e9conomie et l&#8217;emploi local<\/strong>. En France, il y a 82 monnaies locales en circulation et la Roue a d\u00e9j\u00e0 mis en circulation plus d&rsquo;un million de Roues (une Roue est \u00e9gale \u00e0 un euro) avec l&rsquo;obstacle que beaucoup de professionnels viennent \u00e9changer leurs roues en euro car ils n&rsquo;arrivent pas \u00e0 tout \u00e9couler. N\u00e9anmoins, les lieux o\u00f9 utiliser ses roues sont nombreux et l&rsquo;association peut m\u00eame investir et aider des projets locaux. Sur Avignon, trois projets ont \u00e9t\u00e9 aid\u00e9s : un restaurant, une Biocoop et l&rsquo;installation des panneaux photovolta\u00efques sur une brasserie en partenariat avec Enercipa.<\/p>\n\n\n\n<p class=\"has-text-align-right\"><em>Jonas \u00e0 la r\u00e9daction et Capitaine R\u00e9mi \u00e0 la photo<\/em><\/p>\n","protected":false},"excerpt":{"rendered":"<p>Apr\u00e8s trois jours \u00e0 Lauris, le groupe replie les tentes et l\u00e8ve les voiles aussi t\u00f4t que possible. C&rsquo;est que la route s&rsquo;annonce longue : pr\u00e8s de 60 kilom\u00e8tres au menu pour rejoindre Avignon. A 7h30 tapante (hmm hmm, \u00ab\u00a0si seulement\u00a0\u00bb doivent se dire les orga d&rsquo;\u00e9tapes), les cyclistes sont &#8230; <\/p>\n<div><a href=\"https:\/\/www.altercampagne.net\/?p=26254\" class=\"more-link\">Read More<\/a><\/div>\n","protected":false},"author":316,"featured_media":26270,"comment_status":"closed","ping_status":"closed","sticky":false,"template":"","format":"standard","meta":{"footnotes":""},"categories":[3489,4357,3484,3487,3542,1,3482,3540],"tags":[],"class_list":["post-26254","post","type-post","status-publish","format-standard","has-post-thumbnail","hentry","category-alimentation","category-edition-2022","category-economie","category-energie","category-lutte","category-non-classe","category-provence-alpes-cote-dazur","category-transverse"],"yoast_head":"<!-- This site is optimized with the Yoast SEO plugin v27.3 - https:\/\/yoast.com\/product\/yoast-seo-wordpress\/ -->\n<title>Table ronde des alternatives \u00e0 Avignon - AlterTour<\/title>\n<meta name=\"robots\" content=\"index, follow, max-snippet:-1, max-image-preview:large, max-video-preview:-1\" \/>\n<link rel=\"canonical\" href=\"https:\/\/www.altercampagne.net\/?p=26254\" \/>\n<meta property=\"og:locale\" content=\"fr_FR\" \/>\n<meta property=\"og:type\" content=\"article\" \/>\n<meta property=\"og:title\" content=\"Table ronde des alternatives \u00e0 Avignon - AlterTour\" \/>\n<meta property=\"og:description\" content=\"Apr\u00e8s trois jours \u00e0 Lauris, le groupe replie les tentes et l\u00e8ve les voiles aussi t\u00f4t que possible. C&rsquo;est que la route s&rsquo;annonce longue : pr\u00e8s de 60 kilom\u00e8tres au menu pour rejoindre Avignon. A 7h30 tapante (hmm hmm, \u00ab\u00a0si seulement\u00a0\u00bb doivent se dire les orga d&rsquo;\u00e9tapes), les cyclistes sont ... Read More\" \/>\n<meta property=\"og:url\" content=\"https:\/\/www.altercampagne.net\/?p=26254\" \/>\n<meta property=\"og:site_name\" content=\"AlterTour\" \/>\n<meta property=\"article:published_time\" content=\"2022-08-09T13:48:31+00:00\" \/>\n<meta property=\"article:modified_time\" content=\"2022-08-09T13:48:34+00:00\" \/>\n<meta property=\"og:image\" content=\"https:\/\/www.altercampagne.net\/wp-content\/uploads\/2022\/08\/ALT02544-1-scaled.jpg\" \/>\n\t<meta property=\"og:image:width\" content=\"2560\" \/>\n\t<meta property=\"og:image:height\" content=\"1707\" \/>\n\t<meta property=\"og:image:type\" content=\"image\/jpeg\" \/>\n<meta name=\"author\" content=\"Jonas\" \/>\n<meta name=\"twitter:card\" content=\"summary_large_image\" \/>\n<meta name=\"twitter:label1\" content=\"\u00c9crit par\" \/>\n\t<meta name=\"twitter:data1\" content=\"Jonas\" \/>\n\t<meta name=\"twitter:label2\" content=\"Dur\u00e9e de lecture estim\u00e9e\" \/>\n\t<meta name=\"twitter:data2\" content=\"5 minutes\" \/>\n<script type=\"application\/ld+json\" class=\"yoast-schema-graph\">{\"@context\":\"https:\\\/\\\/schema.org\",\"@graph\":[{\"@type\":\"Article\",\"@id\":\"https:\\\/\\\/www.altercampagne.net\\\/?p=26254#article\",\"isPartOf\":{\"@id\":\"https:\\\/\\\/www.altercampagne.net\\\/?p=26254\"},\"author\":{\"name\":\"Jonas\",\"@id\":\"https:\\\/\\\/www.altercampagne.net\\\/#\\\/schema\\\/person\\\/308dc295a67929d58321ff6b59820daa\"},\"headline\":\"Table ronde des alternatives \u00e0 Avignon\",\"datePublished\":\"2022-08-09T13:48:31+00:00\",\"dateModified\":\"2022-08-09T13:48:34+00:00\",\"mainEntityOfPage\":{\"@id\":\"https:\\\/\\\/www.altercampagne.net\\\/?p=26254\"},\"wordCount\":811,\"image\":{\"@id\":\"https:\\\/\\\/www.altercampagne.net\\\/?p=26254#primaryimage\"},\"thumbnailUrl\":\"https:\\\/\\\/www.altercampagne.net\\\/wp-content\\\/uploads\\\/2022\\\/08\\\/ALT02544-1-scaled.jpg\",\"articleSection\":{\"0\":\"Alimentation\",\"1\":\"Edition 2022\",\"2\":\"\u00c9conomie\",\"3\":\"\u00c9nergie\",\"4\":\"Lutte\",\"6\":\"Provence-Alpes-C\u00f4te d'Azur\",\"7\":\"Transverse\"},\"inLanguage\":\"fr-FR\"},{\"@type\":\"WebPage\",\"@id\":\"https:\\\/\\\/www.altercampagne.net\\\/?p=26254\",\"url\":\"https:\\\/\\\/www.altercampagne.net\\\/?p=26254\",\"name\":\"Table ronde des alternatives \u00e0 Avignon - AlterTour\",\"isPartOf\":{\"@id\":\"https:\\\/\\\/www.altercampagne.net\\\/#website\"},\"primaryImageOfPage\":{\"@id\":\"https:\\\/\\\/www.altercampagne.net\\\/?p=26254#primaryimage\"},\"image\":{\"@id\":\"https:\\\/\\\/www.altercampagne.net\\\/?p=26254#primaryimage\"},\"thumbnailUrl\":\"https:\\\/\\\/www.altercampagne.net\\\/wp-content\\\/uploads\\\/2022\\\/08\\\/ALT02544-1-scaled.jpg\",\"datePublished\":\"2022-08-09T13:48:31+00:00\",\"dateModified\":\"2022-08-09T13:48:34+00:00\",\"author\":{\"@id\":\"https:\\\/\\\/www.altercampagne.net\\\/#\\\/schema\\\/person\\\/308dc295a67929d58321ff6b59820daa\"},\"breadcrumb\":{\"@id\":\"https:\\\/\\\/www.altercampagne.net\\\/?p=26254#breadcrumb\"},\"inLanguage\":\"fr-FR\",\"potentialAction\":[{\"@type\":\"ReadAction\",\"target\":[\"https:\\\/\\\/www.altercampagne.net\\\/?p=26254\"]}]},{\"@type\":\"ImageObject\",\"inLanguage\":\"fr-FR\",\"@id\":\"https:\\\/\\\/www.altercampagne.net\\\/?p=26254#primaryimage\",\"url\":\"https:\\\/\\\/www.altercampagne.net\\\/wp-content\\\/uploads\\\/2022\\\/08\\\/ALT02544-1-scaled.jpg\",\"contentUrl\":\"https:\\\/\\\/www.altercampagne.net\\\/wp-content\\\/uploads\\\/2022\\\/08\\\/ALT02544-1-scaled.jpg\",\"width\":2560,\"height\":1707},{\"@type\":\"BreadcrumbList\",\"@id\":\"https:\\\/\\\/www.altercampagne.net\\\/?p=26254#breadcrumb\",\"itemListElement\":[{\"@type\":\"ListItem\",\"position\":1,\"name\":\"Accueil\",\"item\":\"https:\\\/\\\/www.altercampagne.net\\\/\"},{\"@type\":\"ListItem\",\"position\":2,\"name\":\"Table ronde des alternatives \u00e0 Avignon\"}]},{\"@type\":\"WebSite\",\"@id\":\"https:\\\/\\\/www.altercampagne.net\\\/#website\",\"url\":\"https:\\\/\\\/www.altercampagne.net\\\/\",\"name\":\"AlterTour\",\"description\":\"Reliez les Alternatives \u00e0 v\u00e9lo\",\"potentialAction\":[{\"@type\":\"SearchAction\",\"target\":{\"@type\":\"EntryPoint\",\"urlTemplate\":\"https:\\\/\\\/www.altercampagne.net\\\/?s={search_term_string}\"},\"query-input\":{\"@type\":\"PropertyValueSpecification\",\"valueRequired\":true,\"valueName\":\"search_term_string\"}}],\"inLanguage\":\"fr-FR\"},{\"@type\":\"Person\",\"@id\":\"https:\\\/\\\/www.altercampagne.net\\\/#\\\/schema\\\/person\\\/308dc295a67929d58321ff6b59820daa\",\"name\":\"Jonas\",\"image\":{\"@type\":\"ImageObject\",\"inLanguage\":\"fr-FR\",\"@id\":\"https:\\\/\\\/secure.gravatar.com\\\/avatar\\\/ade7b451791545d463915f445a8aee91b58c48cdcbc1ab2b8583fa2f30e159e4?s=96&d=mm&r=g\",\"url\":\"https:\\\/\\\/secure.gravatar.com\\\/avatar\\\/ade7b451791545d463915f445a8aee91b58c48cdcbc1ab2b8583fa2f30e159e4?s=96&d=mm&r=g\",\"contentUrl\":\"https:\\\/\\\/secure.gravatar.com\\\/avatar\\\/ade7b451791545d463915f445a8aee91b58c48cdcbc1ab2b8583fa2f30e159e4?s=96&d=mm&r=g\",\"caption\":\"Jonas\"},\"url\":\"https:\\\/\\\/www.altercampagne.net\\\/?author=316\"}]}<\/script>\n<!-- \/ Yoast SEO plugin. -->","yoast_head_json":{"title":"Table ronde des alternatives \u00e0 Avignon - AlterTour","robots":{"index":"index","follow":"follow","max-snippet":"max-snippet:-1","max-image-preview":"max-image-preview:large","max-video-preview":"max-video-preview:-1"},"canonical":"https:\/\/www.altercampagne.net\/?p=26254","og_locale":"fr_FR","og_type":"article","og_title":"Table ronde des alternatives \u00e0 Avignon - AlterTour","og_description":"Apr\u00e8s trois jours \u00e0 Lauris, le groupe replie les tentes et l\u00e8ve les voiles aussi t\u00f4t que possible. C&rsquo;est que la route s&rsquo;annonce longue : pr\u00e8s de 60 kilom\u00e8tres au menu pour rejoindre Avignon. A 7h30 tapante (hmm hmm, \u00ab\u00a0si seulement\u00a0\u00bb doivent se dire les orga d&rsquo;\u00e9tapes), les cyclistes sont ... Read More","og_url":"https:\/\/www.altercampagne.net\/?p=26254","og_site_name":"AlterTour","article_published_time":"2022-08-09T13:48:31+00:00","article_modified_time":"2022-08-09T13:48:34+00:00","og_image":[{"width":2560,"height":1707,"url":"https:\/\/www.altercampagne.net\/wp-content\/uploads\/2022\/08\/ALT02544-1-scaled.jpg","type":"image\/jpeg"}],"author":"Jonas","twitter_card":"summary_large_image","twitter_misc":{"\u00c9crit par":"Jonas","Dur\u00e9e de lecture estim\u00e9e":"5 minutes"},"schema":{"@context":"https:\/\/schema.org","@graph":[{"@type":"Article","@id":"https:\/\/www.altercampagne.net\/?p=26254#article","isPartOf":{"@id":"https:\/\/www.altercampagne.net\/?p=26254"},"author":{"name":"Jonas","@id":"https:\/\/www.altercampagne.net\/#\/schema\/person\/308dc295a67929d58321ff6b59820daa"},"headline":"Table ronde des alternatives \u00e0 Avignon","datePublished":"2022-08-09T13:48:31+00:00","dateModified":"2022-08-09T13:48:34+00:00","mainEntityOfPage":{"@id":"https:\/\/www.altercampagne.net\/?p=26254"},"wordCount":811,"image":{"@id":"https:\/\/www.altercampagne.net\/?p=26254#primaryimage"},"thumbnailUrl":"https:\/\/www.altercampagne.net\/wp-content\/uploads\/2022\/08\/ALT02544-1-scaled.jpg","articleSection":{"0":"Alimentation","1":"Edition 2022","2":"\u00c9conomie","3":"\u00c9nergie","4":"Lutte","6":"Provence-Alpes-C\u00f4te d'Azur","7":"Transverse"},"inLanguage":"fr-FR"},{"@type":"WebPage","@id":"https:\/\/www.altercampagne.net\/?p=26254","url":"https:\/\/www.altercampagne.net\/?p=26254","name":"Table ronde des alternatives \u00e0 Avignon - AlterTour","isPartOf":{"@id":"https:\/\/www.altercampagne.net\/#website"},"primaryImageOfPage":{"@id":"https:\/\/www.altercampagne.net\/?p=26254#primaryimage"},"image":{"@id":"https:\/\/www.altercampagne.net\/?p=26254#primaryimage"},"thumbnailUrl":"https:\/\/www.altercampagne.net\/wp-content\/uploads\/2022\/08\/ALT02544-1-scaled.jpg","datePublished":"2022-08-09T13:48:31+00:00","dateModified":"2022-08-09T13:48:34+00:00","author":{"@id":"https:\/\/www.altercampagne.net\/#\/schema\/person\/308dc295a67929d58321ff6b59820daa"},"breadcrumb":{"@id":"https:\/\/www.altercampagne.net\/?p=26254#breadcrumb"},"inLanguage":"fr-FR","potentialAction":[{"@type":"ReadAction","target":["https:\/\/www.altercampagne.net\/?p=26254"]}]},{"@type":"ImageObject","inLanguage":"fr-FR","@id":"https:\/\/www.altercampagne.net\/?p=26254#primaryimage","url":"https:\/\/www.altercampagne.net\/wp-content\/uploads\/2022\/08\/ALT02544-1-scaled.jpg","contentUrl":"https:\/\/www.altercampagne.net\/wp-content\/uploads\/2022\/08\/ALT02544-1-scaled.jpg","width":2560,"height":1707},{"@type":"BreadcrumbList","@id":"https:\/\/www.altercampagne.net\/?p=26254#breadcrumb","itemListElement":[{"@type":"ListItem","position":1,"name":"Accueil","item":"https:\/\/www.altercampagne.net\/"},{"@type":"ListItem","position":2,"name":"Table ronde des alternatives \u00e0 Avignon"}]},{"@type":"WebSite","@id":"https:\/\/www.altercampagne.net\/#website","url":"https:\/\/www.altercampagne.net\/","name":"AlterTour","description":"Reliez les Alternatives \u00e0 v\u00e9lo","potentialAction":[{"@type":"SearchAction","target":{"@type":"EntryPoint","urlTemplate":"https:\/\/www.altercampagne.net\/?s={search_term_string}"},"query-input":{"@type":"PropertyValueSpecification","valueRequired":true,"valueName":"search_term_string"}}],"inLanguage":"fr-FR"},{"@type":"Person","@id":"https:\/\/www.altercampagne.net\/#\/schema\/person\/308dc295a67929d58321ff6b59820daa","name":"Jonas","image":{"@type":"ImageObject","inLanguage":"fr-FR","@id":"https:\/\/secure.gravatar.com\/avatar\/ade7b451791545d463915f445a8aee91b58c48cdcbc1ab2b8583fa2f30e159e4?s=96&d=mm&r=g","url":"https:\/\/secure.gravatar.com\/avatar\/ade7b451791545d463915f445a8aee91b58c48cdcbc1ab2b8583fa2f30e159e4?s=96&d=mm&r=g","contentUrl":"https:\/\/secure.gravatar.com\/avatar\/ade7b451791545d463915f445a8aee91b58c48cdcbc1ab2b8583fa2f30e159e4?s=96&d=mm&r=g","caption":"Jonas"},"url":"https:\/\/www.altercampagne.net\/?author=316"}]}},"_links":{"self":[{"href":"https:\/\/www.altercampagne.net\/index.php?rest_route=\/wp\/v2\/posts\/26254","targetHints":{"allow":["GET"]}}],"collection":[{"href":"https:\/\/www.altercampagne.net\/index.php?rest_route=\/wp\/v2\/posts"}],"about":[{"href":"https:\/\/www.altercampagne.net\/index.php?rest_route=\/wp\/v2\/types\/post"}],"author":[{"embeddable":true,"href":"https:\/\/www.altercampagne.net\/index.php?rest_route=\/wp\/v2\/users\/316"}],"replies":[{"embeddable":true,"href":"https:\/\/www.altercampagne.net\/index.php?rest_route=%2Fwp%2Fv2%2Fcomments&post=26254"}],"version-history":[{"count":1,"href":"https:\/\/www.altercampagne.net\/index.php?rest_route=\/wp\/v2\/posts\/26254\/revisions"}],"predecessor-version":[{"id":26271,"href":"https:\/\/www.altercampagne.net\/index.php?rest_route=\/wp\/v2\/posts\/26254\/revisions\/26271"}],"wp:featuredmedia":[{"embeddable":true,"href":"https:\/\/www.altercampagne.net\/index.php?rest_route=\/wp\/v2\/media\/26270"}],"wp:attachment":[{"href":"https:\/\/www.altercampagne.net\/index.php?rest_route=%2Fwp%2Fv2%2Fmedia&parent=26254"}],"wp:term":[{"taxonomy":"category","embeddable":true,"href":"https:\/\/www.altercampagne.net\/index.php?rest_route=%2Fwp%2Fv2%2Fcategories&post=26254"},{"taxonomy":"post_tag","embeddable":true,"href":"https:\/\/www.altercampagne.net\/index.php?rest_route=%2Fwp%2Fv2%2Ftags&post=26254"}],"curies":[{"name":"wp","href":"https:\/\/api.w.org\/{rel}","templated":true}]}}