{"id":26260,"date":"2022-08-09T15:25:45","date_gmt":"2022-08-09T13:25:45","guid":{"rendered":"https:\/\/www.altercampagne.net\/?p=26260"},"modified":"2022-08-09T15:25:47","modified_gmt":"2022-08-09T13:25:47","slug":"echovert-et-cafe-solidaire-a-vauvert","status":"publish","type":"post","link":"https:\/\/www.altercampagne.net\/?p=26260","title":{"rendered":"Echovert et caf\u00e9 solidaire \u00e0 Vauvert"},"content":{"rendered":"\n<p>A l\u2019image de ses initiateurs Anne et Benoit, <a href=\"https:\/\/www.altereco30.com\/lieu-et-ethique\">Echovert <\/a>est un<strong> lieu aux multiples facettes<\/strong>. Il accueille des p\u00e8lerins vers St Jacques de Compostelle, comporte une salle de classe Montessori, un four \u00e0 pain, des espaces de logement pour une nuit ou plus, une serre bioclimatique r\u00e9alis\u00e9e avec la mairie, un jardin collectif et certainement de nombreux autres que je devrais d\u00e9couvrir lors d\u2019un prochain passage. <br>Certains y passent plusieurs mois pour exp\u00e9rimenter un projet avant d\u2019aller s\u2019installer ailleurs. Les possibles sont nombreux, et les projets se font \u00ab si il y a des personnes motiv\u00e9es \u00bb.<\/p>\n\n\n\n<figure class=\"wp-block-image size-large\"><a href=\"https:\/\/www.altercampagne.net\/wp-content\/uploads\/2022\/08\/ALT03120-scaled.jpg\"><img loading=\"lazy\" decoding=\"async\" width=\"683\" height=\"1024\" src=\"https:\/\/www.altercampagne.net\/wp-content\/uploads\/2022\/08\/ALT03120-683x1024.jpg\" alt=\"\" class=\"wp-image-26265\"\/><\/a><\/figure>\n\n\n\n<p>Bob par exemple est venu pour une ann\u00e9e, avec <strong>le projet d\u2019exp\u00e9rimenter la permaculture <\/strong>avant de monter un projet avec deux amis encore en \u00e9tudes. Finalement, d\u2019autres projets, comme la fabrication du pain ont pris une part importante, mais Bob s\u2019essaye tout de m\u00eame \u00e0 la culture d\u2019esp\u00e8ces m\u00e9lang\u00e9es et peut ainsi apprendre sans risques.<\/p>\n\n\n\n<p><strong>L\u2019autonomie est un \u00e9l\u00e9ment important des projets<\/strong>. Par exemple, un forage pour cr\u00e9er un puis a d\u2019abord \u00e9t\u00e9 tent\u00e9 avec un montage \u00ab maison \u00bb en faisant lourdement tomber une masse sur un tube en m\u00e9tal coup\u00e9 en pointe. Ayant rencontr\u00e9 une \u00e9paisse couche de cailloux, le forage s\u2019est finalement termin\u00e9 avec l\u2019aide d\u2019un professionnel. Mais peu importe, l\u2019exp\u00e9rience aura apport\u00e9 son lot d\u2019apprentissages ce qui finalement semblait \u00a0le plus important.<\/p>\n\n\n\n<figure class=\"wp-block-image size-large\"><a href=\"https:\/\/www.altercampagne.net\/wp-content\/uploads\/2022\/08\/ALT03174-scaled.jpg\"><img loading=\"lazy\" decoding=\"async\" width=\"1024\" height=\"683\" src=\"https:\/\/www.altercampagne.net\/wp-content\/uploads\/2022\/08\/ALT03174-1024x683.jpg\" alt=\"\" class=\"wp-image-26264\" srcset=\"https:\/\/www.altercampagne.net\/wp-content\/uploads\/2022\/08\/ALT03174-1024x683.jpg 1024w, https:\/\/www.altercampagne.net\/wp-content\/uploads\/2022\/08\/ALT03174-300x200.jpg 300w, https:\/\/www.altercampagne.net\/wp-content\/uploads\/2022\/08\/ALT03174-768x512.jpg 768w, https:\/\/www.altercampagne.net\/wp-content\/uploads\/2022\/08\/ALT03174-1536x1024.jpg 1536w, https:\/\/www.altercampagne.net\/wp-content\/uploads\/2022\/08\/ALT03174-2048x1365.jpg 2048w, https:\/\/www.altercampagne.net\/wp-content\/uploads\/2022\/08\/ALT03174-610x407.jpg 610w, https:\/\/www.altercampagne.net\/wp-content\/uploads\/2022\/08\/ALT03174-100x67.jpg 100w, https:\/\/www.altercampagne.net\/wp-content\/uploads\/2022\/08\/ALT03174-862x575.jpg 862w, https:\/\/www.altercampagne.net\/wp-content\/uploads\/2022\/08\/ALT03174-1140x760.jpg 1140w\" sizes=\"auto, (max-width: 1024px) 100vw, 1024px\" \/><\/a><\/figure>\n\n\n\n<p>Dans le village de Vauvert situ\u00e9 \u00e0 3 km de l\u00e0, un<strong> caf\u00e9 solidaire a \u00e9t\u00e9 cr\u00e9\u00e9 il y a moins d\u2019un an<\/strong> et cherche encore un peu sa place dans le paysage local. Pourtant, de nombreuses initiatives y sont d\u00e9j\u00e0 lanc\u00e9es : ateliers de r\u00e9paration, de cr\u00e9ation de corbeille en rouleau de papier toilette\u2026 Plusieurs visiteurs d\u2019un jour on parl\u00e9 de \u00ab dinette \u00bb pour en d\u00e9crire l\u2019ambiance.<\/p>\n\n\n\n<figure class=\"wp-block-image size-large\"><a href=\"https:\/\/www.altercampagne.net\/wp-content\/uploads\/2022\/08\/ALT03189-scaled.jpg\"><img loading=\"lazy\" decoding=\"async\" width=\"1024\" height=\"683\" src=\"https:\/\/www.altercampagne.net\/wp-content\/uploads\/2022\/08\/ALT03189-1024x683.jpg\" alt=\"\" class=\"wp-image-26261\" srcset=\"https:\/\/www.altercampagne.net\/wp-content\/uploads\/2022\/08\/ALT03189-1024x683.jpg 1024w, https:\/\/www.altercampagne.net\/wp-content\/uploads\/2022\/08\/ALT03189-300x200.jpg 300w, https:\/\/www.altercampagne.net\/wp-content\/uploads\/2022\/08\/ALT03189-768x512.jpg 768w, https:\/\/www.altercampagne.net\/wp-content\/uploads\/2022\/08\/ALT03189-1536x1024.jpg 1536w, https:\/\/www.altercampagne.net\/wp-content\/uploads\/2022\/08\/ALT03189-2048x1365.jpg 2048w, https:\/\/www.altercampagne.net\/wp-content\/uploads\/2022\/08\/ALT03189-610x407.jpg 610w, https:\/\/www.altercampagne.net\/wp-content\/uploads\/2022\/08\/ALT03189-100x67.jpg 100w, https:\/\/www.altercampagne.net\/wp-content\/uploads\/2022\/08\/ALT03189-862x575.jpg 862w, https:\/\/www.altercampagne.net\/wp-content\/uploads\/2022\/08\/ALT03189-1140x760.jpg 1140w\" sizes=\"auto, (max-width: 1024px) 100vw, 1024px\" \/><\/a><\/figure>\n\n\n\n<p>La journ\u00e9e s\u2019est termin\u00e9e sur la place du village de Vauvert par un repas convivial ou Altercyclistes et locaux ont pu se retrouver autour d\u2019un four mobile o\u00f9 nous ont \u00e9t\u00e9 cuites de d\u00e9licieuses pizzas et o\u00f9 concert et \u00e9missions de la radio locale en directe ont anim\u00e9 la soir\u00e9e.<\/p>\n\n\n\n<p class=\"has-text-align-right\"><em>C\u00e9dric \u00e0 la r\u00e9daction et Capitaine R\u00e9mi \u00e0 la photographie<\/em><\/p>\n","protected":false},"excerpt":{"rendered":"<p>A l\u2019image de ses initiateurs Anne et Benoit, Echovert est un lieu aux multiples facettes. Il accueille des p\u00e8lerins vers St Jacques de Compostelle, comporte une salle de classe Montessori, un four \u00e0 pain, des espaces de logement pour une nuit ou plus, une serre bioclimatique r\u00e9alis\u00e9e avec la mairie, &#8230; <\/p>\n<div><a href=\"https:\/\/www.altercampagne.net\/?p=26260\" class=\"more-link\">Read More<\/a><\/div>\n","protected":false},"author":316,"featured_media":26262,"comment_status":"closed","ping_status":"closed","sticky":false,"template":"","format":"standard","meta":{"footnotes":""},"categories":[3489,4357,3487,3486,3482,3540],"tags":[],"class_list":["post-26260","post","type-post","status-publish","format-standard","has-post-thumbnail","hentry","category-alimentation","category-edition-2022","category-energie","category-environnement","category-provence-alpes-cote-dazur","category-transverse"],"yoast_head":"<!-- This site is optimized with the Yoast SEO plugin v27.3 - https:\/\/yoast.com\/product\/yoast-seo-wordpress\/ -->\n<title>Echovert et caf\u00e9 solidaire \u00e0 Vauvert - AlterTour<\/title>\n<meta name=\"robots\" content=\"index, follow, max-snippet:-1, max-image-preview:large, max-video-preview:-1\" \/>\n<link rel=\"canonical\" href=\"https:\/\/www.altercampagne.net\/?p=26260\" \/>\n<meta property=\"og:locale\" content=\"fr_FR\" \/>\n<meta property=\"og:type\" content=\"article\" \/>\n<meta property=\"og:title\" content=\"Echovert et caf\u00e9 solidaire \u00e0 Vauvert - AlterTour\" \/>\n<meta property=\"og:description\" content=\"A l\u2019image de ses initiateurs Anne et Benoit, Echovert est un lieu aux multiples facettes. Il accueille des p\u00e8lerins vers St Jacques de Compostelle, comporte une salle de classe Montessori, un four \u00e0 pain, des espaces de logement pour une nuit ou plus, une serre bioclimatique r\u00e9alis\u00e9e avec la mairie, ... Read More\" \/>\n<meta property=\"og:url\" content=\"https:\/\/www.altercampagne.net\/?p=26260\" \/>\n<meta property=\"og:site_name\" content=\"AlterTour\" \/>\n<meta property=\"article:published_time\" content=\"2022-08-09T13:25:45+00:00\" \/>\n<meta property=\"article:modified_time\" content=\"2022-08-09T13:25:47+00:00\" \/>\n<meta property=\"og:image\" content=\"https:\/\/www.altercampagne.net\/wp-content\/uploads\/2022\/08\/ALT03218-scaled.jpg\" \/>\n\t<meta property=\"og:image:width\" content=\"2560\" \/>\n\t<meta property=\"og:image:height\" content=\"1707\" \/>\n\t<meta property=\"og:image:type\" content=\"image\/jpeg\" \/>\n<meta name=\"author\" content=\"Jonas\" \/>\n<meta name=\"twitter:card\" content=\"summary_large_image\" \/>\n<meta name=\"twitter:label1\" content=\"\u00c9crit par\" \/>\n\t<meta name=\"twitter:data1\" content=\"Jonas\" \/>\n\t<meta name=\"twitter:label2\" content=\"Dur\u00e9e de lecture estim\u00e9e\" \/>\n\t<meta name=\"twitter:data2\" content=\"3 minutes\" \/>\n<script type=\"application\/ld+json\" class=\"yoast-schema-graph\">{\"@context\":\"https:\\\/\\\/schema.org\",\"@graph\":[{\"@type\":\"Article\",\"@id\":\"https:\\\/\\\/www.altercampagne.net\\\/?p=26260#article\",\"isPartOf\":{\"@id\":\"https:\\\/\\\/www.altercampagne.net\\\/?p=26260\"},\"author\":{\"name\":\"Jonas\",\"@id\":\"https:\\\/\\\/www.altercampagne.net\\\/#\\\/schema\\\/person\\\/308dc295a67929d58321ff6b59820daa\"},\"headline\":\"Echovert et caf\u00e9 solidaire \u00e0 Vauvert\",\"datePublished\":\"2022-08-09T13:25:45+00:00\",\"dateModified\":\"2022-08-09T13:25:47+00:00\",\"mainEntityOfPage\":{\"@id\":\"https:\\\/\\\/www.altercampagne.net\\\/?p=26260\"},\"wordCount\":392,\"image\":{\"@id\":\"https:\\\/\\\/www.altercampagne.net\\\/?p=26260#primaryimage\"},\"thumbnailUrl\":\"https:\\\/\\\/www.altercampagne.net\\\/wp-content\\\/uploads\\\/2022\\\/08\\\/ALT03218-scaled.jpg\",\"articleSection\":[\"Alimentation\",\"Edition 2022\",\"\u00c9nergie\",\"Environnement\",\"Provence-Alpes-C\u00f4te d'Azur\",\"Transverse\"],\"inLanguage\":\"fr-FR\"},{\"@type\":\"WebPage\",\"@id\":\"https:\\\/\\\/www.altercampagne.net\\\/?p=26260\",\"url\":\"https:\\\/\\\/www.altercampagne.net\\\/?p=26260\",\"name\":\"Echovert et caf\u00e9 solidaire \u00e0 Vauvert - AlterTour\",\"isPartOf\":{\"@id\":\"https:\\\/\\\/www.altercampagne.net\\\/#website\"},\"primaryImageOfPage\":{\"@id\":\"https:\\\/\\\/www.altercampagne.net\\\/?p=26260#primaryimage\"},\"image\":{\"@id\":\"https:\\\/\\\/www.altercampagne.net\\\/?p=26260#primaryimage\"},\"thumbnailUrl\":\"https:\\\/\\\/www.altercampagne.net\\\/wp-content\\\/uploads\\\/2022\\\/08\\\/ALT03218-scaled.jpg\",\"datePublished\":\"2022-08-09T13:25:45+00:00\",\"dateModified\":\"2022-08-09T13:25:47+00:00\",\"author\":{\"@id\":\"https:\\\/\\\/www.altercampagne.net\\\/#\\\/schema\\\/person\\\/308dc295a67929d58321ff6b59820daa\"},\"breadcrumb\":{\"@id\":\"https:\\\/\\\/www.altercampagne.net\\\/?p=26260#breadcrumb\"},\"inLanguage\":\"fr-FR\",\"potentialAction\":[{\"@type\":\"ReadAction\",\"target\":[\"https:\\\/\\\/www.altercampagne.net\\\/?p=26260\"]}]},{\"@type\":\"ImageObject\",\"inLanguage\":\"fr-FR\",\"@id\":\"https:\\\/\\\/www.altercampagne.net\\\/?p=26260#primaryimage\",\"url\":\"https:\\\/\\\/www.altercampagne.net\\\/wp-content\\\/uploads\\\/2022\\\/08\\\/ALT03218-scaled.jpg\",\"contentUrl\":\"https:\\\/\\\/www.altercampagne.net\\\/wp-content\\\/uploads\\\/2022\\\/08\\\/ALT03218-scaled.jpg\",\"width\":2560,\"height\":1707},{\"@type\":\"BreadcrumbList\",\"@id\":\"https:\\\/\\\/www.altercampagne.net\\\/?p=26260#breadcrumb\",\"itemListElement\":[{\"@type\":\"ListItem\",\"position\":1,\"name\":\"Accueil\",\"item\":\"https:\\\/\\\/www.altercampagne.net\\\/\"},{\"@type\":\"ListItem\",\"position\":2,\"name\":\"Echovert et caf\u00e9 solidaire \u00e0 Vauvert\"}]},{\"@type\":\"WebSite\",\"@id\":\"https:\\\/\\\/www.altercampagne.net\\\/#website\",\"url\":\"https:\\\/\\\/www.altercampagne.net\\\/\",\"name\":\"AlterTour\",\"description\":\"Reliez les Alternatives \u00e0 v\u00e9lo\",\"potentialAction\":[{\"@type\":\"SearchAction\",\"target\":{\"@type\":\"EntryPoint\",\"urlTemplate\":\"https:\\\/\\\/www.altercampagne.net\\\/?s={search_term_string}\"},\"query-input\":{\"@type\":\"PropertyValueSpecification\",\"valueRequired\":true,\"valueName\":\"search_term_string\"}}],\"inLanguage\":\"fr-FR\"},{\"@type\":\"Person\",\"@id\":\"https:\\\/\\\/www.altercampagne.net\\\/#\\\/schema\\\/person\\\/308dc295a67929d58321ff6b59820daa\",\"name\":\"Jonas\",\"image\":{\"@type\":\"ImageObject\",\"inLanguage\":\"fr-FR\",\"@id\":\"https:\\\/\\\/secure.gravatar.com\\\/avatar\\\/ade7b451791545d463915f445a8aee91b58c48cdcbc1ab2b8583fa2f30e159e4?s=96&d=mm&r=g\",\"url\":\"https:\\\/\\\/secure.gravatar.com\\\/avatar\\\/ade7b451791545d463915f445a8aee91b58c48cdcbc1ab2b8583fa2f30e159e4?s=96&d=mm&r=g\",\"contentUrl\":\"https:\\\/\\\/secure.gravatar.com\\\/avatar\\\/ade7b451791545d463915f445a8aee91b58c48cdcbc1ab2b8583fa2f30e159e4?s=96&d=mm&r=g\",\"caption\":\"Jonas\"},\"url\":\"https:\\\/\\\/www.altercampagne.net\\\/?author=316\"}]}<\/script>\n<!-- \/ Yoast SEO plugin. -->","yoast_head_json":{"title":"Echovert et caf\u00e9 solidaire \u00e0 Vauvert - AlterTour","robots":{"index":"index","follow":"follow","max-snippet":"max-snippet:-1","max-image-preview":"max-image-preview:large","max-video-preview":"max-video-preview:-1"},"canonical":"https:\/\/www.altercampagne.net\/?p=26260","og_locale":"fr_FR","og_type":"article","og_title":"Echovert et caf\u00e9 solidaire \u00e0 Vauvert - AlterTour","og_description":"A l\u2019image de ses initiateurs Anne et Benoit, Echovert est un lieu aux multiples facettes. Il accueille des p\u00e8lerins vers St Jacques de Compostelle, comporte une salle de classe Montessori, un four \u00e0 pain, des espaces de logement pour une nuit ou plus, une serre bioclimatique r\u00e9alis\u00e9e avec la mairie, ... Read More","og_url":"https:\/\/www.altercampagne.net\/?p=26260","og_site_name":"AlterTour","article_published_time":"2022-08-09T13:25:45+00:00","article_modified_time":"2022-08-09T13:25:47+00:00","og_image":[{"width":2560,"height":1707,"url":"https:\/\/www.altercampagne.net\/wp-content\/uploads\/2022\/08\/ALT03218-scaled.jpg","type":"image\/jpeg"}],"author":"Jonas","twitter_card":"summary_large_image","twitter_misc":{"\u00c9crit par":"Jonas","Dur\u00e9e de lecture estim\u00e9e":"3 minutes"},"schema":{"@context":"https:\/\/schema.org","@graph":[{"@type":"Article","@id":"https:\/\/www.altercampagne.net\/?p=26260#article","isPartOf":{"@id":"https:\/\/www.altercampagne.net\/?p=26260"},"author":{"name":"Jonas","@id":"https:\/\/www.altercampagne.net\/#\/schema\/person\/308dc295a67929d58321ff6b59820daa"},"headline":"Echovert et caf\u00e9 solidaire \u00e0 Vauvert","datePublished":"2022-08-09T13:25:45+00:00","dateModified":"2022-08-09T13:25:47+00:00","mainEntityOfPage":{"@id":"https:\/\/www.altercampagne.net\/?p=26260"},"wordCount":392,"image":{"@id":"https:\/\/www.altercampagne.net\/?p=26260#primaryimage"},"thumbnailUrl":"https:\/\/www.altercampagne.net\/wp-content\/uploads\/2022\/08\/ALT03218-scaled.jpg","articleSection":["Alimentation","Edition 2022","\u00c9nergie","Environnement","Provence-Alpes-C\u00f4te d'Azur","Transverse"],"inLanguage":"fr-FR"},{"@type":"WebPage","@id":"https:\/\/www.altercampagne.net\/?p=26260","url":"https:\/\/www.altercampagne.net\/?p=26260","name":"Echovert et caf\u00e9 solidaire \u00e0 Vauvert - AlterTour","isPartOf":{"@id":"https:\/\/www.altercampagne.net\/#website"},"primaryImageOfPage":{"@id":"https:\/\/www.altercampagne.net\/?p=26260#primaryimage"},"image":{"@id":"https:\/\/www.altercampagne.net\/?p=26260#primaryimage"},"thumbnailUrl":"https:\/\/www.altercampagne.net\/wp-content\/uploads\/2022\/08\/ALT03218-scaled.jpg","datePublished":"2022-08-09T13:25:45+00:00","dateModified":"2022-08-09T13:25:47+00:00","author":{"@id":"https:\/\/www.altercampagne.net\/#\/schema\/person\/308dc295a67929d58321ff6b59820daa"},"breadcrumb":{"@id":"https:\/\/www.altercampagne.net\/?p=26260#breadcrumb"},"inLanguage":"fr-FR","potentialAction":[{"@type":"ReadAction","target":["https:\/\/www.altercampagne.net\/?p=26260"]}]},{"@type":"ImageObject","inLanguage":"fr-FR","@id":"https:\/\/www.altercampagne.net\/?p=26260#primaryimage","url":"https:\/\/www.altercampagne.net\/wp-content\/uploads\/2022\/08\/ALT03218-scaled.jpg","contentUrl":"https:\/\/www.altercampagne.net\/wp-content\/uploads\/2022\/08\/ALT03218-scaled.jpg","width":2560,"height":1707},{"@type":"BreadcrumbList","@id":"https:\/\/www.altercampagne.net\/?p=26260#breadcrumb","itemListElement":[{"@type":"ListItem","position":1,"name":"Accueil","item":"https:\/\/www.altercampagne.net\/"},{"@type":"ListItem","position":2,"name":"Echovert et caf\u00e9 solidaire \u00e0 Vauvert"}]},{"@type":"WebSite","@id":"https:\/\/www.altercampagne.net\/#website","url":"https:\/\/www.altercampagne.net\/","name":"AlterTour","description":"Reliez les Alternatives \u00e0 v\u00e9lo","potentialAction":[{"@type":"SearchAction","target":{"@type":"EntryPoint","urlTemplate":"https:\/\/www.altercampagne.net\/?s={search_term_string}"},"query-input":{"@type":"PropertyValueSpecification","valueRequired":true,"valueName":"search_term_string"}}],"inLanguage":"fr-FR"},{"@type":"Person","@id":"https:\/\/www.altercampagne.net\/#\/schema\/person\/308dc295a67929d58321ff6b59820daa","name":"Jonas","image":{"@type":"ImageObject","inLanguage":"fr-FR","@id":"https:\/\/secure.gravatar.com\/avatar\/ade7b451791545d463915f445a8aee91b58c48cdcbc1ab2b8583fa2f30e159e4?s=96&d=mm&r=g","url":"https:\/\/secure.gravatar.com\/avatar\/ade7b451791545d463915f445a8aee91b58c48cdcbc1ab2b8583fa2f30e159e4?s=96&d=mm&r=g","contentUrl":"https:\/\/secure.gravatar.com\/avatar\/ade7b451791545d463915f445a8aee91b58c48cdcbc1ab2b8583fa2f30e159e4?s=96&d=mm&r=g","caption":"Jonas"},"url":"https:\/\/www.altercampagne.net\/?author=316"}]}},"_links":{"self":[{"href":"https:\/\/www.altercampagne.net\/index.php?rest_route=\/wp\/v2\/posts\/26260","targetHints":{"allow":["GET"]}}],"collection":[{"href":"https:\/\/www.altercampagne.net\/index.php?rest_route=\/wp\/v2\/posts"}],"about":[{"href":"https:\/\/www.altercampagne.net\/index.php?rest_route=\/wp\/v2\/types\/post"}],"author":[{"embeddable":true,"href":"https:\/\/www.altercampagne.net\/index.php?rest_route=\/wp\/v2\/users\/316"}],"replies":[{"embeddable":true,"href":"https:\/\/www.altercampagne.net\/index.php?rest_route=%2Fwp%2Fv2%2Fcomments&post=26260"}],"version-history":[{"count":2,"href":"https:\/\/www.altercampagne.net\/index.php?rest_route=\/wp\/v2\/posts\/26260\/revisions"}],"predecessor-version":[{"id":26266,"href":"https:\/\/www.altercampagne.net\/index.php?rest_route=\/wp\/v2\/posts\/26260\/revisions\/26266"}],"wp:featuredmedia":[{"embeddable":true,"href":"https:\/\/www.altercampagne.net\/index.php?rest_route=\/wp\/v2\/media\/26262"}],"wp:attachment":[{"href":"https:\/\/www.altercampagne.net\/index.php?rest_route=%2Fwp%2Fv2%2Fmedia&parent=26260"}],"wp:term":[{"taxonomy":"category","embeddable":true,"href":"https:\/\/www.altercampagne.net\/index.php?rest_route=%2Fwp%2Fv2%2Fcategories&post=26260"},{"taxonomy":"post_tag","embeddable":true,"href":"https:\/\/www.altercampagne.net\/index.php?rest_route=%2Fwp%2Fv2%2Ftags&post=26260"}],"curies":[{"name":"wp","href":"https:\/\/api.w.org\/{rel}","templated":true}]}}